{"id":19295,"date":"2023-05-23T14:02:58","date_gmt":"2023-05-23T13:02:58","guid":{"rendered":"https:\/\/euricse.eu\/?p=19295"},"modified":"2023-05-23T16:34:47","modified_gmt":"2023-05-23T15:34:47","slug":"19295","status":"publish","type":"post","link":"https:\/\/euricse.eu\/it\/19295\/","title":{"rendered":"Comunit\u00e0 energetiche: quando cittadini ed enti fanno squadra per produrre e condividere energia"},"content":{"rendered":"<p>Al Festival dell\u2019Economia di Trento si approfondisce il tema delle comunit\u00e0 energetiche rinnovabili nell&#8217;evento a cura di Euricse, il centro europeo di ricerca sulle imprese cooperative e sociali con sede a Trento.<\/p>\n<p><strong>Domenica 28 maggio<\/strong>, presso la sala della\u00a0<strong>Fondazione Caritro<\/strong>\u00a0(dalle 14.30), si terr\u00e0 il panel \u201c<a href=\"https:\/\/www.festivaleconomia.it\/it\/evento\/comunita-energetiche-alla-prova-dei-fatti\">Comunit\u00e0 energetiche alla prova dei fatti<\/a>\u201d moderato da\u00a0<strong>Davide Tabarelli<\/strong>, presidente di Nomisma Energia, gi\u00e0 editorialista del Sole24Ore, esperto\u00a0nel settore\u00a0della\u00a0ricerca sull&#8217;energia e l&#8217;ambiente.\u00a0Un evento che offrir\u00e0 l&#8217;opportunit\u00e0 di indagare ed approfondire il ruolo delle comunit\u00e0 energetiche nella transizione verso un futuro pi\u00f9 sostenibile.<\/p>\n<p>A portare il proprio punto di vista saranno ospiti ed esperti, tra cui\u00a0<strong>Laura Borsieri\u00a0<\/strong>del\u00a0<a href=\"https:\/\/www.cedis.info\/\">Consorzio Elettrico di Storo (CEDIS)<\/a>, che ha dato vita alla prima comunit\u00e0 energetica rinnovabile in Trentino,\u00a0<strong>Giacomo Cantarella<\/strong>,\u00a0Business Development Manager di<a href=\"https:\/\/epqformula.it\/ita\">\u00a0EPQ<\/a>,\u00a0tra i principali\u00a0operatori italiani nell\u2019offerta di servizi in ambito\u00a0flessibilit\u00e0 e energy management\u00a0e\u00a0<strong>Sara Capuzzo<\/strong>, Presidente di\u00a0<a href=\"https:\/\/www.enostra.it\/\">\u00e8nostra<\/a>,\u00a0la prima\u00a0cooperativa energetica\u00a0in Italia che produce e fornisce ai soci\u00a0energia sostenibile, etica, 100% rinnovabile, attraverso un modello di\u00a0partecipazione\u00a0e\u00a0condivisione.<\/p>\n<p>Sar\u00e0 un\u2019occasione unica per conoscere da vicino il funzionamento delle comunit\u00e0 energetiche, il loro impatto sulla riduzione della dipendenza dalla rete elettrica tradizionale e il contributo alla riduzione delle emissioni di gas serra.\u00a0Le comunit\u00e0 energetiche rappresentano un importante passo avanti verso un sistema energetico pi\u00f9 sostenibile, in cui la produzione e il consumo di energia rinnovabile diventano una responsabilit\u00e0 condivisa tra i membri della comunit\u00e0.\u00a0Fondamentale \u00e8 anche sulla scelta del modello organizzativo pi\u00f9 efficace per gestire le comunit\u00e0 energetiche rinnovabili, una governance \u201cpartecipata\u201d delle comunit\u00e0 energetiche che permette di\u00a0 gestire l\u2019energia elettrica attraverso\u00a0uno o pi\u00f9 impianti da fonti rinnovabili, condividendo benefici sociali e ambientali che ne derivano.<\/p>\n<h4><a href=\"https:\/\/www.festivaleconomia.it\/it\/evento\/comunita-energetiche-alla-prova-dei-fatti\">Scopri l&#8217;evento<\/a><\/h4>\n","protected":false},"excerpt":{"rendered":"<p>Unisciti a noi al Festival dell&#8217;Economia di Trento e approfondisci il tema delle comunit\u00e0 energetiche rinnovabili nell&#8217;evento di domenica 28 maggio alle 14.30 presso Fondazione Caritro. <\/p>\n","protected":false},"author":32,"featured_media":19296,"comment_status":"closed","ping_status":"closed","sticky":false,"template":"","format":"standard","meta":{"_acf_changed":false,"episode_type":"","audio_file":"","cover_image":"","cover_image_id":"","duration":"","filesize":"","date_recorded":"","explicit":"","block":"","itunes_episode_number":"","itunes_title":"","itunes_season_number":"","itunes_episode_type":"","filesize_raw":"","footnotes":""},"categories":[17],"tags":[1200],"class_list":["post-19295","post","type-post","status-publish","format-standard","has-post-thumbnail","hentry","category-news-it","tag-comunita-energetiche"],"acf":[],"yoast_head":"<!-- This site is optimized with the Yoast SEO plugin v26.1.1 - https:\/\/yoast.com\/wordpress\/plugins\/seo\/ -->\n<title>Comunit\u00e0 energetiche: quando cittadini ed enti fanno squadra per produrre e condividere energia - Euricse<\/title>\n<meta name=\"description\" content=\"Unisciti a noi al Festival dell&#039;Economia di Trento e approfondisci il tema delle comunit\u00e0 energetiche rinnovabili nell&#039;evento di domenica 28 maggio alle 14.30 presso Fondazione Caritro.\" \/>\n<meta name=\"robots\" content=\"index, follow, max-snippet:-1, max-image-preview:large, max-video-preview:-1\" \/>\n<link rel=\"canonical\" href=\"https:\/\/euricse.eu\/it\/19295\/\" \/>\n<meta property=\"og:locale\" content=\"it_IT\" \/>\n<meta property=\"og:type\" content=\"article\" \/>\n<meta property=\"og:title\" content=\"Comunit\u00e0 energetiche: quando cittadini ed enti fanno squadra per produrre e condividere energia - Euricse\" \/>\n<meta property=\"og:description\" content=\"Unisciti a noi al Festival dell&#039;Economia di Trento e approfondisci il tema delle comunit\u00e0 energetiche rinnovabili nell&#039;evento di domenica 28 maggio alle 14.30 presso Fondazione Caritro.\" \/>\n<meta property=\"og:url\" content=\"https:\/\/euricse.eu\/it\/19295\/\" \/>\n<meta property=\"og:site_name\" content=\"Euricse\" \/>\n<meta property=\"article:published_time\" content=\"2023-05-23T13:02:58+00:00\" \/>\n<meta property=\"article:modified_time\" content=\"2023-05-23T15:34:47+00:00\" \/>\n<meta property=\"og:image\" content=\"https:\/\/euricse.eu\/wp-content\/uploads\/2023\/05\/sustainability-3300869_1920.jpg\" \/>\n\t<meta property=\"og:image:width\" content=\"1920\" \/>\n\t<meta property=\"og:image:height\" content=\"1280\" \/>\n\t<meta property=\"og:image:type\" content=\"image\/jpeg\" \/>\n<meta name=\"author\" content=\"Silvia\" \/>\n<meta name=\"twitter:card\" content=\"summary_large_image\" \/>\n<meta name=\"twitter:label1\" content=\"Scritto da\" \/>\n\t<meta name=\"twitter:data1\" content=\"Silvia\" \/>\n\t<meta name=\"twitter:label2\" content=\"Tempo di lettura stimato\" \/>\n\t<meta name=\"twitter:data2\" content=\"2 minuti\" \/>\n<script type=\"application\/ld+json\" class=\"yoast-schema-graph\">{\"@context\":\"https:\/\/schema.org\",\"@graph\":[{\"@type\":\"WebPage\",\"@id\":\"https:\/\/euricse.eu\/it\/19295\/\",\"url\":\"https:\/\/euricse.eu\/it\/19295\/\",\"name\":\"Comunit\u00e0 energetiche: quando cittadini ed enti fanno squadra per produrre e condividere energia - Euricse\",\"isPartOf\":{\"@id\":\"https:\/\/euricse.eu\/en\/#website\"},\"primaryImageOfPage\":{\"@id\":\"https:\/\/euricse.eu\/it\/19295\/#primaryimage\"},\"image\":{\"@id\":\"https:\/\/euricse.eu\/it\/19295\/#primaryimage\"},\"thumbnailUrl\":\"https:\/\/euricse.eu\/wp-content\/uploads\/2023\/05\/sustainability-3300869_1920.jpg\",\"datePublished\":\"2023-05-23T13:02:58+00:00\",\"dateModified\":\"2023-05-23T15:34:47+00:00\",\"author\":{\"@id\":\"https:\/\/euricse.eu\/en\/#\/schema\/person\/a5b25693531e3458dfedff34c273ba14\"},\"description\":\"Unisciti a noi al Festival dell'Economia di Trento e approfondisci il tema delle comunit\u00e0 energetiche rinnovabili nell'evento di domenica 28 maggio alle 14.30 presso Fondazione Caritro.\",\"breadcrumb\":{\"@id\":\"https:\/\/euricse.eu\/it\/19295\/#breadcrumb\"},\"inLanguage\":\"it-IT\",\"potentialAction\":[{\"@type\":\"ReadAction\",\"target\":[\"https:\/\/euricse.eu\/it\/19295\/\"]}]},{\"@type\":\"ImageObject\",\"inLanguage\":\"it-IT\",\"@id\":\"https:\/\/euricse.eu\/it\/19295\/#primaryimage\",\"url\":\"https:\/\/euricse.eu\/wp-content\/uploads\/2023\/05\/sustainability-3300869_1920.jpg\",\"contentUrl\":\"https:\/\/euricse.eu\/wp-content\/uploads\/2023\/05\/sustainability-3300869_1920.jpg\",\"width\":1920,\"height\":1280},{\"@type\":\"BreadcrumbList\",\"@id\":\"https:\/\/euricse.eu\/it\/19295\/#breadcrumb\",\"itemListElement\":[{\"@type\":\"ListItem\",\"position\":1,\"name\":\"Home\",\"item\":\"https:\/\/euricse.eu\/it\/\"},{\"@type\":\"ListItem\",\"position\":2,\"name\":\"Comunit\u00e0 energetiche: quando cittadini ed enti fanno squadra per produrre e condividere energia\"}]},{\"@type\":\"WebSite\",\"@id\":\"https:\/\/euricse.eu\/en\/#website\",\"url\":\"https:\/\/euricse.eu\/en\/\",\"name\":\"Euricse\",\"description\":\"Knowledge and innovation for cooperative and social enterprises.\",\"potentialAction\":[{\"@type\":\"SearchAction\",\"target\":{\"@type\":\"EntryPoint\",\"urlTemplate\":\"https:\/\/euricse.eu\/en\/?s={search_term_string}\"},\"query-input\":{\"@type\":\"PropertyValueSpecification\",\"valueRequired\":true,\"valueName\":\"search_term_string\"}}],\"inLanguage\":\"it-IT\"},{\"@type\":\"Person\",\"@id\":\"https:\/\/euricse.eu\/en\/#\/schema\/person\/a5b25693531e3458dfedff34c273ba14\",\"name\":\"Silvia\",\"image\":{\"@type\":\"ImageObject\",\"inLanguage\":\"it-IT\",\"@id\":\"https:\/\/euricse.eu\/en\/#\/schema\/person\/image\/\",\"url\":\"https:\/\/secure.gravatar.com\/avatar\/3cef1082b65edc85f1a4c0caa7ce4808f397a517b7217eab6215fe435640f8f7?s=96&d=mm&r=g\",\"contentUrl\":\"https:\/\/secure.gravatar.com\/avatar\/3cef1082b65edc85f1a4c0caa7ce4808f397a517b7217eab6215fe435640f8f7?s=96&d=mm&r=g\",\"caption\":\"Silvia\"},\"url\":\"https:\/\/euricse.eu\/it\/author\/silvia\/\"}]}<\/script>\n<!-- \/ Yoast SEO plugin. -->","yoast_head_json":{"title":"Comunit\u00e0 energetiche: quando cittadini ed enti fanno squadra per produrre e condividere energia - Euricse","description":"Unisciti a noi al Festival dell'Economia di Trento e approfondisci il tema delle comunit\u00e0 energetiche rinnovabili nell'evento di domenica 28 maggio alle 14.30 presso Fondazione Caritro.","robots":{"index":"index","follow":"follow","max-snippet":"max-snippet:-1","max-image-preview":"max-image-preview:large","max-video-preview":"max-video-preview:-1"},"canonical":"https:\/\/euricse.eu\/it\/19295\/","og_locale":"it_IT","og_type":"article","og_title":"Comunit\u00e0 energetiche: quando cittadini ed enti fanno squadra per produrre e condividere energia - Euricse","og_description":"Unisciti a noi al Festival dell'Economia di Trento e approfondisci il tema delle comunit\u00e0 energetiche rinnovabili nell'evento di domenica 28 maggio alle 14.30 presso Fondazione Caritro.","og_url":"https:\/\/euricse.eu\/it\/19295\/","og_site_name":"Euricse","article_published_time":"2023-05-23T13:02:58+00:00","article_modified_time":"2023-05-23T15:34:47+00:00","og_image":[{"width":1920,"height":1280,"url":"https:\/\/euricse.eu\/wp-content\/uploads\/2023\/05\/sustainability-3300869_1920.jpg","type":"image\/jpeg"}],"author":"Silvia","twitter_card":"summary_large_image","twitter_misc":{"Scritto da":"Silvia","Tempo di lettura stimato":"2 minuti"},"schema":{"@context":"https:\/\/schema.org","@graph":[{"@type":"WebPage","@id":"https:\/\/euricse.eu\/it\/19295\/","url":"https:\/\/euricse.eu\/it\/19295\/","name":"Comunit\u00e0 energetiche: quando cittadini ed enti fanno squadra per produrre e condividere energia - Euricse","isPartOf":{"@id":"https:\/\/euricse.eu\/en\/#website"},"primaryImageOfPage":{"@id":"https:\/\/euricse.eu\/it\/19295\/#primaryimage"},"image":{"@id":"https:\/\/euricse.eu\/it\/19295\/#primaryimage"},"thumbnailUrl":"https:\/\/euricse.eu\/wp-content\/uploads\/2023\/05\/sustainability-3300869_1920.jpg","datePublished":"2023-05-23T13:02:58+00:00","dateModified":"2023-05-23T15:34:47+00:00","author":{"@id":"https:\/\/euricse.eu\/en\/#\/schema\/person\/a5b25693531e3458dfedff34c273ba14"},"description":"Unisciti a noi al Festival dell'Economia di Trento e approfondisci il tema delle comunit\u00e0 energetiche rinnovabili nell'evento di domenica 28 maggio alle 14.30 presso Fondazione Caritro.","breadcrumb":{"@id":"https:\/\/euricse.eu\/it\/19295\/#breadcrumb"},"inLanguage":"it-IT","potentialAction":[{"@type":"ReadAction","target":["https:\/\/euricse.eu\/it\/19295\/"]}]},{"@type":"ImageObject","inLanguage":"it-IT","@id":"https:\/\/euricse.eu\/it\/19295\/#primaryimage","url":"https:\/\/euricse.eu\/wp-content\/uploads\/2023\/05\/sustainability-3300869_1920.jpg","contentUrl":"https:\/\/euricse.eu\/wp-content\/uploads\/2023\/05\/sustainability-3300869_1920.jpg","width":1920,"height":1280},{"@type":"BreadcrumbList","@id":"https:\/\/euricse.eu\/it\/19295\/#breadcrumb","itemListElement":[{"@type":"ListItem","position":1,"name":"Home","item":"https:\/\/euricse.eu\/it\/"},{"@type":"ListItem","position":2,"name":"Comunit\u00e0 energetiche: quando cittadini ed enti fanno squadra per produrre e condividere energia"}]},{"@type":"WebSite","@id":"https:\/\/euricse.eu\/en\/#website","url":"https:\/\/euricse.eu\/en\/","name":"Euricse","description":"Knowledge and innovation for cooperative and social enterprises.","potentialAction":[{"@type":"SearchAction","target":{"@type":"EntryPoint","urlTemplate":"https:\/\/euricse.eu\/en\/?s={search_term_string}"},"query-input":{"@type":"PropertyValueSpecification","valueRequired":true,"valueName":"search_term_string"}}],"inLanguage":"it-IT"},{"@type":"Person","@id":"https:\/\/euricse.eu\/en\/#\/schema\/person\/a5b25693531e3458dfedff34c273ba14","name":"Silvia","image":{"@type":"ImageObject","inLanguage":"it-IT","@id":"https:\/\/euricse.eu\/en\/#\/schema\/person\/image\/","url":"https:\/\/secure.gravatar.com\/avatar\/3cef1082b65edc85f1a4c0caa7ce4808f397a517b7217eab6215fe435640f8f7?s=96&d=mm&r=g","contentUrl":"https:\/\/secure.gravatar.com\/avatar\/3cef1082b65edc85f1a4c0caa7ce4808f397a517b7217eab6215fe435640f8f7?s=96&d=mm&r=g","caption":"Silvia"},"url":"https:\/\/euricse.eu\/it\/author\/silvia\/"}]}},"_links":{"self":[{"href":"https:\/\/euricse.eu\/it\/wp-json\/wp\/v2\/posts\/19295","targetHints":{"allow":["GET"]}}],"collection":[{"href":"https:\/\/euricse.eu\/it\/wp-json\/wp\/v2\/posts"}],"about":[{"href":"https:\/\/euricse.eu\/it\/wp-json\/wp\/v2\/types\/post"}],"author":[{"embeddable":true,"href":"https:\/\/euricse.eu\/it\/wp-json\/wp\/v2\/users\/32"}],"replies":[{"embeddable":true,"href":"https:\/\/euricse.eu\/it\/wp-json\/wp\/v2\/comments?post=19295"}],"version-history":[{"count":2,"href":"https:\/\/euricse.eu\/it\/wp-json\/wp\/v2\/posts\/19295\/revisions"}],"predecessor-version":[{"id":19341,"href":"https:\/\/euricse.eu\/it\/wp-json\/wp\/v2\/posts\/19295\/revisions\/19341"}],"wp:featuredmedia":[{"embeddable":true,"href":"https:\/\/euricse.eu\/it\/wp-json\/wp\/v2\/media\/19296"}],"wp:attachment":[{"href":"https:\/\/euricse.eu\/it\/wp-json\/wp\/v2\/media?parent=19295"}],"wp:term":[{"taxonomy":"category","embeddable":true,"href":"https:\/\/euricse.eu\/it\/wp-json\/wp\/v2\/categories?post=19295"},{"taxonomy":"post_tag","embeddable":true,"href":"https:\/\/euricse.eu\/it\/wp-json\/wp\/v2\/tags?post=19295"}],"curies":[{"name":"wp","href":"https:\/\/api.w.org\/{rel}","templated":true}]}}