{"id":19306,"date":"2023-05-23T14:31:23","date_gmt":"2023-05-23T13:31:23","guid":{"rendered":"https:\/\/euricse.eu\/?p=19306"},"modified":"2023-05-24T14:22:58","modified_gmt":"2023-05-24T13:22:58","slug":"collaborazione-tra-pubblico-e-terzo-settore-nuove-frontiere-al-festival-delleconomia-di-trento","status":"publish","type":"post","link":"https:\/\/euricse.eu\/it\/collaborazione-tra-pubblico-e-terzo-settore-nuove-frontiere-al-festival-delleconomia-di-trento\/","title":{"rendered":"Collaborazione tra pubblico e terzo settore: nuove frontiere al Festival dell&#8217;Economia di Trento"},"content":{"rendered":"<p>Nell&#8217;ambito del <strong>Festival dell&#8217;Economia di Trento<\/strong>, <strong>domenica 28 maggio<\/strong>, al <strong>Castello del Buonconsiglio<\/strong>, Sala Marangonerie <strong>(dalle 9.30),<\/strong> riflettori accesi sui <a href=\"https:\/\/www.festivaleconomia.it\/it\/evento\/nuovi-modelli-di-collaborazione-tra-il-pubblico-e-il-terzo-settore\">Nuovi modelli di collaborazione tra il pubblico e il Terzo Settore<\/a> per capire cosa si sta muovendo oggi sul fronte dell\u2019amministrazione condivisa in Italia. ll panel, coordinato da Euricse e tutto al femminile, sar\u00e0 composto da esperte di diversi settori, nel campo della giurisprudenza, del terzo settore, della sociologia e della ricerca. <strong>Daria De Pretis<\/strong>, vicepresidente della Corte Costituzionale, esaminer\u00e0 le principali novit\u00e0 legislative degli ultimi anni che hanno contribuito alla disciplina delle forme di collaborazione tra i cittadini e l\u2019amministrazione, finalizzate a svolgere attivit\u00e0 di interesse generale su un piano paritario. <strong>Linda Laura Sabbadini<\/strong>, direttore centrale dell\u2019Istat, presenter\u00e0 i dati che mostrano come sta cambiando o pu\u00f2 cambiare in futuro il rapporto tra pubblica amministrazione e terzo settore in Italia. <strong>Vanessa Pallucchi<\/strong>, portavoce del Forum Nazionale del Terzo Settore, prender\u00e0 in esame le principali sfide che il terzo settore deve affrontare per cogliere le opportunit\u00e0 di una pi\u00f9 stretta collaborazione con la pubblica amministrazione. <strong>Daniela Ciaffi<\/strong>, sociologa attiva in Labsus, fornir\u00e0 un ampio sguardo sulle nuove frontiere dell\u2019amministrazione condivisa, esplorando le possibilit\u00e0 di collaborazione e sinergia tra i vari attori coinvolti. <strong>Riccardo Bodini<\/strong>, direttore di Euricse, faciliter\u00e0 il dibattito e il confronto tra le relatrici portando anche l&#8217;esperienza dell&#8217;Istituto di ricerca che ha condotto la prima indagine a livello nazionale che approfondisce l\u2019applicazione concreta dell\u2019articolo 55 del Codice del Terzo Settore, facendo luce su un quadro articolato di esperienze, punti di forza, criticit\u00e0 e prospettive di sostenibilit\u00e0 e sviluppo del welfare collaborativo.<\/p>\n<h4><a href=\"https:\/\/www.festivaleconomia.it\/it\/evento\/nuovi-modelli-di-collaborazione-tra-il-pubblico-e-il-terzo-settore\">Scopri l&#8217;evento<\/a><\/h4>\n<p>&nbsp;<\/p>\n<h4>Verso un nuovo modello di welfare collaborativo<\/h4>\n<p>La collaborazione tra pubblica amministrazione e Terzo Settore permette di affrontare le sfide sociali ed economiche attuali, mettendo l&#8217;accento sulla gestione e condivisione delle risorse anzich\u00e9 sulla competizione e il profitto. L&#8217;obiettivo principale \u00e8 favorire lo sviluppo di soluzioni efficaci per le problematiche sociali ed economiche, promuovendo l&#8217;innovazione e il superamento delle barriere esistenti. Per raggiungere questo obiettivo, \u00e8 importante superare le differenze culturali e di approccio tra i due settori, creando una comprensione reciproca e una collaborazione basata sulla fiducia attraverso una comunicazione aperta e un dialogo costante. \u00c8 inoltre essenziale affrontare le questioni tecniche legate alla collaborazione, come l&#8217;armonizzazione delle normative e dei regolamenti, l&#8217;accesso alle risorse finanziarie e la condivisione delle competenze e delle conoscenze. La creazione di meccanismi di collaborazione efficaci e trasparenti pu\u00f2 facilitare il flusso di risorse e promuovere lo sviluppo di iniziative congiunte.<\/p>\n<p>&nbsp;<\/p>\n<h4>La ricerca di Euricse<\/h4>\n<p>Il nostro Istituto di ricerca ha condotto la prima indagine a livello nazionale che approfondisce l\u2019applicazione concreta dell\u2019<strong>articolo 55\u00a0<\/strong>del Codice del Terzo Settore, introducendo gli strumenti giuridici per promuovere una nuova concezione pi\u00f9 collaborativa e paritaria dei rapporti tra Stato ed enti del Terzo settore. Alla luce della normativa introdotta dal Codice e consolidata dalla sentenza della Corte Costituzionale del 2020, l\u2019obiettivo di questo lavoro \u00e8 infatti quello di indagare se e come stanno cambiando i rapporti tra pubblico e Terzo settore e il ruolo che ciascuno dei diversi attori pu\u00f2 svolgere nella costruzione del welfare locale. I\u00a0<strong>20 casi<\/strong>\u00a0di co-progettazione che sono stati analizzati dal team di ricerca coordinato dal prof.\u00a0<strong>Luca Fazzi\u00a0<\/strong>dell\u2019Universit\u00e0 degli Studi di Trento, in\u00a0<strong>10 regioni italiane\u00a0<\/strong>(Piemonte, Lombardia, Veneto e Trentino, al Nord; Emilia-Romagna, Lazio e Toscana, al Centro e Puglia, Campania e Sicilia, al Sud) attraverso\u00a0<strong>60 interviste<\/strong>\u00a0a esperti, professionisti, manager pubblici e rappresentanti del Terzo Settore, fanno luce su un quadro articolato di esperienze, punti di forza, criticit\u00e0 e prospettive di sostenibilit\u00e0 e sviluppo del welfare collaborativo.<\/p>\n<p>I risultati del <strong>Rapporto sul Welfare Collaborativo in Italia<\/strong> sono disponibili in tre report, di cui due disponibili online.<\/p>\n<p>Il primo,\u00a0<a href=\"https:\/\/euricse.eu\/it\/publications\/il-nuovo-welfare-collaborativo-in-italia-co-programmazione-e-co-progettazione-come-strumenti-di-innovazione-del-welfare-locale\/\">Il nuovo welfare collaborativo in Italia: Co-Programmazione e Co-Progettazione come strumenti per l\u2019innovazione del welfare locale<\/a>\u00a0inquadra l\u2019evoluzione del welfare locale a livello nazionale e illustra il contesto di riferimento del nuovo welfare collaborativo, con una prima valutazione degli effetti positivi e delle criticit\u00e0 emerse dall\u2019indagine condotta da Euricse.<\/p>\n<p>Il secondo,\u00a0<a href=\"https:\/\/euricse.eu\/it\/publications\/abilitare-la-collaborazione-presupposti-vincoli-e-condizioni-della-co-progettazione-in-italia\/\">Abilitare la collaborazione. Presupposti, vincoli, e condizioni della co-progettazione in Italia<\/a>, approfondisce, utilizzando le interviste e i materiali raccolti, le condizioni che abilitano le co-progettazioni e costituiscono i prerequisiti intorno ai quali possono essere costruiti processi di reale condivisione di intenti e obiettivi per il governo del welfare locale tra settore pubblico e Terzo settore in Italia.<\/p>\n<p>&nbsp;<\/p>\n<h4><\/h4>\n","protected":false},"excerpt":{"rendered":"<p>Un appuntamento a cura di Euricse per capire cosa si sta muovendo oggi sul fronte della collaborazione tra pubblica amministrazione e Terzo Settore.<\/p>\n","protected":false},"author":32,"featured_media":19307,"comment_status":"closed","ping_status":"closed","sticky":false,"template":"","format":"standard","meta":{"_acf_changed":false,"episode_type":"","audio_file":"","cover_image":"","cover_image_id":"","duration":"","filesize":"","date_recorded":"","explicit":"","block":"","itunes_episode_number":"","itunes_title":"","itunes_season_number":"","itunes_episode_type":"","filesize_raw":"","footnotes":""},"categories":[17],"tags":[65,876],"class_list":["post-19306","post","type-post","status-publish","format-standard","has-post-thumbnail","hentry","category-news-it","tag-welfare","tag-amministrazione-condivisa"],"acf":[],"yoast_head":"<!-- This site is optimized with the Yoast SEO plugin v26.1.1 - https:\/\/yoast.com\/wordpress\/plugins\/seo\/ -->\n<title>Collaborazione tra pubblico e terzo settore: nuove frontiere al Festival dell&#039;Economia di Trento - Euricse<\/title>\n<meta name=\"description\" content=\"Un appuntamento imperdibile organizzato da Euricse per capire cosa si sta muovendo oggi sul fronte della collaborazione tra pubblica amministrazione e Terzo Settore.\" \/>\n<meta name=\"robots\" content=\"index, follow, max-snippet:-1, max-image-preview:large, max-video-preview:-1\" \/>\n<link rel=\"canonical\" href=\"https:\/\/euricse.eu\/it\/collaborazione-tra-pubblico-e-terzo-settore-nuove-frontiere-al-festival-delleconomia-di-trento\/\" \/>\n<meta property=\"og:locale\" content=\"it_IT\" \/>\n<meta property=\"og:type\" content=\"article\" \/>\n<meta property=\"og:title\" content=\"Collaborazione tra pubblico e terzo settore: nuove frontiere al Festival dell&#039;Economia di Trento - Euricse\" \/>\n<meta property=\"og:description\" content=\"Un appuntamento imperdibile organizzato da Euricse per capire cosa si sta muovendo oggi sul fronte della collaborazione tra pubblica amministrazione e Terzo Settore.\" \/>\n<meta property=\"og:url\" content=\"https:\/\/euricse.eu\/it\/collaborazione-tra-pubblico-e-terzo-settore-nuove-frontiere-al-festival-delleconomia-di-trento\/\" \/>\n<meta property=\"og:site_name\" content=\"Euricse\" \/>\n<meta property=\"article:published_time\" content=\"2023-05-23T13:31:23+00:00\" \/>\n<meta property=\"article:modified_time\" content=\"2023-05-24T13:22:58+00:00\" \/>\n<meta property=\"og:image\" content=\"https:\/\/euricse.eu\/wp-content\/uploads\/2023\/05\/play-stone-1237457_1920.jpg\" \/>\n\t<meta property=\"og:image:width\" content=\"1920\" \/>\n\t<meta property=\"og:image:height\" content=\"1280\" \/>\n\t<meta property=\"og:image:type\" content=\"image\/jpeg\" \/>\n<meta name=\"author\" content=\"Silvia\" \/>\n<meta name=\"twitter:card\" content=\"summary_large_image\" \/>\n<meta name=\"twitter:label1\" content=\"Scritto da\" \/>\n\t<meta name=\"twitter:data1\" content=\"Silvia\" \/>\n\t<meta name=\"twitter:label2\" content=\"Tempo di lettura stimato\" \/>\n\t<meta name=\"twitter:data2\" content=\"4 minuti\" \/>\n<script type=\"application\/ld+json\" class=\"yoast-schema-graph\">{\"@context\":\"https:\/\/schema.org\",\"@graph\":[{\"@type\":\"WebPage\",\"@id\":\"https:\/\/euricse.eu\/it\/collaborazione-tra-pubblico-e-terzo-settore-nuove-frontiere-al-festival-delleconomia-di-trento\/\",\"url\":\"https:\/\/euricse.eu\/it\/collaborazione-tra-pubblico-e-terzo-settore-nuove-frontiere-al-festival-delleconomia-di-trento\/\",\"name\":\"Collaborazione tra pubblico e terzo settore: nuove frontiere al Festival dell'Economia di Trento - Euricse\",\"isPartOf\":{\"@id\":\"https:\/\/euricse.eu\/en\/#website\"},\"primaryImageOfPage\":{\"@id\":\"https:\/\/euricse.eu\/it\/collaborazione-tra-pubblico-e-terzo-settore-nuove-frontiere-al-festival-delleconomia-di-trento\/#primaryimage\"},\"image\":{\"@id\":\"https:\/\/euricse.eu\/it\/collaborazione-tra-pubblico-e-terzo-settore-nuove-frontiere-al-festival-delleconomia-di-trento\/#primaryimage\"},\"thumbnailUrl\":\"https:\/\/euricse.eu\/wp-content\/uploads\/2023\/05\/play-stone-1237457_1920.jpg\",\"datePublished\":\"2023-05-23T13:31:23+00:00\",\"dateModified\":\"2023-05-24T13:22:58+00:00\",\"author\":{\"@id\":\"https:\/\/euricse.eu\/en\/#\/schema\/person\/a5b25693531e3458dfedff34c273ba14\"},\"description\":\"Un appuntamento imperdibile organizzato da Euricse per capire cosa si sta muovendo oggi sul fronte della collaborazione tra pubblica amministrazione e Terzo Settore.\",\"breadcrumb\":{\"@id\":\"https:\/\/euricse.eu\/it\/collaborazione-tra-pubblico-e-terzo-settore-nuove-frontiere-al-festival-delleconomia-di-trento\/#breadcrumb\"},\"inLanguage\":\"it-IT\",\"potentialAction\":[{\"@type\":\"ReadAction\",\"target\":[\"https:\/\/euricse.eu\/it\/collaborazione-tra-pubblico-e-terzo-settore-nuove-frontiere-al-festival-delleconomia-di-trento\/\"]}]},{\"@type\":\"ImageObject\",\"inLanguage\":\"it-IT\",\"@id\":\"https:\/\/euricse.eu\/it\/collaborazione-tra-pubblico-e-terzo-settore-nuove-frontiere-al-festival-delleconomia-di-trento\/#primaryimage\",\"url\":\"https:\/\/euricse.eu\/wp-content\/uploads\/2023\/05\/play-stone-1237457_1920.jpg\",\"contentUrl\":\"https:\/\/euricse.eu\/wp-content\/uploads\/2023\/05\/play-stone-1237457_1920.jpg\",\"width\":1920,\"height\":1280},{\"@type\":\"BreadcrumbList\",\"@id\":\"https:\/\/euricse.eu\/it\/collaborazione-tra-pubblico-e-terzo-settore-nuove-frontiere-al-festival-delleconomia-di-trento\/#breadcrumb\",\"itemListElement\":[{\"@type\":\"ListItem\",\"position\":1,\"name\":\"Home\",\"item\":\"https:\/\/euricse.eu\/it\/\"},{\"@type\":\"ListItem\",\"position\":2,\"name\":\"Collaborazione tra pubblico e terzo settore: nuove frontiere al Festival dell&#8217;Economia di Trento\"}]},{\"@type\":\"WebSite\",\"@id\":\"https:\/\/euricse.eu\/en\/#website\",\"url\":\"https:\/\/euricse.eu\/en\/\",\"name\":\"Euricse\",\"description\":\"Knowledge and innovation for cooperative and social enterprises.\",\"potentialAction\":[{\"@type\":\"SearchAction\",\"target\":{\"@type\":\"EntryPoint\",\"urlTemplate\":\"https:\/\/euricse.eu\/en\/?s={search_term_string}\"},\"query-input\":{\"@type\":\"PropertyValueSpecification\",\"valueRequired\":true,\"valueName\":\"search_term_string\"}}],\"inLanguage\":\"it-IT\"},{\"@type\":\"Person\",\"@id\":\"https:\/\/euricse.eu\/en\/#\/schema\/person\/a5b25693531e3458dfedff34c273ba14\",\"name\":\"Silvia\",\"image\":{\"@type\":\"ImageObject\",\"inLanguage\":\"it-IT\",\"@id\":\"https:\/\/euricse.eu\/en\/#\/schema\/person\/image\/\",\"url\":\"https:\/\/secure.gravatar.com\/avatar\/3cef1082b65edc85f1a4c0caa7ce4808f397a517b7217eab6215fe435640f8f7?s=96&d=mm&r=g\",\"contentUrl\":\"https:\/\/secure.gravatar.com\/avatar\/3cef1082b65edc85f1a4c0caa7ce4808f397a517b7217eab6215fe435640f8f7?s=96&d=mm&r=g\",\"caption\":\"Silvia\"},\"url\":\"https:\/\/euricse.eu\/it\/author\/silvia\/\"}]}<\/script>\n<!-- \/ Yoast SEO plugin. -->","yoast_head_json":{"title":"Collaborazione tra pubblico e terzo settore: nuove frontiere al Festival dell'Economia di Trento - Euricse","description":"Un appuntamento imperdibile organizzato da Euricse per capire cosa si sta muovendo oggi sul fronte della collaborazione tra pubblica amministrazione e Terzo Settore.","robots":{"index":"index","follow":"follow","max-snippet":"max-snippet:-1","max-image-preview":"max-image-preview:large","max-video-preview":"max-video-preview:-1"},"canonical":"https:\/\/euricse.eu\/it\/collaborazione-tra-pubblico-e-terzo-settore-nuove-frontiere-al-festival-delleconomia-di-trento\/","og_locale":"it_IT","og_type":"article","og_title":"Collaborazione tra pubblico e terzo settore: nuove frontiere al Festival dell'Economia di Trento - Euricse","og_description":"Un appuntamento imperdibile organizzato da Euricse per capire cosa si sta muovendo oggi sul fronte della collaborazione tra pubblica amministrazione e Terzo Settore.","og_url":"https:\/\/euricse.eu\/it\/collaborazione-tra-pubblico-e-terzo-settore-nuove-frontiere-al-festival-delleconomia-di-trento\/","og_site_name":"Euricse","article_published_time":"2023-05-23T13:31:23+00:00","article_modified_time":"2023-05-24T13:22:58+00:00","og_image":[{"width":1920,"height":1280,"url":"https:\/\/euricse.eu\/wp-content\/uploads\/2023\/05\/play-stone-1237457_1920.jpg","type":"image\/jpeg"}],"author":"Silvia","twitter_card":"summary_large_image","twitter_misc":{"Scritto da":"Silvia","Tempo di lettura stimato":"4 minuti"},"schema":{"@context":"https:\/\/schema.org","@graph":[{"@type":"WebPage","@id":"https:\/\/euricse.eu\/it\/collaborazione-tra-pubblico-e-terzo-settore-nuove-frontiere-al-festival-delleconomia-di-trento\/","url":"https:\/\/euricse.eu\/it\/collaborazione-tra-pubblico-e-terzo-settore-nuove-frontiere-al-festival-delleconomia-di-trento\/","name":"Collaborazione tra pubblico e terzo settore: nuove frontiere al Festival dell'Economia di Trento - Euricse","isPartOf":{"@id":"https:\/\/euricse.eu\/en\/#website"},"primaryImageOfPage":{"@id":"https:\/\/euricse.eu\/it\/collaborazione-tra-pubblico-e-terzo-settore-nuove-frontiere-al-festival-delleconomia-di-trento\/#primaryimage"},"image":{"@id":"https:\/\/euricse.eu\/it\/collaborazione-tra-pubblico-e-terzo-settore-nuove-frontiere-al-festival-delleconomia-di-trento\/#primaryimage"},"thumbnailUrl":"https:\/\/euricse.eu\/wp-content\/uploads\/2023\/05\/play-stone-1237457_1920.jpg","datePublished":"2023-05-23T13:31:23+00:00","dateModified":"2023-05-24T13:22:58+00:00","author":{"@id":"https:\/\/euricse.eu\/en\/#\/schema\/person\/a5b25693531e3458dfedff34c273ba14"},"description":"Un appuntamento imperdibile organizzato da Euricse per capire cosa si sta muovendo oggi sul fronte della collaborazione tra pubblica amministrazione e Terzo Settore.","breadcrumb":{"@id":"https:\/\/euricse.eu\/it\/collaborazione-tra-pubblico-e-terzo-settore-nuove-frontiere-al-festival-delleconomia-di-trento\/#breadcrumb"},"inLanguage":"it-IT","potentialAction":[{"@type":"ReadAction","target":["https:\/\/euricse.eu\/it\/collaborazione-tra-pubblico-e-terzo-settore-nuove-frontiere-al-festival-delleconomia-di-trento\/"]}]},{"@type":"ImageObject","inLanguage":"it-IT","@id":"https:\/\/euricse.eu\/it\/collaborazione-tra-pubblico-e-terzo-settore-nuove-frontiere-al-festival-delleconomia-di-trento\/#primaryimage","url":"https:\/\/euricse.eu\/wp-content\/uploads\/2023\/05\/play-stone-1237457_1920.jpg","contentUrl":"https:\/\/euricse.eu\/wp-content\/uploads\/2023\/05\/play-stone-1237457_1920.jpg","width":1920,"height":1280},{"@type":"BreadcrumbList","@id":"https:\/\/euricse.eu\/it\/collaborazione-tra-pubblico-e-terzo-settore-nuove-frontiere-al-festival-delleconomia-di-trento\/#breadcrumb","itemListElement":[{"@type":"ListItem","position":1,"name":"Home","item":"https:\/\/euricse.eu\/it\/"},{"@type":"ListItem","position":2,"name":"Collaborazione tra pubblico e terzo settore: nuove frontiere al Festival dell&#8217;Economia di Trento"}]},{"@type":"WebSite","@id":"https:\/\/euricse.eu\/en\/#website","url":"https:\/\/euricse.eu\/en\/","name":"Euricse","description":"Knowledge and innovation for cooperative and social enterprises.","potentialAction":[{"@type":"SearchAction","target":{"@type":"EntryPoint","urlTemplate":"https:\/\/euricse.eu\/en\/?s={search_term_string}"},"query-input":{"@type":"PropertyValueSpecification","valueRequired":true,"valueName":"search_term_string"}}],"inLanguage":"it-IT"},{"@type":"Person","@id":"https:\/\/euricse.eu\/en\/#\/schema\/person\/a5b25693531e3458dfedff34c273ba14","name":"Silvia","image":{"@type":"ImageObject","inLanguage":"it-IT","@id":"https:\/\/euricse.eu\/en\/#\/schema\/person\/image\/","url":"https:\/\/secure.gravatar.com\/avatar\/3cef1082b65edc85f1a4c0caa7ce4808f397a517b7217eab6215fe435640f8f7?s=96&d=mm&r=g","contentUrl":"https:\/\/secure.gravatar.com\/avatar\/3cef1082b65edc85f1a4c0caa7ce4808f397a517b7217eab6215fe435640f8f7?s=96&d=mm&r=g","caption":"Silvia"},"url":"https:\/\/euricse.eu\/it\/author\/silvia\/"}]}},"_links":{"self":[{"href":"https:\/\/euricse.eu\/it\/wp-json\/wp\/v2\/posts\/19306","targetHints":{"allow":["GET"]}}],"collection":[{"href":"https:\/\/euricse.eu\/it\/wp-json\/wp\/v2\/posts"}],"about":[{"href":"https:\/\/euricse.eu\/it\/wp-json\/wp\/v2\/types\/post"}],"author":[{"embeddable":true,"href":"https:\/\/euricse.eu\/it\/wp-json\/wp\/v2\/users\/32"}],"replies":[{"embeddable":true,"href":"https:\/\/euricse.eu\/it\/wp-json\/wp\/v2\/comments?post=19306"}],"version-history":[{"count":2,"href":"https:\/\/euricse.eu\/it\/wp-json\/wp\/v2\/posts\/19306\/revisions"}],"predecessor-version":[{"id":19354,"href":"https:\/\/euricse.eu\/it\/wp-json\/wp\/v2\/posts\/19306\/revisions\/19354"}],"wp:featuredmedia":[{"embeddable":true,"href":"https:\/\/euricse.eu\/it\/wp-json\/wp\/v2\/media\/19307"}],"wp:attachment":[{"href":"https:\/\/euricse.eu\/it\/wp-json\/wp\/v2\/media?parent=19306"}],"wp:term":[{"taxonomy":"category","embeddable":true,"href":"https:\/\/euricse.eu\/it\/wp-json\/wp\/v2\/categories?post=19306"},{"taxonomy":"post_tag","embeddable":true,"href":"https:\/\/euricse.eu\/it\/wp-json\/wp\/v2\/tags?post=19306"}],"curies":[{"name":"wp","href":"https:\/\/api.w.org\/{rel}","templated":true}]}}