{"id":19330,"date":"2023-05-23T15:56:40","date_gmt":"2023-05-23T14:56:40","guid":{"rendered":"https:\/\/euricse.eu\/?p=19330"},"modified":"2023-05-24T14:20:50","modified_gmt":"2023-05-24T13:20:50","slug":"economia-sociale-e-politiche-dellunione-europea","status":"publish","type":"post","link":"https:\/\/euricse.eu\/it\/economia-sociale-e-politiche-dellunione-europea\/","title":{"rendered":"Economia sociale e politiche dell&#8217;Unione europea: verso una societ\u00e0 pi\u00f9 equa e inclusiva"},"content":{"rendered":"<div><span style=\"color: #000000;\">Negli ultimi vent\u2019anni, l\u2019economia sociale ha guadagnato sempre pi\u00f9 riconoscimento, poich\u00e9\u00a0le\u00a0organizzazioni e\u00a0le\u00a0imprese\u00a0che la compongono, tra cui\u00a0associazioni,\u00a0imprese sociali,\u00a0cooperative,\u00a0mutue e fondazioni,\u00a0hanno dimostrato di poter colmare le lacune lasciate da Stato e Mercato, offrendo soluzioni innovative e adattabili alle\u00a0differenti\u00a0esigenze delle comunit\u00e0. L\u2019interesse per\u00a0queste\u00a0organizzazioni<\/span>, specialmente nel contesto europeo,\u00a0sta crescendo\u00a0in modo significativo proprio per la loro capacit\u00e0\u00a0di porre al centro del loro operato\u00a0i\u00a0bisogni individuali e collettivi delle persone e il loro soddisfacimento, piuttosto che quello del profitto.<\/div>\n<div><\/div>\n<p class=\"ezoeAlignjustify\" align=\"justify\">Al<a href=\"https:\/\/www.festivaleconomia.it\/it\"> Festival dell&#8217;Economia di Trento<\/a>\u00a0<strong>Euricse<\/strong> propone il panel <a href=\"https:\/\/www.festivaleconomia.it\/it\/evento\/economia-sociale-e-politiche-dellunione-europea\">Economia Sociale e politiche dell\u2019Unione Europea.<\/a> L&#8217;appuntamento \u00e8 per <strong>sabato 27 maggio<\/strong>\u00a0presso l\u2019<strong>ITAS Forum (alle 11.45)\u00a0<\/strong>con esperti provenienti da diverse aree di competenza per confrontarsi sul ruolo centrale dell\u2019economia sociale nel promuovere una crescita economica sostenibile e socialmente inclusiva.<\/p>\n<p><strong>Gianluca Salvatori<\/strong>, segretario generale di Euricse, moderer\u00e0 l\u2019incontro, portando la sua vasta esperienza nelle politiche europee come membro del Gruppo di esperti della Commissione Europea sulla economia sociale (GECES) e osservatore nella Task Force delle Nazioni Unite sull\u2019Economia Sociale e Solidale (UNTFSSE). <strong>Giuseppe Consoli<\/strong>, presidente di ITAS Mutua, condivider\u00e0 il punto di vista delle organizzazioni mutualistiche che contribuiscono a uno sviluppo economico pi\u00f9 equilibrato e sostenibile attraverso la partecipazione attiva nella vita delle comunit\u00e0. <strong>Sarah de Heusch<\/strong>, direttrice di Social Economy Europe, rappresenter\u00e0 un\u2019organizzazione di riferimento in Europa che favorisce il dialogo permanente tra l\u2019economia sociale e le istituzioni europee. <strong>Antonio Parenti<\/strong>, rappresentante della Commissione europea in Italia, fornir\u00e0 una prospettiva istituzionale sulle politiche europee volte a sostenere l\u2019economia sociale. La sua testimonianza sar\u00e0 fondamentale per comprendere il percorso fatto dall\u2019Unione Europea fino ad oggi nel promuovere e sostenere l\u2019economia sociale come strumento per affrontare le sfide sociali ed economiche, nonch\u00e9 per discutere dei prossimi passi da compiere. <strong>Maurizio Gardini<\/strong>, presidente di Confcooperative condivider\u00e0 la sua visione sull\u2019importanza delle cooperative nell\u2019economia sociale, evidenziando come queste organizzazioni possano promuovere la partecipazione attiva dei membri, la condivisione delle risorse e la costruzione di comunit\u00e0 resilienti.<\/p>\n<h3><a href=\"https:\/\/www.festivaleconomia.it\/it\/evento\/economia-sociale-e-politiche-dellunione-europea\">Scopri l&#8217;evento<\/a><\/h3>\n<p>&nbsp;<\/p>\n","protected":false},"excerpt":{"rendered":"<p>Al Festival dell&#8217;Economia di Trento\u00a0un evento per confrontarsi sul ruolo centrale dell\u2019economia sociale nel promuovere una crescita economica sostenibile e socialmente inclusiva.<\/p>\n","protected":false},"author":32,"featured_media":19331,"comment_status":"closed","ping_status":"closed","sticky":false,"template":"","format":"standard","meta":{"_acf_changed":false,"episode_type":"","audio_file":"","cover_image":"","cover_image_id":"","duration":"","filesize":"","date_recorded":"","explicit":"","block":"","itunes_episode_number":"","itunes_title":"","itunes_season_number":"","itunes_episode_type":"","filesize_raw":"","footnotes":""},"categories":[17],"tags":[121],"class_list":["post-19330","post","type-post","status-publish","format-standard","has-post-thumbnail","hentry","category-news-it","tag-economia-sociale"],"acf":[],"yoast_head":"<!-- This site is optimized with the Yoast SEO plugin v26.1.1 - https:\/\/yoast.com\/wordpress\/plugins\/seo\/ -->\n<title>Economia sociale e politiche dell&#039;Unione europea: verso una societ\u00e0 pi\u00f9 equa e inclusiva - Euricse<\/title>\n<meta name=\"description\" content=\"Al Festival dell&#039;Economia di Trento\u00a0un evento sul ruolo centrale dell\u2019economia sociale nella crescita economica sostenibile e socialmente inclusiva.\" \/>\n<meta name=\"robots\" content=\"index, follow, max-snippet:-1, max-image-preview:large, max-video-preview:-1\" \/>\n<link rel=\"canonical\" href=\"https:\/\/euricse.eu\/it\/economia-sociale-e-politiche-dellunione-europea\/\" \/>\n<meta property=\"og:locale\" content=\"it_IT\" \/>\n<meta property=\"og:type\" content=\"article\" \/>\n<meta property=\"og:title\" content=\"Economia sociale e politiche dell&#039;Unione europea: verso una societ\u00e0 pi\u00f9 equa e inclusiva - Euricse\" \/>\n<meta property=\"og:description\" content=\"Al Festival dell&#039;Economia di Trento\u00a0un evento sul ruolo centrale dell\u2019economia sociale nella crescita economica sostenibile e socialmente inclusiva.\" \/>\n<meta property=\"og:url\" content=\"https:\/\/euricse.eu\/it\/economia-sociale-e-politiche-dellunione-europea\/\" \/>\n<meta property=\"og:site_name\" content=\"Euricse\" \/>\n<meta property=\"article:published_time\" content=\"2023-05-23T14:56:40+00:00\" \/>\n<meta property=\"article:modified_time\" content=\"2023-05-24T13:20:50+00:00\" \/>\n<meta property=\"og:image\" content=\"https:\/\/euricse.eu\/wp-content\/uploads\/2023\/05\/banner-2608475_1920.jpg\" \/>\n\t<meta property=\"og:image:width\" content=\"1920\" \/>\n\t<meta property=\"og:image:height\" content=\"1280\" \/>\n\t<meta property=\"og:image:type\" content=\"image\/jpeg\" \/>\n<meta name=\"author\" content=\"Silvia\" \/>\n<meta name=\"twitter:card\" content=\"summary_large_image\" \/>\n<meta name=\"twitter:label1\" content=\"Scritto da\" \/>\n\t<meta name=\"twitter:data1\" content=\"Silvia\" \/>\n\t<meta name=\"twitter:label2\" content=\"Tempo di lettura stimato\" \/>\n\t<meta name=\"twitter:data2\" content=\"2 minuti\" \/>\n<script type=\"application\/ld+json\" class=\"yoast-schema-graph\">{\"@context\":\"https:\/\/schema.org\",\"@graph\":[{\"@type\":\"WebPage\",\"@id\":\"https:\/\/euricse.eu\/it\/economia-sociale-e-politiche-dellunione-europea\/\",\"url\":\"https:\/\/euricse.eu\/it\/economia-sociale-e-politiche-dellunione-europea\/\",\"name\":\"Economia sociale e politiche dell'Unione europea: verso una societ\u00e0 pi\u00f9 equa e inclusiva - Euricse\",\"isPartOf\":{\"@id\":\"https:\/\/euricse.eu\/en\/#website\"},\"primaryImageOfPage\":{\"@id\":\"https:\/\/euricse.eu\/it\/economia-sociale-e-politiche-dellunione-europea\/#primaryimage\"},\"image\":{\"@id\":\"https:\/\/euricse.eu\/it\/economia-sociale-e-politiche-dellunione-europea\/#primaryimage\"},\"thumbnailUrl\":\"https:\/\/euricse.eu\/wp-content\/uploads\/2023\/05\/banner-2608475_1920.jpg\",\"datePublished\":\"2023-05-23T14:56:40+00:00\",\"dateModified\":\"2023-05-24T13:20:50+00:00\",\"author\":{\"@id\":\"https:\/\/euricse.eu\/en\/#\/schema\/person\/a5b25693531e3458dfedff34c273ba14\"},\"description\":\"Al Festival dell'Economia di Trento\u00a0un evento sul ruolo centrale dell\u2019economia sociale nella crescita economica sostenibile e socialmente inclusiva.\",\"breadcrumb\":{\"@id\":\"https:\/\/euricse.eu\/it\/economia-sociale-e-politiche-dellunione-europea\/#breadcrumb\"},\"inLanguage\":\"it-IT\",\"potentialAction\":[{\"@type\":\"ReadAction\",\"target\":[\"https:\/\/euricse.eu\/it\/economia-sociale-e-politiche-dellunione-europea\/\"]}]},{\"@type\":\"ImageObject\",\"inLanguage\":\"it-IT\",\"@id\":\"https:\/\/euricse.eu\/it\/economia-sociale-e-politiche-dellunione-europea\/#primaryimage\",\"url\":\"https:\/\/euricse.eu\/wp-content\/uploads\/2023\/05\/banner-2608475_1920.jpg\",\"contentUrl\":\"https:\/\/euricse.eu\/wp-content\/uploads\/2023\/05\/banner-2608475_1920.jpg\",\"width\":1920,\"height\":1280},{\"@type\":\"BreadcrumbList\",\"@id\":\"https:\/\/euricse.eu\/it\/economia-sociale-e-politiche-dellunione-europea\/#breadcrumb\",\"itemListElement\":[{\"@type\":\"ListItem\",\"position\":1,\"name\":\"Home\",\"item\":\"https:\/\/euricse.eu\/it\/\"},{\"@type\":\"ListItem\",\"position\":2,\"name\":\"Economia sociale e politiche dell&#8217;Unione europea: verso una societ\u00e0 pi\u00f9 equa e inclusiva\"}]},{\"@type\":\"WebSite\",\"@id\":\"https:\/\/euricse.eu\/en\/#website\",\"url\":\"https:\/\/euricse.eu\/en\/\",\"name\":\"Euricse\",\"description\":\"Knowledge and innovation for cooperative and social enterprises.\",\"potentialAction\":[{\"@type\":\"SearchAction\",\"target\":{\"@type\":\"EntryPoint\",\"urlTemplate\":\"https:\/\/euricse.eu\/en\/?s={search_term_string}\"},\"query-input\":{\"@type\":\"PropertyValueSpecification\",\"valueRequired\":true,\"valueName\":\"search_term_string\"}}],\"inLanguage\":\"it-IT\"},{\"@type\":\"Person\",\"@id\":\"https:\/\/euricse.eu\/en\/#\/schema\/person\/a5b25693531e3458dfedff34c273ba14\",\"name\":\"Silvia\",\"image\":{\"@type\":\"ImageObject\",\"inLanguage\":\"it-IT\",\"@id\":\"https:\/\/euricse.eu\/en\/#\/schema\/person\/image\/\",\"url\":\"https:\/\/secure.gravatar.com\/avatar\/3cef1082b65edc85f1a4c0caa7ce4808f397a517b7217eab6215fe435640f8f7?s=96&d=mm&r=g\",\"contentUrl\":\"https:\/\/secure.gravatar.com\/avatar\/3cef1082b65edc85f1a4c0caa7ce4808f397a517b7217eab6215fe435640f8f7?s=96&d=mm&r=g\",\"caption\":\"Silvia\"},\"url\":\"https:\/\/euricse.eu\/it\/author\/silvia\/\"}]}<\/script>\n<!-- \/ Yoast SEO plugin. -->","yoast_head_json":{"title":"Economia sociale e politiche dell'Unione europea: verso una societ\u00e0 pi\u00f9 equa e inclusiva - Euricse","description":"Al Festival dell'Economia di Trento\u00a0un evento sul ruolo centrale dell\u2019economia sociale nella crescita economica sostenibile e socialmente inclusiva.","robots":{"index":"index","follow":"follow","max-snippet":"max-snippet:-1","max-image-preview":"max-image-preview:large","max-video-preview":"max-video-preview:-1"},"canonical":"https:\/\/euricse.eu\/it\/economia-sociale-e-politiche-dellunione-europea\/","og_locale":"it_IT","og_type":"article","og_title":"Economia sociale e politiche dell'Unione europea: verso una societ\u00e0 pi\u00f9 equa e inclusiva - Euricse","og_description":"Al Festival dell'Economia di Trento\u00a0un evento sul ruolo centrale dell\u2019economia sociale nella crescita economica sostenibile e socialmente inclusiva.","og_url":"https:\/\/euricse.eu\/it\/economia-sociale-e-politiche-dellunione-europea\/","og_site_name":"Euricse","article_published_time":"2023-05-23T14:56:40+00:00","article_modified_time":"2023-05-24T13:20:50+00:00","og_image":[{"width":1920,"height":1280,"url":"https:\/\/euricse.eu\/wp-content\/uploads\/2023\/05\/banner-2608475_1920.jpg","type":"image\/jpeg"}],"author":"Silvia","twitter_card":"summary_large_image","twitter_misc":{"Scritto da":"Silvia","Tempo di lettura stimato":"2 minuti"},"schema":{"@context":"https:\/\/schema.org","@graph":[{"@type":"WebPage","@id":"https:\/\/euricse.eu\/it\/economia-sociale-e-politiche-dellunione-europea\/","url":"https:\/\/euricse.eu\/it\/economia-sociale-e-politiche-dellunione-europea\/","name":"Economia sociale e politiche dell'Unione europea: verso una societ\u00e0 pi\u00f9 equa e inclusiva - Euricse","isPartOf":{"@id":"https:\/\/euricse.eu\/en\/#website"},"primaryImageOfPage":{"@id":"https:\/\/euricse.eu\/it\/economia-sociale-e-politiche-dellunione-europea\/#primaryimage"},"image":{"@id":"https:\/\/euricse.eu\/it\/economia-sociale-e-politiche-dellunione-europea\/#primaryimage"},"thumbnailUrl":"https:\/\/euricse.eu\/wp-content\/uploads\/2023\/05\/banner-2608475_1920.jpg","datePublished":"2023-05-23T14:56:40+00:00","dateModified":"2023-05-24T13:20:50+00:00","author":{"@id":"https:\/\/euricse.eu\/en\/#\/schema\/person\/a5b25693531e3458dfedff34c273ba14"},"description":"Al Festival dell'Economia di Trento\u00a0un evento sul ruolo centrale dell\u2019economia sociale nella crescita economica sostenibile e socialmente inclusiva.","breadcrumb":{"@id":"https:\/\/euricse.eu\/it\/economia-sociale-e-politiche-dellunione-europea\/#breadcrumb"},"inLanguage":"it-IT","potentialAction":[{"@type":"ReadAction","target":["https:\/\/euricse.eu\/it\/economia-sociale-e-politiche-dellunione-europea\/"]}]},{"@type":"ImageObject","inLanguage":"it-IT","@id":"https:\/\/euricse.eu\/it\/economia-sociale-e-politiche-dellunione-europea\/#primaryimage","url":"https:\/\/euricse.eu\/wp-content\/uploads\/2023\/05\/banner-2608475_1920.jpg","contentUrl":"https:\/\/euricse.eu\/wp-content\/uploads\/2023\/05\/banner-2608475_1920.jpg","width":1920,"height":1280},{"@type":"BreadcrumbList","@id":"https:\/\/euricse.eu\/it\/economia-sociale-e-politiche-dellunione-europea\/#breadcrumb","itemListElement":[{"@type":"ListItem","position":1,"name":"Home","item":"https:\/\/euricse.eu\/it\/"},{"@type":"ListItem","position":2,"name":"Economia sociale e politiche dell&#8217;Unione europea: verso una societ\u00e0 pi\u00f9 equa e inclusiva"}]},{"@type":"WebSite","@id":"https:\/\/euricse.eu\/en\/#website","url":"https:\/\/euricse.eu\/en\/","name":"Euricse","description":"Knowledge and innovation for cooperative and social enterprises.","potentialAction":[{"@type":"SearchAction","target":{"@type":"EntryPoint","urlTemplate":"https:\/\/euricse.eu\/en\/?s={search_term_string}"},"query-input":{"@type":"PropertyValueSpecification","valueRequired":true,"valueName":"search_term_string"}}],"inLanguage":"it-IT"},{"@type":"Person","@id":"https:\/\/euricse.eu\/en\/#\/schema\/person\/a5b25693531e3458dfedff34c273ba14","name":"Silvia","image":{"@type":"ImageObject","inLanguage":"it-IT","@id":"https:\/\/euricse.eu\/en\/#\/schema\/person\/image\/","url":"https:\/\/secure.gravatar.com\/avatar\/3cef1082b65edc85f1a4c0caa7ce4808f397a517b7217eab6215fe435640f8f7?s=96&d=mm&r=g","contentUrl":"https:\/\/secure.gravatar.com\/avatar\/3cef1082b65edc85f1a4c0caa7ce4808f397a517b7217eab6215fe435640f8f7?s=96&d=mm&r=g","caption":"Silvia"},"url":"https:\/\/euricse.eu\/it\/author\/silvia\/"}]}},"_links":{"self":[{"href":"https:\/\/euricse.eu\/it\/wp-json\/wp\/v2\/posts\/19330","targetHints":{"allow":["GET"]}}],"collection":[{"href":"https:\/\/euricse.eu\/it\/wp-json\/wp\/v2\/posts"}],"about":[{"href":"https:\/\/euricse.eu\/it\/wp-json\/wp\/v2\/types\/post"}],"author":[{"embeddable":true,"href":"https:\/\/euricse.eu\/it\/wp-json\/wp\/v2\/users\/32"}],"replies":[{"embeddable":true,"href":"https:\/\/euricse.eu\/it\/wp-json\/wp\/v2\/comments?post=19330"}],"version-history":[{"count":2,"href":"https:\/\/euricse.eu\/it\/wp-json\/wp\/v2\/posts\/19330\/revisions"}],"predecessor-version":[{"id":19335,"href":"https:\/\/euricse.eu\/it\/wp-json\/wp\/v2\/posts\/19330\/revisions\/19335"}],"wp:featuredmedia":[{"embeddable":true,"href":"https:\/\/euricse.eu\/it\/wp-json\/wp\/v2\/media\/19331"}],"wp:attachment":[{"href":"https:\/\/euricse.eu\/it\/wp-json\/wp\/v2\/media?parent=19330"}],"wp:term":[{"taxonomy":"category","embeddable":true,"href":"https:\/\/euricse.eu\/it\/wp-json\/wp\/v2\/categories?post=19330"},{"taxonomy":"post_tag","embeddable":true,"href":"https:\/\/euricse.eu\/it\/wp-json\/wp\/v2\/tags?post=19330"}],"curies":[{"name":"wp","href":"https:\/\/api.w.org\/{rel}","templated":true}]}}