{"id":19382,"date":"2023-05-26T10:52:37","date_gmt":"2023-05-26T09:52:37","guid":{"rendered":"https:\/\/euricse.eu\/moving-beyond-crises-building-cooperative-ecosystems\/"},"modified":"2023-06-07T16:26:23","modified_gmt":"2023-06-07T15:26:23","slug":"moving-beyond-crises-building-cooperative-ecosystems","status":"publish","type":"post","link":"https:\/\/euricse.eu\/it\/moving-beyond-crises-building-cooperative-ecosystems\/","title":{"rendered":"Focus sulle imprese recuperate: il seminario"},"content":{"rendered":"<p>Il termine &#8220;workers buyout&#8221; si riferisce a un meccanismo che consente ai lavoratori di acquisire e salvare le aziende attraverso la formazione di cooperative di soci. Questa opportunit\u00e0 contribuisce alla preservazione del Made in Italy e agisce come un &#8220;ammortizzatore sociale&#8221;, senza richiedere finanziamenti pubblici.<\/p>\n<p>Il<strong>\u00a015 giugno<\/strong>\u00a0(<strong>dalle 11 alle 12.30<\/strong>),\u00a0<strong>Marcelo Vieta<\/strong>, professore all&#8217;Universit\u00e0 di Toronto e GI\u00e0 ricercatore ospite di Euricse dal 2013 al 2015, sar\u00e0 a Trento per presentare gli ultimi risultati della sua ricerca che approfondir\u00e0 le <strong>dinamiche delle imprese recuperate<\/strong>\u00a0in diversi contesti nazionali:\u00a0<strong>Canada, Argentina e Italia<\/strong>. Il seminario \u00a0organizzato dall&#8217;Unit\u00e0 di Ricerca COACT,\u00a0si concentrer\u00e0 sulle strategie di recupero attuate in questi Paesi e sui fattori istituzionali che hanno facilitato queste esperienze.<br \/>\nL&#8217;evento si terr\u00e0 in lingua inglese presso il Dipartimento di Sociologia e Ricerca Sociale dell&#8217;Universit\u00e0 di Trento e sar\u00e0 in modalit\u00e0 ibrida (presenza\/online). Per informazioni e dettagli accesso (incontro Zoom) contattare\u00a0<a href=\"mailto:\/\/marco.lomuscio@euricse.eu\" target=\"_blank\" rel=\"noopener\">marco.lomuscio@<wbr \/>euricse.eu<\/a>\u00a0.<\/p>\n<p>&nbsp;<\/p>\n<h5><span style=\"font-family: tahoma, sans-serif; font-size: xx-small;\"><strong>Focus sulle imprese recuperate: il seminario<\/strong><br \/>\n<\/span><\/h5>\n<div><\/div>\n<p class=\"_04xlpA direction-ltr align-end para-style-body\"><span class=\"WdYUQQ\">June 15, 2023<\/span><\/p>\n<p class=\"_04xlpA direction-ltr align-end para-style-body\"><span class=\"WdYUQQ\">Sala professori, 1\u00b0 floor<\/span><\/p>\n<p class=\"_04xlpA direction-ltr align-end para-style-body\"><span class=\"WdYUQQ\">Dep. of Sociology and Social Research University of Trento<\/span><\/p>\n<p><span class=\"WdYUQQ\">11:00AM &#8211; 12:30PM (CET)<\/span><\/p>\n<p>&nbsp;<\/p>\n<h4 class=\"_04xlpA direction-ltr align-start para-style-body\">Programma<\/h4>\n<ul>\n<li><span class=\"WdYUQQ\">Chair, <\/span><strong><span class=\"WdYUQQ\">Francesca Forno <\/span><\/strong><span class=\"WdYUQQ\">(University of Trento)<\/span><\/li>\n<li><span class=\"WdYUQQ\">Invited speaker, <\/span><span class=\"WdYUQQ\"><strong>Marcelo Vieta<\/strong> <\/span><span class=\"WdYUQQ\">(University of Toronto)<\/span><\/li>\n<li><span class=\"WdYUQQ\">Discussants, <\/span><strong><span class=\"WdYUQQ\">Marco Lomuscio<\/span><\/strong><span class=\"WdYUQQ\"> (Euricse) &amp; <\/span><strong><span class=\"WdYUQQ\">Andrea Signoretti <\/span><\/strong><span class=\"WdYUQQ\">(University of Trento)<\/span><\/li>\n<\/ul>\n<p>&nbsp;<\/p>\n<h4><a href=\"https:\/\/euricse.eu\/wp-content\/uploads\/2023\/06\/Imprese-Recuperate-Giugno-2023-10.pdf\">Scarica la locandina<\/a><\/h4>\n","protected":false},"excerpt":{"rendered":"<p>Il\u00a015 giugno\u00a0il professor Marcelo Vieta presenta gli ultimi risultati della sua ricerca che approfondir\u00e0 le\u00a0dinamiche delle imprese recuperate\u00a0in diversi contesti nazionali:\u00a0Canada, Argentina e Italia.<\/p>\n","protected":false},"author":32,"featured_media":19363,"comment_status":"closed","ping_status":"closed","sticky":false,"template":"","format":"standard","meta":{"_acf_changed":false,"episode_type":"","audio_file":"","cover_image":"","cover_image_id":"","duration":"","filesize":"","date_recorded":"","explicit":"","block":"","itunes_episode_number":"","itunes_title":"","itunes_season_number":"","itunes_episode_type":"","filesize_raw":"","footnotes":""},"categories":[17],"tags":[1203,1204],"class_list":["post-19382","post","type-post","status-publish","format-standard","has-post-thumbnail","hentry","category-news-it","tag-building-cooperative-ecosystems-it","tag-cooperative-conversions-it"],"acf":[],"yoast_head":"<!-- This site is optimized with the Yoast SEO plugin v26.1.1 - https:\/\/yoast.com\/wordpress\/plugins\/seo\/ -->\n<title>Focus sulle imprese recuperate: il seminario - Euricse<\/title>\n<meta name=\"description\" content=\"On 15th June professor Marcelo Vieta is presenting the latest results of his research on cooperative conversions and salvages.\" \/>\n<meta name=\"robots\" content=\"index, follow, max-snippet:-1, max-image-preview:large, max-video-preview:-1\" \/>\n<link rel=\"canonical\" href=\"https:\/\/euricse.eu\/it\/moving-beyond-crises-building-cooperative-ecosystems\/\" \/>\n<meta property=\"og:locale\" content=\"it_IT\" \/>\n<meta property=\"og:type\" content=\"article\" \/>\n<meta property=\"og:title\" content=\"Focus sulle imprese recuperate: il seminario - Euricse\" \/>\n<meta property=\"og:description\" content=\"On 15th June professor Marcelo Vieta is presenting the latest results of his research on cooperative conversions and salvages.\" \/>\n<meta property=\"og:url\" content=\"https:\/\/euricse.eu\/it\/moving-beyond-crises-building-cooperative-ecosystems\/\" \/>\n<meta property=\"og:site_name\" content=\"Euricse\" \/>\n<meta property=\"article:published_time\" content=\"2023-05-26T09:52:37+00:00\" \/>\n<meta property=\"article:modified_time\" content=\"2023-06-07T15:26:23+00:00\" \/>\n<meta property=\"og:image\" content=\"https:\/\/euricse.eu\/wp-content\/uploads\/2023\/05\/IMMAGINE-Imprese-Recuperate-Giugno-2023.jpg\" \/>\n\t<meta property=\"og:image:width\" content=\"1410\" \/>\n\t<meta property=\"og:image:height\" content=\"1356\" \/>\n\t<meta property=\"og:image:type\" content=\"image\/jpeg\" \/>\n<meta name=\"author\" content=\"Silvia\" \/>\n<meta name=\"twitter:card\" content=\"summary_large_image\" \/>\n<meta name=\"twitter:label1\" content=\"Scritto da\" \/>\n\t<meta name=\"twitter:data1\" content=\"Silvia\" \/>\n\t<meta name=\"twitter:label2\" content=\"Tempo di lettura stimato\" \/>\n\t<meta name=\"twitter:data2\" content=\"2 minuti\" \/>\n<script type=\"application\/ld+json\" class=\"yoast-schema-graph\">{\"@context\":\"https:\/\/schema.org\",\"@graph\":[{\"@type\":\"WebPage\",\"@id\":\"https:\/\/euricse.eu\/it\/moving-beyond-crises-building-cooperative-ecosystems\/\",\"url\":\"https:\/\/euricse.eu\/it\/moving-beyond-crises-building-cooperative-ecosystems\/\",\"name\":\"Focus sulle imprese recuperate: il seminario - Euricse\",\"isPartOf\":{\"@id\":\"https:\/\/euricse.eu\/en\/#website\"},\"primaryImageOfPage\":{\"@id\":\"https:\/\/euricse.eu\/it\/moving-beyond-crises-building-cooperative-ecosystems\/#primaryimage\"},\"image\":{\"@id\":\"https:\/\/euricse.eu\/it\/moving-beyond-crises-building-cooperative-ecosystems\/#primaryimage\"},\"thumbnailUrl\":\"https:\/\/euricse.eu\/wp-content\/uploads\/2023\/05\/IMMAGINE-Imprese-Recuperate-Giugno-2023.jpg\",\"datePublished\":\"2023-05-26T09:52:37+00:00\",\"dateModified\":\"2023-06-07T15:26:23+00:00\",\"author\":{\"@id\":\"https:\/\/euricse.eu\/en\/#\/schema\/person\/a5b25693531e3458dfedff34c273ba14\"},\"description\":\"On 15th June professor Marcelo Vieta is presenting the latest results of his research on cooperative conversions and salvages.\",\"breadcrumb\":{\"@id\":\"https:\/\/euricse.eu\/it\/moving-beyond-crises-building-cooperative-ecosystems\/#breadcrumb\"},\"inLanguage\":\"it-IT\",\"potentialAction\":[{\"@type\":\"ReadAction\",\"target\":[\"https:\/\/euricse.eu\/it\/moving-beyond-crises-building-cooperative-ecosystems\/\"]}]},{\"@type\":\"ImageObject\",\"inLanguage\":\"it-IT\",\"@id\":\"https:\/\/euricse.eu\/it\/moving-beyond-crises-building-cooperative-ecosystems\/#primaryimage\",\"url\":\"https:\/\/euricse.eu\/wp-content\/uploads\/2023\/05\/IMMAGINE-Imprese-Recuperate-Giugno-2023.jpg\",\"contentUrl\":\"https:\/\/euricse.eu\/wp-content\/uploads\/2023\/05\/IMMAGINE-Imprese-Recuperate-Giugno-2023.jpg\",\"width\":1410,\"height\":1356},{\"@type\":\"BreadcrumbList\",\"@id\":\"https:\/\/euricse.eu\/it\/moving-beyond-crises-building-cooperative-ecosystems\/#breadcrumb\",\"itemListElement\":[{\"@type\":\"ListItem\",\"position\":1,\"name\":\"Home\",\"item\":\"https:\/\/euricse.eu\/it\/\"},{\"@type\":\"ListItem\",\"position\":2,\"name\":\"Focus sulle imprese recuperate: il seminario\"}]},{\"@type\":\"WebSite\",\"@id\":\"https:\/\/euricse.eu\/en\/#website\",\"url\":\"https:\/\/euricse.eu\/en\/\",\"name\":\"Euricse\",\"description\":\"Knowledge and innovation for cooperative and social enterprises.\",\"potentialAction\":[{\"@type\":\"SearchAction\",\"target\":{\"@type\":\"EntryPoint\",\"urlTemplate\":\"https:\/\/euricse.eu\/en\/?s={search_term_string}\"},\"query-input\":{\"@type\":\"PropertyValueSpecification\",\"valueRequired\":true,\"valueName\":\"search_term_string\"}}],\"inLanguage\":\"it-IT\"},{\"@type\":\"Person\",\"@id\":\"https:\/\/euricse.eu\/en\/#\/schema\/person\/a5b25693531e3458dfedff34c273ba14\",\"name\":\"Silvia\",\"image\":{\"@type\":\"ImageObject\",\"inLanguage\":\"it-IT\",\"@id\":\"https:\/\/euricse.eu\/en\/#\/schema\/person\/image\/\",\"url\":\"https:\/\/secure.gravatar.com\/avatar\/3cef1082b65edc85f1a4c0caa7ce4808f397a517b7217eab6215fe435640f8f7?s=96&d=mm&r=g\",\"contentUrl\":\"https:\/\/secure.gravatar.com\/avatar\/3cef1082b65edc85f1a4c0caa7ce4808f397a517b7217eab6215fe435640f8f7?s=96&d=mm&r=g\",\"caption\":\"Silvia\"},\"url\":\"https:\/\/euricse.eu\/it\/author\/silvia\/\"}]}<\/script>\n<!-- \/ Yoast SEO plugin. -->","yoast_head_json":{"title":"Focus sulle imprese recuperate: il seminario - Euricse","description":"On 15th June professor Marcelo Vieta is presenting the latest results of his research on cooperative conversions and salvages.","robots":{"index":"index","follow":"follow","max-snippet":"max-snippet:-1","max-image-preview":"max-image-preview:large","max-video-preview":"max-video-preview:-1"},"canonical":"https:\/\/euricse.eu\/it\/moving-beyond-crises-building-cooperative-ecosystems\/","og_locale":"it_IT","og_type":"article","og_title":"Focus sulle imprese recuperate: il seminario - Euricse","og_description":"On 15th June professor Marcelo Vieta is presenting the latest results of his research on cooperative conversions and salvages.","og_url":"https:\/\/euricse.eu\/it\/moving-beyond-crises-building-cooperative-ecosystems\/","og_site_name":"Euricse","article_published_time":"2023-05-26T09:52:37+00:00","article_modified_time":"2023-06-07T15:26:23+00:00","og_image":[{"width":1410,"height":1356,"url":"https:\/\/euricse.eu\/wp-content\/uploads\/2023\/05\/IMMAGINE-Imprese-Recuperate-Giugno-2023.jpg","type":"image\/jpeg"}],"author":"Silvia","twitter_card":"summary_large_image","twitter_misc":{"Scritto da":"Silvia","Tempo di lettura stimato":"2 minuti"},"schema":{"@context":"https:\/\/schema.org","@graph":[{"@type":"WebPage","@id":"https:\/\/euricse.eu\/it\/moving-beyond-crises-building-cooperative-ecosystems\/","url":"https:\/\/euricse.eu\/it\/moving-beyond-crises-building-cooperative-ecosystems\/","name":"Focus sulle imprese recuperate: il seminario - Euricse","isPartOf":{"@id":"https:\/\/euricse.eu\/en\/#website"},"primaryImageOfPage":{"@id":"https:\/\/euricse.eu\/it\/moving-beyond-crises-building-cooperative-ecosystems\/#primaryimage"},"image":{"@id":"https:\/\/euricse.eu\/it\/moving-beyond-crises-building-cooperative-ecosystems\/#primaryimage"},"thumbnailUrl":"https:\/\/euricse.eu\/wp-content\/uploads\/2023\/05\/IMMAGINE-Imprese-Recuperate-Giugno-2023.jpg","datePublished":"2023-05-26T09:52:37+00:00","dateModified":"2023-06-07T15:26:23+00:00","author":{"@id":"https:\/\/euricse.eu\/en\/#\/schema\/person\/a5b25693531e3458dfedff34c273ba14"},"description":"On 15th June professor Marcelo Vieta is presenting the latest results of his research on cooperative conversions and salvages.","breadcrumb":{"@id":"https:\/\/euricse.eu\/it\/moving-beyond-crises-building-cooperative-ecosystems\/#breadcrumb"},"inLanguage":"it-IT","potentialAction":[{"@type":"ReadAction","target":["https:\/\/euricse.eu\/it\/moving-beyond-crises-building-cooperative-ecosystems\/"]}]},{"@type":"ImageObject","inLanguage":"it-IT","@id":"https:\/\/euricse.eu\/it\/moving-beyond-crises-building-cooperative-ecosystems\/#primaryimage","url":"https:\/\/euricse.eu\/wp-content\/uploads\/2023\/05\/IMMAGINE-Imprese-Recuperate-Giugno-2023.jpg","contentUrl":"https:\/\/euricse.eu\/wp-content\/uploads\/2023\/05\/IMMAGINE-Imprese-Recuperate-Giugno-2023.jpg","width":1410,"height":1356},{"@type":"BreadcrumbList","@id":"https:\/\/euricse.eu\/it\/moving-beyond-crises-building-cooperative-ecosystems\/#breadcrumb","itemListElement":[{"@type":"ListItem","position":1,"name":"Home","item":"https:\/\/euricse.eu\/it\/"},{"@type":"ListItem","position":2,"name":"Focus sulle imprese recuperate: il seminario"}]},{"@type":"WebSite","@id":"https:\/\/euricse.eu\/en\/#website","url":"https:\/\/euricse.eu\/en\/","name":"Euricse","description":"Knowledge and innovation for cooperative and social enterprises.","potentialAction":[{"@type":"SearchAction","target":{"@type":"EntryPoint","urlTemplate":"https:\/\/euricse.eu\/en\/?s={search_term_string}"},"query-input":{"@type":"PropertyValueSpecification","valueRequired":true,"valueName":"search_term_string"}}],"inLanguage":"it-IT"},{"@type":"Person","@id":"https:\/\/euricse.eu\/en\/#\/schema\/person\/a5b25693531e3458dfedff34c273ba14","name":"Silvia","image":{"@type":"ImageObject","inLanguage":"it-IT","@id":"https:\/\/euricse.eu\/en\/#\/schema\/person\/image\/","url":"https:\/\/secure.gravatar.com\/avatar\/3cef1082b65edc85f1a4c0caa7ce4808f397a517b7217eab6215fe435640f8f7?s=96&d=mm&r=g","contentUrl":"https:\/\/secure.gravatar.com\/avatar\/3cef1082b65edc85f1a4c0caa7ce4808f397a517b7217eab6215fe435640f8f7?s=96&d=mm&r=g","caption":"Silvia"},"url":"https:\/\/euricse.eu\/it\/author\/silvia\/"}]}},"_links":{"self":[{"href":"https:\/\/euricse.eu\/it\/wp-json\/wp\/v2\/posts\/19382","targetHints":{"allow":["GET"]}}],"collection":[{"href":"https:\/\/euricse.eu\/it\/wp-json\/wp\/v2\/posts"}],"about":[{"href":"https:\/\/euricse.eu\/it\/wp-json\/wp\/v2\/types\/post"}],"author":[{"embeddable":true,"href":"https:\/\/euricse.eu\/it\/wp-json\/wp\/v2\/users\/32"}],"replies":[{"embeddable":true,"href":"https:\/\/euricse.eu\/it\/wp-json\/wp\/v2\/comments?post=19382"}],"version-history":[{"count":2,"href":"https:\/\/euricse.eu\/it\/wp-json\/wp\/v2\/posts\/19382\/revisions"}],"predecessor-version":[{"id":19489,"href":"https:\/\/euricse.eu\/it\/wp-json\/wp\/v2\/posts\/19382\/revisions\/19489"}],"wp:featuredmedia":[{"embeddable":true,"href":"https:\/\/euricse.eu\/it\/wp-json\/wp\/v2\/media\/19363"}],"wp:attachment":[{"href":"https:\/\/euricse.eu\/it\/wp-json\/wp\/v2\/media?parent=19382"}],"wp:term":[{"taxonomy":"category","embeddable":true,"href":"https:\/\/euricse.eu\/it\/wp-json\/wp\/v2\/categories?post=19382"},{"taxonomy":"post_tag","embeddable":true,"href":"https:\/\/euricse.eu\/it\/wp-json\/wp\/v2\/tags?post=19382"}],"curies":[{"name":"wp","href":"https:\/\/api.w.org\/{rel}","templated":true}]}}