{"id":19534,"date":"2023-06-13T17:55:57","date_gmt":"2023-06-13T16:55:57","guid":{"rendered":"https:\/\/euricse.eu\/?p=19534"},"modified":"2023-06-16T13:02:46","modified_gmt":"2023-06-16T12:02:46","slug":"tra-dire-e-fare-bando-2023","status":"publish","type":"post","link":"https:\/\/euricse.eu\/it\/tra-dire-e-fare-bando-2023\/","title":{"rendered":"Tra Dire e Fare&#8230; bando 2023"},"content":{"rendered":"<p style=\"font-weight: 400;\"><em>Un approccio innovativo per sostenere la crescita degli Enti di terzo settore<\/em><\/p>\n<p style=\"font-weight: 400;\"><strong>Fondazione Caritro<\/strong>\u00a0ed\u00a0<strong>Euricse<\/strong>\u00a0hanno lanciato insieme il progetto \u201cTra dire e fare\u201d, un innovativo percorso per promuovere lo sviluppo strategico di realt\u00e0 culturali e sociali attraverso la crescita organizzativa e gestionale.<\/p>\n<p>Dopo la firma dell\u2019accordo di collaborazione, questa \u00e8 la prima attivit\u00e0 che vede le due organizzazioni collaborare attivamente. Si tratta di un&#8217;iniziativa di grande rilevanza strategica per il nonprofit locale e la prima del suo genere nella regione.<\/p>\n<p>A differenza dei tradizionali bandi di finanziamento che supportano progetti specifici, questo percorso si propone di affiancare gli enti di terzo settore nella loro crescita organizzativa e gestionale in modo graduale e mirato. Si rivolge alle realt\u00e0 che stanno acquisendo esperienza, sviluppando una maturit\u00e0 organizzativa e aspirando a livelli sempre pi\u00f9 professionali.<\/p>\n<p>Il percorso proposto \u00e8 suddiviso in due fasi:<\/p>\n<ol>\n<li>La prima fase consiste in un&#8217;analisi organizzativa approfondita, con l&#8217;identificazione dei punti di forza dell&#8217;organizzazione e delle aree in cui \u00e8 possibile migliorare in prospettiva futura. L&#8217;obiettivo principale \u00e8 quello di individuare le opportunit\u00e0 di sviluppo e definire una chiara visione per l&#8217;ente, allineata alle sue ambizioni di crescita.<\/li>\n<li>La seconda fase prevede la stesura di un piano di sviluppo strategico triennale, che fornir\u00e0 una guida per il raggiungimento degli obiettivi di crescita dell&#8217;ente.<\/li>\n<\/ol>\n<p>Il percorso \u00e8 aperto a:<\/p>\n<ul>\n<li>Associazioni<\/li>\n<li>Fondazioni<\/li>\n<li>Organizzazioni di volontariato<\/li>\n<li>Imprese sociali<\/li>\n<li>Cooperative sociali<\/li>\n<\/ul>\n<p>Non vengono ritenute ammissibili le candidature di enti diretti, coordinati o controllati da amministrazioni pubbliche, le formazioni e le associazioni politiche, i sindacati, le associazioni professionali e di rappresentanza di categorie economiche, le associazioni datoriali.<\/p>\n<p><strong>Candidature aperte fino al 15 luglio.<\/strong><\/p>\n<p>&nbsp;<\/p>\n<h4><a href=\"https:\/\/www.fondazionecaritro.it\/wp-content\/uploads\/2023\/06\/percorso-di-sviluppo-strategico-TRA-DIRE-E-FARE-5-6-23-x-pubblicaz-1.pdf\">Scopri il percorso<\/a><\/h4>\n<h4 style=\"text-align: left;\"><a href=\"https:\/\/www.fondazionecaritro.it\/wp-content\/uploads\/2023\/04\/1367_1344_1264_1075_GUIDAZRICHIESTEZDIZCONTRIBUTOZ05-07-19ZperZsito_3.pdf\">Testo del bando<\/a><\/h4>\n<h4><\/h4>\n<h4><a href=\"https:\/\/www.fondazionecaritro.it\/bandi\/tra-dire-e-fare-2023\/\">Sito ufficiale del progetto<\/a><\/h4>\n<p>&nbsp;<\/p>\n<p>Se vuoi rivedere l&#8217;evento di presentazione collegati <a href=\"https:\/\/youtu.be\/WKSJ-55fM_k\">a questo link<\/a><\/p>\n<p>&nbsp;<\/p>\n","protected":false},"excerpt":{"rendered":"<p>Fondazione Caritro\u00a0ed\u00a0Euricse\u00a0lanciano un innovativo percorso per promuovere lo sviluppo strategico di realt\u00e0 culturali e sociali attraverso la crescita organizzativa e gestionale.<\/p>\n","protected":false},"author":32,"featured_media":19535,"comment_status":"closed","ping_status":"closed","sticky":false,"template":"","format":"standard","meta":{"_acf_changed":false,"episode_type":"","audio_file":"","cover_image":"","cover_image_id":"","duration":"","filesize":"","date_recorded":"","explicit":"","block":"","itunes_episode_number":"","itunes_title":"","itunes_season_number":"","itunes_episode_type":"","filesize_raw":"","footnotes":""},"categories":[17],"tags":[],"class_list":["post-19534","post","type-post","status-publish","format-standard","has-post-thumbnail","hentry","category-news-it"],"acf":[],"yoast_head":"<!-- This site is optimized with the Yoast SEO plugin v26.1.1 - https:\/\/yoast.com\/wordpress\/plugins\/seo\/ -->\n<title>Tra Dire e Fare... bando 2023 - Euricse<\/title>\n<meta name=\"description\" content=\"Ecco un innovativo percorso per promuovere lo sviluppo strategico di realt\u00e0 culturali e sociali attraverso la crescita organizzativa e gestionale.\" \/>\n<meta name=\"robots\" content=\"index, follow, max-snippet:-1, max-image-preview:large, max-video-preview:-1\" \/>\n<link rel=\"canonical\" href=\"https:\/\/euricse.eu\/it\/tra-dire-e-fare-bando-2023\/\" \/>\n<meta property=\"og:locale\" content=\"it_IT\" \/>\n<meta property=\"og:type\" content=\"article\" \/>\n<meta property=\"og:title\" content=\"Tra Dire e Fare... bando 2023 - Euricse\" \/>\n<meta property=\"og:description\" content=\"Ecco un innovativo percorso per promuovere lo sviluppo strategico di realt\u00e0 culturali e sociali attraverso la crescita organizzativa e gestionale.\" \/>\n<meta property=\"og:url\" content=\"https:\/\/euricse.eu\/it\/tra-dire-e-fare-bando-2023\/\" \/>\n<meta property=\"og:site_name\" content=\"Euricse\" \/>\n<meta property=\"article:published_time\" content=\"2023-06-13T16:55:57+00:00\" \/>\n<meta property=\"article:modified_time\" content=\"2023-06-16T12:02:46+00:00\" \/>\n<meta property=\"og:image\" content=\"https:\/\/euricse.eu\/wp-content\/uploads\/2023\/06\/tra-dire-e-fare-fondazione-caritro-euricse-1-1024x683-1.jpg\" \/>\n\t<meta property=\"og:image:width\" content=\"1024\" \/>\n\t<meta property=\"og:image:height\" content=\"683\" \/>\n\t<meta property=\"og:image:type\" content=\"image\/jpeg\" \/>\n<meta name=\"author\" content=\"Silvia\" \/>\n<meta name=\"twitter:card\" content=\"summary_large_image\" \/>\n<meta name=\"twitter:label1\" content=\"Scritto da\" \/>\n\t<meta name=\"twitter:data1\" content=\"Silvia\" \/>\n\t<meta name=\"twitter:label2\" content=\"Tempo di lettura stimato\" \/>\n\t<meta name=\"twitter:data2\" content=\"2 minuti\" \/>\n<script type=\"application\/ld+json\" class=\"yoast-schema-graph\">{\"@context\":\"https:\/\/schema.org\",\"@graph\":[{\"@type\":\"WebPage\",\"@id\":\"https:\/\/euricse.eu\/it\/tra-dire-e-fare-bando-2023\/\",\"url\":\"https:\/\/euricse.eu\/it\/tra-dire-e-fare-bando-2023\/\",\"name\":\"Tra Dire e Fare... bando 2023 - Euricse\",\"isPartOf\":{\"@id\":\"https:\/\/euricse.eu\/en\/#website\"},\"primaryImageOfPage\":{\"@id\":\"https:\/\/euricse.eu\/it\/tra-dire-e-fare-bando-2023\/#primaryimage\"},\"image\":{\"@id\":\"https:\/\/euricse.eu\/it\/tra-dire-e-fare-bando-2023\/#primaryimage\"},\"thumbnailUrl\":\"https:\/\/euricse.eu\/wp-content\/uploads\/2023\/06\/tra-dire-e-fare-fondazione-caritro-euricse-1-1024x683-1.jpg\",\"datePublished\":\"2023-06-13T16:55:57+00:00\",\"dateModified\":\"2023-06-16T12:02:46+00:00\",\"author\":{\"@id\":\"https:\/\/euricse.eu\/en\/#\/schema\/person\/a5b25693531e3458dfedff34c273ba14\"},\"description\":\"Ecco un innovativo percorso per promuovere lo sviluppo strategico di realt\u00e0 culturali e sociali attraverso la crescita organizzativa e gestionale.\",\"breadcrumb\":{\"@id\":\"https:\/\/euricse.eu\/it\/tra-dire-e-fare-bando-2023\/#breadcrumb\"},\"inLanguage\":\"it-IT\",\"potentialAction\":[{\"@type\":\"ReadAction\",\"target\":[\"https:\/\/euricse.eu\/it\/tra-dire-e-fare-bando-2023\/\"]}]},{\"@type\":\"ImageObject\",\"inLanguage\":\"it-IT\",\"@id\":\"https:\/\/euricse.eu\/it\/tra-dire-e-fare-bando-2023\/#primaryimage\",\"url\":\"https:\/\/euricse.eu\/wp-content\/uploads\/2023\/06\/tra-dire-e-fare-fondazione-caritro-euricse-1-1024x683-1.jpg\",\"contentUrl\":\"https:\/\/euricse.eu\/wp-content\/uploads\/2023\/06\/tra-dire-e-fare-fondazione-caritro-euricse-1-1024x683-1.jpg\",\"width\":1024,\"height\":683},{\"@type\":\"BreadcrumbList\",\"@id\":\"https:\/\/euricse.eu\/it\/tra-dire-e-fare-bando-2023\/#breadcrumb\",\"itemListElement\":[{\"@type\":\"ListItem\",\"position\":1,\"name\":\"Home\",\"item\":\"https:\/\/euricse.eu\/it\/\"},{\"@type\":\"ListItem\",\"position\":2,\"name\":\"Tra Dire e Fare&#8230; bando 2023\"}]},{\"@type\":\"WebSite\",\"@id\":\"https:\/\/euricse.eu\/en\/#website\",\"url\":\"https:\/\/euricse.eu\/en\/\",\"name\":\"Euricse\",\"description\":\"Knowledge and innovation for cooperative and social enterprises.\",\"potentialAction\":[{\"@type\":\"SearchAction\",\"target\":{\"@type\":\"EntryPoint\",\"urlTemplate\":\"https:\/\/euricse.eu\/en\/?s={search_term_string}\"},\"query-input\":{\"@type\":\"PropertyValueSpecification\",\"valueRequired\":true,\"valueName\":\"search_term_string\"}}],\"inLanguage\":\"it-IT\"},{\"@type\":\"Person\",\"@id\":\"https:\/\/euricse.eu\/en\/#\/schema\/person\/a5b25693531e3458dfedff34c273ba14\",\"name\":\"Silvia\",\"image\":{\"@type\":\"ImageObject\",\"inLanguage\":\"it-IT\",\"@id\":\"https:\/\/euricse.eu\/en\/#\/schema\/person\/image\/\",\"url\":\"https:\/\/secure.gravatar.com\/avatar\/3cef1082b65edc85f1a4c0caa7ce4808f397a517b7217eab6215fe435640f8f7?s=96&d=mm&r=g\",\"contentUrl\":\"https:\/\/secure.gravatar.com\/avatar\/3cef1082b65edc85f1a4c0caa7ce4808f397a517b7217eab6215fe435640f8f7?s=96&d=mm&r=g\",\"caption\":\"Silvia\"},\"url\":\"https:\/\/euricse.eu\/it\/author\/silvia\/\"}]}<\/script>\n<!-- \/ Yoast SEO plugin. -->","yoast_head_json":{"title":"Tra Dire e Fare... bando 2023 - Euricse","description":"Ecco un innovativo percorso per promuovere lo sviluppo strategico di realt\u00e0 culturali e sociali attraverso la crescita organizzativa e gestionale.","robots":{"index":"index","follow":"follow","max-snippet":"max-snippet:-1","max-image-preview":"max-image-preview:large","max-video-preview":"max-video-preview:-1"},"canonical":"https:\/\/euricse.eu\/it\/tra-dire-e-fare-bando-2023\/","og_locale":"it_IT","og_type":"article","og_title":"Tra Dire e Fare... bando 2023 - Euricse","og_description":"Ecco un innovativo percorso per promuovere lo sviluppo strategico di realt\u00e0 culturali e sociali attraverso la crescita organizzativa e gestionale.","og_url":"https:\/\/euricse.eu\/it\/tra-dire-e-fare-bando-2023\/","og_site_name":"Euricse","article_published_time":"2023-06-13T16:55:57+00:00","article_modified_time":"2023-06-16T12:02:46+00:00","og_image":[{"width":1024,"height":683,"url":"https:\/\/euricse.eu\/wp-content\/uploads\/2023\/06\/tra-dire-e-fare-fondazione-caritro-euricse-1-1024x683-1.jpg","type":"image\/jpeg"}],"author":"Silvia","twitter_card":"summary_large_image","twitter_misc":{"Scritto da":"Silvia","Tempo di lettura stimato":"2 minuti"},"schema":{"@context":"https:\/\/schema.org","@graph":[{"@type":"WebPage","@id":"https:\/\/euricse.eu\/it\/tra-dire-e-fare-bando-2023\/","url":"https:\/\/euricse.eu\/it\/tra-dire-e-fare-bando-2023\/","name":"Tra Dire e Fare... bando 2023 - Euricse","isPartOf":{"@id":"https:\/\/euricse.eu\/en\/#website"},"primaryImageOfPage":{"@id":"https:\/\/euricse.eu\/it\/tra-dire-e-fare-bando-2023\/#primaryimage"},"image":{"@id":"https:\/\/euricse.eu\/it\/tra-dire-e-fare-bando-2023\/#primaryimage"},"thumbnailUrl":"https:\/\/euricse.eu\/wp-content\/uploads\/2023\/06\/tra-dire-e-fare-fondazione-caritro-euricse-1-1024x683-1.jpg","datePublished":"2023-06-13T16:55:57+00:00","dateModified":"2023-06-16T12:02:46+00:00","author":{"@id":"https:\/\/euricse.eu\/en\/#\/schema\/person\/a5b25693531e3458dfedff34c273ba14"},"description":"Ecco un innovativo percorso per promuovere lo sviluppo strategico di realt\u00e0 culturali e sociali attraverso la crescita organizzativa e gestionale.","breadcrumb":{"@id":"https:\/\/euricse.eu\/it\/tra-dire-e-fare-bando-2023\/#breadcrumb"},"inLanguage":"it-IT","potentialAction":[{"@type":"ReadAction","target":["https:\/\/euricse.eu\/it\/tra-dire-e-fare-bando-2023\/"]}]},{"@type":"ImageObject","inLanguage":"it-IT","@id":"https:\/\/euricse.eu\/it\/tra-dire-e-fare-bando-2023\/#primaryimage","url":"https:\/\/euricse.eu\/wp-content\/uploads\/2023\/06\/tra-dire-e-fare-fondazione-caritro-euricse-1-1024x683-1.jpg","contentUrl":"https:\/\/euricse.eu\/wp-content\/uploads\/2023\/06\/tra-dire-e-fare-fondazione-caritro-euricse-1-1024x683-1.jpg","width":1024,"height":683},{"@type":"BreadcrumbList","@id":"https:\/\/euricse.eu\/it\/tra-dire-e-fare-bando-2023\/#breadcrumb","itemListElement":[{"@type":"ListItem","position":1,"name":"Home","item":"https:\/\/euricse.eu\/it\/"},{"@type":"ListItem","position":2,"name":"Tra Dire e Fare&#8230; bando 2023"}]},{"@type":"WebSite","@id":"https:\/\/euricse.eu\/en\/#website","url":"https:\/\/euricse.eu\/en\/","name":"Euricse","description":"Knowledge and innovation for cooperative and social enterprises.","potentialAction":[{"@type":"SearchAction","target":{"@type":"EntryPoint","urlTemplate":"https:\/\/euricse.eu\/en\/?s={search_term_string}"},"query-input":{"@type":"PropertyValueSpecification","valueRequired":true,"valueName":"search_term_string"}}],"inLanguage":"it-IT"},{"@type":"Person","@id":"https:\/\/euricse.eu\/en\/#\/schema\/person\/a5b25693531e3458dfedff34c273ba14","name":"Silvia","image":{"@type":"ImageObject","inLanguage":"it-IT","@id":"https:\/\/euricse.eu\/en\/#\/schema\/person\/image\/","url":"https:\/\/secure.gravatar.com\/avatar\/3cef1082b65edc85f1a4c0caa7ce4808f397a517b7217eab6215fe435640f8f7?s=96&d=mm&r=g","contentUrl":"https:\/\/secure.gravatar.com\/avatar\/3cef1082b65edc85f1a4c0caa7ce4808f397a517b7217eab6215fe435640f8f7?s=96&d=mm&r=g","caption":"Silvia"},"url":"https:\/\/euricse.eu\/it\/author\/silvia\/"}]}},"_links":{"self":[{"href":"https:\/\/euricse.eu\/it\/wp-json\/wp\/v2\/posts\/19534","targetHints":{"allow":["GET"]}}],"collection":[{"href":"https:\/\/euricse.eu\/it\/wp-json\/wp\/v2\/posts"}],"about":[{"href":"https:\/\/euricse.eu\/it\/wp-json\/wp\/v2\/types\/post"}],"author":[{"embeddable":true,"href":"https:\/\/euricse.eu\/it\/wp-json\/wp\/v2\/users\/32"}],"replies":[{"embeddable":true,"href":"https:\/\/euricse.eu\/it\/wp-json\/wp\/v2\/comments?post=19534"}],"version-history":[{"count":2,"href":"https:\/\/euricse.eu\/it\/wp-json\/wp\/v2\/posts\/19534\/revisions"}],"predecessor-version":[{"id":19591,"href":"https:\/\/euricse.eu\/it\/wp-json\/wp\/v2\/posts\/19534\/revisions\/19591"}],"wp:featuredmedia":[{"embeddable":true,"href":"https:\/\/euricse.eu\/it\/wp-json\/wp\/v2\/media\/19535"}],"wp:attachment":[{"href":"https:\/\/euricse.eu\/it\/wp-json\/wp\/v2\/media?parent=19534"}],"wp:term":[{"taxonomy":"category","embeddable":true,"href":"https:\/\/euricse.eu\/it\/wp-json\/wp\/v2\/categories?post=19534"},{"taxonomy":"post_tag","embeddable":true,"href":"https:\/\/euricse.eu\/it\/wp-json\/wp\/v2\/tags?post=19534"}],"curies":[{"name":"wp","href":"https:\/\/api.w.org\/{rel}","templated":true}]}}