{"id":20078,"date":"2023-09-01T10:06:40","date_gmt":"2023-09-01T09:06:40","guid":{"rendered":"https:\/\/euricse.eu\/?p=20078"},"modified":"2023-09-01T10:06:40","modified_gmt":"2023-09-01T09:06:40","slug":"tra-dire-e-fare-si-parte","status":"publish","type":"post","link":"https:\/\/euricse.eu\/it\/tra-dire-e-fare-si-parte\/","title":{"rendered":"Tra Dire e Fare: si parte!"},"content":{"rendered":"<p style=\"text-align: left;\">Grazie all&#8217;esperienza consolidata con le organizzazioni sostenute dal programma\u00a0&#8220;<a href=\"https:\/\/euricse.us2.list-manage.com\/track\/click?u=1c9965065e22b72afa91c6488&amp;id=fcff2bc279&amp;e=ceda943ad7\" target=\"_blank\" rel=\"noopener\" data-saferedirecturl=\"https:\/\/www.google.com\/url?q=https:\/\/euricse.us2.list-manage.com\/track\/click?u%3D1c9965065e22b72afa91c6488%26id%3Dfcff2bc279%26e%3Dceda943ad7&amp;source=gmail&amp;ust=1693644409794000&amp;usg=AOvVaw1gJITCSppp0hg5C2dJA3j6\">Next Generation You<\/a>&#8221; della\u00a0<strong>Fondazione Compagnia di San Paolo<\/strong>, stiamo replicando il nostro efficace modello operativo anche in Trentino. Affiancheremo le organizzazioni selezionate\u00a0per partecipare al bando &#8220;<a href=\"https:\/\/euricse.us2.list-manage.com\/track\/click?u=1c9965065e22b72afa91c6488&amp;id=190dc7d0e7&amp;e=ceda943ad7\" target=\"_blank\" rel=\"noopener\" data-saferedirecturl=\"https:\/\/www.google.com\/url?q=https:\/\/euricse.us2.list-manage.com\/track\/click?u%3D1c9965065e22b72afa91c6488%26id%3D190dc7d0e7%26e%3Dceda943ad7&amp;source=gmail&amp;ust=1693644409794000&amp;usg=AOvVaw3f3i_BZkKjRmhfqSOTXZPB\">Tra Dire e Fare<\/a>,&#8221; promosso dalla\u00a0<strong>Fondazione Cassa di Risparmio di Trento e Rovereto<\/strong>, supportandole nell&#8217;analisi\u00a0della loro struttura organizzativa e nell&#8217;elaborazione di piani di sviluppo.<br \/>\nQuesta prima edizione del bando \u00e8 di grande rilevanza strategica per il settore nonprofit locale ed \u00e8 la prima iniziativa del suo genere nella regione. \u00c8 stato entusiasmante vedere un notevole interesse con un totale di\u00a0<strong>28 candidature<\/strong>\u00a0provenienti da\u00a0<strong>diverse aree<\/strong>\u00a0del Trentino. Nei prossimi giorni, saranno comunicate al pubblico le organizzazioni che sono state selezionate per partecipare al programma.<\/p>\n","protected":false},"excerpt":{"rendered":"<p>Stiamo portando il nostro modello operativo nel settore nonprofit in Trentino, collaborando con le organizzazioni selezionate per il bando &#8220;Tra Dire e Fare&#8221; della Fondazione Cassa di Risparmio di Trento e Rovereto, che rappresenta una significativa iniziativa per la regione.<\/p>\n","protected":false},"author":32,"featured_media":19535,"comment_status":"closed","ping_status":"closed","sticky":false,"template":"","format":"standard","meta":{"_acf_changed":false,"episode_type":"","audio_file":"","cover_image":"","cover_image_id":"","duration":"","filesize":"","date_recorded":"","explicit":"","block":"","itunes_episode_number":"","itunes_title":"","itunes_season_number":"","itunes_episode_type":"","filesize_raw":"","footnotes":""},"categories":[17],"tags":[652,952,1036],"class_list":["post-20078","post","type-post","status-publish","format-standard","has-post-thumbnail","hentry","category-news-it","tag-non-profit","tag-fondazione-caritro","tag-consulenza"],"acf":[],"yoast_head":"<!-- This site is optimized with the Yoast SEO plugin v26.1.1 - https:\/\/yoast.com\/wordpress\/plugins\/seo\/ -->\n<title>Tra Dire e Fare: si parte! - Euricse<\/title>\n<meta name=\"description\" content=\"Stiamo portando il nostro modello operativo nel settore nonprofit in Trentino, collaborando con le organizzazioni selezionate per il bando &quot;Tra Dire e Fare&quot; della Fondazione Cassa di Risparmio di Trento e Rovereto\" \/>\n<meta name=\"robots\" content=\"index, follow, max-snippet:-1, max-image-preview:large, max-video-preview:-1\" \/>\n<link rel=\"canonical\" href=\"https:\/\/euricse.eu\/it\/tra-dire-e-fare-si-parte\/\" \/>\n<meta property=\"og:locale\" content=\"it_IT\" \/>\n<meta property=\"og:type\" content=\"article\" \/>\n<meta property=\"og:title\" content=\"Tra Dire e Fare: si parte! - Euricse\" \/>\n<meta property=\"og:description\" content=\"Stiamo portando il nostro modello operativo nel settore nonprofit in Trentino, collaborando con le organizzazioni selezionate per il bando &quot;Tra Dire e Fare&quot; della Fondazione Cassa di Risparmio di Trento e Rovereto\" \/>\n<meta property=\"og:url\" content=\"https:\/\/euricse.eu\/it\/tra-dire-e-fare-si-parte\/\" \/>\n<meta property=\"og:site_name\" content=\"Euricse\" \/>\n<meta property=\"article:published_time\" content=\"2023-09-01T09:06:40+00:00\" \/>\n<meta property=\"og:image\" content=\"https:\/\/euricse.eu\/wp-content\/uploads\/2023\/06\/tra-dire-e-fare-fondazione-caritro-euricse-1-1024x683-1.jpg\" \/>\n\t<meta property=\"og:image:width\" content=\"1024\" \/>\n\t<meta property=\"og:image:height\" content=\"683\" \/>\n\t<meta property=\"og:image:type\" content=\"image\/jpeg\" \/>\n<meta name=\"author\" content=\"Silvia\" \/>\n<meta name=\"twitter:card\" content=\"summary_large_image\" \/>\n<meta name=\"twitter:label1\" content=\"Scritto da\" \/>\n\t<meta name=\"twitter:data1\" content=\"Silvia\" \/>\n\t<meta name=\"twitter:label2\" content=\"Tempo di lettura stimato\" \/>\n\t<meta name=\"twitter:data2\" content=\"1 minuto\" \/>\n<script type=\"application\/ld+json\" class=\"yoast-schema-graph\">{\"@context\":\"https:\/\/schema.org\",\"@graph\":[{\"@type\":\"WebPage\",\"@id\":\"https:\/\/euricse.eu\/it\/tra-dire-e-fare-si-parte\/\",\"url\":\"https:\/\/euricse.eu\/it\/tra-dire-e-fare-si-parte\/\",\"name\":\"Tra Dire e Fare: si parte! - Euricse\",\"isPartOf\":{\"@id\":\"https:\/\/euricse.eu\/en\/#website\"},\"primaryImageOfPage\":{\"@id\":\"https:\/\/euricse.eu\/it\/tra-dire-e-fare-si-parte\/#primaryimage\"},\"image\":{\"@id\":\"https:\/\/euricse.eu\/it\/tra-dire-e-fare-si-parte\/#primaryimage\"},\"thumbnailUrl\":\"https:\/\/euricse.eu\/wp-content\/uploads\/2023\/06\/tra-dire-e-fare-fondazione-caritro-euricse-1-1024x683-1.jpg\",\"datePublished\":\"2023-09-01T09:06:40+00:00\",\"author\":{\"@id\":\"https:\/\/euricse.eu\/en\/#\/schema\/person\/a5b25693531e3458dfedff34c273ba14\"},\"description\":\"Stiamo portando il nostro modello operativo nel settore nonprofit in Trentino, collaborando con le organizzazioni selezionate per il bando \\\"Tra Dire e Fare\\\" della Fondazione Cassa di Risparmio di Trento e Rovereto\",\"breadcrumb\":{\"@id\":\"https:\/\/euricse.eu\/it\/tra-dire-e-fare-si-parte\/#breadcrumb\"},\"inLanguage\":\"it-IT\",\"potentialAction\":[{\"@type\":\"ReadAction\",\"target\":[\"https:\/\/euricse.eu\/it\/tra-dire-e-fare-si-parte\/\"]}]},{\"@type\":\"ImageObject\",\"inLanguage\":\"it-IT\",\"@id\":\"https:\/\/euricse.eu\/it\/tra-dire-e-fare-si-parte\/#primaryimage\",\"url\":\"https:\/\/euricse.eu\/wp-content\/uploads\/2023\/06\/tra-dire-e-fare-fondazione-caritro-euricse-1-1024x683-1.jpg\",\"contentUrl\":\"https:\/\/euricse.eu\/wp-content\/uploads\/2023\/06\/tra-dire-e-fare-fondazione-caritro-euricse-1-1024x683-1.jpg\",\"width\":1024,\"height\":683},{\"@type\":\"BreadcrumbList\",\"@id\":\"https:\/\/euricse.eu\/it\/tra-dire-e-fare-si-parte\/#breadcrumb\",\"itemListElement\":[{\"@type\":\"ListItem\",\"position\":1,\"name\":\"Home\",\"item\":\"https:\/\/euricse.eu\/it\/\"},{\"@type\":\"ListItem\",\"position\":2,\"name\":\"Tra Dire e Fare: si parte!\"}]},{\"@type\":\"WebSite\",\"@id\":\"https:\/\/euricse.eu\/en\/#website\",\"url\":\"https:\/\/euricse.eu\/en\/\",\"name\":\"Euricse\",\"description\":\"Knowledge and innovation for cooperative and social enterprises.\",\"potentialAction\":[{\"@type\":\"SearchAction\",\"target\":{\"@type\":\"EntryPoint\",\"urlTemplate\":\"https:\/\/euricse.eu\/en\/?s={search_term_string}\"},\"query-input\":{\"@type\":\"PropertyValueSpecification\",\"valueRequired\":true,\"valueName\":\"search_term_string\"}}],\"inLanguage\":\"it-IT\"},{\"@type\":\"Person\",\"@id\":\"https:\/\/euricse.eu\/en\/#\/schema\/person\/a5b25693531e3458dfedff34c273ba14\",\"name\":\"Silvia\",\"image\":{\"@type\":\"ImageObject\",\"inLanguage\":\"it-IT\",\"@id\":\"https:\/\/euricse.eu\/en\/#\/schema\/person\/image\/\",\"url\":\"https:\/\/secure.gravatar.com\/avatar\/3cef1082b65edc85f1a4c0caa7ce4808f397a517b7217eab6215fe435640f8f7?s=96&d=mm&r=g\",\"contentUrl\":\"https:\/\/secure.gravatar.com\/avatar\/3cef1082b65edc85f1a4c0caa7ce4808f397a517b7217eab6215fe435640f8f7?s=96&d=mm&r=g\",\"caption\":\"Silvia\"},\"url\":\"https:\/\/euricse.eu\/it\/author\/silvia\/\"}]}<\/script>\n<!-- \/ Yoast SEO plugin. -->","yoast_head_json":{"title":"Tra Dire e Fare: si parte! - Euricse","description":"Stiamo portando il nostro modello operativo nel settore nonprofit in Trentino, collaborando con le organizzazioni selezionate per il bando \"Tra Dire e Fare\" della Fondazione Cassa di Risparmio di Trento e Rovereto","robots":{"index":"index","follow":"follow","max-snippet":"max-snippet:-1","max-image-preview":"max-image-preview:large","max-video-preview":"max-video-preview:-1"},"canonical":"https:\/\/euricse.eu\/it\/tra-dire-e-fare-si-parte\/","og_locale":"it_IT","og_type":"article","og_title":"Tra Dire e Fare: si parte! - Euricse","og_description":"Stiamo portando il nostro modello operativo nel settore nonprofit in Trentino, collaborando con le organizzazioni selezionate per il bando \"Tra Dire e Fare\" della Fondazione Cassa di Risparmio di Trento e Rovereto","og_url":"https:\/\/euricse.eu\/it\/tra-dire-e-fare-si-parte\/","og_site_name":"Euricse","article_published_time":"2023-09-01T09:06:40+00:00","og_image":[{"width":1024,"height":683,"url":"https:\/\/euricse.eu\/wp-content\/uploads\/2023\/06\/tra-dire-e-fare-fondazione-caritro-euricse-1-1024x683-1.jpg","type":"image\/jpeg"}],"author":"Silvia","twitter_card":"summary_large_image","twitter_misc":{"Scritto da":"Silvia","Tempo di lettura stimato":"1 minuto"},"schema":{"@context":"https:\/\/schema.org","@graph":[{"@type":"WebPage","@id":"https:\/\/euricse.eu\/it\/tra-dire-e-fare-si-parte\/","url":"https:\/\/euricse.eu\/it\/tra-dire-e-fare-si-parte\/","name":"Tra Dire e Fare: si parte! - Euricse","isPartOf":{"@id":"https:\/\/euricse.eu\/en\/#website"},"primaryImageOfPage":{"@id":"https:\/\/euricse.eu\/it\/tra-dire-e-fare-si-parte\/#primaryimage"},"image":{"@id":"https:\/\/euricse.eu\/it\/tra-dire-e-fare-si-parte\/#primaryimage"},"thumbnailUrl":"https:\/\/euricse.eu\/wp-content\/uploads\/2023\/06\/tra-dire-e-fare-fondazione-caritro-euricse-1-1024x683-1.jpg","datePublished":"2023-09-01T09:06:40+00:00","author":{"@id":"https:\/\/euricse.eu\/en\/#\/schema\/person\/a5b25693531e3458dfedff34c273ba14"},"description":"Stiamo portando il nostro modello operativo nel settore nonprofit in Trentino, collaborando con le organizzazioni selezionate per il bando \"Tra Dire e Fare\" della Fondazione Cassa di Risparmio di Trento e Rovereto","breadcrumb":{"@id":"https:\/\/euricse.eu\/it\/tra-dire-e-fare-si-parte\/#breadcrumb"},"inLanguage":"it-IT","potentialAction":[{"@type":"ReadAction","target":["https:\/\/euricse.eu\/it\/tra-dire-e-fare-si-parte\/"]}]},{"@type":"ImageObject","inLanguage":"it-IT","@id":"https:\/\/euricse.eu\/it\/tra-dire-e-fare-si-parte\/#primaryimage","url":"https:\/\/euricse.eu\/wp-content\/uploads\/2023\/06\/tra-dire-e-fare-fondazione-caritro-euricse-1-1024x683-1.jpg","contentUrl":"https:\/\/euricse.eu\/wp-content\/uploads\/2023\/06\/tra-dire-e-fare-fondazione-caritro-euricse-1-1024x683-1.jpg","width":1024,"height":683},{"@type":"BreadcrumbList","@id":"https:\/\/euricse.eu\/it\/tra-dire-e-fare-si-parte\/#breadcrumb","itemListElement":[{"@type":"ListItem","position":1,"name":"Home","item":"https:\/\/euricse.eu\/it\/"},{"@type":"ListItem","position":2,"name":"Tra Dire e Fare: si parte!"}]},{"@type":"WebSite","@id":"https:\/\/euricse.eu\/en\/#website","url":"https:\/\/euricse.eu\/en\/","name":"Euricse","description":"Knowledge and innovation for cooperative and social enterprises.","potentialAction":[{"@type":"SearchAction","target":{"@type":"EntryPoint","urlTemplate":"https:\/\/euricse.eu\/en\/?s={search_term_string}"},"query-input":{"@type":"PropertyValueSpecification","valueRequired":true,"valueName":"search_term_string"}}],"inLanguage":"it-IT"},{"@type":"Person","@id":"https:\/\/euricse.eu\/en\/#\/schema\/person\/a5b25693531e3458dfedff34c273ba14","name":"Silvia","image":{"@type":"ImageObject","inLanguage":"it-IT","@id":"https:\/\/euricse.eu\/en\/#\/schema\/person\/image\/","url":"https:\/\/secure.gravatar.com\/avatar\/3cef1082b65edc85f1a4c0caa7ce4808f397a517b7217eab6215fe435640f8f7?s=96&d=mm&r=g","contentUrl":"https:\/\/secure.gravatar.com\/avatar\/3cef1082b65edc85f1a4c0caa7ce4808f397a517b7217eab6215fe435640f8f7?s=96&d=mm&r=g","caption":"Silvia"},"url":"https:\/\/euricse.eu\/it\/author\/silvia\/"}]}},"_links":{"self":[{"href":"https:\/\/euricse.eu\/it\/wp-json\/wp\/v2\/posts\/20078","targetHints":{"allow":["GET"]}}],"collection":[{"href":"https:\/\/euricse.eu\/it\/wp-json\/wp\/v2\/posts"}],"about":[{"href":"https:\/\/euricse.eu\/it\/wp-json\/wp\/v2\/types\/post"}],"author":[{"embeddable":true,"href":"https:\/\/euricse.eu\/it\/wp-json\/wp\/v2\/users\/32"}],"replies":[{"embeddable":true,"href":"https:\/\/euricse.eu\/it\/wp-json\/wp\/v2\/comments?post=20078"}],"version-history":[{"count":1,"href":"https:\/\/euricse.eu\/it\/wp-json\/wp\/v2\/posts\/20078\/revisions"}],"predecessor-version":[{"id":20079,"href":"https:\/\/euricse.eu\/it\/wp-json\/wp\/v2\/posts\/20078\/revisions\/20079"}],"wp:featuredmedia":[{"embeddable":true,"href":"https:\/\/euricse.eu\/it\/wp-json\/wp\/v2\/media\/19535"}],"wp:attachment":[{"href":"https:\/\/euricse.eu\/it\/wp-json\/wp\/v2\/media?parent=20078"}],"wp:term":[{"taxonomy":"category","embeddable":true,"href":"https:\/\/euricse.eu\/it\/wp-json\/wp\/v2\/categories?post=20078"},{"taxonomy":"post_tag","embeddable":true,"href":"https:\/\/euricse.eu\/it\/wp-json\/wp\/v2\/tags?post=20078"}],"curies":[{"name":"wp","href":"https:\/\/api.w.org\/{rel}","templated":true}]}}