{"id":20617,"date":"2023-11-29T13:58:03","date_gmt":"2023-11-29T13:58:03","guid":{"rendered":"https:\/\/euricse.eu\/?p=20617"},"modified":"2023-12-06T14:48:02","modified_gmt":"2023-12-06T14:48:02","slug":"in-arrivo-la-xxviii-edizione-del-master-gis","status":"publish","type":"post","link":"https:\/\/euricse.eu\/it\/in-arrivo-la-xxviii-edizione-del-master-gis\/","title":{"rendered":"Ecco la XXVIII edizione del MasterGIS"},"content":{"rendered":"<p>Il\u00a0<a href=\"https:\/\/www.mastergis.eu\/\" target=\"_blank\" rel=\"noopener\" data-cke-saved-href=\"https:\/\/www.mastergis.eu\/\">Master GIS<\/a>, il master universitario dedicato alla formazione &#8220;per i futuri manager delle imprese sociali&#8221; promosso da <strong>Euricse<\/strong> e dall&#8217;<strong>Universit\u00e0 di Trento<\/strong>,<strong>\u00a0<\/strong>vedr\u00e0 la sua <strong>XXVIII edizione<\/strong> dal<strong> 15 marzo 2024 al 28 febbraio 2025. <\/strong>Rivolto a giovani laureati, operatori del Terzo Settore e professionisti di vari settori, il corso\u00a0presenta un programma didattico di<strong> 168 ore<\/strong> incentrato sulle attuali tematiche dell&#8217;economia sociale, con <strong>lezioni online<\/strong> e in <strong>presenza <\/strong>nei giorni di venerd\u00ec e sabato mattina. Un&#8217;altra novit\u00e0 \u00e8 la possibilit\u00e0 di <strong>sostituire il tradizionale tirocinio<\/strong> con un <strong>project work<\/strong>, per coloro che gi\u00e0 lavorano in imprese sociali. Le iscrizioni sono aperte fino al 25 febbraio.<\/p>\n<h4><a href=\"https:\/\/www.unitn.it\/ateneo\/81329\/master-gis-master-in-gestione-di-imprese-sociali\">Iscrizioni a questo link\u00a0<\/a><\/h4>\n<h4><a href=\"https:\/\/www.mastergis.eu\/\" target=\"_blank\" rel=\"noopener\" data-cke-saved-href=\"https:\/\/www.mastergis.eu\/\">www.mastergis.eu<\/a><\/h4>\n","protected":false},"excerpt":{"rendered":"<p>Sono aperte le iscrizioni per il master universitario dedicato alla formazione &#8220;per i futuri manager delle imprese sociali&#8221; promosso da Euricse e dall&#8217;Universit\u00e0 di Trento&#8230;<\/p>\n","protected":false},"author":32,"featured_media":20618,"comment_status":"closed","ping_status":"closed","sticky":false,"template":"","format":"standard","meta":{"_acf_changed":false,"episode_type":"","audio_file":"","cover_image":"","cover_image_id":"","duration":"","filesize":"","date_recorded":"","explicit":"","block":"","itunes_episode_number":"","itunes_title":"","itunes_season_number":"","itunes_episode_type":"","filesize_raw":"","footnotes":""},"categories":[17],"tags":[292,1090,1329],"class_list":["post-20617","post","type-post","status-publish","format-standard","has-post-thumbnail","hentry","category-news-it","tag-master-gis","tag-mastergis","tag-master-in-gestione-di-imprese-sociali"],"acf":[],"yoast_head":"<!-- This site is optimized with the Yoast SEO plugin v26.1.1 - https:\/\/yoast.com\/wordpress\/plugins\/seo\/ -->\n<title>Ecco la XXVIII edizione del MasterGIS - Euricse<\/title>\n<meta name=\"description\" content=\"Sono aperte le iscrizioni per il master universitario dedicato alla formazione &quot;per i futuri manager delle imprese sociali&quot; promosso da Euricse e dall&#039;Universit\u00e0 di Trento...\" \/>\n<meta name=\"robots\" content=\"index, follow, max-snippet:-1, max-image-preview:large, max-video-preview:-1\" \/>\n<link rel=\"canonical\" href=\"https:\/\/euricse.eu\/it\/in-arrivo-la-xxviii-edizione-del-master-gis\/\" \/>\n<meta property=\"og:locale\" content=\"it_IT\" \/>\n<meta property=\"og:type\" content=\"article\" \/>\n<meta property=\"og:title\" content=\"Ecco la XXVIII edizione del MasterGIS - Euricse\" \/>\n<meta property=\"og:description\" content=\"Sono aperte le iscrizioni per il master universitario dedicato alla formazione &quot;per i futuri manager delle imprese sociali&quot; promosso da Euricse e dall&#039;Universit\u00e0 di Trento...\" \/>\n<meta property=\"og:url\" content=\"https:\/\/euricse.eu\/it\/in-arrivo-la-xxviii-edizione-del-master-gis\/\" \/>\n<meta property=\"og:site_name\" content=\"Euricse\" \/>\n<meta property=\"article:published_time\" content=\"2023-11-29T13:58:03+00:00\" \/>\n<meta property=\"article:modified_time\" content=\"2023-12-06T14:48:02+00:00\" \/>\n<meta property=\"og:image\" content=\"https:\/\/euricse.eu\/wp-content\/uploads\/2023\/11\/MasterGIS.jpg\" \/>\n\t<meta property=\"og:image:width\" content=\"1568\" \/>\n\t<meta property=\"og:image:height\" content=\"882\" \/>\n\t<meta property=\"og:image:type\" content=\"image\/jpeg\" \/>\n<meta name=\"author\" content=\"Silvia\" \/>\n<meta name=\"twitter:card\" content=\"summary_large_image\" \/>\n<meta name=\"twitter:label1\" content=\"Scritto da\" \/>\n\t<meta name=\"twitter:data1\" content=\"Silvia\" \/>\n\t<meta name=\"twitter:label2\" content=\"Tempo di lettura stimato\" \/>\n\t<meta name=\"twitter:data2\" content=\"1 minuto\" \/>\n<script type=\"application\/ld+json\" class=\"yoast-schema-graph\">{\"@context\":\"https:\/\/schema.org\",\"@graph\":[{\"@type\":\"WebPage\",\"@id\":\"https:\/\/euricse.eu\/it\/in-arrivo-la-xxviii-edizione-del-master-gis\/\",\"url\":\"https:\/\/euricse.eu\/it\/in-arrivo-la-xxviii-edizione-del-master-gis\/\",\"name\":\"Ecco la XXVIII edizione del MasterGIS - Euricse\",\"isPartOf\":{\"@id\":\"https:\/\/euricse.eu\/en\/#website\"},\"primaryImageOfPage\":{\"@id\":\"https:\/\/euricse.eu\/it\/in-arrivo-la-xxviii-edizione-del-master-gis\/#primaryimage\"},\"image\":{\"@id\":\"https:\/\/euricse.eu\/it\/in-arrivo-la-xxviii-edizione-del-master-gis\/#primaryimage\"},\"thumbnailUrl\":\"https:\/\/euricse.eu\/wp-content\/uploads\/2023\/11\/MasterGIS.jpg\",\"datePublished\":\"2023-11-29T13:58:03+00:00\",\"dateModified\":\"2023-12-06T14:48:02+00:00\",\"author\":{\"@id\":\"https:\/\/euricse.eu\/en\/#\/schema\/person\/a5b25693531e3458dfedff34c273ba14\"},\"description\":\"Sono aperte le iscrizioni per il master universitario dedicato alla formazione \\\"per i futuri manager delle imprese sociali\\\" promosso da Euricse e dall'Universit\u00e0 di Trento...\",\"breadcrumb\":{\"@id\":\"https:\/\/euricse.eu\/it\/in-arrivo-la-xxviii-edizione-del-master-gis\/#breadcrumb\"},\"inLanguage\":\"it-IT\",\"potentialAction\":[{\"@type\":\"ReadAction\",\"target\":[\"https:\/\/euricse.eu\/it\/in-arrivo-la-xxviii-edizione-del-master-gis\/\"]}]},{\"@type\":\"ImageObject\",\"inLanguage\":\"it-IT\",\"@id\":\"https:\/\/euricse.eu\/it\/in-arrivo-la-xxviii-edizione-del-master-gis\/#primaryimage\",\"url\":\"https:\/\/euricse.eu\/wp-content\/uploads\/2023\/11\/MasterGIS.jpg\",\"contentUrl\":\"https:\/\/euricse.eu\/wp-content\/uploads\/2023\/11\/MasterGIS.jpg\",\"width\":1568,\"height\":882},{\"@type\":\"BreadcrumbList\",\"@id\":\"https:\/\/euricse.eu\/it\/in-arrivo-la-xxviii-edizione-del-master-gis\/#breadcrumb\",\"itemListElement\":[{\"@type\":\"ListItem\",\"position\":1,\"name\":\"Home\",\"item\":\"https:\/\/euricse.eu\/it\/\"},{\"@type\":\"ListItem\",\"position\":2,\"name\":\"Ecco la XXVIII edizione del MasterGIS\"}]},{\"@type\":\"WebSite\",\"@id\":\"https:\/\/euricse.eu\/en\/#website\",\"url\":\"https:\/\/euricse.eu\/en\/\",\"name\":\"Euricse\",\"description\":\"Knowledge and innovation for cooperative and social enterprises.\",\"potentialAction\":[{\"@type\":\"SearchAction\",\"target\":{\"@type\":\"EntryPoint\",\"urlTemplate\":\"https:\/\/euricse.eu\/en\/?s={search_term_string}\"},\"query-input\":{\"@type\":\"PropertyValueSpecification\",\"valueRequired\":true,\"valueName\":\"search_term_string\"}}],\"inLanguage\":\"it-IT\"},{\"@type\":\"Person\",\"@id\":\"https:\/\/euricse.eu\/en\/#\/schema\/person\/a5b25693531e3458dfedff34c273ba14\",\"name\":\"Silvia\",\"image\":{\"@type\":\"ImageObject\",\"inLanguage\":\"it-IT\",\"@id\":\"https:\/\/euricse.eu\/en\/#\/schema\/person\/image\/\",\"url\":\"https:\/\/secure.gravatar.com\/avatar\/3cef1082b65edc85f1a4c0caa7ce4808f397a517b7217eab6215fe435640f8f7?s=96&d=mm&r=g\",\"contentUrl\":\"https:\/\/secure.gravatar.com\/avatar\/3cef1082b65edc85f1a4c0caa7ce4808f397a517b7217eab6215fe435640f8f7?s=96&d=mm&r=g\",\"caption\":\"Silvia\"},\"url\":\"https:\/\/euricse.eu\/it\/author\/silvia\/\"}]}<\/script>\n<!-- \/ Yoast SEO plugin. -->","yoast_head_json":{"title":"Ecco la XXVIII edizione del MasterGIS - Euricse","description":"Sono aperte le iscrizioni per il master universitario dedicato alla formazione \"per i futuri manager delle imprese sociali\" promosso da Euricse e dall'Universit\u00e0 di Trento...","robots":{"index":"index","follow":"follow","max-snippet":"max-snippet:-1","max-image-preview":"max-image-preview:large","max-video-preview":"max-video-preview:-1"},"canonical":"https:\/\/euricse.eu\/it\/in-arrivo-la-xxviii-edizione-del-master-gis\/","og_locale":"it_IT","og_type":"article","og_title":"Ecco la XXVIII edizione del MasterGIS - Euricse","og_description":"Sono aperte le iscrizioni per il master universitario dedicato alla formazione \"per i futuri manager delle imprese sociali\" promosso da Euricse e dall'Universit\u00e0 di Trento...","og_url":"https:\/\/euricse.eu\/it\/in-arrivo-la-xxviii-edizione-del-master-gis\/","og_site_name":"Euricse","article_published_time":"2023-11-29T13:58:03+00:00","article_modified_time":"2023-12-06T14:48:02+00:00","og_image":[{"width":1568,"height":882,"url":"https:\/\/euricse.eu\/wp-content\/uploads\/2023\/11\/MasterGIS.jpg","type":"image\/jpeg"}],"author":"Silvia","twitter_card":"summary_large_image","twitter_misc":{"Scritto da":"Silvia","Tempo di lettura stimato":"1 minuto"},"schema":{"@context":"https:\/\/schema.org","@graph":[{"@type":"WebPage","@id":"https:\/\/euricse.eu\/it\/in-arrivo-la-xxviii-edizione-del-master-gis\/","url":"https:\/\/euricse.eu\/it\/in-arrivo-la-xxviii-edizione-del-master-gis\/","name":"Ecco la XXVIII edizione del MasterGIS - Euricse","isPartOf":{"@id":"https:\/\/euricse.eu\/en\/#website"},"primaryImageOfPage":{"@id":"https:\/\/euricse.eu\/it\/in-arrivo-la-xxviii-edizione-del-master-gis\/#primaryimage"},"image":{"@id":"https:\/\/euricse.eu\/it\/in-arrivo-la-xxviii-edizione-del-master-gis\/#primaryimage"},"thumbnailUrl":"https:\/\/euricse.eu\/wp-content\/uploads\/2023\/11\/MasterGIS.jpg","datePublished":"2023-11-29T13:58:03+00:00","dateModified":"2023-12-06T14:48:02+00:00","author":{"@id":"https:\/\/euricse.eu\/en\/#\/schema\/person\/a5b25693531e3458dfedff34c273ba14"},"description":"Sono aperte le iscrizioni per il master universitario dedicato alla formazione \"per i futuri manager delle imprese sociali\" promosso da Euricse e dall'Universit\u00e0 di Trento...","breadcrumb":{"@id":"https:\/\/euricse.eu\/it\/in-arrivo-la-xxviii-edizione-del-master-gis\/#breadcrumb"},"inLanguage":"it-IT","potentialAction":[{"@type":"ReadAction","target":["https:\/\/euricse.eu\/it\/in-arrivo-la-xxviii-edizione-del-master-gis\/"]}]},{"@type":"ImageObject","inLanguage":"it-IT","@id":"https:\/\/euricse.eu\/it\/in-arrivo-la-xxviii-edizione-del-master-gis\/#primaryimage","url":"https:\/\/euricse.eu\/wp-content\/uploads\/2023\/11\/MasterGIS.jpg","contentUrl":"https:\/\/euricse.eu\/wp-content\/uploads\/2023\/11\/MasterGIS.jpg","width":1568,"height":882},{"@type":"BreadcrumbList","@id":"https:\/\/euricse.eu\/it\/in-arrivo-la-xxviii-edizione-del-master-gis\/#breadcrumb","itemListElement":[{"@type":"ListItem","position":1,"name":"Home","item":"https:\/\/euricse.eu\/it\/"},{"@type":"ListItem","position":2,"name":"Ecco la XXVIII edizione del MasterGIS"}]},{"@type":"WebSite","@id":"https:\/\/euricse.eu\/en\/#website","url":"https:\/\/euricse.eu\/en\/","name":"Euricse","description":"Knowledge and innovation for cooperative and social enterprises.","potentialAction":[{"@type":"SearchAction","target":{"@type":"EntryPoint","urlTemplate":"https:\/\/euricse.eu\/en\/?s={search_term_string}"},"query-input":{"@type":"PropertyValueSpecification","valueRequired":true,"valueName":"search_term_string"}}],"inLanguage":"it-IT"},{"@type":"Person","@id":"https:\/\/euricse.eu\/en\/#\/schema\/person\/a5b25693531e3458dfedff34c273ba14","name":"Silvia","image":{"@type":"ImageObject","inLanguage":"it-IT","@id":"https:\/\/euricse.eu\/en\/#\/schema\/person\/image\/","url":"https:\/\/secure.gravatar.com\/avatar\/3cef1082b65edc85f1a4c0caa7ce4808f397a517b7217eab6215fe435640f8f7?s=96&d=mm&r=g","contentUrl":"https:\/\/secure.gravatar.com\/avatar\/3cef1082b65edc85f1a4c0caa7ce4808f397a517b7217eab6215fe435640f8f7?s=96&d=mm&r=g","caption":"Silvia"},"url":"https:\/\/euricse.eu\/it\/author\/silvia\/"}]}},"_links":{"self":[{"href":"https:\/\/euricse.eu\/it\/wp-json\/wp\/v2\/posts\/20617","targetHints":{"allow":["GET"]}}],"collection":[{"href":"https:\/\/euricse.eu\/it\/wp-json\/wp\/v2\/posts"}],"about":[{"href":"https:\/\/euricse.eu\/it\/wp-json\/wp\/v2\/types\/post"}],"author":[{"embeddable":true,"href":"https:\/\/euricse.eu\/it\/wp-json\/wp\/v2\/users\/32"}],"replies":[{"embeddable":true,"href":"https:\/\/euricse.eu\/it\/wp-json\/wp\/v2\/comments?post=20617"}],"version-history":[{"count":1,"href":"https:\/\/euricse.eu\/it\/wp-json\/wp\/v2\/posts\/20617\/revisions"}],"predecessor-version":[{"id":20847,"href":"https:\/\/euricse.eu\/it\/wp-json\/wp\/v2\/posts\/20617\/revisions\/20847"}],"wp:featuredmedia":[{"embeddable":true,"href":"https:\/\/euricse.eu\/it\/wp-json\/wp\/v2\/media\/20618"}],"wp:attachment":[{"href":"https:\/\/euricse.eu\/it\/wp-json\/wp\/v2\/media?parent=20617"}],"wp:term":[{"taxonomy":"category","embeddable":true,"href":"https:\/\/euricse.eu\/it\/wp-json\/wp\/v2\/categories?post=20617"},{"taxonomy":"post_tag","embeddable":true,"href":"https:\/\/euricse.eu\/it\/wp-json\/wp\/v2\/tags?post=20617"}],"curies":[{"name":"wp","href":"https:\/\/api.w.org\/{rel}","templated":true}]}}