{"id":20627,"date":"2023-12-04T14:03:24","date_gmt":"2023-12-04T14:03:24","guid":{"rendered":"https:\/\/euricse.eu\/?p=20627"},"modified":"2023-12-11T09:04:22","modified_gmt":"2023-12-11T09:04:22","slug":"la-funzione-formativa-del-servizio-civile","status":"publish","type":"post","link":"https:\/\/euricse.eu\/it\/la-funzione-formativa-del-servizio-civile\/","title":{"rendered":"La funzione formativa del\u00a0servizio civile\u00a0"},"content":{"rendered":"<p>Abbiamo pubblicato un nuovo rapporto di ricerca che esplora il ruolo del <strong>servizio civile nella transizione dei giovani<\/strong>\u00a0<strong>verso l&#8217;et\u00e0 adulta<\/strong>. Lo studio, condotto dal ricercatore <strong>Giacomo Pisani<\/strong>, con il sostegno della <strong>Fondazione Caritro<\/strong> e in collaborazione con l&#8217;<strong>Ufficio Servizio Civile della provincia di Trento<\/strong>, si \u00e8 concentrato principalmente sul <strong>Servizio Civile Universale della provincia di Trento<\/strong> (SCUP) e ha inteso approfondire le aspettative dei giovani che oggi svolgono il servizio civile, nonch\u00e9 le prospettive pi\u00f9 interessanti che stanno caratterizzando la sua evoluzione. con l&#8217;obiettivo di analizzare e potenziare la sua funzione formativa, individuando possibili miglioramenti.<\/p>\n<p>L&#8217;indagine, gi\u00e0 disponbile online e sar\u00e0 presentata a Trento venerd\u00ec <strong>15 dicembre con un evento presso la Fondazione Caritro (9:30 &#8211; 12:00)\u00a0 presso la Sala Conferenze di Fondazione Caritro (Via Calepina 1, Trento).<\/strong><\/p>\n<p>L\u2019indagine, gi\u00e0 \u00a0<a href=\"https:\/\/euricse.eu\/it\/publications\/il-servizio-civile-come-strumento-di-formazione-alla-cittadinanza-e-al-lavoro-lesperienza-del-scup-in-provincia-di-trento\/\" data-saferedirecturl=\"https:\/\/www.google.com\/url?q=https:\/\/euricse.eu\/it\/publications\/il-servizio-civile-come-strumento-di-formazione-alla-cittadinanza-e-al-lavoro-lesperienza-del-scup-in-provincia-di-trento\/&amp;source=gmail&amp;ust=1701873211727000&amp;usg=AOvVaw0erB1FCbrIG5j-YOHUN-GJ\">disponibile online<\/a>\u00a0sar\u00e0 presentata a <strong>Trento<\/strong><\/p>\n<blockquote><p>&nbsp;<\/p>\n<p style=\"font-weight: 400;\"><em><strong>venerd\u00ec 15 dicembre 2023<\/strong><\/em><\/p>\n<p style=\"font-weight: 400;\"><em><strong>sala conferenze &#8211; Fondazione Caritro (Via Calepina 1, Trento)\u00a0<\/strong><\/em><\/p>\n<p style=\"font-weight: 400;\"><em><strong>9:30 &#8211; 12:00<\/strong><\/em><\/p>\n<p>&nbsp;<\/p><\/blockquote>\n<p style=\"font-weight: 400;\"><strong>Di seguito la locandina dell&#8217;evento <\/strong>con il<strong>\u00a0programma dettagliato.<\/strong><\/p>\n<p style=\"font-weight: 400;\">Per garantire una corretta organizzazione, vi preghiamo di confermare la vostra partecipazione e di iscrivervi tramite\u00a0<a href=\"https:\/\/forms.gle\/Uh8s7LzT1ZugzQ9d7\" data-saferedirecturl=\"https:\/\/www.google.com\/url?q=https:\/\/forms.gle\/Uh8s7LzT1ZugzQ9d7&amp;source=gmail&amp;ust=1701873211727000&amp;usg=AOvVaw0lsiwWd6RgbhhfiXmmVwzG\">questo link<\/a>.<\/p>\n<p style=\"font-weight: 400;\">Dopo i saluti istituzionali da parte dei rappresentanti di\u00a0<strong>Euricse,<\/strong>\u00a0<strong>Fondazione Caritro<\/strong>\u00a0e dell&#8217;<strong>Agenzia per la Coesione Sociale<\/strong>, il seminario prevede una prima parte di interventi di analisi ed una seconda parte di presentazione di buone pratiche.<\/p>\n<div dir=\"auto\">Per la prima parte sono previsti gli interventi di:<\/div>\n<ul>\n<li style=\"font-weight: 400;\"><strong>Anna Cossetta\u00a0<\/strong>(Fondazione De Mari, Savona)<\/li>\n<li style=\"font-weight: 400;\"><strong>Giacomo Pisani\u00a0<\/strong>(Euricse)<\/li>\n<li style=\"font-weight: 400;\"><strong>Giampiero Girardi\u00a0<\/strong>(Agenzia per la Coesione sociale &#8211; Provincia autonoma di Trento)<\/li>\n<\/ul>\n<p>&nbsp;<\/p>\n<div class=\"x11i5rnm xat24cr x1mh8g0r x1vvkbs xtlvy1s x126k92a\">\n<div dir=\"auto\">Nella seconda parte le esperienze a confronto sanno presentate da:<\/div>\n<\/div>\n<ul>\n<li style=\"font-weight: 400;\"><strong>Federica Graffer <\/strong>(Comune di Trento)<\/li>\n<li style=\"font-weight: 400;\"><strong>Daniela Finardi <\/strong>(Museo Etnografico Trentino San Michele)<\/li>\n<li style=\"font-weight: 400;\"><strong>Massimo Komatz\u00a0<\/strong>(Cooperativa Villa Sant&#8217;Ignazio)<\/li>\n<li style=\"font-weight: 400;\"><strong>Giuseppe Marino\u00a0<\/strong>(Centro Astalli)<\/li>\n<li style=\"font-weight: 400;\"><strong>Eleonora Catanzaro <\/strong>(giovane in servizio civile)<\/li>\n<\/ul>\n<p>Scarica la<a href=\"https:\/\/euricse.eu\/wp-content\/uploads\/2023\/12\/Report-Servizio-Civile_15.12.23.pdf\"> locandina dell&#8217;evento con il programma dettagliato<\/a>.<\/p>\n<p>Per garantire una corretta organizzazione, vi preghiamo di confermare la vostra partecipazione e di iscrivervi tramite <a href=\"https:\/\/forms.gle\/Uh8s7LzT1ZugzQ9d7\">questo link<\/a>.<\/p>\n<p>&nbsp;<\/p>\n<p>&nbsp;<\/p>\n","protected":false},"excerpt":{"rendered":"<p>Un nuovo report che esplora il ruolo del servizio civile nella transizione dei giovani\u00a0verso l&#8217;et\u00e0 adulta. La presentazione a Trento il 15 dicembre presso la Fondazione Caritro.<\/p>\n","protected":false},"author":32,"featured_media":20815,"comment_status":"closed","ping_status":"closed","sticky":false,"template":"","format":"standard","meta":{"_acf_changed":false,"episode_type":"","audio_file":"","cover_image":"","cover_image_id":"","duration":"","filesize":"","date_recorded":"","explicit":"","block":"","itunes_episode_number":"","itunes_title":"","itunes_season_number":"","itunes_episode_type":"","filesize_raw":"","footnotes":""},"categories":[17],"tags":[1297,1330,1331],"class_list":["post-20627","post","type-post","status-publish","format-standard","has-post-thumbnail","hentry","category-news-it","tag-servizio-civile","tag-giacomo-pisani","tag-giovani"],"acf":[],"yoast_head":"<!-- This site is optimized with the Yoast SEO plugin v26.1.1 - https:\/\/yoast.com\/wordpress\/plugins\/seo\/ -->\n<title>La funzione formativa del\u00a0servizio civile\u00a0 - Euricse<\/title>\n<meta name=\"description\" content=\"Un nuovo report che esplora il ruolo del servizio civile nella transizione dei giovani\u00a0verso l&#039;et\u00e0 adulta. La presentazione a Trento il 15 dicembre presso la Fondazione Caritro.\" \/>\n<meta name=\"robots\" content=\"index, follow, max-snippet:-1, max-image-preview:large, max-video-preview:-1\" \/>\n<link rel=\"canonical\" href=\"https:\/\/euricse.eu\/it\/la-funzione-formativa-del-servizio-civile\/\" \/>\n<meta property=\"og:locale\" content=\"it_IT\" \/>\n<meta property=\"og:type\" content=\"article\" \/>\n<meta property=\"og:title\" content=\"La funzione formativa del\u00a0servizio civile\u00a0 - Euricse\" \/>\n<meta property=\"og:description\" content=\"Un nuovo report che esplora il ruolo del servizio civile nella transizione dei giovani\u00a0verso l&#039;et\u00e0 adulta. La presentazione a Trento il 15 dicembre presso la Fondazione Caritro.\" \/>\n<meta property=\"og:url\" content=\"https:\/\/euricse.eu\/it\/la-funzione-formativa-del-servizio-civile\/\" \/>\n<meta property=\"og:site_name\" content=\"Euricse\" \/>\n<meta property=\"article:published_time\" content=\"2023-12-04T14:03:24+00:00\" \/>\n<meta property=\"article:modified_time\" content=\"2023-12-11T09:04:22+00:00\" \/>\n<meta property=\"og:image\" content=\"https:\/\/euricse.eu\/wp-content\/uploads\/2023\/12\/Report-Servizio-Civile-Immagine.png\" \/>\n\t<meta property=\"og:image:width\" content=\"1080\" \/>\n\t<meta property=\"og:image:height\" content=\"1080\" \/>\n\t<meta property=\"og:image:type\" content=\"image\/png\" \/>\n<meta name=\"author\" content=\"Silvia\" \/>\n<meta name=\"twitter:card\" content=\"summary_large_image\" \/>\n<meta name=\"twitter:label1\" content=\"Scritto da\" \/>\n\t<meta name=\"twitter:data1\" content=\"Silvia\" \/>\n\t<meta name=\"twitter:label2\" content=\"Tempo di lettura stimato\" \/>\n\t<meta name=\"twitter:data2\" content=\"2 minuti\" \/>\n<script type=\"application\/ld+json\" class=\"yoast-schema-graph\">{\"@context\":\"https:\/\/schema.org\",\"@graph\":[{\"@type\":\"WebPage\",\"@id\":\"https:\/\/euricse.eu\/it\/la-funzione-formativa-del-servizio-civile\/\",\"url\":\"https:\/\/euricse.eu\/it\/la-funzione-formativa-del-servizio-civile\/\",\"name\":\"La funzione formativa del\u00a0servizio civile\u00a0 - Euricse\",\"isPartOf\":{\"@id\":\"https:\/\/euricse.eu\/en\/#website\"},\"primaryImageOfPage\":{\"@id\":\"https:\/\/euricse.eu\/it\/la-funzione-formativa-del-servizio-civile\/#primaryimage\"},\"image\":{\"@id\":\"https:\/\/euricse.eu\/it\/la-funzione-formativa-del-servizio-civile\/#primaryimage\"},\"thumbnailUrl\":\"https:\/\/euricse.eu\/wp-content\/uploads\/2023\/12\/Report-Servizio-Civile-Immagine.png\",\"datePublished\":\"2023-12-04T14:03:24+00:00\",\"dateModified\":\"2023-12-11T09:04:22+00:00\",\"author\":{\"@id\":\"https:\/\/euricse.eu\/en\/#\/schema\/person\/a5b25693531e3458dfedff34c273ba14\"},\"description\":\"Un nuovo report che esplora il ruolo del servizio civile nella transizione dei giovani\u00a0verso l'et\u00e0 adulta. La presentazione a Trento il 15 dicembre presso la Fondazione Caritro.\",\"breadcrumb\":{\"@id\":\"https:\/\/euricse.eu\/it\/la-funzione-formativa-del-servizio-civile\/#breadcrumb\"},\"inLanguage\":\"it-IT\",\"potentialAction\":[{\"@type\":\"ReadAction\",\"target\":[\"https:\/\/euricse.eu\/it\/la-funzione-formativa-del-servizio-civile\/\"]}]},{\"@type\":\"ImageObject\",\"inLanguage\":\"it-IT\",\"@id\":\"https:\/\/euricse.eu\/it\/la-funzione-formativa-del-servizio-civile\/#primaryimage\",\"url\":\"https:\/\/euricse.eu\/wp-content\/uploads\/2023\/12\/Report-Servizio-Civile-Immagine.png\",\"contentUrl\":\"https:\/\/euricse.eu\/wp-content\/uploads\/2023\/12\/Report-Servizio-Civile-Immagine.png\",\"width\":1080,\"height\":1080},{\"@type\":\"BreadcrumbList\",\"@id\":\"https:\/\/euricse.eu\/it\/la-funzione-formativa-del-servizio-civile\/#breadcrumb\",\"itemListElement\":[{\"@type\":\"ListItem\",\"position\":1,\"name\":\"Home\",\"item\":\"https:\/\/euricse.eu\/it\/\"},{\"@type\":\"ListItem\",\"position\":2,\"name\":\"La funzione formativa del\u00a0servizio civile\u00a0\"}]},{\"@type\":\"WebSite\",\"@id\":\"https:\/\/euricse.eu\/en\/#website\",\"url\":\"https:\/\/euricse.eu\/en\/\",\"name\":\"Euricse\",\"description\":\"Knowledge and innovation for cooperative and social enterprises.\",\"potentialAction\":[{\"@type\":\"SearchAction\",\"target\":{\"@type\":\"EntryPoint\",\"urlTemplate\":\"https:\/\/euricse.eu\/en\/?s={search_term_string}\"},\"query-input\":{\"@type\":\"PropertyValueSpecification\",\"valueRequired\":true,\"valueName\":\"search_term_string\"}}],\"inLanguage\":\"it-IT\"},{\"@type\":\"Person\",\"@id\":\"https:\/\/euricse.eu\/en\/#\/schema\/person\/a5b25693531e3458dfedff34c273ba14\",\"name\":\"Silvia\",\"image\":{\"@type\":\"ImageObject\",\"inLanguage\":\"it-IT\",\"@id\":\"https:\/\/euricse.eu\/en\/#\/schema\/person\/image\/\",\"url\":\"https:\/\/secure.gravatar.com\/avatar\/3cef1082b65edc85f1a4c0caa7ce4808f397a517b7217eab6215fe435640f8f7?s=96&d=mm&r=g\",\"contentUrl\":\"https:\/\/secure.gravatar.com\/avatar\/3cef1082b65edc85f1a4c0caa7ce4808f397a517b7217eab6215fe435640f8f7?s=96&d=mm&r=g\",\"caption\":\"Silvia\"},\"url\":\"https:\/\/euricse.eu\/it\/author\/silvia\/\"}]}<\/script>\n<!-- \/ Yoast SEO plugin. -->","yoast_head_json":{"title":"La funzione formativa del\u00a0servizio civile\u00a0 - Euricse","description":"Un nuovo report che esplora il ruolo del servizio civile nella transizione dei giovani\u00a0verso l'et\u00e0 adulta. La presentazione a Trento il 15 dicembre presso la Fondazione Caritro.","robots":{"index":"index","follow":"follow","max-snippet":"max-snippet:-1","max-image-preview":"max-image-preview:large","max-video-preview":"max-video-preview:-1"},"canonical":"https:\/\/euricse.eu\/it\/la-funzione-formativa-del-servizio-civile\/","og_locale":"it_IT","og_type":"article","og_title":"La funzione formativa del\u00a0servizio civile\u00a0 - Euricse","og_description":"Un nuovo report che esplora il ruolo del servizio civile nella transizione dei giovani\u00a0verso l'et\u00e0 adulta. La presentazione a Trento il 15 dicembre presso la Fondazione Caritro.","og_url":"https:\/\/euricse.eu\/it\/la-funzione-formativa-del-servizio-civile\/","og_site_name":"Euricse","article_published_time":"2023-12-04T14:03:24+00:00","article_modified_time":"2023-12-11T09:04:22+00:00","og_image":[{"width":1080,"height":1080,"url":"https:\/\/euricse.eu\/wp-content\/uploads\/2023\/12\/Report-Servizio-Civile-Immagine.png","type":"image\/png"}],"author":"Silvia","twitter_card":"summary_large_image","twitter_misc":{"Scritto da":"Silvia","Tempo di lettura stimato":"2 minuti"},"schema":{"@context":"https:\/\/schema.org","@graph":[{"@type":"WebPage","@id":"https:\/\/euricse.eu\/it\/la-funzione-formativa-del-servizio-civile\/","url":"https:\/\/euricse.eu\/it\/la-funzione-formativa-del-servizio-civile\/","name":"La funzione formativa del\u00a0servizio civile\u00a0 - Euricse","isPartOf":{"@id":"https:\/\/euricse.eu\/en\/#website"},"primaryImageOfPage":{"@id":"https:\/\/euricse.eu\/it\/la-funzione-formativa-del-servizio-civile\/#primaryimage"},"image":{"@id":"https:\/\/euricse.eu\/it\/la-funzione-formativa-del-servizio-civile\/#primaryimage"},"thumbnailUrl":"https:\/\/euricse.eu\/wp-content\/uploads\/2023\/12\/Report-Servizio-Civile-Immagine.png","datePublished":"2023-12-04T14:03:24+00:00","dateModified":"2023-12-11T09:04:22+00:00","author":{"@id":"https:\/\/euricse.eu\/en\/#\/schema\/person\/a5b25693531e3458dfedff34c273ba14"},"description":"Un nuovo report che esplora il ruolo del servizio civile nella transizione dei giovani\u00a0verso l'et\u00e0 adulta. La presentazione a Trento il 15 dicembre presso la Fondazione Caritro.","breadcrumb":{"@id":"https:\/\/euricse.eu\/it\/la-funzione-formativa-del-servizio-civile\/#breadcrumb"},"inLanguage":"it-IT","potentialAction":[{"@type":"ReadAction","target":["https:\/\/euricse.eu\/it\/la-funzione-formativa-del-servizio-civile\/"]}]},{"@type":"ImageObject","inLanguage":"it-IT","@id":"https:\/\/euricse.eu\/it\/la-funzione-formativa-del-servizio-civile\/#primaryimage","url":"https:\/\/euricse.eu\/wp-content\/uploads\/2023\/12\/Report-Servizio-Civile-Immagine.png","contentUrl":"https:\/\/euricse.eu\/wp-content\/uploads\/2023\/12\/Report-Servizio-Civile-Immagine.png","width":1080,"height":1080},{"@type":"BreadcrumbList","@id":"https:\/\/euricse.eu\/it\/la-funzione-formativa-del-servizio-civile\/#breadcrumb","itemListElement":[{"@type":"ListItem","position":1,"name":"Home","item":"https:\/\/euricse.eu\/it\/"},{"@type":"ListItem","position":2,"name":"La funzione formativa del\u00a0servizio civile\u00a0"}]},{"@type":"WebSite","@id":"https:\/\/euricse.eu\/en\/#website","url":"https:\/\/euricse.eu\/en\/","name":"Euricse","description":"Knowledge and innovation for cooperative and social enterprises.","potentialAction":[{"@type":"SearchAction","target":{"@type":"EntryPoint","urlTemplate":"https:\/\/euricse.eu\/en\/?s={search_term_string}"},"query-input":{"@type":"PropertyValueSpecification","valueRequired":true,"valueName":"search_term_string"}}],"inLanguage":"it-IT"},{"@type":"Person","@id":"https:\/\/euricse.eu\/en\/#\/schema\/person\/a5b25693531e3458dfedff34c273ba14","name":"Silvia","image":{"@type":"ImageObject","inLanguage":"it-IT","@id":"https:\/\/euricse.eu\/en\/#\/schema\/person\/image\/","url":"https:\/\/secure.gravatar.com\/avatar\/3cef1082b65edc85f1a4c0caa7ce4808f397a517b7217eab6215fe435640f8f7?s=96&d=mm&r=g","contentUrl":"https:\/\/secure.gravatar.com\/avatar\/3cef1082b65edc85f1a4c0caa7ce4808f397a517b7217eab6215fe435640f8f7?s=96&d=mm&r=g","caption":"Silvia"},"url":"https:\/\/euricse.eu\/it\/author\/silvia\/"}]}},"_links":{"self":[{"href":"https:\/\/euricse.eu\/it\/wp-json\/wp\/v2\/posts\/20627","targetHints":{"allow":["GET"]}}],"collection":[{"href":"https:\/\/euricse.eu\/it\/wp-json\/wp\/v2\/posts"}],"about":[{"href":"https:\/\/euricse.eu\/it\/wp-json\/wp\/v2\/types\/post"}],"author":[{"embeddable":true,"href":"https:\/\/euricse.eu\/it\/wp-json\/wp\/v2\/users\/32"}],"replies":[{"embeddable":true,"href":"https:\/\/euricse.eu\/it\/wp-json\/wp\/v2\/comments?post=20627"}],"version-history":[{"count":2,"href":"https:\/\/euricse.eu\/it\/wp-json\/wp\/v2\/posts\/20627\/revisions"}],"predecessor-version":[{"id":20880,"href":"https:\/\/euricse.eu\/it\/wp-json\/wp\/v2\/posts\/20627\/revisions\/20880"}],"wp:featuredmedia":[{"embeddable":true,"href":"https:\/\/euricse.eu\/it\/wp-json\/wp\/v2\/media\/20815"}],"wp:attachment":[{"href":"https:\/\/euricse.eu\/it\/wp-json\/wp\/v2\/media?parent=20627"}],"wp:term":[{"taxonomy":"category","embeddable":true,"href":"https:\/\/euricse.eu\/it\/wp-json\/wp\/v2\/categories?post=20627"},{"taxonomy":"post_tag","embeddable":true,"href":"https:\/\/euricse.eu\/it\/wp-json\/wp\/v2\/tags?post=20627"}],"curies":[{"name":"wp","href":"https:\/\/api.w.org\/{rel}","templated":true}]}}