{"id":21004,"date":"2024-01-31T16:35:55","date_gmt":"2024-01-31T16:35:55","guid":{"rendered":"https:\/\/euricse.eu\/?p=21004"},"modified":"2024-02-22T12:29:24","modified_gmt":"2024-02-22T12:29:24","slug":"volontariato-e-volontariati","status":"publish","type":"post","link":"https:\/\/euricse.eu\/it\/volontariato-e-volontariati\/","title":{"rendered":"Volontariato e Volontariati"},"content":{"rendered":"<p>&#8220;<strong>Volontariato e Volontariati<\/strong>&#8220;, \u00e8 il titolo del Convegno in programma venerd\u00ec 1\u00b0 marzo a Trento organizzato da <strong>Euricse<\/strong> e <strong>Labsus<\/strong>, nell&#8217;ambito delle iniziative di <a href=\"https:\/\/www.trentovolo.capital\/it\">Trento | Capitale Italiana ed Europea del Volontariato 2024<\/a><strong>.<\/strong><\/p>\n<p>Il titolo stesso dell&#8217;evento sottolinea il passaggio da una visione monodimensionale del volontariato a un approccio pi\u00f9 ampio e inclusivo. Grazie al principio costituzionale di sussidiariet\u00e0 e alla teoria dell&#8217;amministrazione condivisa, il volontariato oggi assume una pluralit\u00e0 di forme, consentendo a migliaia di individui autonomi, responsabili e solidali di contribuire al bene comune attraverso l&#8217;assistenza alle persone e la cura dei beni comuni.<\/p>\n<p>Il convegno \u00e8 particolarmente significativo in questo anno, in cui <strong>Trento<\/strong> \u00e8 designata <strong>Capitale Italiana ed Europea del Volontariato.<\/strong> L&#8217;iniziativa non solo richiama l&#8217;attenzione sulle riflessioni che caratterizzeranno i prossimi mesi, ma aspira anche a posizionare Trento come il fulcro di una nuova era per il volontariato in Europa.<\/p>\n<p>L&#8217;evento si propone di aprire la strada all&#8217;evoluzione del mondo del volontariato negli anni a venire, enfatizzando la diversit\u00e0 di esperienze e approcci possibili. Attraverso dibattiti e testimonianze, i partecipanti avranno l&#8217;opportunit\u00e0 di esplorare le molteplici forme di volontariato che stanno emergendo in Italia e di tracciare il percorso per il futuro del settore.<\/p>\n<p>Non solo un momento di riflessione, ma una celebrazione dell&#8217;impegno volontario nella sua variet\u00e0 e complessit\u00e0. Il convegno &#8220;Volontariato e Volontariati&#8221; promette di essere un momento cruciale per coloro che sono coinvolti o interessati al volontariato, contribuendo a plasmare una visione pi\u00f9 inclusiva e dinamica del servizio alla comunit\u00e0.<\/p>\n<h4>Per questioni organizzative\u00a0\u00e8\u00a0richiesta l&#8217;<a href=\"https:\/\/docs.google.com\/forms\/d\/e\/1FAIpQLSdD4pzEKTEcKFE3sTyWoquMRK3lz8i09Z6xs7jnbe-_ioV-iQ\/viewform?pli=1\" target=\"_blank\" rel=\"noopener\" data-cke-saved-href=\"https:\/\/docs.google.com\/forms\/d\/e\/1FAIpQLSdD4pzEKTEcKFE3sTyWoquMRK3lz8i09Z6xs7jnbe-_ioV-iQ\/viewform?pli=1\">iscrizione a questo link.<\/a><\/h4>\n<p>&nbsp;<\/p>\n<div>\n<h3>Venerd\u00ec 1\u00b0 marzo 2024<\/h3>\n<h4>9:00 &#8211; 13:00<\/h4>\n<h4>Palazzo Benvenuti &#8211; Sala Nones Via Rodolfo Belenzani, 12 &#8211; TRENTO<\/h4>\n<\/div>\n<p>&nbsp;<\/p>\n<div>\n<h4>9.30 &#8211; SALUTI ISTITUZIONALI<\/h4>\n<ul>\n<li><a href=\"https:\/\/www.comune.trento.it\/Sezioni-politiche\/Consiglio\/Consiglieri\/Ianeselli-Franco\" target=\"_blank\" rel=\"noopener\"><strong>Franco Ianeselli<\/strong><\/a> &#8211; Sindaco di Trento<\/li>\n<li><a href=\"https:\/\/euricse.eu\/it\/people\/mario-diani\/\" target=\"_blank\" rel=\"noopener\"><strong>Mario Diani<\/strong><\/a> &#8211; Presidente di Euricse<\/li>\n<li><a href=\"https:\/\/www.labsus.org\/author\/bonasora\/\" target=\"_blank\" rel=\"noopener\"><strong>Pasquale Bonasora<\/strong><\/a> &#8211; Presidente di Labsus<\/li>\n<\/ul>\n<p>&nbsp;<\/p>\n<h4>9.45 VOLONTARIATO E VOLONTARIATI<\/h4>\n<p><em>Apertura lavori <a href=\"https:\/\/www.labsus.org\/author\/gregorioarena\/\" target=\"_blank\" rel=\"noopener\"><strong>Gregorio Arena<\/strong><\/a> &#8211; Labsus e Universit\u00e0 di Trento<\/em><\/p>\n<p>&nbsp;<\/p>\n<h6>Il concetto di volontariato dalla legge n. 266\/1991 ad oggi. Cosa mettere in discussione ?<\/h6>\n<ul>\n<li><a href=\"https:\/\/euricse.eu\/it\/people\/carlo-borzaga\/\" target=\"_blank\" rel=\"noopener\"><strong>Carlo Borzaga<\/strong><\/a> &#8211; Euricse e Universit\u00e0 di Trento<\/li>\n<li><a href=\"https:\/\/assifero.org\/chisiamo\/organi-sociali\/felice-scalvini\/\" target=\"_blank\" rel=\"noopener\"><strong>Felice Scalvini<\/strong><\/a> &#8211; Assifero<\/li>\n<\/ul>\n<h6>Il volontariato nel pensiero dei fondatori<\/h6>\n<ul>\n<li><strong>Renato Frisanco<\/strong> &#8211; <a href=\"http:\/\/www.lucianotavazza.org\" target=\"_blank\" rel=\"noopener\">Associazione L. Tavazza<\/a><\/li>\n<\/ul>\n<h6>La definizione di volontario nel Codice del Terzo Settore. Coglie o no l\u2019evoluzione degli ultimi tre decenni?<\/h6>\n<ul>\n<li><a href=\"https:\/\/www.santannapisa.it\/it\/luca-gori\" target=\"_blank\" rel=\"noopener\"><strong>Luca Gori<\/strong> <\/a>&#8211; Scuola Superiore Sant\u2019Anna di Pisa<\/li>\n<\/ul>\n<h6>Volontariato in movimento: motivazioni e obiettivi dei volontari<\/h6>\n<ul>\n<li><a href=\"https:\/\/csvnet.it\/csvnet\/organi-sociali\/consiglio-direttivo\/28-chiara-tommasini\" target=\"_blank\" rel=\"noopener\"><strong>Chiara Tommasini<\/strong><\/a> &#8211; CSVnet<\/li>\n<\/ul>\n<\/div>\n<h4><\/h4>\n<p>&nbsp;<\/p>\n<p>&nbsp;<\/p>\n<div>\n<h4>11.20 LE NUOVE FORME DI VOLONTARIATO: TRA ATTIVISMO, SPAZI E LINGUAGGI<\/h4>\n<p><em>Modera <a href=\"https:\/\/euricse.eu\/en\/people\/mirella-maturo\/\" target=\"_blank\" rel=\"noopener\"><strong>Mirella Maturo<\/strong><\/a> &#8211; Euricse<\/em><\/p>\n<p>&nbsp;<\/p>\n<h6>Il volontariato nelle organizzazioni comunitarie: quali modelli e quali volontariati?<\/h6>\n<ul>\n<li><a href=\"https:\/\/euricse.eu\/it\/people\/jacopo-sforzi\/\" target=\"_blank\" rel=\"noopener\"><strong>Jacopo Sforzi<\/strong><\/a> &#8211; Euricse<\/li>\n<\/ul>\n<h6>Il volontariato e gli spazi urbani: dove vanno i patti di collaborazione oggi?<\/h6>\n<ul>\n<li><a href=\"https:\/\/www.labsus.org\/author\/taverna\/\" target=\"_blank\" rel=\"noopener\"><strong>Elena Taverna<\/strong><\/a> &#8211; Labsus<\/li>\n<\/ul>\n<h6>Il volontariato e l\u2019attivismo dei giovani: quali temi e quale contaminazione possibile?<\/h6>\n<ul>\n<li><a href=\"https:\/\/www.volontariatotrentino.it\/ci_siamo\" target=\"_blank\" rel=\"noopener\"><strong>Francesca Fiori<\/strong> e<strong> Maddalena Recla<\/strong><\/a> &#8211; CSV Trentino<\/li>\n<\/ul>\n<\/div>\n<p>&nbsp;<\/p>\n<div>\n<h4>12.30 CONFRONTO<\/h4>\n<\/div>\n<p>&nbsp;<\/p>\n<div>\n<h4>13.00 CONCLUSIONI<\/h4>\n<ul>\n<li><strong>Mario Diani<\/strong> &#8211; Euricse e Universit\u00e0 di Trento<\/li>\n<li><strong>Pasquale Bonasora<\/strong> &#8211;\u00a0 Labsus<\/li>\n<li><strong>Gregorio Arena<\/strong> &#8211; Labsus e Universit\u00e0 di Trento<\/li>\n<li><strong>Felice Scalvini<\/strong> &#8211; Assifero<\/li>\n<\/ul>\n<p>&nbsp;<\/p>\n<\/div>\n<h3><a href=\"https:\/\/euricse.eu\/wp-content\/uploads\/2024\/02\/Volontariato-1-marzo-Convegno-2024.pdf\" target=\"_blank\" rel=\"noopener\"><span style=\"color: #0000ee; font-weight: bold; text-decoration-line: underline;\">Scarica il programma<\/span><\/a><\/h3>\n<div><\/div>\n<h4><\/h4>\n<p>&nbsp;<\/p>\n","protected":false},"excerpt":{"rendered":"<p>Euricse e Labsus organizzano il 1\u00b0 marzo a Trento un convegno per esplorare il cambiamento significativo nel panorama del volontariato in Italia. L&#8217;evento rientra nell&#8217;ambito delle iniziative di Trento | Capitale Europea del Volontariato 2024.<\/p>\n","protected":false},"author":32,"featured_media":21005,"comment_status":"closed","ping_status":"closed","sticky":false,"template":"","format":"standard","meta":{"_acf_changed":false,"episode_type":"","audio_file":"","cover_image":"","cover_image_id":"","duration":"","filesize":"","date_recorded":"","explicit":"","block":"","itunes_episode_number":"","itunes_title":"","itunes_season_number":"","itunes_episode_type":"","filesize_raw":"","footnotes":""},"categories":[17],"tags":[142,651,801,1293,1366],"class_list":["post-21004","post","type-post","status-publish","format-standard","has-post-thumbnail","hentry","category-news-it","tag-volontariato","tag-euricse","tag-trento","tag-trento-capitale-europea-del-volontariato","tag-labsus"],"acf":[],"yoast_head":"<!-- This site is optimized with the Yoast SEO plugin v26.1.1 - https:\/\/yoast.com\/wordpress\/plugins\/seo\/ -->\n<title>Volontariato e Volontariati - Euricse<\/title>\n<meta name=\"description\" content=\"Euricse e Labsus organizzano il 1\u00b0 marzo a Trento un convegno per esplorare il cambiamento significativo nel panorama del volontariato in Italia.\" \/>\n<meta name=\"robots\" content=\"index, follow, max-snippet:-1, max-image-preview:large, max-video-preview:-1\" \/>\n<link rel=\"canonical\" href=\"https:\/\/euricse.eu\/it\/volontariato-e-volontariati\/\" \/>\n<meta property=\"og:locale\" content=\"it_IT\" \/>\n<meta property=\"og:type\" content=\"article\" \/>\n<meta property=\"og:title\" content=\"Volontariato e Volontariati - Euricse\" \/>\n<meta property=\"og:description\" content=\"Euricse e Labsus organizzano il 1\u00b0 marzo a Trento un convegno per esplorare il cambiamento significativo nel panorama del volontariato in Italia.\" \/>\n<meta property=\"og:url\" content=\"https:\/\/euricse.eu\/it\/volontariato-e-volontariati\/\" \/>\n<meta property=\"og:site_name\" content=\"Euricse\" \/>\n<meta property=\"article:published_time\" content=\"2024-01-31T16:35:55+00:00\" \/>\n<meta property=\"article:modified_time\" content=\"2024-02-22T12:29:24+00:00\" \/>\n<meta property=\"og:image\" content=\"https:\/\/euricse.eu\/wp-content\/uploads\/2024\/01\/Convegno_Volontariato_Social-e1706104652580.png\" \/>\n\t<meta property=\"og:image:width\" content=\"600\" \/>\n\t<meta property=\"og:image:height\" content=\"503\" \/>\n\t<meta property=\"og:image:type\" content=\"image\/png\" \/>\n<meta name=\"author\" content=\"Silvia\" \/>\n<meta name=\"twitter:card\" content=\"summary_large_image\" \/>\n<meta name=\"twitter:label1\" content=\"Scritto da\" \/>\n\t<meta name=\"twitter:data1\" content=\"Silvia\" \/>\n\t<meta name=\"twitter:label2\" content=\"Tempo di lettura stimato\" \/>\n\t<meta name=\"twitter:data2\" content=\"3 minuti\" \/>\n<script type=\"application\/ld+json\" class=\"yoast-schema-graph\">{\"@context\":\"https:\/\/schema.org\",\"@graph\":[{\"@type\":\"WebPage\",\"@id\":\"https:\/\/euricse.eu\/it\/volontariato-e-volontariati\/\",\"url\":\"https:\/\/euricse.eu\/it\/volontariato-e-volontariati\/\",\"name\":\"Volontariato e Volontariati - Euricse\",\"isPartOf\":{\"@id\":\"https:\/\/euricse.eu\/en\/#website\"},\"primaryImageOfPage\":{\"@id\":\"https:\/\/euricse.eu\/it\/volontariato-e-volontariati\/#primaryimage\"},\"image\":{\"@id\":\"https:\/\/euricse.eu\/it\/volontariato-e-volontariati\/#primaryimage\"},\"thumbnailUrl\":\"https:\/\/euricse.eu\/wp-content\/uploads\/2024\/01\/Convegno_Volontariato_Social-e1706104652580.png\",\"datePublished\":\"2024-01-31T16:35:55+00:00\",\"dateModified\":\"2024-02-22T12:29:24+00:00\",\"author\":{\"@id\":\"https:\/\/euricse.eu\/en\/#\/schema\/person\/a5b25693531e3458dfedff34c273ba14\"},\"description\":\"Euricse e Labsus organizzano il 1\u00b0 marzo a Trento un convegno per esplorare il cambiamento significativo nel panorama del volontariato in Italia.\",\"breadcrumb\":{\"@id\":\"https:\/\/euricse.eu\/it\/volontariato-e-volontariati\/#breadcrumb\"},\"inLanguage\":\"it-IT\",\"potentialAction\":[{\"@type\":\"ReadAction\",\"target\":[\"https:\/\/euricse.eu\/it\/volontariato-e-volontariati\/\"]}]},{\"@type\":\"ImageObject\",\"inLanguage\":\"it-IT\",\"@id\":\"https:\/\/euricse.eu\/it\/volontariato-e-volontariati\/#primaryimage\",\"url\":\"https:\/\/euricse.eu\/wp-content\/uploads\/2024\/01\/Convegno_Volontariato_Social-e1706104652580.png\",\"contentUrl\":\"https:\/\/euricse.eu\/wp-content\/uploads\/2024\/01\/Convegno_Volontariato_Social-e1706104652580.png\",\"width\":600,\"height\":503},{\"@type\":\"BreadcrumbList\",\"@id\":\"https:\/\/euricse.eu\/it\/volontariato-e-volontariati\/#breadcrumb\",\"itemListElement\":[{\"@type\":\"ListItem\",\"position\":1,\"name\":\"Home\",\"item\":\"https:\/\/euricse.eu\/it\/\"},{\"@type\":\"ListItem\",\"position\":2,\"name\":\"Volontariato e Volontariati\"}]},{\"@type\":\"WebSite\",\"@id\":\"https:\/\/euricse.eu\/en\/#website\",\"url\":\"https:\/\/euricse.eu\/en\/\",\"name\":\"Euricse\",\"description\":\"Knowledge and innovation for cooperative and social enterprises.\",\"potentialAction\":[{\"@type\":\"SearchAction\",\"target\":{\"@type\":\"EntryPoint\",\"urlTemplate\":\"https:\/\/euricse.eu\/en\/?s={search_term_string}\"},\"query-input\":{\"@type\":\"PropertyValueSpecification\",\"valueRequired\":true,\"valueName\":\"search_term_string\"}}],\"inLanguage\":\"it-IT\"},{\"@type\":\"Person\",\"@id\":\"https:\/\/euricse.eu\/en\/#\/schema\/person\/a5b25693531e3458dfedff34c273ba14\",\"name\":\"Silvia\",\"image\":{\"@type\":\"ImageObject\",\"inLanguage\":\"it-IT\",\"@id\":\"https:\/\/euricse.eu\/en\/#\/schema\/person\/image\/\",\"url\":\"https:\/\/secure.gravatar.com\/avatar\/3cef1082b65edc85f1a4c0caa7ce4808f397a517b7217eab6215fe435640f8f7?s=96&d=mm&r=g\",\"contentUrl\":\"https:\/\/secure.gravatar.com\/avatar\/3cef1082b65edc85f1a4c0caa7ce4808f397a517b7217eab6215fe435640f8f7?s=96&d=mm&r=g\",\"caption\":\"Silvia\"},\"url\":\"https:\/\/euricse.eu\/it\/author\/silvia\/\"}]}<\/script>\n<!-- \/ Yoast SEO plugin. -->","yoast_head_json":{"title":"Volontariato e Volontariati - Euricse","description":"Euricse e Labsus organizzano il 1\u00b0 marzo a Trento un convegno per esplorare il cambiamento significativo nel panorama del volontariato in Italia.","robots":{"index":"index","follow":"follow","max-snippet":"max-snippet:-1","max-image-preview":"max-image-preview:large","max-video-preview":"max-video-preview:-1"},"canonical":"https:\/\/euricse.eu\/it\/volontariato-e-volontariati\/","og_locale":"it_IT","og_type":"article","og_title":"Volontariato e Volontariati - Euricse","og_description":"Euricse e Labsus organizzano il 1\u00b0 marzo a Trento un convegno per esplorare il cambiamento significativo nel panorama del volontariato in Italia.","og_url":"https:\/\/euricse.eu\/it\/volontariato-e-volontariati\/","og_site_name":"Euricse","article_published_time":"2024-01-31T16:35:55+00:00","article_modified_time":"2024-02-22T12:29:24+00:00","og_image":[{"width":600,"height":503,"url":"https:\/\/euricse.eu\/wp-content\/uploads\/2024\/01\/Convegno_Volontariato_Social-e1706104652580.png","type":"image\/png"}],"author":"Silvia","twitter_card":"summary_large_image","twitter_misc":{"Scritto da":"Silvia","Tempo di lettura stimato":"3 minuti"},"schema":{"@context":"https:\/\/schema.org","@graph":[{"@type":"WebPage","@id":"https:\/\/euricse.eu\/it\/volontariato-e-volontariati\/","url":"https:\/\/euricse.eu\/it\/volontariato-e-volontariati\/","name":"Volontariato e Volontariati - Euricse","isPartOf":{"@id":"https:\/\/euricse.eu\/en\/#website"},"primaryImageOfPage":{"@id":"https:\/\/euricse.eu\/it\/volontariato-e-volontariati\/#primaryimage"},"image":{"@id":"https:\/\/euricse.eu\/it\/volontariato-e-volontariati\/#primaryimage"},"thumbnailUrl":"https:\/\/euricse.eu\/wp-content\/uploads\/2024\/01\/Convegno_Volontariato_Social-e1706104652580.png","datePublished":"2024-01-31T16:35:55+00:00","dateModified":"2024-02-22T12:29:24+00:00","author":{"@id":"https:\/\/euricse.eu\/en\/#\/schema\/person\/a5b25693531e3458dfedff34c273ba14"},"description":"Euricse e Labsus organizzano il 1\u00b0 marzo a Trento un convegno per esplorare il cambiamento significativo nel panorama del volontariato in Italia.","breadcrumb":{"@id":"https:\/\/euricse.eu\/it\/volontariato-e-volontariati\/#breadcrumb"},"inLanguage":"it-IT","potentialAction":[{"@type":"ReadAction","target":["https:\/\/euricse.eu\/it\/volontariato-e-volontariati\/"]}]},{"@type":"ImageObject","inLanguage":"it-IT","@id":"https:\/\/euricse.eu\/it\/volontariato-e-volontariati\/#primaryimage","url":"https:\/\/euricse.eu\/wp-content\/uploads\/2024\/01\/Convegno_Volontariato_Social-e1706104652580.png","contentUrl":"https:\/\/euricse.eu\/wp-content\/uploads\/2024\/01\/Convegno_Volontariato_Social-e1706104652580.png","width":600,"height":503},{"@type":"BreadcrumbList","@id":"https:\/\/euricse.eu\/it\/volontariato-e-volontariati\/#breadcrumb","itemListElement":[{"@type":"ListItem","position":1,"name":"Home","item":"https:\/\/euricse.eu\/it\/"},{"@type":"ListItem","position":2,"name":"Volontariato e Volontariati"}]},{"@type":"WebSite","@id":"https:\/\/euricse.eu\/en\/#website","url":"https:\/\/euricse.eu\/en\/","name":"Euricse","description":"Knowledge and innovation for cooperative and social enterprises.","potentialAction":[{"@type":"SearchAction","target":{"@type":"EntryPoint","urlTemplate":"https:\/\/euricse.eu\/en\/?s={search_term_string}"},"query-input":{"@type":"PropertyValueSpecification","valueRequired":true,"valueName":"search_term_string"}}],"inLanguage":"it-IT"},{"@type":"Person","@id":"https:\/\/euricse.eu\/en\/#\/schema\/person\/a5b25693531e3458dfedff34c273ba14","name":"Silvia","image":{"@type":"ImageObject","inLanguage":"it-IT","@id":"https:\/\/euricse.eu\/en\/#\/schema\/person\/image\/","url":"https:\/\/secure.gravatar.com\/avatar\/3cef1082b65edc85f1a4c0caa7ce4808f397a517b7217eab6215fe435640f8f7?s=96&d=mm&r=g","contentUrl":"https:\/\/secure.gravatar.com\/avatar\/3cef1082b65edc85f1a4c0caa7ce4808f397a517b7217eab6215fe435640f8f7?s=96&d=mm&r=g","caption":"Silvia"},"url":"https:\/\/euricse.eu\/it\/author\/silvia\/"}]}},"_links":{"self":[{"href":"https:\/\/euricse.eu\/it\/wp-json\/wp\/v2\/posts\/21004","targetHints":{"allow":["GET"]}}],"collection":[{"href":"https:\/\/euricse.eu\/it\/wp-json\/wp\/v2\/posts"}],"about":[{"href":"https:\/\/euricse.eu\/it\/wp-json\/wp\/v2\/types\/post"}],"author":[{"embeddable":true,"href":"https:\/\/euricse.eu\/it\/wp-json\/wp\/v2\/users\/32"}],"replies":[{"embeddable":true,"href":"https:\/\/euricse.eu\/it\/wp-json\/wp\/v2\/comments?post=21004"}],"version-history":[{"count":2,"href":"https:\/\/euricse.eu\/it\/wp-json\/wp\/v2\/posts\/21004\/revisions"}],"predecessor-version":[{"id":21227,"href":"https:\/\/euricse.eu\/it\/wp-json\/wp\/v2\/posts\/21004\/revisions\/21227"}],"wp:featuredmedia":[{"embeddable":true,"href":"https:\/\/euricse.eu\/it\/wp-json\/wp\/v2\/media\/21005"}],"wp:attachment":[{"href":"https:\/\/euricse.eu\/it\/wp-json\/wp\/v2\/media?parent=21004"}],"wp:term":[{"taxonomy":"category","embeddable":true,"href":"https:\/\/euricse.eu\/it\/wp-json\/wp\/v2\/categories?post=21004"},{"taxonomy":"post_tag","embeddable":true,"href":"https:\/\/euricse.eu\/it\/wp-json\/wp\/v2\/tags?post=21004"}],"curies":[{"name":"wp","href":"https:\/\/api.w.org\/{rel}","templated":true}]}}