{"id":21131,"date":"2024-01-30T16:35:57","date_gmt":"2024-01-30T16:35:57","guid":{"rendered":"https:\/\/euricse.eu\/?p=21131"},"modified":"2024-01-31T16:36:24","modified_gmt":"2024-01-31T16:36:24","slug":"intelligent-cities-lab","status":"publish","type":"post","link":"https:\/\/euricse.eu\/it\/intelligent-cities-lab\/","title":{"rendered":"Intelligent Cities Lab"},"content":{"rendered":"<p>Nel quadro dell&#8217;<a href=\"https:\/\/euricse.us2.list-manage.com\/track\/click?u=1c9965065e22b72afa91c6488&amp;id=814d1dcbba&amp;e=ae7053e526\" target=\"_blank\" rel=\"noopener\" data-saferedirecturl=\"https:\/\/www.google.com\/url?q=https:\/\/euricse.us2.list-manage.com\/track\/click?u%3D1c9965065e22b72afa91c6488%26id%3D814d1dcbba%26e%3Dae7053e526&amp;source=gmail&amp;ust=1706803273663000&amp;usg=AOvVaw35wB9oexFItWvmScpRDxt4\">Intelligent Cities Challenge<\/a>\u00a0della Commissione Europea, un&#8217;iniziativa volta a guidare le citt\u00e0 europee nella\u00a0<strong>transizione verde e digitale\u00a0<\/strong>delle loro\u00a0<strong>economie local<\/strong>i,<strong>\u00a0<\/strong>il nostro direttore,\u00a0<strong>Riccardo Bodini<\/strong>, coordina il\u00a0gruppo di esperti tematici sull&#8217;economia sociale.<strong>\u00a0<\/strong>I prossimi passi includono\u00a0la realizzazione dell\u2019<strong>Implementation<\/strong><strong>\u00a0<\/strong><strong>Lab<\/strong>\u00a0entro la fine di marzo. Durante questa\u00a0fase si svolgeranno workshop e laboratori che offriranno alle citt\u00e0 l&#8217;opportunit\u00e0 di discutere e riflettere sui loro progressi. Inoltre, le citt\u00e0 potranno condividere le loro migliori pratiche e affrontare le sfide affrontate.\u00a0Attualmente, \u00e8 in corso la selezione di esperti tematici che forniranno supporto alle citt\u00e0 su questioni legate all&#8217;economia sociale. Per coloro che sono interessati, ulteriori informazioni e la call sono disponibili a<a href=\"https:\/\/euricse.us2.list-manage.com\/track\/click?u=1c9965065e22b72afa91c6488&amp;id=abc421cce3&amp;e=ae7053e526\" target=\"_blank\" rel=\"noopener\" data-saferedirecturl=\"https:\/\/www.google.com\/url?q=https:\/\/euricse.us2.list-manage.com\/track\/click?u%3D1c9965065e22b72afa91c6488%26id%3Dabc421cce3%26e%3Dae7053e526&amp;source=gmail&amp;ust=1706803273663000&amp;usg=AOvVaw0X8JnLO5OQpohkL224lmYk\">\u00a0questo link<\/a>.<\/p>\n","protected":false},"excerpt":{"rendered":"<p>Nel quadro dell&#8217;Intelligent Cities Challenge\u00a0della Commissione Europea, un&#8217;iniziativa volta a guidare le citt\u00e0 europee nella\u00a0transizione verde e digitale\u00a0delle loro\u00a0economie locali,\u00a0il nostro direttore,\u00a0Riccardo Bodini, coordina il\u00a0gruppo di esperti tematici sull&#8217;economia sociale.<\/p>\n","protected":false},"author":32,"featured_media":21106,"comment_status":"closed","ping_status":"closed","sticky":false,"template":"","format":"standard","meta":{"_acf_changed":false,"episode_type":"","audio_file":"","cover_image":"","cover_image_id":"","duration":"","filesize":"","date_recorded":"","explicit":"","block":"","itunes_episode_number":"","itunes_title":"","itunes_season_number":"","itunes_episode_type":"","filesize_raw":"","footnotes":""},"categories":[17],"tags":[1335,1336],"class_list":["post-21131","post","type-post","status-publish","format-standard","has-post-thumbnail","hentry","category-news-it","tag-intelligent-cities-challenge","tag-riccardo-bodini-it"],"acf":[],"yoast_head":"<!-- This site is optimized with the Yoast SEO plugin v26.1.1 - https:\/\/yoast.com\/wordpress\/plugins\/seo\/ -->\n<title>Intelligent Cities Lab - Euricse<\/title>\n<meta name=\"description\" content=\"Nel quadro dell&#039;Intelligent Cities Challenge\u00a0della Commissione Europea, un&#039;iniziativa volta a guidare le citt\u00e0 europee nella\u00a0transizione verde e digitale\u00a0delle loro\u00a0economie locali,\u00a0il nostro direttore,\u00a0Riccardo Bodini, coordina il\u00a0gruppo di esperti tematici sull&#039;economia sociale.\" \/>\n<meta name=\"robots\" content=\"index, follow, max-snippet:-1, max-image-preview:large, max-video-preview:-1\" \/>\n<link rel=\"canonical\" href=\"https:\/\/euricse.eu\/it\/intelligent-cities-lab\/\" \/>\n<meta property=\"og:locale\" content=\"it_IT\" \/>\n<meta property=\"og:type\" content=\"article\" \/>\n<meta property=\"og:title\" content=\"Intelligent Cities Lab - Euricse\" \/>\n<meta property=\"og:description\" content=\"Nel quadro dell&#039;Intelligent Cities Challenge\u00a0della Commissione Europea, un&#039;iniziativa volta a guidare le citt\u00e0 europee nella\u00a0transizione verde e digitale\u00a0delle loro\u00a0economie locali,\u00a0il nostro direttore,\u00a0Riccardo Bodini, coordina il\u00a0gruppo di esperti tematici sull&#039;economia sociale.\" \/>\n<meta property=\"og:url\" content=\"https:\/\/euricse.eu\/it\/intelligent-cities-lab\/\" \/>\n<meta property=\"og:site_name\" content=\"Euricse\" \/>\n<meta property=\"article:published_time\" content=\"2024-01-30T16:35:57+00:00\" \/>\n<meta property=\"article:modified_time\" content=\"2024-01-31T16:36:24+00:00\" \/>\n<meta property=\"og:image\" content=\"https:\/\/euricse.eu\/wp-content\/uploads\/2024\/01\/ICC-strategy-cities-lab.jpg\" \/>\n\t<meta property=\"og:image:width\" content=\"300\" \/>\n\t<meta property=\"og:image:height\" content=\"300\" \/>\n\t<meta property=\"og:image:type\" content=\"image\/jpeg\" \/>\n<meta name=\"author\" content=\"Silvia\" \/>\n<meta name=\"twitter:card\" content=\"summary_large_image\" \/>\n<meta name=\"twitter:label1\" content=\"Scritto da\" \/>\n\t<meta name=\"twitter:data1\" content=\"Silvia\" \/>\n\t<meta name=\"twitter:label2\" content=\"Tempo di lettura stimato\" \/>\n\t<meta name=\"twitter:data2\" content=\"1 minuto\" \/>\n<script type=\"application\/ld+json\" class=\"yoast-schema-graph\">{\"@context\":\"https:\/\/schema.org\",\"@graph\":[{\"@type\":\"WebPage\",\"@id\":\"https:\/\/euricse.eu\/it\/intelligent-cities-lab\/\",\"url\":\"https:\/\/euricse.eu\/it\/intelligent-cities-lab\/\",\"name\":\"Intelligent Cities Lab - Euricse\",\"isPartOf\":{\"@id\":\"https:\/\/euricse.eu\/en\/#website\"},\"primaryImageOfPage\":{\"@id\":\"https:\/\/euricse.eu\/it\/intelligent-cities-lab\/#primaryimage\"},\"image\":{\"@id\":\"https:\/\/euricse.eu\/it\/intelligent-cities-lab\/#primaryimage\"},\"thumbnailUrl\":\"https:\/\/euricse.eu\/wp-content\/uploads\/2024\/01\/ICC-strategy-cities-lab.jpg\",\"datePublished\":\"2024-01-30T16:35:57+00:00\",\"dateModified\":\"2024-01-31T16:36:24+00:00\",\"author\":{\"@id\":\"https:\/\/euricse.eu\/en\/#\/schema\/person\/a5b25693531e3458dfedff34c273ba14\"},\"description\":\"Nel quadro dell'Intelligent Cities Challenge\u00a0della Commissione Europea, un'iniziativa volta a guidare le citt\u00e0 europee nella\u00a0transizione verde e digitale\u00a0delle loro\u00a0economie locali,\u00a0il nostro direttore,\u00a0Riccardo Bodini, coordina il\u00a0gruppo di esperti tematici sull'economia sociale.\",\"breadcrumb\":{\"@id\":\"https:\/\/euricse.eu\/it\/intelligent-cities-lab\/#breadcrumb\"},\"inLanguage\":\"it-IT\",\"potentialAction\":[{\"@type\":\"ReadAction\",\"target\":[\"https:\/\/euricse.eu\/it\/intelligent-cities-lab\/\"]}]},{\"@type\":\"ImageObject\",\"inLanguage\":\"it-IT\",\"@id\":\"https:\/\/euricse.eu\/it\/intelligent-cities-lab\/#primaryimage\",\"url\":\"https:\/\/euricse.eu\/wp-content\/uploads\/2024\/01\/ICC-strategy-cities-lab.jpg\",\"contentUrl\":\"https:\/\/euricse.eu\/wp-content\/uploads\/2024\/01\/ICC-strategy-cities-lab.jpg\",\"width\":300,\"height\":300},{\"@type\":\"BreadcrumbList\",\"@id\":\"https:\/\/euricse.eu\/it\/intelligent-cities-lab\/#breadcrumb\",\"itemListElement\":[{\"@type\":\"ListItem\",\"position\":1,\"name\":\"Home\",\"item\":\"https:\/\/euricse.eu\/it\/\"},{\"@type\":\"ListItem\",\"position\":2,\"name\":\"Intelligent Cities Lab\"}]},{\"@type\":\"WebSite\",\"@id\":\"https:\/\/euricse.eu\/en\/#website\",\"url\":\"https:\/\/euricse.eu\/en\/\",\"name\":\"Euricse\",\"description\":\"Knowledge and innovation for cooperative and social enterprises.\",\"potentialAction\":[{\"@type\":\"SearchAction\",\"target\":{\"@type\":\"EntryPoint\",\"urlTemplate\":\"https:\/\/euricse.eu\/en\/?s={search_term_string}\"},\"query-input\":{\"@type\":\"PropertyValueSpecification\",\"valueRequired\":true,\"valueName\":\"search_term_string\"}}],\"inLanguage\":\"it-IT\"},{\"@type\":\"Person\",\"@id\":\"https:\/\/euricse.eu\/en\/#\/schema\/person\/a5b25693531e3458dfedff34c273ba14\",\"name\":\"Silvia\",\"image\":{\"@type\":\"ImageObject\",\"inLanguage\":\"it-IT\",\"@id\":\"https:\/\/euricse.eu\/en\/#\/schema\/person\/image\/\",\"url\":\"https:\/\/secure.gravatar.com\/avatar\/3cef1082b65edc85f1a4c0caa7ce4808f397a517b7217eab6215fe435640f8f7?s=96&d=mm&r=g\",\"contentUrl\":\"https:\/\/secure.gravatar.com\/avatar\/3cef1082b65edc85f1a4c0caa7ce4808f397a517b7217eab6215fe435640f8f7?s=96&d=mm&r=g\",\"caption\":\"Silvia\"},\"url\":\"https:\/\/euricse.eu\/it\/author\/silvia\/\"}]}<\/script>\n<!-- \/ Yoast SEO plugin. -->","yoast_head_json":{"title":"Intelligent Cities Lab - Euricse","description":"Nel quadro dell'Intelligent Cities Challenge\u00a0della Commissione Europea, un'iniziativa volta a guidare le citt\u00e0 europee nella\u00a0transizione verde e digitale\u00a0delle loro\u00a0economie locali,\u00a0il nostro direttore,\u00a0Riccardo Bodini, coordina il\u00a0gruppo di esperti tematici sull'economia sociale.","robots":{"index":"index","follow":"follow","max-snippet":"max-snippet:-1","max-image-preview":"max-image-preview:large","max-video-preview":"max-video-preview:-1"},"canonical":"https:\/\/euricse.eu\/it\/intelligent-cities-lab\/","og_locale":"it_IT","og_type":"article","og_title":"Intelligent Cities Lab - Euricse","og_description":"Nel quadro dell'Intelligent Cities Challenge\u00a0della Commissione Europea, un'iniziativa volta a guidare le citt\u00e0 europee nella\u00a0transizione verde e digitale\u00a0delle loro\u00a0economie locali,\u00a0il nostro direttore,\u00a0Riccardo Bodini, coordina il\u00a0gruppo di esperti tematici sull'economia sociale.","og_url":"https:\/\/euricse.eu\/it\/intelligent-cities-lab\/","og_site_name":"Euricse","article_published_time":"2024-01-30T16:35:57+00:00","article_modified_time":"2024-01-31T16:36:24+00:00","og_image":[{"width":300,"height":300,"url":"https:\/\/euricse.eu\/wp-content\/uploads\/2024\/01\/ICC-strategy-cities-lab.jpg","type":"image\/jpeg"}],"author":"Silvia","twitter_card":"summary_large_image","twitter_misc":{"Scritto da":"Silvia","Tempo di lettura stimato":"1 minuto"},"schema":{"@context":"https:\/\/schema.org","@graph":[{"@type":"WebPage","@id":"https:\/\/euricse.eu\/it\/intelligent-cities-lab\/","url":"https:\/\/euricse.eu\/it\/intelligent-cities-lab\/","name":"Intelligent Cities Lab - Euricse","isPartOf":{"@id":"https:\/\/euricse.eu\/en\/#website"},"primaryImageOfPage":{"@id":"https:\/\/euricse.eu\/it\/intelligent-cities-lab\/#primaryimage"},"image":{"@id":"https:\/\/euricse.eu\/it\/intelligent-cities-lab\/#primaryimage"},"thumbnailUrl":"https:\/\/euricse.eu\/wp-content\/uploads\/2024\/01\/ICC-strategy-cities-lab.jpg","datePublished":"2024-01-30T16:35:57+00:00","dateModified":"2024-01-31T16:36:24+00:00","author":{"@id":"https:\/\/euricse.eu\/en\/#\/schema\/person\/a5b25693531e3458dfedff34c273ba14"},"description":"Nel quadro dell'Intelligent Cities Challenge\u00a0della Commissione Europea, un'iniziativa volta a guidare le citt\u00e0 europee nella\u00a0transizione verde e digitale\u00a0delle loro\u00a0economie locali,\u00a0il nostro direttore,\u00a0Riccardo Bodini, coordina il\u00a0gruppo di esperti tematici sull'economia sociale.","breadcrumb":{"@id":"https:\/\/euricse.eu\/it\/intelligent-cities-lab\/#breadcrumb"},"inLanguage":"it-IT","potentialAction":[{"@type":"ReadAction","target":["https:\/\/euricse.eu\/it\/intelligent-cities-lab\/"]}]},{"@type":"ImageObject","inLanguage":"it-IT","@id":"https:\/\/euricse.eu\/it\/intelligent-cities-lab\/#primaryimage","url":"https:\/\/euricse.eu\/wp-content\/uploads\/2024\/01\/ICC-strategy-cities-lab.jpg","contentUrl":"https:\/\/euricse.eu\/wp-content\/uploads\/2024\/01\/ICC-strategy-cities-lab.jpg","width":300,"height":300},{"@type":"BreadcrumbList","@id":"https:\/\/euricse.eu\/it\/intelligent-cities-lab\/#breadcrumb","itemListElement":[{"@type":"ListItem","position":1,"name":"Home","item":"https:\/\/euricse.eu\/it\/"},{"@type":"ListItem","position":2,"name":"Intelligent Cities Lab"}]},{"@type":"WebSite","@id":"https:\/\/euricse.eu\/en\/#website","url":"https:\/\/euricse.eu\/en\/","name":"Euricse","description":"Knowledge and innovation for cooperative and social enterprises.","potentialAction":[{"@type":"SearchAction","target":{"@type":"EntryPoint","urlTemplate":"https:\/\/euricse.eu\/en\/?s={search_term_string}"},"query-input":{"@type":"PropertyValueSpecification","valueRequired":true,"valueName":"search_term_string"}}],"inLanguage":"it-IT"},{"@type":"Person","@id":"https:\/\/euricse.eu\/en\/#\/schema\/person\/a5b25693531e3458dfedff34c273ba14","name":"Silvia","image":{"@type":"ImageObject","inLanguage":"it-IT","@id":"https:\/\/euricse.eu\/en\/#\/schema\/person\/image\/","url":"https:\/\/secure.gravatar.com\/avatar\/3cef1082b65edc85f1a4c0caa7ce4808f397a517b7217eab6215fe435640f8f7?s=96&d=mm&r=g","contentUrl":"https:\/\/secure.gravatar.com\/avatar\/3cef1082b65edc85f1a4c0caa7ce4808f397a517b7217eab6215fe435640f8f7?s=96&d=mm&r=g","caption":"Silvia"},"url":"https:\/\/euricse.eu\/it\/author\/silvia\/"}]}},"_links":{"self":[{"href":"https:\/\/euricse.eu\/it\/wp-json\/wp\/v2\/posts\/21131","targetHints":{"allow":["GET"]}}],"collection":[{"href":"https:\/\/euricse.eu\/it\/wp-json\/wp\/v2\/posts"}],"about":[{"href":"https:\/\/euricse.eu\/it\/wp-json\/wp\/v2\/types\/post"}],"author":[{"embeddable":true,"href":"https:\/\/euricse.eu\/it\/wp-json\/wp\/v2\/users\/32"}],"replies":[{"embeddable":true,"href":"https:\/\/euricse.eu\/it\/wp-json\/wp\/v2\/comments?post=21131"}],"version-history":[{"count":2,"href":"https:\/\/euricse.eu\/it\/wp-json\/wp\/v2\/posts\/21131\/revisions"}],"predecessor-version":[{"id":21133,"href":"https:\/\/euricse.eu\/it\/wp-json\/wp\/v2\/posts\/21131\/revisions\/21133"}],"wp:featuredmedia":[{"embeddable":true,"href":"https:\/\/euricse.eu\/it\/wp-json\/wp\/v2\/media\/21106"}],"wp:attachment":[{"href":"https:\/\/euricse.eu\/it\/wp-json\/wp\/v2\/media?parent=21131"}],"wp:term":[{"taxonomy":"category","embeddable":true,"href":"https:\/\/euricse.eu\/it\/wp-json\/wp\/v2\/categories?post=21131"},{"taxonomy":"post_tag","embeddable":true,"href":"https:\/\/euricse.eu\/it\/wp-json\/wp\/v2\/tags?post=21131"}],"curies":[{"name":"wp","href":"https:\/\/api.w.org\/{rel}","templated":true}]}}