{"id":21446,"date":"2024-03-01T15:27:06","date_gmt":"2024-03-01T15:27:06","guid":{"rendered":"https:\/\/euricse.eu\/?p=21446"},"modified":"2024-03-01T15:59:53","modified_gmt":"2024-03-01T15:59:53","slug":"il-volontariato-e-un-motore-di-trasformazione-sociale","status":"publish","type":"post","link":"https:\/\/euricse.eu\/it\/il-volontariato-e-un-motore-di-trasformazione-sociale\/","title":{"rendered":"Il Volontariato \u00e8 un motore di trasformazione sociale"},"content":{"rendered":"<p>Il volontariato non \u00e8 pi\u00f9 solamente un elemento di assistenza, ma emerge come un agente di trasformazione sociale, dinamico e diversificato, in un mondo in costante evoluzione. \u00c8 un universo plurale in cui ogni partecipante assume un ruolo consapevole all&#8217;interno di un&#8217;azione collettiva e organizzata. Tuttavia, \u00e8 anche una struttura robusta capace di interagire con istituzioni e comunit\u00e0, nonostante mostri alcune criticit\u00e0 in una societ\u00e0 sempre pi\u00f9 diseguale, frammentata e chiusa. Oggi a Trento, nel contesto del convegno &#8220;Volontariato e Volontariati&#8221;, promosso da Euricse e Labsus, sono stati esaminati gli sviluppi e i percorsi del volontariato a livello nazionale e in Trentino. Un evento che si inserisce nell&#8217;ambito dell&#8217;iniziativa &#8220;Trento Capitale Italiana ed Europea del Volontariato 2024&#8221;. Durante la mattinata, esperti e studiosi del Terzo Settore si sono riuniti a Palazzo Benvenuti, nel cuore della citt\u00e0, per esplorare la dinamica e la complessit\u00e0 del mondo del volontariato, contribuendo significativamente al dibattito su questo tema. Molto partecipato il convegno con oltre 140 persone in presenza nelle sale di Palazzo Benvenuti, e collegate online.<\/p>\n<p>&nbsp;<\/p>\n<p>Dopo i messaggi di benvenuto del sindaco di Trento, <strong>Franco Ianeselli,<\/strong> del presidente del Consiglio Provinciale, <strong>Claudio Soini<\/strong>, del presidente di Euricse, <strong>Mario Diani,<\/strong> e del presidente di Labsus, <strong>Pasquale Bonasora<\/strong>, il convegno ha preso avvio con gli interventi principali.<\/p>\n<p>Al prof. <strong>Gregorio Arena<\/strong> (Labsus e Universit\u00e0 di Trento), il compito di aprire i lavori e subito, l&#8217;attenzione sul concetto di volontariato da varie prospettive, esplorando l&#8217;evoluzione del volontariato fin dalle origini ad oggi, seguendo anche la normativa attraverso le riflessioni di <strong>Carlo Borzaga<\/strong> (Euricse e Universit\u00e0 di Trento) e di <strong>Felice Scalvini<\/strong> (Assifero).<\/p>\n<p>\u00abNegli anni &#8217;70 e &#8217;80, il volontariato emerge come un movimento sociale concreto, distintivo per il suo impegno diretto nei problemi anzich\u00e9 per manifestazioni o la creazione di partiti. Inizialmente caratterizzato da forme tradizionali, il &#8220;nuovo volontariato&#8221; si organizza in gruppi che affrontano attivamente le sfide sociali. La legge 266 del 1991 riconosce solo parzialmente il volontariato, limitandolo alle organizzazioni di volontariato (ODV). Questo riconoscimento parziale porta a dinamiche competitive e rallenta il passaggio da ODV a cooperative sociali. Con il tempo, il concetto di volontariato si amplia, includendo dimensioni come il &#8220;volontariato delle competenze&#8221; e il &#8220;volontariato d&#8217;impresa&#8221;. Il Codice del Terzo Settore introduce una definizione pi\u00f9 ampia di volontariato, riconoscendo volontari anche al di fuori delle ODV. A oggi il volontariato si trova di fronte a nuove sfide e opportunit\u00e0, richiedendo una riflessione continua e l&#8217;adattamento a una realt\u00e0 in evoluzione.\u00bb<\/p>\n<p><strong>Renato Frisanco<\/strong> (Associazione L. Tavazza), ricercatore sociale, studioso di volontariato e Terzo Settore ha ripercorso la parabola dell\u2019impegno sociale gratuito dagli anni 70 ad oggi. Fiaccato dal neoliberismo e da varie crisi, stretto tra il potere politico e quello economico, il fenomeno cambia pelle, ma mantiene una sua vitalit\u00e0. \u201cIl &#8220;volontariato postmoderno&#8221; rappresenta un salto qualitativo, passando da un concetto di &#8220;doverosit\u00e0 del gratuito&#8221; tipico dell&#8217;azione militante, a una &#8220;gratuit\u00e0 del doveroso&#8221;, rivolta a cittadini &#8220;adulti&#8221; e responsabili. Non senza per\u00f2 allontanarsi da quello che era il pensiero dei padri fondatori\u201d, con tutti i limiti della legge di Riforma del Terzo Settore\u201d.<\/p>\n<p>Il professore <strong>Luca Gori<\/strong>, della <strong>Scuola Superiore Sant&#8217;Anna di Pisa<\/strong>, si \u00e8 soffermato sulla definizione legale di volontario e di attivit\u00e0 di volontariato e le sfide che presentano sul piano giuridico. \u00ab\u00c8 una definizione sospesa fra il passato \u2013 ci\u00f2 che \u00e8 gi\u00e0 avvenuto \u2013 ed il futuro \u2013 le nuove manifestazioni dell\u2019attivismo civico. Il Codice del Terzo Settore ha portato innovazioni importanti. Occorre una grande attenzione e sensibilit\u00e0 nel momento in cui si descrive questo comportamento espressione di una libert\u00e0, costituzionalmente tutelata, al piano delle regole da osservare, molto stringenti. Il diritto del \u201cvolontariato\u201d si muove lungo questo percorso difficile fra libert\u00e0 e regolamentazione giuridica e la riflessione \u00e8 sempre, inevitabilmente aperta. Basti pensare al volontariato individuale, al volontariato digitale, al volontariato per le pubbliche amministrazioni, ecc. Si tratta di \u201csfide\u201d giuridiche, sociali e culturali assolutamente aperte\u00bb.<\/p>\n<p>Affrontando il tema del &#8220;volontariato in movimento&#8221; per sostenere le persone vulnerabili e curare i territori, la presidente di CSVnet, <strong>Chiara Tommasini<\/strong>, ha discusso delle sfide attuali. \u00abI cambiamenti e le nuove esigenze del volontariato sono temi centrali nel lavoro quotidiano del sistema dei centri di servizio per il volontariato. Il volontariato oggi \u00e8 diverso da quello di anni fa, sono diverse le esigenze, le motivazioni e anche i ritmi di vita, gli si richiede di essere sempre pi\u00f9 innovativo e &#8220;performante&#8221; rispetto ai bisogni sociali in continuo mutamento e a nuovi interlocutori con cui \u00e8 chiamato ad interagire (pubbliche amministrazioni, imprese etc). Per questo negli ultimi anni abbiamo puntato molto alla ridefinizione della nostra vision e delle strategie da mettere in campo per poter sostenere ed accompagnare al meglio le organizzazioni in un periodo di grandi cambiamenti; ma \u00a0soprattutto per riuscire ad intercettare la voglia di impegno di tanti cittadine e cittadini che, se incanalata in progettualit\u00e0 ampie, pu\u00f2 fare la differenza per cambiare in meglio le comunit\u00e0 in cui viviamo\u201d ha detto\u00a0<strong>Chiara Tommasini<\/strong>, presidente CSVnet\u00bb.<\/p>\n<p>Nella seconda sessione, condotta da <strong>Mirella Maturo<\/strong> di Euricse, l\u2019attenzione si \u00e8 focalizzata sul potenziale trasformativo delle nuove forme di volontariato al di fuori delle organizzazioni del Terzo Settore. Il ricercatore di Euricse, <strong>Jacopo Sforzi,<\/strong> ha evidenziato un cambiamento significativo nel volontariato, indicando che non \u00e8 pi\u00f9 strettamente legato alle associazioni formalizzate. \u00abAttualmente, ogni cittadino ha molteplici opportunit\u00e0 di partecipare attivamente alla cura del territorio e del bene comune, collaborando con l&#8217;ente pubblico e la comunit\u00e0. Questo fenomeno si traduce in un panorama diversificato in cui ciascun partecipante assume un ruolo consapevole all&#8217;interno di un&#8217;azione collettiva e organizzata. Si nota un crescente desiderio di partecipazione, sia fisica che virtuale, accompagnato da un maggiore impegno individuale nel rispondere ai bisogni sociali, siano essi tradizionali o emergenti. Nuove forme di organizzazione della comunit\u00e0 stanno emergendo, guidate dal desiderio degli abitanti di coinvolgersi personalmente per affrontare le sfide e le difficolt\u00e0 della propria comunit\u00e0 (alcuni esempi:<strong> empori solidali, portinerie di quartiere, community hub&#8230;<\/strong> come evidenziato nel rapporto &#8220;Le Comunit\u00e0 Intraprendenti in Italia&#8221; curato da Euricse<strong>. <\/strong><\/p>\n<p><strong>Elena Taverna<\/strong>, esperta in progettazione sociale, ha presentato pratiche emergenti di solidariet\u00e0 e partecipazione orientate a (ri)costruire legami sociali ed economici locali attraverso la cooperazione. Ha condiviso l&#8217;esperienza di lavoro con le comunit\u00e0 e il comune di Milano nel progetto &#8220;Luoghi Comuni&#8221; di Labsus e Italia Nostra Onlus &#8211; Centro di Forestazione Urbana e sostenuto da Fondazione Cariplo . Il progetto, incentrato sulla rigenerazione di spazi aperti collettivi, \u00e8 terminato ufficialmente con 13 patti di collaborazione attivati, portando a significativi cambiamenti materiali nel quartiere e nella comunit\u00e0. Questi accordi intersecano diverse progettualit\u00e0 su varie scale, ma ci\u00f2 che emerge come pi\u00f9 significativo \u00e8 la nuova consapevolezza acquisita dai cittadini, che si sono trasformati in &#8220;compagni di viaggio&#8221;. Questa consapevolezza riflette la convinzione che il cambiamento sia possibile in qualsiasi contesto, sia esso il proprio quartiere, la propria citt\u00e0, l&#8217;Italia o il mondo intero.<b>\u00a0<\/b><\/p>\n<p><strong>Francesca Fiori e Maddalena Recla<\/strong> di CSV Trentino hanno investigato le modalit\u00e0 attraverso le quali i giovani possono essere coinvolti nelle nuove forme di volontariato, con un focus specifico sull&#8217;ambiente e il territorio, e come tali iniziative possano collaborare con il volontariato tradizionale. \u00abQuando si parla di volontariato e giovani spesso si sottolinea la diminuzione della partecipazione ma non \u00e8 solo una questione di numeri in calo; ad essere a rischio \u00e8 anche la qualit\u00e0 della partecipazione e delle relazioni di cui il volontariato \u00e8 portatore. Da questo nasce la necessit\u00e0 di ragionare e leggere insieme i mutamenti in corso, per individuare poi strumenti e modalit\u00e0 efficaci &#8211; ha detto Francesca Fiori &#8211; nuove forme di volontariato e attivismo, nonch\u00e9 nuove modalit\u00e0 di incontro e collaborazione con il volontariato pi\u00f9 tradizionale per poter intercettare le energie dei pi\u00f9 giovani che sono presenti all\u2019interno delle comunit\u00e0 in forme differenti\u00bb.<\/p>\n<p>&nbsp;<\/p>\n<p><strong>Per approfondire ulteriormente questo tema, vi invitiamo a consultare e contribuire alla nostra <\/strong><a href=\"https:\/\/euricse.eu\/it\/volontariato-e-volontariati-la-bibliografia-partecipata\/\"><strong>bibliografia partecipata<\/strong><\/a><strong>, dove troverete articoli e materiali di approfondimento, incluse le relazioni dei relatori di oggi. <\/strong><\/p>\n<p><strong>\u00a0<\/strong><\/p>\n","protected":false},"excerpt":{"rendered":"<p>Oggi a Trento, nel contesto del convegno &#8220;Volontariato e Volontariati&#8221;, promosso da Euricse e Labsus, sono stati esaminati gli sviluppi e i percorsi del volontariato a livello nazionale e in Trentino. Un evento che si inserisce nell&#8217;ambito dell&#8217;iniziativa &#8220;Trento Capitale Italiana ed Europea del Volontariato 2024&#8221;.<\/p>\n","protected":false},"author":32,"featured_media":21449,"comment_status":"closed","ping_status":"closed","sticky":false,"template":"","format":"standard","meta":{"_acf_changed":false,"episode_type":"","audio_file":"","cover_image":"","cover_image_id":"","duration":"","filesize":"","date_recorded":"","explicit":"","block":"","itunes_episode_number":"","itunes_title":"","itunes_season_number":"","itunes_episode_type":"","filesize_raw":"","footnotes":""},"categories":[17],"tags":[142,651,1366],"class_list":["post-21446","post","type-post","status-publish","format-standard","has-post-thumbnail","hentry","category-news-it","tag-volontariato","tag-euricse","tag-labsus"],"acf":[],"yoast_head":"<!-- This site is optimized with the Yoast SEO plugin v26.1.1 - https:\/\/yoast.com\/wordpress\/plugins\/seo\/ -->\n<title>Il Volontariato \u00e8 un motore di trasformazione sociale - Euricse<\/title>\n<meta name=\"description\" content=\"Oggi a Trento, nel contesto del convegno &quot;Volontariato e Volontariati&quot;, promosso da Euricse e Labsus, sono stati esaminati gli sviluppi e i percorsi del volontariato a livello nazionale e in Trentino. Un evento che si inserisce nell&#039;ambito dell&#039;iniziativa &quot;Trento Capitale Italiana ed Europea del Volontariato 2024&quot;.\" \/>\n<meta name=\"robots\" content=\"index, follow, max-snippet:-1, max-image-preview:large, max-video-preview:-1\" \/>\n<link rel=\"canonical\" href=\"https:\/\/euricse.eu\/it\/il-volontariato-e-un-motore-di-trasformazione-sociale\/\" \/>\n<meta property=\"og:locale\" content=\"it_IT\" \/>\n<meta property=\"og:type\" content=\"article\" \/>\n<meta property=\"og:title\" content=\"Il Volontariato \u00e8 un motore di trasformazione sociale - Euricse\" \/>\n<meta property=\"og:description\" content=\"Oggi a Trento, nel contesto del convegno &quot;Volontariato e Volontariati&quot;, promosso da Euricse e Labsus, sono stati esaminati gli sviluppi e i percorsi del volontariato a livello nazionale e in Trentino. Un evento che si inserisce nell&#039;ambito dell&#039;iniziativa &quot;Trento Capitale Italiana ed Europea del Volontariato 2024&quot;.\" \/>\n<meta property=\"og:url\" content=\"https:\/\/euricse.eu\/it\/il-volontariato-e-un-motore-di-trasformazione-sociale\/\" \/>\n<meta property=\"og:site_name\" content=\"Euricse\" \/>\n<meta property=\"article:published_time\" content=\"2024-03-01T15:27:06+00:00\" \/>\n<meta property=\"article:modified_time\" content=\"2024-03-01T15:59:53+00:00\" \/>\n<meta property=\"og:image\" content=\"https:\/\/euricse.eu\/wp-content\/uploads\/2024\/03\/Franco-Ianselli-Sindaco-di-Trento.jpg\" \/>\n\t<meta property=\"og:image:width\" content=\"720\" \/>\n\t<meta property=\"og:image:height\" content=\"1280\" \/>\n\t<meta property=\"og:image:type\" content=\"image\/jpeg\" \/>\n<meta name=\"author\" content=\"Silvia\" \/>\n<meta name=\"twitter:card\" content=\"summary_large_image\" \/>\n<meta name=\"twitter:label1\" content=\"Scritto da\" \/>\n\t<meta name=\"twitter:data1\" content=\"Silvia\" \/>\n\t<meta name=\"twitter:label2\" content=\"Tempo di lettura stimato\" \/>\n\t<meta name=\"twitter:data2\" content=\"8 minuti\" \/>\n<script type=\"application\/ld+json\" class=\"yoast-schema-graph\">{\"@context\":\"https:\/\/schema.org\",\"@graph\":[{\"@type\":\"WebPage\",\"@id\":\"https:\/\/euricse.eu\/it\/il-volontariato-e-un-motore-di-trasformazione-sociale\/\",\"url\":\"https:\/\/euricse.eu\/it\/il-volontariato-e-un-motore-di-trasformazione-sociale\/\",\"name\":\"Il Volontariato \u00e8 un motore di trasformazione sociale - Euricse\",\"isPartOf\":{\"@id\":\"https:\/\/euricse.eu\/en\/#website\"},\"primaryImageOfPage\":{\"@id\":\"https:\/\/euricse.eu\/it\/il-volontariato-e-un-motore-di-trasformazione-sociale\/#primaryimage\"},\"image\":{\"@id\":\"https:\/\/euricse.eu\/it\/il-volontariato-e-un-motore-di-trasformazione-sociale\/#primaryimage\"},\"thumbnailUrl\":\"https:\/\/euricse.eu\/wp-content\/uploads\/2024\/03\/Franco-Ianselli-Sindaco-di-Trento.jpg\",\"datePublished\":\"2024-03-01T15:27:06+00:00\",\"dateModified\":\"2024-03-01T15:59:53+00:00\",\"author\":{\"@id\":\"https:\/\/euricse.eu\/en\/#\/schema\/person\/a5b25693531e3458dfedff34c273ba14\"},\"description\":\"Oggi a Trento, nel contesto del convegno \\\"Volontariato e Volontariati\\\", promosso da Euricse e Labsus, sono stati esaminati gli sviluppi e i percorsi del volontariato a livello nazionale e in Trentino. Un evento che si inserisce nell'ambito dell'iniziativa \\\"Trento Capitale Italiana ed Europea del Volontariato 2024\\\".\",\"breadcrumb\":{\"@id\":\"https:\/\/euricse.eu\/it\/il-volontariato-e-un-motore-di-trasformazione-sociale\/#breadcrumb\"},\"inLanguage\":\"it-IT\",\"potentialAction\":[{\"@type\":\"ReadAction\",\"target\":[\"https:\/\/euricse.eu\/it\/il-volontariato-e-un-motore-di-trasformazione-sociale\/\"]}]},{\"@type\":\"ImageObject\",\"inLanguage\":\"it-IT\",\"@id\":\"https:\/\/euricse.eu\/it\/il-volontariato-e-un-motore-di-trasformazione-sociale\/#primaryimage\",\"url\":\"https:\/\/euricse.eu\/wp-content\/uploads\/2024\/03\/Franco-Ianselli-Sindaco-di-Trento.jpg\",\"contentUrl\":\"https:\/\/euricse.eu\/wp-content\/uploads\/2024\/03\/Franco-Ianselli-Sindaco-di-Trento.jpg\",\"width\":720,\"height\":1280},{\"@type\":\"BreadcrumbList\",\"@id\":\"https:\/\/euricse.eu\/it\/il-volontariato-e-un-motore-di-trasformazione-sociale\/#breadcrumb\",\"itemListElement\":[{\"@type\":\"ListItem\",\"position\":1,\"name\":\"Home\",\"item\":\"https:\/\/euricse.eu\/it\/\"},{\"@type\":\"ListItem\",\"position\":2,\"name\":\"Il Volontariato \u00e8 un motore di trasformazione sociale\"}]},{\"@type\":\"WebSite\",\"@id\":\"https:\/\/euricse.eu\/en\/#website\",\"url\":\"https:\/\/euricse.eu\/en\/\",\"name\":\"Euricse\",\"description\":\"Knowledge and innovation for cooperative and social enterprises.\",\"potentialAction\":[{\"@type\":\"SearchAction\",\"target\":{\"@type\":\"EntryPoint\",\"urlTemplate\":\"https:\/\/euricse.eu\/en\/?s={search_term_string}\"},\"query-input\":{\"@type\":\"PropertyValueSpecification\",\"valueRequired\":true,\"valueName\":\"search_term_string\"}}],\"inLanguage\":\"it-IT\"},{\"@type\":\"Person\",\"@id\":\"https:\/\/euricse.eu\/en\/#\/schema\/person\/a5b25693531e3458dfedff34c273ba14\",\"name\":\"Silvia\",\"image\":{\"@type\":\"ImageObject\",\"inLanguage\":\"it-IT\",\"@id\":\"https:\/\/euricse.eu\/en\/#\/schema\/person\/image\/\",\"url\":\"https:\/\/secure.gravatar.com\/avatar\/3cef1082b65edc85f1a4c0caa7ce4808f397a517b7217eab6215fe435640f8f7?s=96&d=mm&r=g\",\"contentUrl\":\"https:\/\/secure.gravatar.com\/avatar\/3cef1082b65edc85f1a4c0caa7ce4808f397a517b7217eab6215fe435640f8f7?s=96&d=mm&r=g\",\"caption\":\"Silvia\"},\"url\":\"https:\/\/euricse.eu\/it\/author\/silvia\/\"}]}<\/script>\n<!-- \/ Yoast SEO plugin. -->","yoast_head_json":{"title":"Il Volontariato \u00e8 un motore di trasformazione sociale - Euricse","description":"Oggi a Trento, nel contesto del convegno \"Volontariato e Volontariati\", promosso da Euricse e Labsus, sono stati esaminati gli sviluppi e i percorsi del volontariato a livello nazionale e in Trentino. Un evento che si inserisce nell'ambito dell'iniziativa \"Trento Capitale Italiana ed Europea del Volontariato 2024\".","robots":{"index":"index","follow":"follow","max-snippet":"max-snippet:-1","max-image-preview":"max-image-preview:large","max-video-preview":"max-video-preview:-1"},"canonical":"https:\/\/euricse.eu\/it\/il-volontariato-e-un-motore-di-trasformazione-sociale\/","og_locale":"it_IT","og_type":"article","og_title":"Il Volontariato \u00e8 un motore di trasformazione sociale - Euricse","og_description":"Oggi a Trento, nel contesto del convegno \"Volontariato e Volontariati\", promosso da Euricse e Labsus, sono stati esaminati gli sviluppi e i percorsi del volontariato a livello nazionale e in Trentino. Un evento che si inserisce nell'ambito dell'iniziativa \"Trento Capitale Italiana ed Europea del Volontariato 2024\".","og_url":"https:\/\/euricse.eu\/it\/il-volontariato-e-un-motore-di-trasformazione-sociale\/","og_site_name":"Euricse","article_published_time":"2024-03-01T15:27:06+00:00","article_modified_time":"2024-03-01T15:59:53+00:00","og_image":[{"width":720,"height":1280,"url":"https:\/\/euricse.eu\/wp-content\/uploads\/2024\/03\/Franco-Ianselli-Sindaco-di-Trento.jpg","type":"image\/jpeg"}],"author":"Silvia","twitter_card":"summary_large_image","twitter_misc":{"Scritto da":"Silvia","Tempo di lettura stimato":"8 minuti"},"schema":{"@context":"https:\/\/schema.org","@graph":[{"@type":"WebPage","@id":"https:\/\/euricse.eu\/it\/il-volontariato-e-un-motore-di-trasformazione-sociale\/","url":"https:\/\/euricse.eu\/it\/il-volontariato-e-un-motore-di-trasformazione-sociale\/","name":"Il Volontariato \u00e8 un motore di trasformazione sociale - Euricse","isPartOf":{"@id":"https:\/\/euricse.eu\/en\/#website"},"primaryImageOfPage":{"@id":"https:\/\/euricse.eu\/it\/il-volontariato-e-un-motore-di-trasformazione-sociale\/#primaryimage"},"image":{"@id":"https:\/\/euricse.eu\/it\/il-volontariato-e-un-motore-di-trasformazione-sociale\/#primaryimage"},"thumbnailUrl":"https:\/\/euricse.eu\/wp-content\/uploads\/2024\/03\/Franco-Ianselli-Sindaco-di-Trento.jpg","datePublished":"2024-03-01T15:27:06+00:00","dateModified":"2024-03-01T15:59:53+00:00","author":{"@id":"https:\/\/euricse.eu\/en\/#\/schema\/person\/a5b25693531e3458dfedff34c273ba14"},"description":"Oggi a Trento, nel contesto del convegno \"Volontariato e Volontariati\", promosso da Euricse e Labsus, sono stati esaminati gli sviluppi e i percorsi del volontariato a livello nazionale e in Trentino. Un evento che si inserisce nell'ambito dell'iniziativa \"Trento Capitale Italiana ed Europea del Volontariato 2024\".","breadcrumb":{"@id":"https:\/\/euricse.eu\/it\/il-volontariato-e-un-motore-di-trasformazione-sociale\/#breadcrumb"},"inLanguage":"it-IT","potentialAction":[{"@type":"ReadAction","target":["https:\/\/euricse.eu\/it\/il-volontariato-e-un-motore-di-trasformazione-sociale\/"]}]},{"@type":"ImageObject","inLanguage":"it-IT","@id":"https:\/\/euricse.eu\/it\/il-volontariato-e-un-motore-di-trasformazione-sociale\/#primaryimage","url":"https:\/\/euricse.eu\/wp-content\/uploads\/2024\/03\/Franco-Ianselli-Sindaco-di-Trento.jpg","contentUrl":"https:\/\/euricse.eu\/wp-content\/uploads\/2024\/03\/Franco-Ianselli-Sindaco-di-Trento.jpg","width":720,"height":1280},{"@type":"BreadcrumbList","@id":"https:\/\/euricse.eu\/it\/il-volontariato-e-un-motore-di-trasformazione-sociale\/#breadcrumb","itemListElement":[{"@type":"ListItem","position":1,"name":"Home","item":"https:\/\/euricse.eu\/it\/"},{"@type":"ListItem","position":2,"name":"Il Volontariato \u00e8 un motore di trasformazione sociale"}]},{"@type":"WebSite","@id":"https:\/\/euricse.eu\/en\/#website","url":"https:\/\/euricse.eu\/en\/","name":"Euricse","description":"Knowledge and innovation for cooperative and social enterprises.","potentialAction":[{"@type":"SearchAction","target":{"@type":"EntryPoint","urlTemplate":"https:\/\/euricse.eu\/en\/?s={search_term_string}"},"query-input":{"@type":"PropertyValueSpecification","valueRequired":true,"valueName":"search_term_string"}}],"inLanguage":"it-IT"},{"@type":"Person","@id":"https:\/\/euricse.eu\/en\/#\/schema\/person\/a5b25693531e3458dfedff34c273ba14","name":"Silvia","image":{"@type":"ImageObject","inLanguage":"it-IT","@id":"https:\/\/euricse.eu\/en\/#\/schema\/person\/image\/","url":"https:\/\/secure.gravatar.com\/avatar\/3cef1082b65edc85f1a4c0caa7ce4808f397a517b7217eab6215fe435640f8f7?s=96&d=mm&r=g","contentUrl":"https:\/\/secure.gravatar.com\/avatar\/3cef1082b65edc85f1a4c0caa7ce4808f397a517b7217eab6215fe435640f8f7?s=96&d=mm&r=g","caption":"Silvia"},"url":"https:\/\/euricse.eu\/it\/author\/silvia\/"}]}},"_links":{"self":[{"href":"https:\/\/euricse.eu\/it\/wp-json\/wp\/v2\/posts\/21446","targetHints":{"allow":["GET"]}}],"collection":[{"href":"https:\/\/euricse.eu\/it\/wp-json\/wp\/v2\/posts"}],"about":[{"href":"https:\/\/euricse.eu\/it\/wp-json\/wp\/v2\/types\/post"}],"author":[{"embeddable":true,"href":"https:\/\/euricse.eu\/it\/wp-json\/wp\/v2\/users\/32"}],"replies":[{"embeddable":true,"href":"https:\/\/euricse.eu\/it\/wp-json\/wp\/v2\/comments?post=21446"}],"version-history":[{"count":2,"href":"https:\/\/euricse.eu\/it\/wp-json\/wp\/v2\/posts\/21446\/revisions"}],"predecessor-version":[{"id":21455,"href":"https:\/\/euricse.eu\/it\/wp-json\/wp\/v2\/posts\/21446\/revisions\/21455"}],"wp:featuredmedia":[{"embeddable":true,"href":"https:\/\/euricse.eu\/it\/wp-json\/wp\/v2\/media\/21449"}],"wp:attachment":[{"href":"https:\/\/euricse.eu\/it\/wp-json\/wp\/v2\/media?parent=21446"}],"wp:term":[{"taxonomy":"category","embeddable":true,"href":"https:\/\/euricse.eu\/it\/wp-json\/wp\/v2\/categories?post=21446"},{"taxonomy":"post_tag","embeddable":true,"href":"https:\/\/euricse.eu\/it\/wp-json\/wp\/v2\/tags?post=21446"}],"curies":[{"name":"wp","href":"https:\/\/api.w.org\/{rel}","templated":true}]}}