{"id":22640,"date":"2024-03-28T11:27:34","date_gmt":"2024-03-28T11:27:34","guid":{"rendered":"https:\/\/euricse.eu\/?p=22640"},"modified":"2024-04-02T10:55:23","modified_gmt":"2024-04-02T09:55:23","slug":"le-imprese-di-comunita-in-italia-presentazione-online-del-report","status":"publish","type":"post","link":"https:\/\/euricse.eu\/it\/le-imprese-di-comunita-in-italia-presentazione-online-del-report\/","title":{"rendered":"Le Imprese di Comunit\u00e0 in Italia: evento"},"content":{"rendered":"<p>Il nostro nuovo rapporto, &#8220;<strong>Le Imprese di Comunit\u00e0 in Italia<\/strong>&#8220;, sar\u00e0 presto disponibile sul nostro sito web. Invitiamo tutti coloro che sono interessati a saperne di pi\u00f9 a segnare sul calendario la data di <strong>mercoled\u00ec 3 aprile 2024 alle 17:00.<\/strong> La presentazione sar\u00e0 condotta in modalit\u00e0 online dai curatori <strong>Jacopo Sforzi <\/strong>(<em>Euricse<\/em>) e <strong>Annalisa Spalazzi<\/strong> (<em>Euricse e Gran Sasso Science Institute<\/em>) e includer\u00e0 la partecipazione di ospiti di rilievo nazionale e testimonianze dirette provenienti da diverse regioni italiane.<\/p>\n<h5><a href=\"https:\/\/euricse.eu\/wp-content\/uploads\/2024\/03\/Le-imprese-di-comunita_rapportoEuricse_3aprile24.pdf\">Scopri il programma<\/a><\/h5>\n<ul>\n<li><span style=\"font-family: arial, sans-serif;\">Data l&#8217;ampia attenzione suscitata, l&#8217;evento sar\u00e0 trasmesso ANCHE in diretta <a href=\"https:\/\/www.youtube.com\/@EURICSEconomiaSociale\/stream\">sul canale YouTube di Euricse.\u00a0<\/a><\/span><\/li>\n<\/ul>\n<p>&nbsp;<\/p>\n<p><span class=\"OYPEnA text-decoration-none text-strikethrough-none\">Il Rapporto &#8220;<em>Le imprese di comunit\u00e0 in Italia. Tratti distintivi e traiettorie di sviluppo<\/em>&#8221; \u00e8 realizzato nell\u2019ambito del progetto di ricerca \u201c<a href=\"https:\/\/euricse.eu\/it\/projects\/comunita-intraprendenti\/\">Comunit\u00e0 intraprendenti alla ricerca di pratiche di trasformazione sociale<\/a>\u201d che vede oltre all\u2019impegno scientifico di Euricse, anche il contributo e la collaborazione di <strong>Fondazione Compagnia di San Paolo<\/strong>, <strong>Fondazione CRC<\/strong>, <strong>Fondazione con il Sud<\/strong>, <strong>FondoSviluppo FVG<\/strong> e dell\u2019<strong>Alleanza delle Cooperative Italiane.\u00a0<\/strong><\/span><\/p>\n<p>&nbsp;<\/p>\n","protected":false},"excerpt":{"rendered":"<p>La presentazione online del nostro nuovo rapporto sulle Imprese di Comunit\u00e0 in Italia, curato da Jacopo Sforzi e Annalisa Spalazzi, avr\u00e0 luogo il 3 aprile 2024 alle 17:00, con ospiti nazionali e testimonianze regionali.<\/p>\n","protected":false},"author":32,"featured_media":15249,"comment_status":"closed","ping_status":"closed","sticky":false,"template":"","format":"standard","meta":{"_acf_changed":false,"episode_type":"","audio_file":"","cover_image":"","cover_image_id":"","duration":"","filesize":"","date_recorded":"","explicit":"","block":"","itunes_episode_number":"","itunes_title":"","itunes_season_number":"","itunes_episode_type":"","filesize_raw":"","footnotes":""},"categories":[17],"tags":[],"class_list":["post-22640","post","type-post","status-publish","format-standard","has-post-thumbnail","hentry","category-news-it"],"acf":[],"yoast_head":"<!-- This site is optimized with the Yoast SEO plugin v26.1.1 - https:\/\/yoast.com\/wordpress\/plugins\/seo\/ -->\n<title>Le Imprese di Comunit\u00e0 in Italia: evento - Euricse<\/title>\n<meta name=\"description\" content=\"La presentazione online del nostro nuovo rapporto sulle Imprese di Comunit\u00e0 in Italia, cdaurato Jacopo Sforzi e Annalisa Spalazzi, avr\u00e0 luogo il 3 aprile 2024 alle 17:00, con ospiti nazionali e testimonianze regionali.\" \/>\n<meta name=\"robots\" content=\"index, follow, max-snippet:-1, max-image-preview:large, max-video-preview:-1\" \/>\n<link rel=\"canonical\" href=\"https:\/\/euricse.eu\/it\/le-imprese-di-comunita-in-italia-presentazione-online-del-report\/\" \/>\n<meta property=\"og:locale\" content=\"it_IT\" \/>\n<meta property=\"og:type\" content=\"article\" \/>\n<meta property=\"og:title\" content=\"Le Imprese di Comunit\u00e0 in Italia: evento - Euricse\" \/>\n<meta property=\"og:description\" content=\"La presentazione online del nostro nuovo rapporto sulle Imprese di Comunit\u00e0 in Italia, cdaurato Jacopo Sforzi e Annalisa Spalazzi, avr\u00e0 luogo il 3 aprile 2024 alle 17:00, con ospiti nazionali e testimonianze regionali.\" \/>\n<meta property=\"og:url\" content=\"https:\/\/euricse.eu\/it\/le-imprese-di-comunita-in-italia-presentazione-online-del-report\/\" \/>\n<meta property=\"og:site_name\" content=\"Euricse\" \/>\n<meta property=\"article:published_time\" content=\"2024-03-28T11:27:34+00:00\" \/>\n<meta property=\"article:modified_time\" content=\"2024-04-02T09:55:23+00:00\" \/>\n<meta property=\"og:image\" content=\"https:\/\/euricse.eu\/wp-content\/uploads\/2022\/04\/ComunitaIntraprendenti.jpg\" \/>\n\t<meta property=\"og:image:width\" content=\"500\" \/>\n\t<meta property=\"og:image:height\" content=\"220\" \/>\n\t<meta property=\"og:image:type\" content=\"image\/jpeg\" \/>\n<meta name=\"author\" content=\"Silvia\" \/>\n<meta name=\"twitter:card\" content=\"summary_large_image\" \/>\n<meta name=\"twitter:label1\" content=\"Scritto da\" \/>\n\t<meta name=\"twitter:data1\" content=\"Silvia\" \/>\n\t<meta name=\"twitter:label2\" content=\"Tempo di lettura stimato\" \/>\n\t<meta name=\"twitter:data2\" content=\"2 minuti\" \/>\n<script type=\"application\/ld+json\" class=\"yoast-schema-graph\">{\"@context\":\"https:\/\/schema.org\",\"@graph\":[{\"@type\":\"WebPage\",\"@id\":\"https:\/\/euricse.eu\/it\/le-imprese-di-comunita-in-italia-presentazione-online-del-report\/\",\"url\":\"https:\/\/euricse.eu\/it\/le-imprese-di-comunita-in-italia-presentazione-online-del-report\/\",\"name\":\"Le Imprese di Comunit\u00e0 in Italia: evento - Euricse\",\"isPartOf\":{\"@id\":\"https:\/\/euricse.eu\/en\/#website\"},\"primaryImageOfPage\":{\"@id\":\"https:\/\/euricse.eu\/it\/le-imprese-di-comunita-in-italia-presentazione-online-del-report\/#primaryimage\"},\"image\":{\"@id\":\"https:\/\/euricse.eu\/it\/le-imprese-di-comunita-in-italia-presentazione-online-del-report\/#primaryimage\"},\"thumbnailUrl\":\"https:\/\/euricse.eu\/wp-content\/uploads\/2022\/04\/ComunitaIntraprendenti.jpg\",\"datePublished\":\"2024-03-28T11:27:34+00:00\",\"dateModified\":\"2024-04-02T09:55:23+00:00\",\"author\":{\"@id\":\"https:\/\/euricse.eu\/en\/#\/schema\/person\/a5b25693531e3458dfedff34c273ba14\"},\"description\":\"La presentazione online del nostro nuovo rapporto sulle Imprese di Comunit\u00e0 in Italia, cdaurato Jacopo Sforzi e Annalisa Spalazzi, avr\u00e0 luogo il 3 aprile 2024 alle 17:00, con ospiti nazionali e testimonianze regionali.\",\"breadcrumb\":{\"@id\":\"https:\/\/euricse.eu\/it\/le-imprese-di-comunita-in-italia-presentazione-online-del-report\/#breadcrumb\"},\"inLanguage\":\"it-IT\",\"potentialAction\":[{\"@type\":\"ReadAction\",\"target\":[\"https:\/\/euricse.eu\/it\/le-imprese-di-comunita-in-italia-presentazione-online-del-report\/\"]}]},{\"@type\":\"ImageObject\",\"inLanguage\":\"it-IT\",\"@id\":\"https:\/\/euricse.eu\/it\/le-imprese-di-comunita-in-italia-presentazione-online-del-report\/#primaryimage\",\"url\":\"https:\/\/euricse.eu\/wp-content\/uploads\/2022\/04\/ComunitaIntraprendenti.jpg\",\"contentUrl\":\"https:\/\/euricse.eu\/wp-content\/uploads\/2022\/04\/ComunitaIntraprendenti.jpg\",\"width\":500,\"height\":220},{\"@type\":\"BreadcrumbList\",\"@id\":\"https:\/\/euricse.eu\/it\/le-imprese-di-comunita-in-italia-presentazione-online-del-report\/#breadcrumb\",\"itemListElement\":[{\"@type\":\"ListItem\",\"position\":1,\"name\":\"Home\",\"item\":\"https:\/\/euricse.eu\/it\/\"},{\"@type\":\"ListItem\",\"position\":2,\"name\":\"Le Imprese di Comunit\u00e0 in Italia: evento\"}]},{\"@type\":\"WebSite\",\"@id\":\"https:\/\/euricse.eu\/en\/#website\",\"url\":\"https:\/\/euricse.eu\/en\/\",\"name\":\"Euricse\",\"description\":\"Knowledge and innovation for cooperative and social enterprises.\",\"potentialAction\":[{\"@type\":\"SearchAction\",\"target\":{\"@type\":\"EntryPoint\",\"urlTemplate\":\"https:\/\/euricse.eu\/en\/?s={search_term_string}\"},\"query-input\":{\"@type\":\"PropertyValueSpecification\",\"valueRequired\":true,\"valueName\":\"search_term_string\"}}],\"inLanguage\":\"it-IT\"},{\"@type\":\"Person\",\"@id\":\"https:\/\/euricse.eu\/en\/#\/schema\/person\/a5b25693531e3458dfedff34c273ba14\",\"name\":\"Silvia\",\"image\":{\"@type\":\"ImageObject\",\"inLanguage\":\"it-IT\",\"@id\":\"https:\/\/euricse.eu\/en\/#\/schema\/person\/image\/\",\"url\":\"https:\/\/secure.gravatar.com\/avatar\/3cef1082b65edc85f1a4c0caa7ce4808f397a517b7217eab6215fe435640f8f7?s=96&d=mm&r=g\",\"contentUrl\":\"https:\/\/secure.gravatar.com\/avatar\/3cef1082b65edc85f1a4c0caa7ce4808f397a517b7217eab6215fe435640f8f7?s=96&d=mm&r=g\",\"caption\":\"Silvia\"},\"url\":\"https:\/\/euricse.eu\/it\/author\/silvia\/\"}]}<\/script>\n<!-- \/ Yoast SEO plugin. -->","yoast_head_json":{"title":"Le Imprese di Comunit\u00e0 in Italia: evento - Euricse","description":"La presentazione online del nostro nuovo rapporto sulle Imprese di Comunit\u00e0 in Italia, cdaurato Jacopo Sforzi e Annalisa Spalazzi, avr\u00e0 luogo il 3 aprile 2024 alle 17:00, con ospiti nazionali e testimonianze regionali.","robots":{"index":"index","follow":"follow","max-snippet":"max-snippet:-1","max-image-preview":"max-image-preview:large","max-video-preview":"max-video-preview:-1"},"canonical":"https:\/\/euricse.eu\/it\/le-imprese-di-comunita-in-italia-presentazione-online-del-report\/","og_locale":"it_IT","og_type":"article","og_title":"Le Imprese di Comunit\u00e0 in Italia: evento - Euricse","og_description":"La presentazione online del nostro nuovo rapporto sulle Imprese di Comunit\u00e0 in Italia, cdaurato Jacopo Sforzi e Annalisa Spalazzi, avr\u00e0 luogo il 3 aprile 2024 alle 17:00, con ospiti nazionali e testimonianze regionali.","og_url":"https:\/\/euricse.eu\/it\/le-imprese-di-comunita-in-italia-presentazione-online-del-report\/","og_site_name":"Euricse","article_published_time":"2024-03-28T11:27:34+00:00","article_modified_time":"2024-04-02T09:55:23+00:00","og_image":[{"width":500,"height":220,"url":"https:\/\/euricse.eu\/wp-content\/uploads\/2022\/04\/ComunitaIntraprendenti.jpg","type":"image\/jpeg"}],"author":"Silvia","twitter_card":"summary_large_image","twitter_misc":{"Scritto da":"Silvia","Tempo di lettura stimato":"2 minuti"},"schema":{"@context":"https:\/\/schema.org","@graph":[{"@type":"WebPage","@id":"https:\/\/euricse.eu\/it\/le-imprese-di-comunita-in-italia-presentazione-online-del-report\/","url":"https:\/\/euricse.eu\/it\/le-imprese-di-comunita-in-italia-presentazione-online-del-report\/","name":"Le Imprese di Comunit\u00e0 in Italia: evento - Euricse","isPartOf":{"@id":"https:\/\/euricse.eu\/en\/#website"},"primaryImageOfPage":{"@id":"https:\/\/euricse.eu\/it\/le-imprese-di-comunita-in-italia-presentazione-online-del-report\/#primaryimage"},"image":{"@id":"https:\/\/euricse.eu\/it\/le-imprese-di-comunita-in-italia-presentazione-online-del-report\/#primaryimage"},"thumbnailUrl":"https:\/\/euricse.eu\/wp-content\/uploads\/2022\/04\/ComunitaIntraprendenti.jpg","datePublished":"2024-03-28T11:27:34+00:00","dateModified":"2024-04-02T09:55:23+00:00","author":{"@id":"https:\/\/euricse.eu\/en\/#\/schema\/person\/a5b25693531e3458dfedff34c273ba14"},"description":"La presentazione online del nostro nuovo rapporto sulle Imprese di Comunit\u00e0 in Italia, cdaurato Jacopo Sforzi e Annalisa Spalazzi, avr\u00e0 luogo il 3 aprile 2024 alle 17:00, con ospiti nazionali e testimonianze regionali.","breadcrumb":{"@id":"https:\/\/euricse.eu\/it\/le-imprese-di-comunita-in-italia-presentazione-online-del-report\/#breadcrumb"},"inLanguage":"it-IT","potentialAction":[{"@type":"ReadAction","target":["https:\/\/euricse.eu\/it\/le-imprese-di-comunita-in-italia-presentazione-online-del-report\/"]}]},{"@type":"ImageObject","inLanguage":"it-IT","@id":"https:\/\/euricse.eu\/it\/le-imprese-di-comunita-in-italia-presentazione-online-del-report\/#primaryimage","url":"https:\/\/euricse.eu\/wp-content\/uploads\/2022\/04\/ComunitaIntraprendenti.jpg","contentUrl":"https:\/\/euricse.eu\/wp-content\/uploads\/2022\/04\/ComunitaIntraprendenti.jpg","width":500,"height":220},{"@type":"BreadcrumbList","@id":"https:\/\/euricse.eu\/it\/le-imprese-di-comunita-in-italia-presentazione-online-del-report\/#breadcrumb","itemListElement":[{"@type":"ListItem","position":1,"name":"Home","item":"https:\/\/euricse.eu\/it\/"},{"@type":"ListItem","position":2,"name":"Le Imprese di Comunit\u00e0 in Italia: evento"}]},{"@type":"WebSite","@id":"https:\/\/euricse.eu\/en\/#website","url":"https:\/\/euricse.eu\/en\/","name":"Euricse","description":"Knowledge and innovation for cooperative and social enterprises.","potentialAction":[{"@type":"SearchAction","target":{"@type":"EntryPoint","urlTemplate":"https:\/\/euricse.eu\/en\/?s={search_term_string}"},"query-input":{"@type":"PropertyValueSpecification","valueRequired":true,"valueName":"search_term_string"}}],"inLanguage":"it-IT"},{"@type":"Person","@id":"https:\/\/euricse.eu\/en\/#\/schema\/person\/a5b25693531e3458dfedff34c273ba14","name":"Silvia","image":{"@type":"ImageObject","inLanguage":"it-IT","@id":"https:\/\/euricse.eu\/en\/#\/schema\/person\/image\/","url":"https:\/\/secure.gravatar.com\/avatar\/3cef1082b65edc85f1a4c0caa7ce4808f397a517b7217eab6215fe435640f8f7?s=96&d=mm&r=g","contentUrl":"https:\/\/secure.gravatar.com\/avatar\/3cef1082b65edc85f1a4c0caa7ce4808f397a517b7217eab6215fe435640f8f7?s=96&d=mm&r=g","caption":"Silvia"},"url":"https:\/\/euricse.eu\/it\/author\/silvia\/"}]}},"_links":{"self":[{"href":"https:\/\/euricse.eu\/it\/wp-json\/wp\/v2\/posts\/22640","targetHints":{"allow":["GET"]}}],"collection":[{"href":"https:\/\/euricse.eu\/it\/wp-json\/wp\/v2\/posts"}],"about":[{"href":"https:\/\/euricse.eu\/it\/wp-json\/wp\/v2\/types\/post"}],"author":[{"embeddable":true,"href":"https:\/\/euricse.eu\/it\/wp-json\/wp\/v2\/users\/32"}],"replies":[{"embeddable":true,"href":"https:\/\/euricse.eu\/it\/wp-json\/wp\/v2\/comments?post=22640"}],"version-history":[{"count":2,"href":"https:\/\/euricse.eu\/it\/wp-json\/wp\/v2\/posts\/22640\/revisions"}],"predecessor-version":[{"id":22745,"href":"https:\/\/euricse.eu\/it\/wp-json\/wp\/v2\/posts\/22640\/revisions\/22745"}],"wp:featuredmedia":[{"embeddable":true,"href":"https:\/\/euricse.eu\/it\/wp-json\/wp\/v2\/media\/15249"}],"wp:attachment":[{"href":"https:\/\/euricse.eu\/it\/wp-json\/wp\/v2\/media?parent=22640"}],"wp:term":[{"taxonomy":"category","embeddable":true,"href":"https:\/\/euricse.eu\/it\/wp-json\/wp\/v2\/categories?post=22640"},{"taxonomy":"post_tag","embeddable":true,"href":"https:\/\/euricse.eu\/it\/wp-json\/wp\/v2\/tags?post=22640"}],"curies":[{"name":"wp","href":"https:\/\/api.w.org\/{rel}","templated":true}]}}