{"id":22746,"date":"2024-04-02T15:32:38","date_gmt":"2024-04-02T14:32:38","guid":{"rendered":"https:\/\/euricse.eu\/?p=22746"},"modified":"2024-04-24T13:46:06","modified_gmt":"2024-04-24T12:46:06","slug":"la-rivoluzione-dellimpresa-sociale","status":"publish","type":"post","link":"https:\/\/euricse.eu\/it\/la-rivoluzione-dellimpresa-sociale\/","title":{"rendered":"Incontri letterari sul tema dell&#8217;innovazione e dell\u2019impresa sociale"},"content":{"rendered":"<p>Il Festival &#8220;<a href=\"https:\/\/www.villadelgrumello.it\/eventi\/al-limite-un-libro\/?fbclid=IwAR0ZhLp4l2Nxgfgk0EL5164RpNUDFigNlDGchmUsxUjcJZZwgKvBEXkvmuc_aem_Advcsw5CkCt0sNOpsTsu2VaRfk3eQVgxRfBOKnfF5ad197xk99Pf1TAX11_VIw5W2p8\">AL LIMITE, UN LIBRO<\/a>!&#8221;, un ciclo di incontri letterari sui temi socio ambientali organizzati dall&#8217;Associazione Villa del Grumello in collaborazione con <a class=\"x1i10hfl xjbqb8w x1ejq31n xd10rxx x1sy0etr x17r0tee x972fbf xcfux6l x1qhh985 xm0m39n x9f619 x1ypdohk xt0psk2 xe8uvvx xdj266r x11i5rnm xat24cr x1mh8g0r xexx8yu x4uap5 x18d9i69 xkhd6sd x16tdsg8 x1hl2dhg xggy1nq x1a2a7pz xt0b8zv x1fey0fg xo1l8bm\" tabindex=\"0\" role=\"link\" href=\"https:\/\/www.facebook.com\/cooperativamiledu?__cft__[0]=AZXXlc5gxHagC5nITe-eewBkHa4Z6aoPYAO_wCqmVz1uhgp-9CmrKWUl646bsDFuoqZFHDLiB6tH1gPWnfeGSxhr96pyybre4Whz-ZW5OOX8gJBGJQE6N5Ph-FxcGo5V-va0K7aXIA-B-FJvlVIS3HXxWiM0UVZKpSAt5jEcVNeOMw&amp;__tn__=-]K-R\"><span class=\"xt0psk2\">Miledu&#8217;<\/span><\/a> Impresa Sociale, nell\u2019ambito di Limiti.Humanities Festival diffuso, offre due interessanti appuntamenti nel mese di aprile per gli amanti della letteratura e dell&#8217;innovazione sociale.<\/p>\n<p><strong>Domenica 7 aprile<\/strong>: Il nostro ricercatore senior <strong>Jacopo Sforzi<\/strong> sar\u00e0 relatore nell&#8217;incontro &#8220;<a href=\"https:\/\/www.villadelgrumello.it\/prenotazioni\/inverno-liquido\/#em-event-booking-form\">Inverno Liquido<\/a>&#8220;, che rifletter\u00e0 su come trasformare l&#8217;industria turistica. L&#8217;evento avr\u00e0 luogo alle 10:30 e sar\u00e0 presentato e moderato da <strong>Chiara Bignami<\/strong> dell&#8217;Associazione Villa del Grumello. Gli autori del volume <em>Inverno Liquido<\/em>, Maurizio Dematteis e Michele Nardelli, insieme a Jacopo Sforzi dell&#8217;Euricse e Roberto Fumagalli del Circolo Ilaria Alpi, discuteranno sulle sfide socio-ambientali e climatiche e sul ruolo cruciale del turismo nel ripensare modelli sostenibili e inclusivi.<\/p>\n<p><strong>Domenica 21 aprile 2024 alle 10:30 <\/strong>si terr\u00e0 la presentazione del libro <em>L<a href=\"https:\/\/www.villadelgrumello.it\/prenotazioni\/la-rivoluzione-dellimpresa-sociale\/\">a rivoluzione dell\u2019impresa sociale. Per un rinnovato protagonismo della societ\u00e0 civile<\/a><\/em>, a cura di Carlo Borzaga e Giulia Galera, edito dalla Fondazione Feltrinelli. L&#8217;incontro, moderato da <strong>Gigi Colzani<\/strong> del CSV Insubria, vedr\u00e0 la partecipazione di illustri figure nel campo dell&#8217;impresa sociale, tra cui la co-autrice <strong>Giulia Galera<\/strong>, ricercatrice senior di Euricse, e rappresentanti di esperienze concrete come Micol Dell\u2019Oro della Cooperativa Sociale Ecofficine, Gianluca Ruggieri dell&#8217;\u00e8nostra Cooperativa Energetica e dell&#8217;Universit\u00e0 dell\u2019Insubria, e Pierantonio Ferrari della Cooperativa Sociale Azalea. Sar\u00e0 un&#8217;occasione unica per esplorare il ruolo e l&#8217;importanza dell&#8217;impresa sociale nel promuovere un modello di sviluppo inclusivo e sostenibile.<\/p>\n<p>Non perdete l&#8217;opportunit\u00e0 di partecipare a questi stimolanti incontri! <a href=\"https:\/\/www.villadelgrumello.it\/eventi\/al-limite-un-libro\/?fbclid=IwAR0ZhLp4l2Nxgfgk0EL5164RpNUDFigNlDGchmUsxUjcJZZwgKvBEXkvmuc_aem_Advcsw5CkCt0sNOpsTsu2VaRfk3eQVgxRfBOKnfF5ad197xk99Pf1TAX11_VIw5W2p8\">Prenotate il vostro posto ora<\/a>.<\/p>\n","protected":false},"excerpt":{"rendered":"<p>Interessanti appuntamenti nel mese di aprile per gli appassionati di letteratura e innovazione sociale. Salvate le date: domenica 7 aprile e domenica 21 aprile con Jacopo Sforzi e Giulia Galera. <\/p>\n","protected":false},"author":32,"featured_media":22747,"comment_status":"closed","ping_status":"closed","sticky":false,"template":"","format":"standard","meta":{"_acf_changed":false,"episode_type":"","audio_file":"","cover_image":"","cover_image_id":"","duration":"","filesize":"","date_recorded":"","explicit":"","block":"","itunes_episode_number":"","itunes_title":"","itunes_season_number":"","itunes_episode_type":"","filesize_raw":"","footnotes":""},"categories":[17],"tags":[290,969,1314,1595],"class_list":["post-22746","post","type-post","status-publish","format-standard","has-post-thumbnail","hentry","category-news-it","tag-impresa-sociale","tag-carlo-borzaga","tag-la-rivoluzione-dellimpresa-sociale","tag-jacopo-sforzi"],"acf":[],"yoast_head":"<!-- This site is optimized with the Yoast SEO plugin v26.1.1 - https:\/\/yoast.com\/wordpress\/plugins\/seo\/ -->\n<title>Incontri letterari sul tema dell&#039;innovazione e dell\u2019impresa sociale - Euricse<\/title>\n<meta name=\"description\" content=\"Appuntamenti nel mese di aprile per gli appassionati di letteratura e innovazione sociale. Salvate le date: domenica 7 aprile e domenica 21 aprile a Villa del Grumello\" \/>\n<meta name=\"robots\" content=\"index, follow, max-snippet:-1, max-image-preview:large, max-video-preview:-1\" \/>\n<link rel=\"canonical\" href=\"https:\/\/euricse.eu\/it\/la-rivoluzione-dellimpresa-sociale\/\" \/>\n<meta property=\"og:locale\" content=\"it_IT\" \/>\n<meta property=\"og:type\" content=\"article\" \/>\n<meta property=\"og:title\" content=\"Incontri letterari sul tema dell&#039;innovazione e dell\u2019impresa sociale - Euricse\" \/>\n<meta property=\"og:description\" content=\"Appuntamenti nel mese di aprile per gli appassionati di letteratura e innovazione sociale. Salvate le date: domenica 7 aprile e domenica 21 aprile a Villa del Grumello\" \/>\n<meta property=\"og:url\" content=\"https:\/\/euricse.eu\/it\/la-rivoluzione-dellimpresa-sociale\/\" \/>\n<meta property=\"og:site_name\" content=\"Euricse\" \/>\n<meta property=\"article:published_time\" content=\"2024-04-02T14:32:38+00:00\" \/>\n<meta property=\"article:modified_time\" content=\"2024-04-24T12:46:06+00:00\" \/>\n<meta property=\"og:image\" content=\"https:\/\/euricse.eu\/wp-content\/uploads\/2024\/04\/rivoluzione-600x600-1.jpg\" \/>\n\t<meta property=\"og:image:width\" content=\"600\" \/>\n\t<meta property=\"og:image:height\" content=\"600\" \/>\n\t<meta property=\"og:image:type\" content=\"image\/jpeg\" \/>\n<meta name=\"author\" content=\"Silvia\" \/>\n<meta name=\"twitter:card\" content=\"summary_large_image\" \/>\n<meta name=\"twitter:label1\" content=\"Scritto da\" \/>\n\t<meta name=\"twitter:data1\" content=\"Silvia\" \/>\n\t<meta name=\"twitter:label2\" content=\"Tempo di lettura stimato\" \/>\n\t<meta name=\"twitter:data2\" content=\"2 minuti\" \/>\n<script type=\"application\/ld+json\" class=\"yoast-schema-graph\">{\"@context\":\"https:\/\/schema.org\",\"@graph\":[{\"@type\":\"WebPage\",\"@id\":\"https:\/\/euricse.eu\/it\/la-rivoluzione-dellimpresa-sociale\/\",\"url\":\"https:\/\/euricse.eu\/it\/la-rivoluzione-dellimpresa-sociale\/\",\"name\":\"Incontri letterari sul tema dell'innovazione e dell\u2019impresa sociale - Euricse\",\"isPartOf\":{\"@id\":\"https:\/\/euricse.eu\/en\/#website\"},\"primaryImageOfPage\":{\"@id\":\"https:\/\/euricse.eu\/it\/la-rivoluzione-dellimpresa-sociale\/#primaryimage\"},\"image\":{\"@id\":\"https:\/\/euricse.eu\/it\/la-rivoluzione-dellimpresa-sociale\/#primaryimage\"},\"thumbnailUrl\":\"https:\/\/euricse.eu\/wp-content\/uploads\/2024\/04\/rivoluzione-600x600-1.jpg\",\"datePublished\":\"2024-04-02T14:32:38+00:00\",\"dateModified\":\"2024-04-24T12:46:06+00:00\",\"author\":{\"@id\":\"https:\/\/euricse.eu\/en\/#\/schema\/person\/a5b25693531e3458dfedff34c273ba14\"},\"description\":\"Appuntamenti nel mese di aprile per gli appassionati di letteratura e innovazione sociale. Salvate le date: domenica 7 aprile e domenica 21 aprile a Villa del Grumello\",\"breadcrumb\":{\"@id\":\"https:\/\/euricse.eu\/it\/la-rivoluzione-dellimpresa-sociale\/#breadcrumb\"},\"inLanguage\":\"it-IT\",\"potentialAction\":[{\"@type\":\"ReadAction\",\"target\":[\"https:\/\/euricse.eu\/it\/la-rivoluzione-dellimpresa-sociale\/\"]}]},{\"@type\":\"ImageObject\",\"inLanguage\":\"it-IT\",\"@id\":\"https:\/\/euricse.eu\/it\/la-rivoluzione-dellimpresa-sociale\/#primaryimage\",\"url\":\"https:\/\/euricse.eu\/wp-content\/uploads\/2024\/04\/rivoluzione-600x600-1.jpg\",\"contentUrl\":\"https:\/\/euricse.eu\/wp-content\/uploads\/2024\/04\/rivoluzione-600x600-1.jpg\",\"width\":600,\"height\":600},{\"@type\":\"BreadcrumbList\",\"@id\":\"https:\/\/euricse.eu\/it\/la-rivoluzione-dellimpresa-sociale\/#breadcrumb\",\"itemListElement\":[{\"@type\":\"ListItem\",\"position\":1,\"name\":\"Home\",\"item\":\"https:\/\/euricse.eu\/it\/\"},{\"@type\":\"ListItem\",\"position\":2,\"name\":\"Incontri letterari sul tema dell&#8217;innovazione e dell\u2019impresa sociale\"}]},{\"@type\":\"WebSite\",\"@id\":\"https:\/\/euricse.eu\/en\/#website\",\"url\":\"https:\/\/euricse.eu\/en\/\",\"name\":\"Euricse\",\"description\":\"Knowledge and innovation for cooperative and social enterprises.\",\"potentialAction\":[{\"@type\":\"SearchAction\",\"target\":{\"@type\":\"EntryPoint\",\"urlTemplate\":\"https:\/\/euricse.eu\/en\/?s={search_term_string}\"},\"query-input\":{\"@type\":\"PropertyValueSpecification\",\"valueRequired\":true,\"valueName\":\"search_term_string\"}}],\"inLanguage\":\"it-IT\"},{\"@type\":\"Person\",\"@id\":\"https:\/\/euricse.eu\/en\/#\/schema\/person\/a5b25693531e3458dfedff34c273ba14\",\"name\":\"Silvia\",\"image\":{\"@type\":\"ImageObject\",\"inLanguage\":\"it-IT\",\"@id\":\"https:\/\/euricse.eu\/en\/#\/schema\/person\/image\/\",\"url\":\"https:\/\/secure.gravatar.com\/avatar\/3cef1082b65edc85f1a4c0caa7ce4808f397a517b7217eab6215fe435640f8f7?s=96&d=mm&r=g\",\"contentUrl\":\"https:\/\/secure.gravatar.com\/avatar\/3cef1082b65edc85f1a4c0caa7ce4808f397a517b7217eab6215fe435640f8f7?s=96&d=mm&r=g\",\"caption\":\"Silvia\"},\"url\":\"https:\/\/euricse.eu\/it\/author\/silvia\/\"}]}<\/script>\n<!-- \/ Yoast SEO plugin. -->","yoast_head_json":{"title":"Incontri letterari sul tema dell'innovazione e dell\u2019impresa sociale - Euricse","description":"Appuntamenti nel mese di aprile per gli appassionati di letteratura e innovazione sociale. Salvate le date: domenica 7 aprile e domenica 21 aprile a Villa del Grumello","robots":{"index":"index","follow":"follow","max-snippet":"max-snippet:-1","max-image-preview":"max-image-preview:large","max-video-preview":"max-video-preview:-1"},"canonical":"https:\/\/euricse.eu\/it\/la-rivoluzione-dellimpresa-sociale\/","og_locale":"it_IT","og_type":"article","og_title":"Incontri letterari sul tema dell'innovazione e dell\u2019impresa sociale - Euricse","og_description":"Appuntamenti nel mese di aprile per gli appassionati di letteratura e innovazione sociale. Salvate le date: domenica 7 aprile e domenica 21 aprile a Villa del Grumello","og_url":"https:\/\/euricse.eu\/it\/la-rivoluzione-dellimpresa-sociale\/","og_site_name":"Euricse","article_published_time":"2024-04-02T14:32:38+00:00","article_modified_time":"2024-04-24T12:46:06+00:00","og_image":[{"width":600,"height":600,"url":"https:\/\/euricse.eu\/wp-content\/uploads\/2024\/04\/rivoluzione-600x600-1.jpg","type":"image\/jpeg"}],"author":"Silvia","twitter_card":"summary_large_image","twitter_misc":{"Scritto da":"Silvia","Tempo di lettura stimato":"2 minuti"},"schema":{"@context":"https:\/\/schema.org","@graph":[{"@type":"WebPage","@id":"https:\/\/euricse.eu\/it\/la-rivoluzione-dellimpresa-sociale\/","url":"https:\/\/euricse.eu\/it\/la-rivoluzione-dellimpresa-sociale\/","name":"Incontri letterari sul tema dell'innovazione e dell\u2019impresa sociale - Euricse","isPartOf":{"@id":"https:\/\/euricse.eu\/en\/#website"},"primaryImageOfPage":{"@id":"https:\/\/euricse.eu\/it\/la-rivoluzione-dellimpresa-sociale\/#primaryimage"},"image":{"@id":"https:\/\/euricse.eu\/it\/la-rivoluzione-dellimpresa-sociale\/#primaryimage"},"thumbnailUrl":"https:\/\/euricse.eu\/wp-content\/uploads\/2024\/04\/rivoluzione-600x600-1.jpg","datePublished":"2024-04-02T14:32:38+00:00","dateModified":"2024-04-24T12:46:06+00:00","author":{"@id":"https:\/\/euricse.eu\/en\/#\/schema\/person\/a5b25693531e3458dfedff34c273ba14"},"description":"Appuntamenti nel mese di aprile per gli appassionati di letteratura e innovazione sociale. Salvate le date: domenica 7 aprile e domenica 21 aprile a Villa del Grumello","breadcrumb":{"@id":"https:\/\/euricse.eu\/it\/la-rivoluzione-dellimpresa-sociale\/#breadcrumb"},"inLanguage":"it-IT","potentialAction":[{"@type":"ReadAction","target":["https:\/\/euricse.eu\/it\/la-rivoluzione-dellimpresa-sociale\/"]}]},{"@type":"ImageObject","inLanguage":"it-IT","@id":"https:\/\/euricse.eu\/it\/la-rivoluzione-dellimpresa-sociale\/#primaryimage","url":"https:\/\/euricse.eu\/wp-content\/uploads\/2024\/04\/rivoluzione-600x600-1.jpg","contentUrl":"https:\/\/euricse.eu\/wp-content\/uploads\/2024\/04\/rivoluzione-600x600-1.jpg","width":600,"height":600},{"@type":"BreadcrumbList","@id":"https:\/\/euricse.eu\/it\/la-rivoluzione-dellimpresa-sociale\/#breadcrumb","itemListElement":[{"@type":"ListItem","position":1,"name":"Home","item":"https:\/\/euricse.eu\/it\/"},{"@type":"ListItem","position":2,"name":"Incontri letterari sul tema dell&#8217;innovazione e dell\u2019impresa sociale"}]},{"@type":"WebSite","@id":"https:\/\/euricse.eu\/en\/#website","url":"https:\/\/euricse.eu\/en\/","name":"Euricse","description":"Knowledge and innovation for cooperative and social enterprises.","potentialAction":[{"@type":"SearchAction","target":{"@type":"EntryPoint","urlTemplate":"https:\/\/euricse.eu\/en\/?s={search_term_string}"},"query-input":{"@type":"PropertyValueSpecification","valueRequired":true,"valueName":"search_term_string"}}],"inLanguage":"it-IT"},{"@type":"Person","@id":"https:\/\/euricse.eu\/en\/#\/schema\/person\/a5b25693531e3458dfedff34c273ba14","name":"Silvia","image":{"@type":"ImageObject","inLanguage":"it-IT","@id":"https:\/\/euricse.eu\/en\/#\/schema\/person\/image\/","url":"https:\/\/secure.gravatar.com\/avatar\/3cef1082b65edc85f1a4c0caa7ce4808f397a517b7217eab6215fe435640f8f7?s=96&d=mm&r=g","contentUrl":"https:\/\/secure.gravatar.com\/avatar\/3cef1082b65edc85f1a4c0caa7ce4808f397a517b7217eab6215fe435640f8f7?s=96&d=mm&r=g","caption":"Silvia"},"url":"https:\/\/euricse.eu\/it\/author\/silvia\/"}]}},"_links":{"self":[{"href":"https:\/\/euricse.eu\/it\/wp-json\/wp\/v2\/posts\/22746","targetHints":{"allow":["GET"]}}],"collection":[{"href":"https:\/\/euricse.eu\/it\/wp-json\/wp\/v2\/posts"}],"about":[{"href":"https:\/\/euricse.eu\/it\/wp-json\/wp\/v2\/types\/post"}],"author":[{"embeddable":true,"href":"https:\/\/euricse.eu\/it\/wp-json\/wp\/v2\/users\/32"}],"replies":[{"embeddable":true,"href":"https:\/\/euricse.eu\/it\/wp-json\/wp\/v2\/comments?post=22746"}],"version-history":[{"count":1,"href":"https:\/\/euricse.eu\/it\/wp-json\/wp\/v2\/posts\/22746\/revisions"}],"predecessor-version":[{"id":22750,"href":"https:\/\/euricse.eu\/it\/wp-json\/wp\/v2\/posts\/22746\/revisions\/22750"}],"wp:featuredmedia":[{"embeddable":true,"href":"https:\/\/euricse.eu\/it\/wp-json\/wp\/v2\/media\/22747"}],"wp:attachment":[{"href":"https:\/\/euricse.eu\/it\/wp-json\/wp\/v2\/media?parent=22746"}],"wp:term":[{"taxonomy":"category","embeddable":true,"href":"https:\/\/euricse.eu\/it\/wp-json\/wp\/v2\/categories?post=22746"},{"taxonomy":"post_tag","embeddable":true,"href":"https:\/\/euricse.eu\/it\/wp-json\/wp\/v2\/tags?post=22746"}],"curies":[{"name":"wp","href":"https:\/\/api.w.org\/{rel}","templated":true}]}}