{"id":22863,"date":"2024-04-30T09:25:49","date_gmt":"2024-04-30T08:25:49","guid":{"rendered":"https:\/\/euricse.eu\/?p=22863"},"modified":"2024-04-30T09:25:49","modified_gmt":"2024-04-30T08:25:49","slug":"icc-conference-2024-a-porto","status":"publish","type":"post","link":"https:\/\/euricse.eu\/it\/icc-conference-2024-a-porto\/","title":{"rendered":"ICC Conference 2024 a Porto"},"content":{"rendered":"<p>Il prossimo appuntamento dell&#8217;<a href=\"https:\/\/www.intelligentcitieschallenge.eu\/\" target=\"_blank\" rel=\"noopener\" data-cke-saved-href=\"https:\/\/www.intelligentcitieschallenge.eu\/\">Intelligent Cities Challenge<\/a>, promosso dalla Commissione Europea per guidare le citt\u00e0 europee verso una <strong>transizione verde e digitale delle economie locali<\/strong>, si terr\u00e0 nella citt\u00e0 di\u00a0<strong>Porto\u00a0<\/strong>il <strong>18 e 19 giugno 2024<\/strong>. Durante l&#8217;evento, leader cittadini, figure politiche, esperti del settore si riuniranno per esplorare i temi cruciali, condividere le migliori pratiche e ideare soluzioni innovative per affrontare le sfide dello sviluppo urbano e cogliere le opportunit\u00e0 per migliorare la qualit\u00e0 della vita dei cittadini, la competitivit\u00e0 economica dei territori e la resilienza sociale. Per\u00a0<strong>Euricse<\/strong>, il direttore <strong>Riccardo Bodini <\/strong>prender\u00e0 parte all&#8217;iniziativa aiutando\u00a0le citt\u00e0 partecipanti a capire come valorizzare il ruolo delle organizzazioni dell\u2019economia sociale nelle strategie di transizione verde in ambito urbano.<\/p>\n","protected":false},"excerpt":{"rendered":"<p>Per\u00a0Euricse, il direttore Riccardo Bodini prender\u00e0 parte all&#8217;iniziativa aiutando\u00a0le citt\u00e0 partecipanti a capire come valorizzare il ruolo delle organizzazioni dell\u2019economia sociale nelle strategie di transizione verde in ambito urbano.\u00a0<\/p>\n","protected":false},"author":32,"featured_media":22864,"comment_status":"closed","ping_status":"closed","sticky":false,"template":"","format":"standard","meta":{"_acf_changed":false,"episode_type":"","audio_file":"","cover_image":"","cover_image_id":"","duration":"","filesize":"","date_recorded":"","explicit":"","block":"","itunes_episode_number":"","itunes_title":"","itunes_season_number":"","itunes_episode_type":"","filesize_raw":"","footnotes":""},"categories":[17],"tags":[1335,1336],"class_list":["post-22863","post","type-post","status-publish","format-standard","has-post-thumbnail","hentry","category-news-it","tag-intelligent-cities-challenge","tag-riccardo-bodini-it"],"acf":[],"yoast_head":"<!-- This site is optimized with the Yoast SEO plugin v26.1.1 - https:\/\/yoast.com\/wordpress\/plugins\/seo\/ -->\n<title>ICC Conference 2024 a Porto - Euricse<\/title>\n<meta name=\"description\" content=\"Per\u00a0Euricse, il direttore Riccardo Bodini prender\u00e0 parte all&#039;iniziativa aiutando\u00a0le citt\u00e0 partecipanti a capire come valorizzare il ruolo delle organizzazioni dell\u2019economia sociale nelle strategie di transizione verde in ambito urbano.\u00a0\" \/>\n<meta name=\"robots\" content=\"index, follow, max-snippet:-1, max-image-preview:large, max-video-preview:-1\" \/>\n<link rel=\"canonical\" href=\"https:\/\/euricse.eu\/it\/icc-conference-2024-a-porto\/\" \/>\n<meta property=\"og:locale\" content=\"it_IT\" \/>\n<meta property=\"og:type\" content=\"article\" \/>\n<meta property=\"og:title\" content=\"ICC Conference 2024 a Porto - Euricse\" \/>\n<meta property=\"og:description\" content=\"Per\u00a0Euricse, il direttore Riccardo Bodini prender\u00e0 parte all&#039;iniziativa aiutando\u00a0le citt\u00e0 partecipanti a capire come valorizzare il ruolo delle organizzazioni dell\u2019economia sociale nelle strategie di transizione verde in ambito urbano.\u00a0\" \/>\n<meta property=\"og:url\" content=\"https:\/\/euricse.eu\/it\/icc-conference-2024-a-porto\/\" \/>\n<meta property=\"og:site_name\" content=\"Euricse\" \/>\n<meta property=\"article:published_time\" content=\"2024-04-30T08:25:49+00:00\" \/>\n<meta property=\"og:image\" content=\"https:\/\/euricse.eu\/wp-content\/uploads\/2024\/04\/ICC-Challenges.jpg\" \/>\n\t<meta property=\"og:image:width\" content=\"400\" \/>\n\t<meta property=\"og:image:height\" content=\"400\" \/>\n\t<meta property=\"og:image:type\" content=\"image\/jpeg\" \/>\n<meta name=\"author\" content=\"Silvia\" \/>\n<meta name=\"twitter:card\" content=\"summary_large_image\" \/>\n<meta name=\"twitter:label1\" content=\"Scritto da\" \/>\n\t<meta name=\"twitter:data1\" content=\"Silvia\" \/>\n\t<meta name=\"twitter:label2\" content=\"Tempo di lettura stimato\" \/>\n\t<meta name=\"twitter:data2\" content=\"1 minuto\" \/>\n<script type=\"application\/ld+json\" class=\"yoast-schema-graph\">{\"@context\":\"https:\/\/schema.org\",\"@graph\":[{\"@type\":\"WebPage\",\"@id\":\"https:\/\/euricse.eu\/it\/icc-conference-2024-a-porto\/\",\"url\":\"https:\/\/euricse.eu\/it\/icc-conference-2024-a-porto\/\",\"name\":\"ICC Conference 2024 a Porto - Euricse\",\"isPartOf\":{\"@id\":\"https:\/\/euricse.eu\/en\/#website\"},\"primaryImageOfPage\":{\"@id\":\"https:\/\/euricse.eu\/it\/icc-conference-2024-a-porto\/#primaryimage\"},\"image\":{\"@id\":\"https:\/\/euricse.eu\/it\/icc-conference-2024-a-porto\/#primaryimage\"},\"thumbnailUrl\":\"https:\/\/euricse.eu\/wp-content\/uploads\/2024\/04\/ICC-Challenges.jpg\",\"datePublished\":\"2024-04-30T08:25:49+00:00\",\"author\":{\"@id\":\"https:\/\/euricse.eu\/en\/#\/schema\/person\/a5b25693531e3458dfedff34c273ba14\"},\"description\":\"Per\u00a0Euricse, il direttore Riccardo Bodini prender\u00e0 parte all'iniziativa aiutando\u00a0le citt\u00e0 partecipanti a capire come valorizzare il ruolo delle organizzazioni dell\u2019economia sociale nelle strategie di transizione verde in ambito urbano.\u00a0\",\"breadcrumb\":{\"@id\":\"https:\/\/euricse.eu\/it\/icc-conference-2024-a-porto\/#breadcrumb\"},\"inLanguage\":\"it-IT\",\"potentialAction\":[{\"@type\":\"ReadAction\",\"target\":[\"https:\/\/euricse.eu\/it\/icc-conference-2024-a-porto\/\"]}]},{\"@type\":\"ImageObject\",\"inLanguage\":\"it-IT\",\"@id\":\"https:\/\/euricse.eu\/it\/icc-conference-2024-a-porto\/#primaryimage\",\"url\":\"https:\/\/euricse.eu\/wp-content\/uploads\/2024\/04\/ICC-Challenges.jpg\",\"contentUrl\":\"https:\/\/euricse.eu\/wp-content\/uploads\/2024\/04\/ICC-Challenges.jpg\",\"width\":400,\"height\":400},{\"@type\":\"BreadcrumbList\",\"@id\":\"https:\/\/euricse.eu\/it\/icc-conference-2024-a-porto\/#breadcrumb\",\"itemListElement\":[{\"@type\":\"ListItem\",\"position\":1,\"name\":\"Home\",\"item\":\"https:\/\/euricse.eu\/it\/\"},{\"@type\":\"ListItem\",\"position\":2,\"name\":\"ICC Conference 2024 a Porto\"}]},{\"@type\":\"WebSite\",\"@id\":\"https:\/\/euricse.eu\/en\/#website\",\"url\":\"https:\/\/euricse.eu\/en\/\",\"name\":\"Euricse\",\"description\":\"Knowledge and innovation for cooperative and social enterprises.\",\"potentialAction\":[{\"@type\":\"SearchAction\",\"target\":{\"@type\":\"EntryPoint\",\"urlTemplate\":\"https:\/\/euricse.eu\/en\/?s={search_term_string}\"},\"query-input\":{\"@type\":\"PropertyValueSpecification\",\"valueRequired\":true,\"valueName\":\"search_term_string\"}}],\"inLanguage\":\"it-IT\"},{\"@type\":\"Person\",\"@id\":\"https:\/\/euricse.eu\/en\/#\/schema\/person\/a5b25693531e3458dfedff34c273ba14\",\"name\":\"Silvia\",\"image\":{\"@type\":\"ImageObject\",\"inLanguage\":\"it-IT\",\"@id\":\"https:\/\/euricse.eu\/en\/#\/schema\/person\/image\/\",\"url\":\"https:\/\/secure.gravatar.com\/avatar\/3cef1082b65edc85f1a4c0caa7ce4808f397a517b7217eab6215fe435640f8f7?s=96&d=mm&r=g\",\"contentUrl\":\"https:\/\/secure.gravatar.com\/avatar\/3cef1082b65edc85f1a4c0caa7ce4808f397a517b7217eab6215fe435640f8f7?s=96&d=mm&r=g\",\"caption\":\"Silvia\"},\"url\":\"https:\/\/euricse.eu\/it\/author\/silvia\/\"}]}<\/script>\n<!-- \/ Yoast SEO plugin. -->","yoast_head_json":{"title":"ICC Conference 2024 a Porto - Euricse","description":"Per\u00a0Euricse, il direttore Riccardo Bodini prender\u00e0 parte all'iniziativa aiutando\u00a0le citt\u00e0 partecipanti a capire come valorizzare il ruolo delle organizzazioni dell\u2019economia sociale nelle strategie di transizione verde in ambito urbano.\u00a0","robots":{"index":"index","follow":"follow","max-snippet":"max-snippet:-1","max-image-preview":"max-image-preview:large","max-video-preview":"max-video-preview:-1"},"canonical":"https:\/\/euricse.eu\/it\/icc-conference-2024-a-porto\/","og_locale":"it_IT","og_type":"article","og_title":"ICC Conference 2024 a Porto - Euricse","og_description":"Per\u00a0Euricse, il direttore Riccardo Bodini prender\u00e0 parte all'iniziativa aiutando\u00a0le citt\u00e0 partecipanti a capire come valorizzare il ruolo delle organizzazioni dell\u2019economia sociale nelle strategie di transizione verde in ambito urbano.\u00a0","og_url":"https:\/\/euricse.eu\/it\/icc-conference-2024-a-porto\/","og_site_name":"Euricse","article_published_time":"2024-04-30T08:25:49+00:00","og_image":[{"width":400,"height":400,"url":"https:\/\/euricse.eu\/wp-content\/uploads\/2024\/04\/ICC-Challenges.jpg","type":"image\/jpeg"}],"author":"Silvia","twitter_card":"summary_large_image","twitter_misc":{"Scritto da":"Silvia","Tempo di lettura stimato":"1 minuto"},"schema":{"@context":"https:\/\/schema.org","@graph":[{"@type":"WebPage","@id":"https:\/\/euricse.eu\/it\/icc-conference-2024-a-porto\/","url":"https:\/\/euricse.eu\/it\/icc-conference-2024-a-porto\/","name":"ICC Conference 2024 a Porto - Euricse","isPartOf":{"@id":"https:\/\/euricse.eu\/en\/#website"},"primaryImageOfPage":{"@id":"https:\/\/euricse.eu\/it\/icc-conference-2024-a-porto\/#primaryimage"},"image":{"@id":"https:\/\/euricse.eu\/it\/icc-conference-2024-a-porto\/#primaryimage"},"thumbnailUrl":"https:\/\/euricse.eu\/wp-content\/uploads\/2024\/04\/ICC-Challenges.jpg","datePublished":"2024-04-30T08:25:49+00:00","author":{"@id":"https:\/\/euricse.eu\/en\/#\/schema\/person\/a5b25693531e3458dfedff34c273ba14"},"description":"Per\u00a0Euricse, il direttore Riccardo Bodini prender\u00e0 parte all'iniziativa aiutando\u00a0le citt\u00e0 partecipanti a capire come valorizzare il ruolo delle organizzazioni dell\u2019economia sociale nelle strategie di transizione verde in ambito urbano.\u00a0","breadcrumb":{"@id":"https:\/\/euricse.eu\/it\/icc-conference-2024-a-porto\/#breadcrumb"},"inLanguage":"it-IT","potentialAction":[{"@type":"ReadAction","target":["https:\/\/euricse.eu\/it\/icc-conference-2024-a-porto\/"]}]},{"@type":"ImageObject","inLanguage":"it-IT","@id":"https:\/\/euricse.eu\/it\/icc-conference-2024-a-porto\/#primaryimage","url":"https:\/\/euricse.eu\/wp-content\/uploads\/2024\/04\/ICC-Challenges.jpg","contentUrl":"https:\/\/euricse.eu\/wp-content\/uploads\/2024\/04\/ICC-Challenges.jpg","width":400,"height":400},{"@type":"BreadcrumbList","@id":"https:\/\/euricse.eu\/it\/icc-conference-2024-a-porto\/#breadcrumb","itemListElement":[{"@type":"ListItem","position":1,"name":"Home","item":"https:\/\/euricse.eu\/it\/"},{"@type":"ListItem","position":2,"name":"ICC Conference 2024 a Porto"}]},{"@type":"WebSite","@id":"https:\/\/euricse.eu\/en\/#website","url":"https:\/\/euricse.eu\/en\/","name":"Euricse","description":"Knowledge and innovation for cooperative and social enterprises.","potentialAction":[{"@type":"SearchAction","target":{"@type":"EntryPoint","urlTemplate":"https:\/\/euricse.eu\/en\/?s={search_term_string}"},"query-input":{"@type":"PropertyValueSpecification","valueRequired":true,"valueName":"search_term_string"}}],"inLanguage":"it-IT"},{"@type":"Person","@id":"https:\/\/euricse.eu\/en\/#\/schema\/person\/a5b25693531e3458dfedff34c273ba14","name":"Silvia","image":{"@type":"ImageObject","inLanguage":"it-IT","@id":"https:\/\/euricse.eu\/en\/#\/schema\/person\/image\/","url":"https:\/\/secure.gravatar.com\/avatar\/3cef1082b65edc85f1a4c0caa7ce4808f397a517b7217eab6215fe435640f8f7?s=96&d=mm&r=g","contentUrl":"https:\/\/secure.gravatar.com\/avatar\/3cef1082b65edc85f1a4c0caa7ce4808f397a517b7217eab6215fe435640f8f7?s=96&d=mm&r=g","caption":"Silvia"},"url":"https:\/\/euricse.eu\/it\/author\/silvia\/"}]}},"_links":{"self":[{"href":"https:\/\/euricse.eu\/it\/wp-json\/wp\/v2\/posts\/22863","targetHints":{"allow":["GET"]}}],"collection":[{"href":"https:\/\/euricse.eu\/it\/wp-json\/wp\/v2\/posts"}],"about":[{"href":"https:\/\/euricse.eu\/it\/wp-json\/wp\/v2\/types\/post"}],"author":[{"embeddable":true,"href":"https:\/\/euricse.eu\/it\/wp-json\/wp\/v2\/users\/32"}],"replies":[{"embeddable":true,"href":"https:\/\/euricse.eu\/it\/wp-json\/wp\/v2\/comments?post=22863"}],"version-history":[{"count":1,"href":"https:\/\/euricse.eu\/it\/wp-json\/wp\/v2\/posts\/22863\/revisions"}],"predecessor-version":[{"id":22866,"href":"https:\/\/euricse.eu\/it\/wp-json\/wp\/v2\/posts\/22863\/revisions\/22866"}],"wp:featuredmedia":[{"embeddable":true,"href":"https:\/\/euricse.eu\/it\/wp-json\/wp\/v2\/media\/22864"}],"wp:attachment":[{"href":"https:\/\/euricse.eu\/it\/wp-json\/wp\/v2\/media?parent=22863"}],"wp:term":[{"taxonomy":"category","embeddable":true,"href":"https:\/\/euricse.eu\/it\/wp-json\/wp\/v2\/categories?post=22863"},{"taxonomy":"post_tag","embeddable":true,"href":"https:\/\/euricse.eu\/it\/wp-json\/wp\/v2\/tags?post=22863"}],"curies":[{"name":"wp","href":"https:\/\/api.w.org\/{rel}","templated":true}]}}