{"id":22871,"date":"2024-04-30T09:31:21","date_gmt":"2024-04-30T08:31:21","guid":{"rendered":"https:\/\/euricse.eu\/?p=22871"},"modified":"2024-04-30T09:32:07","modified_gmt":"2024-04-30T08:32:07","slug":"turismo-ecosostenibile-e-comunita","status":"publish","type":"post","link":"https:\/\/euricse.eu\/it\/turismo-ecosostenibile-e-comunita\/","title":{"rendered":"Turismo ecosostenibile e comunit\u00e0"},"content":{"rendered":"<p>Il convegno &#8220;<strong>Turismo ecosostenibile e comunit\u00e0: Ripartiamo dal territorio<\/strong>&#8221; organizzato dal Dipartimento di Diritto Economia e Culture dell&#8217;<strong>Universit\u00e0 degli Studi dell&#8217;Insubria<\/strong>, insieme a\u00a0<strong>Euricse<\/strong>, l&#8217;impresa sociale\u00a0<strong>Miledu<\/strong>\u00a0e il\u00a0<strong>Comune di Brunate<\/strong>, si terr\u00e0 i<strong>l 20 e il 21 maggio 2024<\/strong>. L&#8217;obiettivo principale dell&#8217;evento \u00e8 di condividere e discutere i risultati della ricerca sull&#8217;impatto del turismo sulla comunit\u00e0 locale, con particolare attenzione al contesto del lago di Como. Inoltre, si porr\u00e0 un focus sull&#8217;impatto dell&#8217;economia sociale sul turismo, sulla governance e sull&#8217;idea di co-progettazione del turismo con il territorio. Per Euricse interverranno i ricercatori\u00a0<strong>Giulia Galera<\/strong>\u00a0e\u00a0<strong>Jacopo Sforzi.\u00a0<\/strong>Per partecipare all&#8217;evento iscriviti\u00a0<a href=\"https:\/\/docs.google.com\/forms\/d\/e\/1FAIpQLSc-TAt1C0eRMO-nQ6Ig9GeFu-Ab_fOsCtzDOZkpSf9XFdziDw\/viewform?utm_source=Contatti&amp;utm_campaign=f671026b86-EMAIL_CAMPAIGN_2023_09_04_11_10_COPY_01&amp;utm_medium=email&amp;utm_term=0_-84301855d0-%5BLIST_EMAIL_ID%5D\" target=\"_blank\" rel=\"noopener\" data-saferedirecturl=\"https:\/\/www.google.com\/url?q=https:\/\/docs.google.com\/forms\/d\/e\/1FAIpQLSc-TAt1C0eRMO-nQ6Ig9GeFu-Ab_fOsCtzDOZkpSf9XFdziDw\/viewform?utm_source%3DContatti%26utm_campaign%3Df671026b86-EMAIL_CAMPAIGN_2023_09_04_11_10_COPY_01%26utm_medium%3Demail%26utm_term%3D0_-84301855d0-%255BLIST_EMAIL_ID%255D&amp;source=gmail&amp;ust=1714551429311000&amp;usg=AOvVaw2XBG9EliQtsie2g1iAm-Un\">qui<\/a>.<\/p>\n<p><a href=\"https:\/\/www.ecs-nodes.eu\/3-industria-del-turismo-e-cultura\/eventi\/turismo-ecosostenibile-e-comunita-ripartiamo-dal?utm_source=Contatti&amp;utm_campaign=f671026b86-EMAIL_CAMPAIGN_2023_09_04_11_10_COPY_01&amp;utm_medium=email&amp;utm_term=0_-84301855d0-%5BLIST_EMAIL_ID%5D\" target=\"_blank\" rel=\"noopener\" data-saferedirecturl=\"https:\/\/www.google.com\/url?q=https:\/\/www.ecs-nodes.eu\/3-industria-del-turismo-e-cultura\/eventi\/turismo-ecosostenibile-e-comunita-ripartiamo-dal?utm_source%3DContatti%26utm_campaign%3Df671026b86-EMAIL_CAMPAIGN_2023_09_04_11_10_COPY_01%26utm_medium%3Demail%26utm_term%3D0_-84301855d0-%255BLIST_EMAIL_ID%255D&amp;source=gmail&amp;ust=1714551429311000&amp;usg=AOvVaw36SiLE7dlz-Qdd1MJS9ZDS\">Info<\/a><\/p>\n","protected":false},"excerpt":{"rendered":"<p>Un convegno in programma il 20 e 21 maggio sull&#8217;intersezione tra turismo e comunit\u00e0 locale, con uno sguardo attento all&#8217;impatto ambientale e sociale, arricchita da contributi accademici e pratici per una visione integrata e sostenibile del futuro del lago di Como. <\/p>\n","protected":false},"author":32,"featured_media":22873,"comment_status":"closed","ping_status":"closed","sticky":false,"template":"","format":"standard","meta":{"_acf_changed":false,"episode_type":"","audio_file":"","cover_image":"","cover_image_id":"","duration":"","filesize":"","date_recorded":"","explicit":"","block":"","itunes_episode_number":"","itunes_title":"","itunes_season_number":"","itunes_episode_type":"","filesize_raw":"","footnotes":""},"categories":[17],"tags":[113,261,281,1605,1606],"class_list":["post-22871","post","type-post","status-publish","format-standard","has-post-thumbnail","hentry","category-news-it","tag-sostenibilita","tag-impatto-sociale","tag-comunita","tag-turismo","tag-turismo-ecosostenibile"],"acf":[],"yoast_head":"<!-- This site is optimized with the Yoast SEO plugin v26.1.1 - https:\/\/yoast.com\/wordpress\/plugins\/seo\/ -->\n<title>Turismo ecosostenibile e comunit\u00e0 - Euricse<\/title>\n<meta name=\"description\" content=\"Un convegno sull&#039;intersezione tra turismo e comunit\u00e0 locale, con uno sguardo attento all&#039;impatto ambientale e sociale, arricchita da contributi accademici e pratici per una visione integrata e sostenibile del futuro del lago di Como.\" \/>\n<meta name=\"robots\" content=\"index, follow, max-snippet:-1, max-image-preview:large, max-video-preview:-1\" \/>\n<link rel=\"canonical\" href=\"https:\/\/euricse.eu\/it\/turismo-ecosostenibile-e-comunita\/\" \/>\n<meta property=\"og:locale\" content=\"it_IT\" \/>\n<meta property=\"og:type\" content=\"article\" \/>\n<meta property=\"og:title\" content=\"Turismo ecosostenibile e comunit\u00e0 - Euricse\" \/>\n<meta property=\"og:description\" content=\"Un convegno sull&#039;intersezione tra turismo e comunit\u00e0 locale, con uno sguardo attento all&#039;impatto ambientale e sociale, arricchita da contributi accademici e pratici per una visione integrata e sostenibile del futuro del lago di Como.\" \/>\n<meta property=\"og:url\" content=\"https:\/\/euricse.eu\/it\/turismo-ecosostenibile-e-comunita\/\" \/>\n<meta property=\"og:site_name\" content=\"Euricse\" \/>\n<meta property=\"article:published_time\" content=\"2024-04-30T08:31:21+00:00\" \/>\n<meta property=\"article:modified_time\" content=\"2024-04-30T08:32:07+00:00\" \/>\n<meta property=\"og:image\" content=\"https:\/\/euricse.eu\/wp-content\/uploads\/2024\/04\/varenna-7708582_1280-e1714465911989.jpg\" \/>\n\t<meta property=\"og:image:width\" content=\"600\" \/>\n\t<meta property=\"og:image:height\" content=\"399\" \/>\n\t<meta property=\"og:image:type\" content=\"image\/jpeg\" \/>\n<meta name=\"author\" content=\"Silvia\" \/>\n<meta name=\"twitter:card\" content=\"summary_large_image\" \/>\n<meta name=\"twitter:label1\" content=\"Scritto da\" \/>\n\t<meta name=\"twitter:data1\" content=\"Silvia\" \/>\n\t<meta name=\"twitter:label2\" content=\"Tempo di lettura stimato\" \/>\n\t<meta name=\"twitter:data2\" content=\"1 minuto\" \/>\n<script type=\"application\/ld+json\" class=\"yoast-schema-graph\">{\"@context\":\"https:\/\/schema.org\",\"@graph\":[{\"@type\":\"WebPage\",\"@id\":\"https:\/\/euricse.eu\/it\/turismo-ecosostenibile-e-comunita\/\",\"url\":\"https:\/\/euricse.eu\/it\/turismo-ecosostenibile-e-comunita\/\",\"name\":\"Turismo ecosostenibile e comunit\u00e0 - Euricse\",\"isPartOf\":{\"@id\":\"https:\/\/euricse.eu\/en\/#website\"},\"primaryImageOfPage\":{\"@id\":\"https:\/\/euricse.eu\/it\/turismo-ecosostenibile-e-comunita\/#primaryimage\"},\"image\":{\"@id\":\"https:\/\/euricse.eu\/it\/turismo-ecosostenibile-e-comunita\/#primaryimage\"},\"thumbnailUrl\":\"https:\/\/euricse.eu\/wp-content\/uploads\/2024\/04\/varenna-7708582_1280-e1714465911989.jpg\",\"datePublished\":\"2024-04-30T08:31:21+00:00\",\"dateModified\":\"2024-04-30T08:32:07+00:00\",\"author\":{\"@id\":\"https:\/\/euricse.eu\/en\/#\/schema\/person\/a5b25693531e3458dfedff34c273ba14\"},\"description\":\"Un convegno sull'intersezione tra turismo e comunit\u00e0 locale, con uno sguardo attento all'impatto ambientale e sociale, arricchita da contributi accademici e pratici per una visione integrata e sostenibile del futuro del lago di Como.\",\"breadcrumb\":{\"@id\":\"https:\/\/euricse.eu\/it\/turismo-ecosostenibile-e-comunita\/#breadcrumb\"},\"inLanguage\":\"it-IT\",\"potentialAction\":[{\"@type\":\"ReadAction\",\"target\":[\"https:\/\/euricse.eu\/it\/turismo-ecosostenibile-e-comunita\/\"]}]},{\"@type\":\"ImageObject\",\"inLanguage\":\"it-IT\",\"@id\":\"https:\/\/euricse.eu\/it\/turismo-ecosostenibile-e-comunita\/#primaryimage\",\"url\":\"https:\/\/euricse.eu\/wp-content\/uploads\/2024\/04\/varenna-7708582_1280-e1714465911989.jpg\",\"contentUrl\":\"https:\/\/euricse.eu\/wp-content\/uploads\/2024\/04\/varenna-7708582_1280-e1714465911989.jpg\",\"width\":600,\"height\":399},{\"@type\":\"BreadcrumbList\",\"@id\":\"https:\/\/euricse.eu\/it\/turismo-ecosostenibile-e-comunita\/#breadcrumb\",\"itemListElement\":[{\"@type\":\"ListItem\",\"position\":1,\"name\":\"Home\",\"item\":\"https:\/\/euricse.eu\/it\/\"},{\"@type\":\"ListItem\",\"position\":2,\"name\":\"Turismo ecosostenibile e comunit\u00e0\"}]},{\"@type\":\"WebSite\",\"@id\":\"https:\/\/euricse.eu\/en\/#website\",\"url\":\"https:\/\/euricse.eu\/en\/\",\"name\":\"Euricse\",\"description\":\"Knowledge and innovation for cooperative and social enterprises.\",\"potentialAction\":[{\"@type\":\"SearchAction\",\"target\":{\"@type\":\"EntryPoint\",\"urlTemplate\":\"https:\/\/euricse.eu\/en\/?s={search_term_string}\"},\"query-input\":{\"@type\":\"PropertyValueSpecification\",\"valueRequired\":true,\"valueName\":\"search_term_string\"}}],\"inLanguage\":\"it-IT\"},{\"@type\":\"Person\",\"@id\":\"https:\/\/euricse.eu\/en\/#\/schema\/person\/a5b25693531e3458dfedff34c273ba14\",\"name\":\"Silvia\",\"image\":{\"@type\":\"ImageObject\",\"inLanguage\":\"it-IT\",\"@id\":\"https:\/\/euricse.eu\/en\/#\/schema\/person\/image\/\",\"url\":\"https:\/\/secure.gravatar.com\/avatar\/3cef1082b65edc85f1a4c0caa7ce4808f397a517b7217eab6215fe435640f8f7?s=96&d=mm&r=g\",\"contentUrl\":\"https:\/\/secure.gravatar.com\/avatar\/3cef1082b65edc85f1a4c0caa7ce4808f397a517b7217eab6215fe435640f8f7?s=96&d=mm&r=g\",\"caption\":\"Silvia\"},\"url\":\"https:\/\/euricse.eu\/it\/author\/silvia\/\"}]}<\/script>\n<!-- \/ Yoast SEO plugin. -->","yoast_head_json":{"title":"Turismo ecosostenibile e comunit\u00e0 - Euricse","description":"Un convegno sull'intersezione tra turismo e comunit\u00e0 locale, con uno sguardo attento all'impatto ambientale e sociale, arricchita da contributi accademici e pratici per una visione integrata e sostenibile del futuro del lago di Como.","robots":{"index":"index","follow":"follow","max-snippet":"max-snippet:-1","max-image-preview":"max-image-preview:large","max-video-preview":"max-video-preview:-1"},"canonical":"https:\/\/euricse.eu\/it\/turismo-ecosostenibile-e-comunita\/","og_locale":"it_IT","og_type":"article","og_title":"Turismo ecosostenibile e comunit\u00e0 - Euricse","og_description":"Un convegno sull'intersezione tra turismo e comunit\u00e0 locale, con uno sguardo attento all'impatto ambientale e sociale, arricchita da contributi accademici e pratici per una visione integrata e sostenibile del futuro del lago di Como.","og_url":"https:\/\/euricse.eu\/it\/turismo-ecosostenibile-e-comunita\/","og_site_name":"Euricse","article_published_time":"2024-04-30T08:31:21+00:00","article_modified_time":"2024-04-30T08:32:07+00:00","og_image":[{"width":600,"height":399,"url":"https:\/\/euricse.eu\/wp-content\/uploads\/2024\/04\/varenna-7708582_1280-e1714465911989.jpg","type":"image\/jpeg"}],"author":"Silvia","twitter_card":"summary_large_image","twitter_misc":{"Scritto da":"Silvia","Tempo di lettura stimato":"1 minuto"},"schema":{"@context":"https:\/\/schema.org","@graph":[{"@type":"WebPage","@id":"https:\/\/euricse.eu\/it\/turismo-ecosostenibile-e-comunita\/","url":"https:\/\/euricse.eu\/it\/turismo-ecosostenibile-e-comunita\/","name":"Turismo ecosostenibile e comunit\u00e0 - Euricse","isPartOf":{"@id":"https:\/\/euricse.eu\/en\/#website"},"primaryImageOfPage":{"@id":"https:\/\/euricse.eu\/it\/turismo-ecosostenibile-e-comunita\/#primaryimage"},"image":{"@id":"https:\/\/euricse.eu\/it\/turismo-ecosostenibile-e-comunita\/#primaryimage"},"thumbnailUrl":"https:\/\/euricse.eu\/wp-content\/uploads\/2024\/04\/varenna-7708582_1280-e1714465911989.jpg","datePublished":"2024-04-30T08:31:21+00:00","dateModified":"2024-04-30T08:32:07+00:00","author":{"@id":"https:\/\/euricse.eu\/en\/#\/schema\/person\/a5b25693531e3458dfedff34c273ba14"},"description":"Un convegno sull'intersezione tra turismo e comunit\u00e0 locale, con uno sguardo attento all'impatto ambientale e sociale, arricchita da contributi accademici e pratici per una visione integrata e sostenibile del futuro del lago di Como.","breadcrumb":{"@id":"https:\/\/euricse.eu\/it\/turismo-ecosostenibile-e-comunita\/#breadcrumb"},"inLanguage":"it-IT","potentialAction":[{"@type":"ReadAction","target":["https:\/\/euricse.eu\/it\/turismo-ecosostenibile-e-comunita\/"]}]},{"@type":"ImageObject","inLanguage":"it-IT","@id":"https:\/\/euricse.eu\/it\/turismo-ecosostenibile-e-comunita\/#primaryimage","url":"https:\/\/euricse.eu\/wp-content\/uploads\/2024\/04\/varenna-7708582_1280-e1714465911989.jpg","contentUrl":"https:\/\/euricse.eu\/wp-content\/uploads\/2024\/04\/varenna-7708582_1280-e1714465911989.jpg","width":600,"height":399},{"@type":"BreadcrumbList","@id":"https:\/\/euricse.eu\/it\/turismo-ecosostenibile-e-comunita\/#breadcrumb","itemListElement":[{"@type":"ListItem","position":1,"name":"Home","item":"https:\/\/euricse.eu\/it\/"},{"@type":"ListItem","position":2,"name":"Turismo ecosostenibile e comunit\u00e0"}]},{"@type":"WebSite","@id":"https:\/\/euricse.eu\/en\/#website","url":"https:\/\/euricse.eu\/en\/","name":"Euricse","description":"Knowledge and innovation for cooperative and social enterprises.","potentialAction":[{"@type":"SearchAction","target":{"@type":"EntryPoint","urlTemplate":"https:\/\/euricse.eu\/en\/?s={search_term_string}"},"query-input":{"@type":"PropertyValueSpecification","valueRequired":true,"valueName":"search_term_string"}}],"inLanguage":"it-IT"},{"@type":"Person","@id":"https:\/\/euricse.eu\/en\/#\/schema\/person\/a5b25693531e3458dfedff34c273ba14","name":"Silvia","image":{"@type":"ImageObject","inLanguage":"it-IT","@id":"https:\/\/euricse.eu\/en\/#\/schema\/person\/image\/","url":"https:\/\/secure.gravatar.com\/avatar\/3cef1082b65edc85f1a4c0caa7ce4808f397a517b7217eab6215fe435640f8f7?s=96&d=mm&r=g","contentUrl":"https:\/\/secure.gravatar.com\/avatar\/3cef1082b65edc85f1a4c0caa7ce4808f397a517b7217eab6215fe435640f8f7?s=96&d=mm&r=g","caption":"Silvia"},"url":"https:\/\/euricse.eu\/it\/author\/silvia\/"}]}},"_links":{"self":[{"href":"https:\/\/euricse.eu\/it\/wp-json\/wp\/v2\/posts\/22871","targetHints":{"allow":["GET"]}}],"collection":[{"href":"https:\/\/euricse.eu\/it\/wp-json\/wp\/v2\/posts"}],"about":[{"href":"https:\/\/euricse.eu\/it\/wp-json\/wp\/v2\/types\/post"}],"author":[{"embeddable":true,"href":"https:\/\/euricse.eu\/it\/wp-json\/wp\/v2\/users\/32"}],"replies":[{"embeddable":true,"href":"https:\/\/euricse.eu\/it\/wp-json\/wp\/v2\/comments?post=22871"}],"version-history":[{"count":1,"href":"https:\/\/euricse.eu\/it\/wp-json\/wp\/v2\/posts\/22871\/revisions"}],"predecessor-version":[{"id":22872,"href":"https:\/\/euricse.eu\/it\/wp-json\/wp\/v2\/posts\/22871\/revisions\/22872"}],"wp:featuredmedia":[{"embeddable":true,"href":"https:\/\/euricse.eu\/it\/wp-json\/wp\/v2\/media\/22873"}],"wp:attachment":[{"href":"https:\/\/euricse.eu\/it\/wp-json\/wp\/v2\/media?parent=22871"}],"wp:term":[{"taxonomy":"category","embeddable":true,"href":"https:\/\/euricse.eu\/it\/wp-json\/wp\/v2\/categories?post=22871"},{"taxonomy":"post_tag","embeddable":true,"href":"https:\/\/euricse.eu\/it\/wp-json\/wp\/v2\/tags?post=22871"}],"curies":[{"name":"wp","href":"https:\/\/api.w.org\/{rel}","templated":true}]}}