{"id":22897,"date":"2024-04-30T09:47:48","date_gmt":"2024-04-30T08:47:48","guid":{"rendered":"https:\/\/euricse.eu\/?p=22897"},"modified":"2024-05-16T15:41:33","modified_gmt":"2024-05-16T14:41:33","slug":"festival-delleconomia-di-trento-panel-dedicato-a-carlo-borzaga","status":"publish","type":"post","link":"https:\/\/euricse.eu\/it\/festival-delleconomia-di-trento-panel-dedicato-a-carlo-borzaga\/","title":{"rendered":"Festival dell&#8217;Economia di Trento: panel dedicato a Carlo Borzaga"},"content":{"rendered":"<p>Al <strong>Festival dell\u2019Economia di Trento<\/strong>, Euricse dedica un panel al prof. <strong>Carlo Borzaga<\/strong>, fondatore e Presidente Emerito del nostro Istituto di ricerca. Il prof. Borzaga, riconosciuto per la sua vasta esperienza come ricercatore, docente e imprenditore sociale, ha avuto un ruolo di rilievo nel dibattito pubblico italiano e internazionale, in particolare per i suoi studi sulla cooperazione e il Terzo Settore.<\/p>\n<div class=\"flex flex-grow flex-col max-w-full\">\n<div class=\"min-h-[20px] text-message flex flex-col items-start whitespace-pre-wrap break-words [.text-message+&amp;]:mt-5 juice:w-full juice:items-end overflow-x-auto gap-2\" dir=\"auto\" data-message-author-role=\"assistant\" data-message-id=\"0ebee642-6a1c-4f17-b705-67ac2150729a\">\n<div class=\"flex w-full flex-col gap-1 juice:empty:hidden juice:first:pt-[3px]\">\n<div class=\"markdown prose w-full break-words dark:prose-invert dark\">\n<p><strong>Carlo Borzaga \u00e8 stato determinante nel riconoscere, non solo in Italia ma anche in Europa, il ruolo peculiare delle imprese sociali e l&#8217;importanza di sostenerne lo sviluppo.<\/strong> Venuto a mancare pochi mesi fa, all&#8217;interno del Festival di quest&#8217;anno gli viene dedicato un panel per celebrare il suo pensiero e la sua capacit\u00e0 di dimostrare come la scienza economica potesse mettersi al servizio della persona, soprattutto dei soggetti pi\u00f9 fragili. Le cooperative sociali sono un esempio di iniziative private nate per promuovere il benessere collettivo in ogni fase della vita.<\/p>\n<p>Sar\u00e0 l&#8217;occasione per celebrare i suoi straordinari contributi alla ricerca, in particolare sull&#8217;impresa sociale, un fenomeno che unisce la cultura della solidariet\u00e0 con quella dell\u2019impresa. Parteciperanno all&#8217;incontro relatori che hanno collaborato con lui nel corso degli anni. Insieme a <strong>Giulia Galera,<\/strong> ricercatrice senior di Euricse con la quale ha scritto il suo ultimo libro &#8220;<a href=\"https:\/\/euricse.eu\/it\/publications\/la-rivoluzione-dellimpresa-sociale-per-un-rinnovato-protagonismo-della-societa-civile\/\" target=\"_blank\" rel=\"noopener\">La rivoluzione dell&#8217;impresa sociale. Per un rinnovato protagonismo della societ\u00e0 civile<\/a>&#8220;, dialogheranno il prof. <strong>Benedetto Gui<\/strong> dell\u2019Istituto Universitario Sophia, il prof. <strong>Lorenzo Sacconi<\/strong> dell\u2019Universit\u00e0 di Milano, la prof.ssa <strong>Anna Grandori<\/strong> dell\u2019Universit\u00e0 Bocconi di Milano e la prof.ssa <strong>Mary O\u2019Shaughnessy<\/strong> della Cork University Business School. Il Rettore dell&#8217;Universit\u00e0 di Trento, <strong>Flavio Deflorian,<\/strong> porter\u00e0 un saluto speciale in apertura.<\/p>\n<p>Il panel si terr\u00e0<strong> venerd\u00ec 24 maggio alle 16:30 nel cortile del Rettorato dell\u2019Universit\u00e0 degli Studi di Trento (Palazzo Sardagna).<\/strong><\/p>\n<p>Per partecipare in presenza, \u00e8 necessario registrarsi a\u00a0<a href=\"https:\/\/www.festivaleconomia.it\/it\/registrazione\" target=\"_blank\" rel=\"noopener\">questo link.<\/a>\u00a0Si ricorda che la registrazione non garantisce un posto agli eventi. L&#8217;accesso \u00e8 gratuito fino ad esaurimento posti, pertanto si consiglia di presentarsi con congruo anticipo.<\/p>\n<\/div>\n<\/div>\n<\/div>\n<\/div>\n<p><a href=\"https:\/\/www.festivaleconomia.it\/it\/evento\/limpresa-che-trasforma-la-societa\" target=\"_blank\" rel=\"noopener\" data-cke-saved-href=\"https:\/\/www.festivaleconomia.it\/it\/evento\/limpresa-che-trasforma-la-societa\">Info<\/a><\/p>\n<p>&nbsp;<\/p>\n<p>Anche il nostro segretario generale, <strong>Gianluca Salvatori<\/strong>, parteciper\u00e0 come relatore all&#8217;evento &#8220;<strong>Ripensare il welfare attraverso il partenariato pubblico-privato<\/strong>&#8221; al Festival dell&#8217;Economia di quest&#8217;anno.<\/p>\n<p>I diritti sociali sono il fondamento della cittadinanza, e il terzo settore ha un ruolo privilegiato nel garantire pienamente tali diritti in conformit\u00e0 con il principio costituzionale di sussidiariet\u00e0. Immaginare un nuovo modello di welfare che veda un impegno integrato di pubblico e privato \u00e8 una delle sfide cruciali per Trento, Capitale Europea del Volontariato 2024.<\/p>\n<div class=\"field--name-field-relatori-evento shadowed-box hover-box\"><a href=\"https:\/\/www.festivaleconomia.it\/it\/evento\/ripensare-il-welfare-attraverso-il-partenariato-pubblico-privato\">Info<\/a><\/div>\n<section id=\"block-amun-festival-content\" class=\"w3-block w3-block-wrapper block-system block-system-main-block\">\n<div class=\"node node--type-evento node--view-mode-full ds-1col clearfix\" data-history-node-id=\"7286\">\n<div>\n<div class=\"data-luogo shadowed-box hover-box\"><\/div>\n<\/div>\n<\/div>\n<\/section>\n","protected":false},"excerpt":{"rendered":"<p>Un omaggio al prof. Carlo Borzaga al Festival dell&#8217;Economia di Trento: un panel dedicato al suo contributo nel dibattito pubblico italiano e internazionale, focalizzato sulle sue ricerche sulla cooperazione e il Terzo Settore. Con la partecipazione di illustri relatori, l&#8217;evento si terr\u00e0 il 24 maggio nel cortile del Rettorato dell\u2019Universit\u00e0 degli Studi di Trento.<\/p>\n","protected":false},"author":32,"featured_media":22889,"comment_status":"closed","ping_status":"closed","sticky":false,"template":"","format":"standard","meta":{"_acf_changed":false,"episode_type":"","audio_file":"","cover_image":"","cover_image_id":"","duration":"","filesize":"","date_recorded":"","explicit":"","block":"","itunes_episode_number":"","itunes_title":"","itunes_season_number":"","itunes_episode_type":"","filesize_raw":"","footnotes":""},"categories":[17],"tags":[969,1608],"class_list":["post-22897","post","type-post","status-publish","format-standard","has-post-thumbnail","hentry","category-news-it","tag-carlo-borzaga","tag-festiva-delleconomia"],"acf":[],"yoast_head":"<!-- This site is optimized with the Yoast SEO plugin v26.1.1 - https:\/\/yoast.com\/wordpress\/plugins\/seo\/ -->\n<title>Festival dell&#039;Economia di Trento: panel dedicato a Carlo Borzaga - Euricse<\/title>\n<meta name=\"description\" content=\"Un omaggio al prof. Carlo Borzaga al Festival dell&#039;Economia di Trento: un panel dedicato al suo contributo nel dibattito pubblico italiano e internazionale, focalizzato sulle sue ricerche sulla cooperazione e il Terzo Settore.\" \/>\n<meta name=\"robots\" content=\"index, follow, max-snippet:-1, max-image-preview:large, max-video-preview:-1\" \/>\n<link rel=\"canonical\" href=\"https:\/\/euricse.eu\/it\/festival-delleconomia-di-trento-panel-dedicato-a-carlo-borzaga\/\" \/>\n<meta property=\"og:locale\" content=\"it_IT\" \/>\n<meta property=\"og:type\" content=\"article\" \/>\n<meta property=\"og:title\" content=\"Festival dell&#039;Economia di Trento: panel dedicato a Carlo Borzaga - Euricse\" \/>\n<meta property=\"og:description\" content=\"Un omaggio al prof. Carlo Borzaga al Festival dell&#039;Economia di Trento: un panel dedicato al suo contributo nel dibattito pubblico italiano e internazionale, focalizzato sulle sue ricerche sulla cooperazione e il Terzo Settore.\" \/>\n<meta property=\"og:url\" content=\"https:\/\/euricse.eu\/it\/festival-delleconomia-di-trento-panel-dedicato-a-carlo-borzaga\/\" \/>\n<meta property=\"og:site_name\" content=\"Euricse\" \/>\n<meta property=\"article:published_time\" content=\"2024-04-30T08:47:48+00:00\" \/>\n<meta property=\"article:modified_time\" content=\"2024-05-16T14:41:33+00:00\" \/>\n<meta property=\"og:image\" content=\"https:\/\/euricse.eu\/wp-content\/uploads\/2024\/04\/Carlo-Borzaga-Festival-Economia.jpg\" \/>\n\t<meta property=\"og:image:width\" content=\"384\" \/>\n\t<meta property=\"og:image:height\" content=\"384\" \/>\n\t<meta property=\"og:image:type\" content=\"image\/jpeg\" \/>\n<meta name=\"author\" content=\"Silvia\" \/>\n<meta name=\"twitter:card\" content=\"summary_large_image\" \/>\n<meta name=\"twitter:label1\" content=\"Scritto da\" \/>\n\t<meta name=\"twitter:data1\" content=\"Silvia\" \/>\n\t<meta name=\"twitter:label2\" content=\"Tempo di lettura stimato\" \/>\n\t<meta name=\"twitter:data2\" content=\"3 minuti\" \/>\n<script type=\"application\/ld+json\" class=\"yoast-schema-graph\">{\"@context\":\"https:\/\/schema.org\",\"@graph\":[{\"@type\":\"WebPage\",\"@id\":\"https:\/\/euricse.eu\/it\/festival-delleconomia-di-trento-panel-dedicato-a-carlo-borzaga\/\",\"url\":\"https:\/\/euricse.eu\/it\/festival-delleconomia-di-trento-panel-dedicato-a-carlo-borzaga\/\",\"name\":\"Festival dell'Economia di Trento: panel dedicato a Carlo Borzaga - Euricse\",\"isPartOf\":{\"@id\":\"https:\/\/euricse.eu\/en\/#website\"},\"primaryImageOfPage\":{\"@id\":\"https:\/\/euricse.eu\/it\/festival-delleconomia-di-trento-panel-dedicato-a-carlo-borzaga\/#primaryimage\"},\"image\":{\"@id\":\"https:\/\/euricse.eu\/it\/festival-delleconomia-di-trento-panel-dedicato-a-carlo-borzaga\/#primaryimage\"},\"thumbnailUrl\":\"https:\/\/euricse.eu\/wp-content\/uploads\/2024\/04\/Carlo-Borzaga-Festival-Economia.jpg\",\"datePublished\":\"2024-04-30T08:47:48+00:00\",\"dateModified\":\"2024-05-16T14:41:33+00:00\",\"author\":{\"@id\":\"https:\/\/euricse.eu\/en\/#\/schema\/person\/a5b25693531e3458dfedff34c273ba14\"},\"description\":\"Un omaggio al prof. Carlo Borzaga al Festival dell'Economia di Trento: un panel dedicato al suo contributo nel dibattito pubblico italiano e internazionale, focalizzato sulle sue ricerche sulla cooperazione e il Terzo Settore.\",\"breadcrumb\":{\"@id\":\"https:\/\/euricse.eu\/it\/festival-delleconomia-di-trento-panel-dedicato-a-carlo-borzaga\/#breadcrumb\"},\"inLanguage\":\"it-IT\",\"potentialAction\":[{\"@type\":\"ReadAction\",\"target\":[\"https:\/\/euricse.eu\/it\/festival-delleconomia-di-trento-panel-dedicato-a-carlo-borzaga\/\"]}]},{\"@type\":\"ImageObject\",\"inLanguage\":\"it-IT\",\"@id\":\"https:\/\/euricse.eu\/it\/festival-delleconomia-di-trento-panel-dedicato-a-carlo-borzaga\/#primaryimage\",\"url\":\"https:\/\/euricse.eu\/wp-content\/uploads\/2024\/04\/Carlo-Borzaga-Festival-Economia.jpg\",\"contentUrl\":\"https:\/\/euricse.eu\/wp-content\/uploads\/2024\/04\/Carlo-Borzaga-Festival-Economia.jpg\",\"width\":384,\"height\":384},{\"@type\":\"BreadcrumbList\",\"@id\":\"https:\/\/euricse.eu\/it\/festival-delleconomia-di-trento-panel-dedicato-a-carlo-borzaga\/#breadcrumb\",\"itemListElement\":[{\"@type\":\"ListItem\",\"position\":1,\"name\":\"Home\",\"item\":\"https:\/\/euricse.eu\/it\/\"},{\"@type\":\"ListItem\",\"position\":2,\"name\":\"Festival dell&#8217;Economia di Trento: panel dedicato a Carlo Borzaga\"}]},{\"@type\":\"WebSite\",\"@id\":\"https:\/\/euricse.eu\/en\/#website\",\"url\":\"https:\/\/euricse.eu\/en\/\",\"name\":\"Euricse\",\"description\":\"Knowledge and innovation for cooperative and social enterprises.\",\"potentialAction\":[{\"@type\":\"SearchAction\",\"target\":{\"@type\":\"EntryPoint\",\"urlTemplate\":\"https:\/\/euricse.eu\/en\/?s={search_term_string}\"},\"query-input\":{\"@type\":\"PropertyValueSpecification\",\"valueRequired\":true,\"valueName\":\"search_term_string\"}}],\"inLanguage\":\"it-IT\"},{\"@type\":\"Person\",\"@id\":\"https:\/\/euricse.eu\/en\/#\/schema\/person\/a5b25693531e3458dfedff34c273ba14\",\"name\":\"Silvia\",\"image\":{\"@type\":\"ImageObject\",\"inLanguage\":\"it-IT\",\"@id\":\"https:\/\/euricse.eu\/en\/#\/schema\/person\/image\/\",\"url\":\"https:\/\/secure.gravatar.com\/avatar\/3cef1082b65edc85f1a4c0caa7ce4808f397a517b7217eab6215fe435640f8f7?s=96&d=mm&r=g\",\"contentUrl\":\"https:\/\/secure.gravatar.com\/avatar\/3cef1082b65edc85f1a4c0caa7ce4808f397a517b7217eab6215fe435640f8f7?s=96&d=mm&r=g\",\"caption\":\"Silvia\"},\"url\":\"https:\/\/euricse.eu\/it\/author\/silvia\/\"}]}<\/script>\n<!-- \/ Yoast SEO plugin. -->","yoast_head_json":{"title":"Festival dell'Economia di Trento: panel dedicato a Carlo Borzaga - Euricse","description":"Un omaggio al prof. Carlo Borzaga al Festival dell'Economia di Trento: un panel dedicato al suo contributo nel dibattito pubblico italiano e internazionale, focalizzato sulle sue ricerche sulla cooperazione e il Terzo Settore.","robots":{"index":"index","follow":"follow","max-snippet":"max-snippet:-1","max-image-preview":"max-image-preview:large","max-video-preview":"max-video-preview:-1"},"canonical":"https:\/\/euricse.eu\/it\/festival-delleconomia-di-trento-panel-dedicato-a-carlo-borzaga\/","og_locale":"it_IT","og_type":"article","og_title":"Festival dell'Economia di Trento: panel dedicato a Carlo Borzaga - Euricse","og_description":"Un omaggio al prof. Carlo Borzaga al Festival dell'Economia di Trento: un panel dedicato al suo contributo nel dibattito pubblico italiano e internazionale, focalizzato sulle sue ricerche sulla cooperazione e il Terzo Settore.","og_url":"https:\/\/euricse.eu\/it\/festival-delleconomia-di-trento-panel-dedicato-a-carlo-borzaga\/","og_site_name":"Euricse","article_published_time":"2024-04-30T08:47:48+00:00","article_modified_time":"2024-05-16T14:41:33+00:00","og_image":[{"width":384,"height":384,"url":"https:\/\/euricse.eu\/wp-content\/uploads\/2024\/04\/Carlo-Borzaga-Festival-Economia.jpg","type":"image\/jpeg"}],"author":"Silvia","twitter_card":"summary_large_image","twitter_misc":{"Scritto da":"Silvia","Tempo di lettura stimato":"3 minuti"},"schema":{"@context":"https:\/\/schema.org","@graph":[{"@type":"WebPage","@id":"https:\/\/euricse.eu\/it\/festival-delleconomia-di-trento-panel-dedicato-a-carlo-borzaga\/","url":"https:\/\/euricse.eu\/it\/festival-delleconomia-di-trento-panel-dedicato-a-carlo-borzaga\/","name":"Festival dell'Economia di Trento: panel dedicato a Carlo Borzaga - Euricse","isPartOf":{"@id":"https:\/\/euricse.eu\/en\/#website"},"primaryImageOfPage":{"@id":"https:\/\/euricse.eu\/it\/festival-delleconomia-di-trento-panel-dedicato-a-carlo-borzaga\/#primaryimage"},"image":{"@id":"https:\/\/euricse.eu\/it\/festival-delleconomia-di-trento-panel-dedicato-a-carlo-borzaga\/#primaryimage"},"thumbnailUrl":"https:\/\/euricse.eu\/wp-content\/uploads\/2024\/04\/Carlo-Borzaga-Festival-Economia.jpg","datePublished":"2024-04-30T08:47:48+00:00","dateModified":"2024-05-16T14:41:33+00:00","author":{"@id":"https:\/\/euricse.eu\/en\/#\/schema\/person\/a5b25693531e3458dfedff34c273ba14"},"description":"Un omaggio al prof. Carlo Borzaga al Festival dell'Economia di Trento: un panel dedicato al suo contributo nel dibattito pubblico italiano e internazionale, focalizzato sulle sue ricerche sulla cooperazione e il Terzo Settore.","breadcrumb":{"@id":"https:\/\/euricse.eu\/it\/festival-delleconomia-di-trento-panel-dedicato-a-carlo-borzaga\/#breadcrumb"},"inLanguage":"it-IT","potentialAction":[{"@type":"ReadAction","target":["https:\/\/euricse.eu\/it\/festival-delleconomia-di-trento-panel-dedicato-a-carlo-borzaga\/"]}]},{"@type":"ImageObject","inLanguage":"it-IT","@id":"https:\/\/euricse.eu\/it\/festival-delleconomia-di-trento-panel-dedicato-a-carlo-borzaga\/#primaryimage","url":"https:\/\/euricse.eu\/wp-content\/uploads\/2024\/04\/Carlo-Borzaga-Festival-Economia.jpg","contentUrl":"https:\/\/euricse.eu\/wp-content\/uploads\/2024\/04\/Carlo-Borzaga-Festival-Economia.jpg","width":384,"height":384},{"@type":"BreadcrumbList","@id":"https:\/\/euricse.eu\/it\/festival-delleconomia-di-trento-panel-dedicato-a-carlo-borzaga\/#breadcrumb","itemListElement":[{"@type":"ListItem","position":1,"name":"Home","item":"https:\/\/euricse.eu\/it\/"},{"@type":"ListItem","position":2,"name":"Festival dell&#8217;Economia di Trento: panel dedicato a Carlo Borzaga"}]},{"@type":"WebSite","@id":"https:\/\/euricse.eu\/en\/#website","url":"https:\/\/euricse.eu\/en\/","name":"Euricse","description":"Knowledge and innovation for cooperative and social enterprises.","potentialAction":[{"@type":"SearchAction","target":{"@type":"EntryPoint","urlTemplate":"https:\/\/euricse.eu\/en\/?s={search_term_string}"},"query-input":{"@type":"PropertyValueSpecification","valueRequired":true,"valueName":"search_term_string"}}],"inLanguage":"it-IT"},{"@type":"Person","@id":"https:\/\/euricse.eu\/en\/#\/schema\/person\/a5b25693531e3458dfedff34c273ba14","name":"Silvia","image":{"@type":"ImageObject","inLanguage":"it-IT","@id":"https:\/\/euricse.eu\/en\/#\/schema\/person\/image\/","url":"https:\/\/secure.gravatar.com\/avatar\/3cef1082b65edc85f1a4c0caa7ce4808f397a517b7217eab6215fe435640f8f7?s=96&d=mm&r=g","contentUrl":"https:\/\/secure.gravatar.com\/avatar\/3cef1082b65edc85f1a4c0caa7ce4808f397a517b7217eab6215fe435640f8f7?s=96&d=mm&r=g","caption":"Silvia"},"url":"https:\/\/euricse.eu\/it\/author\/silvia\/"}]}},"_links":{"self":[{"href":"https:\/\/euricse.eu\/it\/wp-json\/wp\/v2\/posts\/22897","targetHints":{"allow":["GET"]}}],"collection":[{"href":"https:\/\/euricse.eu\/it\/wp-json\/wp\/v2\/posts"}],"about":[{"href":"https:\/\/euricse.eu\/it\/wp-json\/wp\/v2\/types\/post"}],"author":[{"embeddable":true,"href":"https:\/\/euricse.eu\/it\/wp-json\/wp\/v2\/users\/32"}],"replies":[{"embeddable":true,"href":"https:\/\/euricse.eu\/it\/wp-json\/wp\/v2\/comments?post=22897"}],"version-history":[{"count":2,"href":"https:\/\/euricse.eu\/it\/wp-json\/wp\/v2\/posts\/22897\/revisions"}],"predecessor-version":[{"id":22957,"href":"https:\/\/euricse.eu\/it\/wp-json\/wp\/v2\/posts\/22897\/revisions\/22957"}],"wp:featuredmedia":[{"embeddable":true,"href":"https:\/\/euricse.eu\/it\/wp-json\/wp\/v2\/media\/22889"}],"wp:attachment":[{"href":"https:\/\/euricse.eu\/it\/wp-json\/wp\/v2\/media?parent=22897"}],"wp:term":[{"taxonomy":"category","embeddable":true,"href":"https:\/\/euricse.eu\/it\/wp-json\/wp\/v2\/categories?post=22897"},{"taxonomy":"post_tag","embeddable":true,"href":"https:\/\/euricse.eu\/it\/wp-json\/wp\/v2\/tags?post=22897"}],"curies":[{"name":"wp","href":"https:\/\/api.w.org\/{rel}","templated":true}]}}