{"id":23056,"date":"2024-05-29T10:08:50","date_gmt":"2024-05-29T09:08:50","guid":{"rendered":"https:\/\/euricse.eu\/?p=23056"},"modified":"2024-05-29T10:13:10","modified_gmt":"2024-05-29T09:13:10","slug":"il-potenziale-trasformativo-dellimpresa-sociale","status":"publish","type":"post","link":"https:\/\/euricse.eu\/it\/il-potenziale-trasformativo-dellimpresa-sociale\/","title":{"rendered":"Il potenziale trasformativo dell\u2019impresa sociale"},"content":{"rendered":"<p><em>Con una vasta partecipazione di pubblico, accademici, docenti, studenti e persone che conoscevano Carlo Borzaga, si \u00e8 concluso il panel in suo onore durante il Festival dell&#8217;Economia di Trento. L&#8217;evento, tenutosi nell\u2019aula conferenze presso il Rettorato dell\u2019Universit\u00e0 di Trento e organizzato da Euricse, ha visto la presenza di illustri relatori che hanno riflettuto sul lavoro del professore, scomparso solo pochi mesi fa. Durante la tavola rotonda, \u00e8 stato messo in luce il significativo contributo dei suoi studi nella definizione di una nuova forma di impresa: l\u2019impresa sociale, e nel suo potenziale trasformativo per la societ\u00e0. Sono state evidenziate la specificit\u00e0 di queste imprese rispetto a quelle tradizionali e la loro capacit\u00e0 di rispondere a bisogni sempre pi\u00f9 complessi.<\/em><\/p>\n<p>&nbsp;<\/p>\n<div class=\"template-text__large template-text template-news__content\">\n<p class=\" text-justify\"><strong>Carlo Borzaga<\/strong>, per chi non ha avuto l&#8217;onore di conoscerlo, \u00e8 stato uno studioso e docente dell&#8217;Universit\u00e0 di Trento, oltre che fondatore dell\u2019Istituto di ricerca Euricse, che promuove la conoscenza e l\u2019innovazione nelle imprese cooperative, sociali e nelle organizzazioni non profit di carattere produttivo. Il prof. Borzaga era molto pi\u00f9 di un accademico: con un impegno significativo sia a livello nazionale che internazionale, ha unito la sua ricerca al volontariato e alla promozione di iniziative sociali, dimostrando che si pu\u00f2 essere imprenditori non solo per il profitto o per la mutualit\u00e0, ma anche per produrre beni e servizi di interesse generale e per gestire beni comuni.<\/p>\n<p class=\" text-justify\">L&#8217;incontro \u00e8 stato inaugurato dal Rettore dell&#8217;Universit\u00e0 di Trento,\u00a0<strong>Flavio Deflorian<\/strong>, che ha ringraziato i presenti e sottolineato l&#8217;importanza delle ricerche del prof. Borzaga per l&#8217;Ateneo e la comunit\u00e0 scientifica internazionale.\u00a0<strong>Giulia Galera,<\/strong>\u00a0ricercatrice senior di Euricse e membro del consiglio di amministrazione della rete EMES, ha dialogato con gli ospiti sul tema dell\u2019impresa sociale, un fenomeno relativamente recente che coniuga solidariet\u00e0 e impresa. \u00abAvendo collaborato con Carlo Borzaga per oltre venti anni, moderare questa sessione \u00e8 per me un grande onore e motivo di profonda emozione\u00bb \u2013 ha detto la Galera.<\/p>\n<p class=\" text-justify\">Nata in Italia a fine anni Settanta, l&#8217;impresa sociale \u00e8 espressione della capacit\u00e0 di auto-organizzazione della societ\u00e0. Questo modello innovativo si basa sulla mobilitazione volontaria dei cittadini e delle cittadine promuove forme partecipative di gestione di beni e servizi di interesse generale, sfidando i modelli orientati esclusivamente alla massimizzazione del profitto. Uno strumento importante in un&#8217;epoca contraddistinta da molteplici sfide sociali, economiche, e ambientali e da un drammatico aumento di &#8220;nuovi poveri&#8221; e crescenti disuguaglianze.<\/p>\n<p class=\" text-justify\">I relatori del panel, accademici ed esperti che negli anni hanno collaborato con il professor Borzaga, hanno offerto interessanti spunti di riflessione sul suo lavoro.<\/p>\n<p class=\" text-justify\"><strong>Benedetto Gui<\/strong>, professore dell&#8217;Istituto Universitario Sophia, ha discusso il passaggio dalla pratica alla teoria nell&#8217;osservazione delle imprese sociali, ricordando le prime esperienze pratiche analizzate insieme a Borzaga. \u00abDall&#8217;osservazione delle prime iniziative di impresa sociale, siamo passati all&#8217;elaborazione teorica, stimolati dalle caratteristiche uniche di queste imprese\u00bb &#8211; ha spiegato il Professor Gui.<\/p>\n<p class=\" text-justify\">La prof.ssa<strong>\u00a0Anna Grandori<\/strong>, dell&#8217;Universit\u00e0 Bocconi di Milano, ha sottolineato come gli studi di Borzaga abbiano rivoluzionato il concetto di impresa, sfidando l&#8217;idea dominante degli anni Ottanta che le imprese fossero esclusivamente capitalistiche. \u00abFin dagli anni Novanta, osservando i trend delle organizzazioni emergenti &#8211; ha affermato la docente &#8211; grazie a Borzaga, si \u00e8 compreso che il sistema economico \u00e8 molto pi\u00f9 complesso e include tipi di imprese con caratteristiche diverse\u00bb.<\/p>\n<p class=\" text-justify\">La prof.ssa\u00a0<strong>Mary O&#8217;Shaughnessy,<\/strong>\u00a0della Cork University Business School ha spiegato come la rete di ricerca EMES e il prof. Borzaga abbiano inaugurato un nuovo filone di ricerca a livello internazionale che prende le mosse da una critica dell\u2019economia capitalistica, e si focalizza su una tipologia di impresa che persegue una esplicita finalit\u00e0 sociale. Ha sottolineato come l&#8217;impresa sociale rappresenti un nuovo soggetto istituzionale con caratteristiche proprie destinato a rivestire un ruolo crescente nell&#8217;economia globale. Ma si tratta anche di un ambito di ricerca di frontiera che chiama in gioco pi\u00f9 ambiti disciplinari.<\/p>\n<p class=\" text-justify\">Il professor\u00a0<strong>Lorenzo Sacconi<\/strong>\u00a0dell\u2019Universit\u00e0 Statale di Milano in conclusione si \u00e8 soffermato sull\u2019unitariet\u00e0 della figura di Carlo Borzaga, il cui contributo \u00e8 stato non solo a livello teorico, ma anche nel disegnare interventi di policy e strategie organizzative, nell\u2019ottica di valorizzare il potenziale dell\u2019impresa sociale e riformare le teorie elaborate attraverso l\u2019analisi critica di questo fenomeno.\u00a0Come evidenziato dal pensiero del prof. Borzaga ha sottolineato l&#8217;importanza di difendere le caratteristiche distintive delle imprese sociali, distinguendole dalle imprese tradizionali incluse quelle con una vocazione sociale.<\/p>\n<\/div>\n<figure id=\"attachment_23060\" aria-describedby=\"caption-attachment-23060\" style=\"width: 1024px\" class=\"wp-caption alignleft\"><img loading=\"lazy\" decoding=\"async\" class=\"wp-image-23060 size-large\" src=\"https:\/\/euricse.eu\/wp-content\/uploads\/2024\/05\/AH24052024_3287_web-1024x683.jpg\" alt=\"\" width=\"1024\" height=\"683\" srcset=\"https:\/\/euricse.eu\/wp-content\/uploads\/2024\/05\/AH24052024_3287_web-1024x683.jpg 1024w, https:\/\/euricse.eu\/wp-content\/uploads\/2024\/05\/AH24052024_3287_web-300x200.jpg 300w, https:\/\/euricse.eu\/wp-content\/uploads\/2024\/05\/AH24052024_3287_web-600x400.jpg 600w, https:\/\/euricse.eu\/wp-content\/uploads\/2024\/05\/AH24052024_3287_web-768x512.jpg 768w, https:\/\/euricse.eu\/wp-content\/uploads\/2024\/05\/AH24052024_3287_web-1536x1024.jpg 1536w, https:\/\/euricse.eu\/wp-content\/uploads\/2024\/05\/AH24052024_3287_web-2048x1366.jpg 2048w\" sizes=\"auto, (max-width: 1024px) 100vw, 1024px\" \/><figcaption id=\"caption-attachment-23060\" class=\"wp-caption-text\">L&#8217;impresa che trasforma la societ\u00e0 &#8211; In ricordo di Carlo Borzaga<br \/>Nella foto: Giulia GALERA<\/figcaption><\/figure>\n<div class=\"template-text__large template-text__small template-text \"><\/div>\n","protected":false},"excerpt":{"rendered":"<p>Al Festival dell&#8217;Economia di Trento si \u00e8 tenuto un panel in onore di Carlo Borzaga sul tema dell&#8217;impresa sociale, evidenziando il contributo significativo del professore e il potenziale trasformativo di queste imprese per la societ\u00e0.<\/p>\n","protected":false},"author":32,"featured_media":23057,"comment_status":"closed","ping_status":"closed","sticky":false,"template":"","format":"standard","meta":{"_acf_changed":false,"episode_type":"","audio_file":"","cover_image":"","cover_image_id":"","duration":"","filesize":"","date_recorded":"","explicit":"","block":"","itunes_episode_number":"","itunes_title":"","itunes_season_number":"","itunes_episode_type":"","filesize_raw":"","footnotes":""},"categories":[17],"tags":[290,969,1313,1627],"class_list":["post-23056","post","type-post","status-publish","format-standard","has-post-thumbnail","hentry","category-news-it","tag-impresa-sociale","tag-carlo-borzaga","tag-giulia-galera","tag-festival-delleconomia-di-trento"],"acf":[],"yoast_head":"<!-- This site is optimized with the Yoast SEO plugin v26.1.1 - https:\/\/yoast.com\/wordpress\/plugins\/seo\/ -->\n<title>Il potenziale trasformativo dell\u2019impresa sociale - Euricse<\/title>\n<meta name=\"description\" content=\"Al Festival dell&#039;Economia di Trento si \u00e8 tenuto un panel in onore di Carlo Borzaga sul tema dell&#039;impresa sociale e il potenziale trasformativo per la comunit\u00e0.\" \/>\n<meta name=\"robots\" content=\"index, follow, max-snippet:-1, max-image-preview:large, max-video-preview:-1\" \/>\n<link rel=\"canonical\" href=\"https:\/\/euricse.eu\/it\/il-potenziale-trasformativo-dellimpresa-sociale\/\" \/>\n<meta property=\"og:locale\" content=\"it_IT\" \/>\n<meta property=\"og:type\" content=\"article\" \/>\n<meta property=\"og:title\" content=\"Il potenziale trasformativo dell\u2019impresa sociale - Euricse\" \/>\n<meta property=\"og:description\" content=\"Al Festival dell&#039;Economia di Trento si \u00e8 tenuto un panel in onore di Carlo Borzaga sul tema dell&#039;impresa sociale e il potenziale trasformativo per la comunit\u00e0.\" \/>\n<meta property=\"og:url\" content=\"https:\/\/euricse.eu\/it\/il-potenziale-trasformativo-dellimpresa-sociale\/\" \/>\n<meta property=\"og:site_name\" content=\"Euricse\" \/>\n<meta property=\"article:published_time\" content=\"2024-05-29T09:08:50+00:00\" \/>\n<meta property=\"article:modified_time\" content=\"2024-05-29T09:13:10+00:00\" \/>\n<meta property=\"og:image\" content=\"https:\/\/euricse.eu\/wp-content\/uploads\/2024\/05\/Festival-dellEconomia-e1716973656225.jpg\" \/>\n\t<meta property=\"og:image:width\" content=\"2185\" \/>\n\t<meta property=\"og:image:height\" content=\"1169\" \/>\n\t<meta property=\"og:image:type\" content=\"image\/jpeg\" \/>\n<meta name=\"author\" content=\"Silvia\" \/>\n<meta name=\"twitter:card\" content=\"summary_large_image\" \/>\n<meta name=\"twitter:label1\" content=\"Scritto da\" \/>\n\t<meta name=\"twitter:data1\" content=\"Silvia\" \/>\n\t<meta name=\"twitter:label2\" content=\"Tempo di lettura stimato\" \/>\n\t<meta name=\"twitter:data2\" content=\"5 minuti\" \/>\n<script type=\"application\/ld+json\" class=\"yoast-schema-graph\">{\"@context\":\"https:\/\/schema.org\",\"@graph\":[{\"@type\":\"WebPage\",\"@id\":\"https:\/\/euricse.eu\/it\/il-potenziale-trasformativo-dellimpresa-sociale\/\",\"url\":\"https:\/\/euricse.eu\/it\/il-potenziale-trasformativo-dellimpresa-sociale\/\",\"name\":\"Il potenziale trasformativo dell\u2019impresa sociale - Euricse\",\"isPartOf\":{\"@id\":\"https:\/\/euricse.eu\/en\/#website\"},\"primaryImageOfPage\":{\"@id\":\"https:\/\/euricse.eu\/it\/il-potenziale-trasformativo-dellimpresa-sociale\/#primaryimage\"},\"image\":{\"@id\":\"https:\/\/euricse.eu\/it\/il-potenziale-trasformativo-dellimpresa-sociale\/#primaryimage\"},\"thumbnailUrl\":\"https:\/\/euricse.eu\/wp-content\/uploads\/2024\/05\/Festival-dellEconomia-e1716973656225.jpg\",\"datePublished\":\"2024-05-29T09:08:50+00:00\",\"dateModified\":\"2024-05-29T09:13:10+00:00\",\"author\":{\"@id\":\"https:\/\/euricse.eu\/en\/#\/schema\/person\/a5b25693531e3458dfedff34c273ba14\"},\"description\":\"Al Festival dell'Economia di Trento si \u00e8 tenuto un panel in onore di Carlo Borzaga sul tema dell'impresa sociale e il potenziale trasformativo per la comunit\u00e0.\",\"breadcrumb\":{\"@id\":\"https:\/\/euricse.eu\/it\/il-potenziale-trasformativo-dellimpresa-sociale\/#breadcrumb\"},\"inLanguage\":\"it-IT\",\"potentialAction\":[{\"@type\":\"ReadAction\",\"target\":[\"https:\/\/euricse.eu\/it\/il-potenziale-trasformativo-dellimpresa-sociale\/\"]}]},{\"@type\":\"ImageObject\",\"inLanguage\":\"it-IT\",\"@id\":\"https:\/\/euricse.eu\/it\/il-potenziale-trasformativo-dellimpresa-sociale\/#primaryimage\",\"url\":\"https:\/\/euricse.eu\/wp-content\/uploads\/2024\/05\/Festival-dellEconomia-e1716973656225.jpg\",\"contentUrl\":\"https:\/\/euricse.eu\/wp-content\/uploads\/2024\/05\/Festival-dellEconomia-e1716973656225.jpg\",\"width\":2185,\"height\":1169,\"caption\":\"L'impresa che trasforma la societ\u00e0 - In ricordo di Carlo Borzaga Nella foto: Giulia GALERA; Lorenzo SACCONI; Anna GRANDORI; Benedetto GUI; Mary O'SHAUGHNESSY e traduttrice\"},{\"@type\":\"BreadcrumbList\",\"@id\":\"https:\/\/euricse.eu\/it\/il-potenziale-trasformativo-dellimpresa-sociale\/#breadcrumb\",\"itemListElement\":[{\"@type\":\"ListItem\",\"position\":1,\"name\":\"Home\",\"item\":\"https:\/\/euricse.eu\/it\/\"},{\"@type\":\"ListItem\",\"position\":2,\"name\":\"Il potenziale trasformativo dell\u2019impresa sociale\"}]},{\"@type\":\"WebSite\",\"@id\":\"https:\/\/euricse.eu\/en\/#website\",\"url\":\"https:\/\/euricse.eu\/en\/\",\"name\":\"Euricse\",\"description\":\"Knowledge and innovation for cooperative and social enterprises.\",\"potentialAction\":[{\"@type\":\"SearchAction\",\"target\":{\"@type\":\"EntryPoint\",\"urlTemplate\":\"https:\/\/euricse.eu\/en\/?s={search_term_string}\"},\"query-input\":{\"@type\":\"PropertyValueSpecification\",\"valueRequired\":true,\"valueName\":\"search_term_string\"}}],\"inLanguage\":\"it-IT\"},{\"@type\":\"Person\",\"@id\":\"https:\/\/euricse.eu\/en\/#\/schema\/person\/a5b25693531e3458dfedff34c273ba14\",\"name\":\"Silvia\",\"image\":{\"@type\":\"ImageObject\",\"inLanguage\":\"it-IT\",\"@id\":\"https:\/\/euricse.eu\/en\/#\/schema\/person\/image\/\",\"url\":\"https:\/\/secure.gravatar.com\/avatar\/3cef1082b65edc85f1a4c0caa7ce4808f397a517b7217eab6215fe435640f8f7?s=96&d=mm&r=g\",\"contentUrl\":\"https:\/\/secure.gravatar.com\/avatar\/3cef1082b65edc85f1a4c0caa7ce4808f397a517b7217eab6215fe435640f8f7?s=96&d=mm&r=g\",\"caption\":\"Silvia\"},\"url\":\"https:\/\/euricse.eu\/it\/author\/silvia\/\"}]}<\/script>\n<!-- \/ Yoast SEO plugin. -->","yoast_head_json":{"title":"Il potenziale trasformativo dell\u2019impresa sociale - Euricse","description":"Al Festival dell'Economia di Trento si \u00e8 tenuto un panel in onore di Carlo Borzaga sul tema dell'impresa sociale e il potenziale trasformativo per la comunit\u00e0.","robots":{"index":"index","follow":"follow","max-snippet":"max-snippet:-1","max-image-preview":"max-image-preview:large","max-video-preview":"max-video-preview:-1"},"canonical":"https:\/\/euricse.eu\/it\/il-potenziale-trasformativo-dellimpresa-sociale\/","og_locale":"it_IT","og_type":"article","og_title":"Il potenziale trasformativo dell\u2019impresa sociale - Euricse","og_description":"Al Festival dell'Economia di Trento si \u00e8 tenuto un panel in onore di Carlo Borzaga sul tema dell'impresa sociale e il potenziale trasformativo per la comunit\u00e0.","og_url":"https:\/\/euricse.eu\/it\/il-potenziale-trasformativo-dellimpresa-sociale\/","og_site_name":"Euricse","article_published_time":"2024-05-29T09:08:50+00:00","article_modified_time":"2024-05-29T09:13:10+00:00","og_image":[{"width":2185,"height":1169,"url":"https:\/\/euricse.eu\/wp-content\/uploads\/2024\/05\/Festival-dellEconomia-e1716973656225.jpg","type":"image\/jpeg"}],"author":"Silvia","twitter_card":"summary_large_image","twitter_misc":{"Scritto da":"Silvia","Tempo di lettura stimato":"5 minuti"},"schema":{"@context":"https:\/\/schema.org","@graph":[{"@type":"WebPage","@id":"https:\/\/euricse.eu\/it\/il-potenziale-trasformativo-dellimpresa-sociale\/","url":"https:\/\/euricse.eu\/it\/il-potenziale-trasformativo-dellimpresa-sociale\/","name":"Il potenziale trasformativo dell\u2019impresa sociale - Euricse","isPartOf":{"@id":"https:\/\/euricse.eu\/en\/#website"},"primaryImageOfPage":{"@id":"https:\/\/euricse.eu\/it\/il-potenziale-trasformativo-dellimpresa-sociale\/#primaryimage"},"image":{"@id":"https:\/\/euricse.eu\/it\/il-potenziale-trasformativo-dellimpresa-sociale\/#primaryimage"},"thumbnailUrl":"https:\/\/euricse.eu\/wp-content\/uploads\/2024\/05\/Festival-dellEconomia-e1716973656225.jpg","datePublished":"2024-05-29T09:08:50+00:00","dateModified":"2024-05-29T09:13:10+00:00","author":{"@id":"https:\/\/euricse.eu\/en\/#\/schema\/person\/a5b25693531e3458dfedff34c273ba14"},"description":"Al Festival dell'Economia di Trento si \u00e8 tenuto un panel in onore di Carlo Borzaga sul tema dell'impresa sociale e il potenziale trasformativo per la comunit\u00e0.","breadcrumb":{"@id":"https:\/\/euricse.eu\/it\/il-potenziale-trasformativo-dellimpresa-sociale\/#breadcrumb"},"inLanguage":"it-IT","potentialAction":[{"@type":"ReadAction","target":["https:\/\/euricse.eu\/it\/il-potenziale-trasformativo-dellimpresa-sociale\/"]}]},{"@type":"ImageObject","inLanguage":"it-IT","@id":"https:\/\/euricse.eu\/it\/il-potenziale-trasformativo-dellimpresa-sociale\/#primaryimage","url":"https:\/\/euricse.eu\/wp-content\/uploads\/2024\/05\/Festival-dellEconomia-e1716973656225.jpg","contentUrl":"https:\/\/euricse.eu\/wp-content\/uploads\/2024\/05\/Festival-dellEconomia-e1716973656225.jpg","width":2185,"height":1169,"caption":"L'impresa che trasforma la societ\u00e0 - In ricordo di Carlo Borzaga Nella foto: Giulia GALERA; Lorenzo SACCONI; Anna GRANDORI; Benedetto GUI; Mary O'SHAUGHNESSY e traduttrice"},{"@type":"BreadcrumbList","@id":"https:\/\/euricse.eu\/it\/il-potenziale-trasformativo-dellimpresa-sociale\/#breadcrumb","itemListElement":[{"@type":"ListItem","position":1,"name":"Home","item":"https:\/\/euricse.eu\/it\/"},{"@type":"ListItem","position":2,"name":"Il potenziale trasformativo dell\u2019impresa sociale"}]},{"@type":"WebSite","@id":"https:\/\/euricse.eu\/en\/#website","url":"https:\/\/euricse.eu\/en\/","name":"Euricse","description":"Knowledge and innovation for cooperative and social enterprises.","potentialAction":[{"@type":"SearchAction","target":{"@type":"EntryPoint","urlTemplate":"https:\/\/euricse.eu\/en\/?s={search_term_string}"},"query-input":{"@type":"PropertyValueSpecification","valueRequired":true,"valueName":"search_term_string"}}],"inLanguage":"it-IT"},{"@type":"Person","@id":"https:\/\/euricse.eu\/en\/#\/schema\/person\/a5b25693531e3458dfedff34c273ba14","name":"Silvia","image":{"@type":"ImageObject","inLanguage":"it-IT","@id":"https:\/\/euricse.eu\/en\/#\/schema\/person\/image\/","url":"https:\/\/secure.gravatar.com\/avatar\/3cef1082b65edc85f1a4c0caa7ce4808f397a517b7217eab6215fe435640f8f7?s=96&d=mm&r=g","contentUrl":"https:\/\/secure.gravatar.com\/avatar\/3cef1082b65edc85f1a4c0caa7ce4808f397a517b7217eab6215fe435640f8f7?s=96&d=mm&r=g","caption":"Silvia"},"url":"https:\/\/euricse.eu\/it\/author\/silvia\/"}]}},"_links":{"self":[{"href":"https:\/\/euricse.eu\/it\/wp-json\/wp\/v2\/posts\/23056","targetHints":{"allow":["GET"]}}],"collection":[{"href":"https:\/\/euricse.eu\/it\/wp-json\/wp\/v2\/posts"}],"about":[{"href":"https:\/\/euricse.eu\/it\/wp-json\/wp\/v2\/types\/post"}],"author":[{"embeddable":true,"href":"https:\/\/euricse.eu\/it\/wp-json\/wp\/v2\/users\/32"}],"replies":[{"embeddable":true,"href":"https:\/\/euricse.eu\/it\/wp-json\/wp\/v2\/comments?post=23056"}],"version-history":[{"count":2,"href":"https:\/\/euricse.eu\/it\/wp-json\/wp\/v2\/posts\/23056\/revisions"}],"predecessor-version":[{"id":23064,"href":"https:\/\/euricse.eu\/it\/wp-json\/wp\/v2\/posts\/23056\/revisions\/23064"}],"wp:featuredmedia":[{"embeddable":true,"href":"https:\/\/euricse.eu\/it\/wp-json\/wp\/v2\/media\/23057"}],"wp:attachment":[{"href":"https:\/\/euricse.eu\/it\/wp-json\/wp\/v2\/media?parent=23056"}],"wp:term":[{"taxonomy":"category","embeddable":true,"href":"https:\/\/euricse.eu\/it\/wp-json\/wp\/v2\/categories?post=23056"},{"taxonomy":"post_tag","embeddable":true,"href":"https:\/\/euricse.eu\/it\/wp-json\/wp\/v2\/tags?post=23056"}],"curies":[{"name":"wp","href":"https:\/\/api.w.org\/{rel}","templated":true}]}}