{"id":23309,"date":"2024-07-10T15:23:20","date_gmt":"2024-07-10T14:23:20","guid":{"rendered":"https:\/\/euricse.eu\/?p=23309"},"modified":"2024-08-02T10:36:39","modified_gmt":"2024-08-02T09:36:39","slug":"nasce-il-centro-di-competenza-per-linnovazione-sociale-in-italia","status":"publish","type":"post","link":"https:\/\/euricse.eu\/it\/nasce-il-centro-di-competenza-per-linnovazione-sociale-in-italia\/","title":{"rendered":"Nasce il Centro di Competenza per l\u2019Innovazione Sociale in Italia"},"content":{"rendered":"<p>Oggi \u00e8 stato presentato il Centro di Competenza nazionale per l\u2019Innovazione Sociale SEED, un&#8217;iniziativa volta a creare un ponte tra politiche pubbliche e pratiche sociali innovative. L&#8217;evento ufficiale di lancio si \u00e8 tenuto nella Sala Stampa della Camera dei Deputati, a Roma, con la partecipazione di illustri relatori: l&#8217;On. <strong>Walter Rizzetto<\/strong> (Presidente della Commissione Lavoro della Camera dei Deputati), il dott. <strong>Fabrizio Barbiero<\/strong> (Coordinatore del progetto europeo Seed2scale del Comune di Torino), la prof.ssa <strong>Francesca Rizzo<\/strong> (Presidente di SEED scarl), il dott. <strong>Gianluca Salvatori<\/strong> (Vicepresidente di SEED e segretario generale di Euricse), l&#8217;On. <strong>Chiara Gribaudo<\/strong> (Vice Presidente della Commissione Lavoro della Camera dei Deputati) e la dott.ssa <strong>Patrizia Saroglia<\/strong> (Direttrice di SEED).<\/p>\n<p>&nbsp;<\/p>\n<p>Roma, 10 luglio 2024<\/p>\n<p>Il Centro di Competenza SEED, realizzato in collaborazione con analoghi centri nazionali promossi in tutta l&#8217;Unione Europea, si inserisce nel quadro delle azioni della Commissione UE sostenute dai programmi EaSI e Fondo Sociale Europeo Plus (ESF+). La piattaforma mira a supportare amministrazioni pubbliche, imprese e societ\u00e0 civile nell&#8217;affrontare sfide sociali complesse attraverso approcci innovativi, coinvolgendo partner di rilievo come il <strong>Politecnico di Milano<\/strong>, il <strong>Politecnico di Torino<\/strong>, l\u2019<strong>Universit\u00e0 di Bologna<\/strong>, <strong>Euricse<\/strong> e la <strong>Fondazione Giacomo Brodolini<\/strong>. Questa rete collaborativa facilita lo scambio di competenze tra attori pubblici e privati, promuovendo un ecosistema inclusivo e innovativo.<\/p>\n<p>Con queste parole l\u2019<strong>On<\/strong>. <strong>Walter Rizzetto<\/strong>, <strong>Presidente della Commissione Lavoro presso la Camera dei deputati<\/strong>, ha aperto i lavori: \u00abHo voluto fortemente questa conferenza stampa di presentazione di SEED &#8211; Centro di competenza nazionale per l\u2019innovazione sociale, per l\u2019importanza che va attribuita all\u2019innovazione sociale, soprattutto alla luce delle recenti trasformazioni socio-economiche, che rendono prioritario da parte delle istituzioni implementare le politiche orientate a supportare lo sviluppo di iniziative in tale ambito. L&#8217;innovazione sociale sta assumendo un ruolo crescente in risposta alle molteplici sfide complesse che il nostro sistema Paese si trova ad affrontare e che vanno gestite con strumenti innovativi e efficaci, per superare l\u2019inadeguatezza delle soluzioni tradizionali che non sono pi\u00f9 in grado di affrontare la complessit\u00e0 e l&#8217;interconnessione delle sfide del nostro tempo: disuguaglianze a livello sociale, invecchiamento della popolazione e calo natalit\u00e0; adeguamento ai processi di transizione, come quello digitale; crescente richiesta di soluzioni pi\u00f9 inclusive, partecipative e sostenibili\u00bb.<\/p>\n<p>La prof.ssa<strong> Francesca Rizzo<\/strong>, <strong>presidente di SEED Scarl<\/strong>, ha aggiunto che \u00abil Centro di Competenza per l\u2019innovazione sociale SEED \u00e8 stato riconosciuto dal Ministero del Lavoro e dalla Commissione Europea. Il suo obiettivo \u00e8 supportare l&#8217;agenda nazionale su Innovazione Sociale e Economia Sociale, promuovendo soluzioni innovative per affrontare le problematiche sociali attraverso prodotti, servizi e modelli di business sostenibili e inclusivi. SEED mira a promuovere una cultura dell\u2019innovazione sociale in Italia e facilitare l&#8217;implementazione della regolamentazione del Terzo Settore\u00bb.<\/p>\n<p><strong>Gianluca Salvatori, Vice Presidente di SEED<\/strong>, ha evidenziato che \u00abl&#8217;innovazione sociale \u00e8 un tema centrale nelle politiche europee, focalizzato sulla creazione di valore sociale oltre a un mercato pi\u00f9 ampio ed efficiente. L&#8217;interesse per l&#8217;innovazione sociale deriva dalla combinazione del potere dello Stato nell&#8217;assicurare l&#8217;uguaglianza, dell&#8217;efficienza e rapidit\u00e0 del settore privato, e dalla capacit\u00e0 del Terzo Settore e dell&#8217;economia sociale nel mobilitare energie e motivazioni diverse dalla ricerca del guadagno\u00bb. Ha spiegato inoltre che l&#8217;Unione Europea ha promosso una rete di centri nazionali di competenza, alla quale l&#8217;Italia ha aderito, per proporre soluzioni innovative ai bisogni sociali urgenti.<\/p>\n<p>&nbsp;<\/p>\n<p><strong>LE CARATTERISTICHE DEL CENTRO SEED <\/strong><\/p>\n<p>Tre sono gli obiettivi principali del Centro SEED: 1) <strong>diffondere la conoscenza e le competenze<\/strong> <strong>tecniche sull&#8217;innovazione sociale<\/strong> tra attori pubblici e privati, 2) essere un <strong>punto di riferimento per il disegno di politiche pubbliche,<\/strong> collaborando con le amministrazioni centrali, regionali e locali nella creazione di servizi e soluzioni innovative secondo i principi dell\u2019amministrazione condivisa, 3) <strong>creare un ponte tra l&#8217;Italia e gli altri centri di competenza europei <\/strong>per lo scambio di esperienze e pratiche innovative.<\/p>\n<p>Il Centro offrir\u00e0 diversi<strong> servizi<\/strong> per promuovere l&#8217;innovazione sociale, come <strong>definizione di strategie<\/strong> e piani d&#8217;azione<strong>, consulenza e formazione<\/strong> per enti pubblici, Terzo settore e imprese<strong>, supporto per accedere ai finanziamenti europei<\/strong>. Inoltre, promuover\u00e0 il coinvolgimento e la cooperazione tra stakeholder per la costruzione di partenariati pubblico-privati, favorir\u00e0 i processi di co-progettazione, promuover\u00e0 la <strong>realizzazione e diffusione di studi sull&#8217;innovazione sociale<\/strong>.<\/p>\n<p>Il Centro SEED avr\u00e0 <strong>sede legale<\/strong> a <strong>Milano<\/strong>, presso il Politecnico di Milano (via Durando 10) e <strong>sede operativa <\/strong>a <strong>Torino,<\/strong> presso Open Incet (piazza Teresa Noce 17).<\/p>\n<p>&nbsp;<\/p>\n<p><strong>IL CONTESTO<\/strong><\/p>\n<p>La Commissione europea promuove l&#8217;innovazione sociale attraverso il programma EaSI e il Fondo Sociale Europeo Plus (ESF+), che a partire dal 2021 si sono dati l\u2019obiettivo di costituire un Centro di Competenza europeo e 27 Centri nazionali.<\/p>\n<p>Il progetto SEED (2021-2023), coordinato dal Comune di Torino con il supporto dell&#8217;Autorit\u00e0 di Gestione italiana dell&#8217;ESF+, \u00e8 stata l\u2019iniziativa con la quale in Italia si \u00e8 dato riscontro al programma europeo. Seed si \u00e8 impegnato a dar vita al Centro di Competenza Italiano con la partecipazione di cinque enti fondatori: POLIMI, POLITO, UNIBO, EURICSE e FGB s.r.l.<\/p>\n<p>Nel 2022 \u00e8 stato istituito il Centro Europeo per l&#8217;Innovazione Sociale, al quale ha fatto seguito il bando ESFA (2023) finalizzato a rafforzare i Centri nazionali e a promuovere la collaborazione transnazionale. Il partenariato costituito per il progetto Seed si \u00e8 aggiudicato anche questo secondo progetto (Seed2Scale &#8211; 2024-2027), sempre con il coordinamento del Comune di Torino.<\/p>\n<p>Il 14 marzo 2024 \u00e8 stata fondata SEED Scarl, con gli stessi partner italiani, come unico ente in Italia riconosciuto dalla Commissione europea come parte della rete europea dei centri di competenza per l\u2019innovazione sociale.<\/p>\n<p>Il Centro di Competenza Italiano per l\u2019Innovazione Sociale e il progetto Seed2Scale rappresentano un\u2019opportunit\u00e0 unica per consolidare il ruolo dell\u2019Italia nell&#8217;innovazione sociale, promuovendo politiche e servizi efficaci e sostenibili per rispondere alle esigenze della societ\u00e0.<\/p>\n<p>&nbsp;<\/p>\n<p><img loading=\"lazy\" decoding=\"async\" class=\"wp-image-15208 size-full aligncenter\" src=\"https:\/\/euricse.eu\/wp-content\/uploads\/2022\/04\/seed-1.jpg\" alt=\"\" width=\"345\" height=\"223\" srcset=\"https:\/\/euricse.eu\/wp-content\/uploads\/2022\/04\/seed-1.jpg 345w, https:\/\/euricse.eu\/wp-content\/uploads\/2022\/04\/seed-1-300x194.jpg 300w\" sizes=\"auto, (max-width: 345px) 100vw, 345px\" \/><\/p>\n","protected":false},"excerpt":{"rendered":"<p>Nasce il Centro di Competenza nazionale per l\u2019Innovazione Sociale SEED con l&#8217;obiettivo di collegare le politiche pubbliche alle pratiche sociali innovative. Tra i partner ci sono il Politecnico di Milano, il Politecnico di Torino, l\u2019Universit\u00e0 di Bologna, Euricse e la Fondazione Giacomo Brodolini. Avr\u00e0 sede operativa a Torino e sede legale a Milano. <\/p>\n","protected":false},"author":32,"featured_media":23318,"comment_status":"closed","ping_status":"closed","sticky":false,"template":"","format":"standard","meta":{"_acf_changed":false,"episode_type":"","audio_file":"","cover_image":"","cover_image_id":"","duration":"","filesize":"","date_recorded":"","explicit":"","block":"","itunes_episode_number":"","itunes_title":"","itunes_season_number":"","itunes_episode_type":"","filesize_raw":"","footnotes":""},"categories":[17],"tags":[246,1652,1675],"class_list":["post-23309","post","type-post","status-publish","format-standard","has-post-thumbnail","hentry","category-news-it","tag-innovazione-sociale","tag-centro-seed","tag-politiche-pubbliche"],"acf":[],"yoast_head":"<!-- This site is optimized with the Yoast SEO plugin v26.1.1 - https:\/\/yoast.com\/wordpress\/plugins\/seo\/ -->\n<title>Nasce il Centro di Competenza per l\u2019Innovazione Sociale in Italia - Euricse<\/title>\n<meta name=\"description\" content=\"Nasce il Centro di Competenza nazionale per l\u2019Innovazione Sociale SEED con l&#039;obiettivo di collegare le politiche pubbliche alle pratiche sociali innovative.\" \/>\n<meta name=\"robots\" content=\"index, follow, max-snippet:-1, max-image-preview:large, max-video-preview:-1\" \/>\n<link rel=\"canonical\" href=\"https:\/\/euricse.eu\/it\/nasce-il-centro-di-competenza-per-linnovazione-sociale-in-italia\/\" \/>\n<meta property=\"og:locale\" content=\"it_IT\" \/>\n<meta property=\"og:type\" content=\"article\" \/>\n<meta property=\"og:title\" content=\"Nasce il Centro di Competenza per l\u2019Innovazione Sociale in Italia - Euricse\" \/>\n<meta property=\"og:description\" content=\"Nasce il Centro di Competenza nazionale per l\u2019Innovazione Sociale SEED con l&#039;obiettivo di collegare le politiche pubbliche alle pratiche sociali innovative.\" \/>\n<meta property=\"og:url\" content=\"https:\/\/euricse.eu\/it\/nasce-il-centro-di-competenza-per-linnovazione-sociale-in-italia\/\" \/>\n<meta property=\"og:site_name\" content=\"Euricse\" \/>\n<meta property=\"article:published_time\" content=\"2024-07-10T14:23:20+00:00\" \/>\n<meta property=\"article:modified_time\" content=\"2024-08-02T09:36:39+00:00\" \/>\n<meta property=\"og:image\" content=\"https:\/\/euricse.eu\/wp-content\/uploads\/2024\/07\/Centro-di-Competenza-Innovazione-Sociale-SEED.jpg\" \/>\n\t<meta property=\"og:image:width\" content=\"1000\" \/>\n\t<meta property=\"og:image:height\" content=\"667\" \/>\n\t<meta property=\"og:image:type\" content=\"image\/jpeg\" \/>\n<meta name=\"author\" content=\"Silvia\" \/>\n<meta name=\"twitter:card\" content=\"summary_large_image\" \/>\n<meta name=\"twitter:label1\" content=\"Scritto da\" \/>\n\t<meta name=\"twitter:data1\" content=\"Silvia\" \/>\n\t<meta name=\"twitter:label2\" content=\"Tempo di lettura stimato\" \/>\n\t<meta name=\"twitter:data2\" content=\"5 minuti\" \/>\n<script type=\"application\/ld+json\" class=\"yoast-schema-graph\">{\"@context\":\"https:\/\/schema.org\",\"@graph\":[{\"@type\":\"WebPage\",\"@id\":\"https:\/\/euricse.eu\/it\/nasce-il-centro-di-competenza-per-linnovazione-sociale-in-italia\/\",\"url\":\"https:\/\/euricse.eu\/it\/nasce-il-centro-di-competenza-per-linnovazione-sociale-in-italia\/\",\"name\":\"Nasce il Centro di Competenza per l\u2019Innovazione Sociale in Italia - Euricse\",\"isPartOf\":{\"@id\":\"https:\/\/euricse.eu\/en\/#website\"},\"primaryImageOfPage\":{\"@id\":\"https:\/\/euricse.eu\/it\/nasce-il-centro-di-competenza-per-linnovazione-sociale-in-italia\/#primaryimage\"},\"image\":{\"@id\":\"https:\/\/euricse.eu\/it\/nasce-il-centro-di-competenza-per-linnovazione-sociale-in-italia\/#primaryimage\"},\"thumbnailUrl\":\"https:\/\/euricse.eu\/wp-content\/uploads\/2024\/07\/Centro-di-Competenza-Innovazione-Sociale-SEED.jpg\",\"datePublished\":\"2024-07-10T14:23:20+00:00\",\"dateModified\":\"2024-08-02T09:36:39+00:00\",\"author\":{\"@id\":\"https:\/\/euricse.eu\/en\/#\/schema\/person\/a5b25693531e3458dfedff34c273ba14\"},\"description\":\"Nasce il Centro di Competenza nazionale per l\u2019Innovazione Sociale SEED con l'obiettivo di collegare le politiche pubbliche alle pratiche sociali innovative.\",\"breadcrumb\":{\"@id\":\"https:\/\/euricse.eu\/it\/nasce-il-centro-di-competenza-per-linnovazione-sociale-in-italia\/#breadcrumb\"},\"inLanguage\":\"it-IT\",\"potentialAction\":[{\"@type\":\"ReadAction\",\"target\":[\"https:\/\/euricse.eu\/it\/nasce-il-centro-di-competenza-per-linnovazione-sociale-in-italia\/\"]}]},{\"@type\":\"ImageObject\",\"inLanguage\":\"it-IT\",\"@id\":\"https:\/\/euricse.eu\/it\/nasce-il-centro-di-competenza-per-linnovazione-sociale-in-italia\/#primaryimage\",\"url\":\"https:\/\/euricse.eu\/wp-content\/uploads\/2024\/07\/Centro-di-Competenza-Innovazione-Sociale-SEED.jpg\",\"contentUrl\":\"https:\/\/euricse.eu\/wp-content\/uploads\/2024\/07\/Centro-di-Competenza-Innovazione-Sociale-SEED.jpg\",\"width\":1000,\"height\":667},{\"@type\":\"BreadcrumbList\",\"@id\":\"https:\/\/euricse.eu\/it\/nasce-il-centro-di-competenza-per-linnovazione-sociale-in-italia\/#breadcrumb\",\"itemListElement\":[{\"@type\":\"ListItem\",\"position\":1,\"name\":\"Home\",\"item\":\"https:\/\/euricse.eu\/it\/\"},{\"@type\":\"ListItem\",\"position\":2,\"name\":\"Nasce il Centro di Competenza per l\u2019Innovazione Sociale in Italia\"}]},{\"@type\":\"WebSite\",\"@id\":\"https:\/\/euricse.eu\/en\/#website\",\"url\":\"https:\/\/euricse.eu\/en\/\",\"name\":\"Euricse\",\"description\":\"Knowledge and innovation for cooperative and social enterprises.\",\"potentialAction\":[{\"@type\":\"SearchAction\",\"target\":{\"@type\":\"EntryPoint\",\"urlTemplate\":\"https:\/\/euricse.eu\/en\/?s={search_term_string}\"},\"query-input\":{\"@type\":\"PropertyValueSpecification\",\"valueRequired\":true,\"valueName\":\"search_term_string\"}}],\"inLanguage\":\"it-IT\"},{\"@type\":\"Person\",\"@id\":\"https:\/\/euricse.eu\/en\/#\/schema\/person\/a5b25693531e3458dfedff34c273ba14\",\"name\":\"Silvia\",\"image\":{\"@type\":\"ImageObject\",\"inLanguage\":\"it-IT\",\"@id\":\"https:\/\/euricse.eu\/en\/#\/schema\/person\/image\/\",\"url\":\"https:\/\/secure.gravatar.com\/avatar\/3cef1082b65edc85f1a4c0caa7ce4808f397a517b7217eab6215fe435640f8f7?s=96&d=mm&r=g\",\"contentUrl\":\"https:\/\/secure.gravatar.com\/avatar\/3cef1082b65edc85f1a4c0caa7ce4808f397a517b7217eab6215fe435640f8f7?s=96&d=mm&r=g\",\"caption\":\"Silvia\"},\"url\":\"https:\/\/euricse.eu\/it\/author\/silvia\/\"}]}<\/script>\n<!-- \/ Yoast SEO plugin. -->","yoast_head_json":{"title":"Nasce il Centro di Competenza per l\u2019Innovazione Sociale in Italia - Euricse","description":"Nasce il Centro di Competenza nazionale per l\u2019Innovazione Sociale SEED con l'obiettivo di collegare le politiche pubbliche alle pratiche sociali innovative.","robots":{"index":"index","follow":"follow","max-snippet":"max-snippet:-1","max-image-preview":"max-image-preview:large","max-video-preview":"max-video-preview:-1"},"canonical":"https:\/\/euricse.eu\/it\/nasce-il-centro-di-competenza-per-linnovazione-sociale-in-italia\/","og_locale":"it_IT","og_type":"article","og_title":"Nasce il Centro di Competenza per l\u2019Innovazione Sociale in Italia - Euricse","og_description":"Nasce il Centro di Competenza nazionale per l\u2019Innovazione Sociale SEED con l'obiettivo di collegare le politiche pubbliche alle pratiche sociali innovative.","og_url":"https:\/\/euricse.eu\/it\/nasce-il-centro-di-competenza-per-linnovazione-sociale-in-italia\/","og_site_name":"Euricse","article_published_time":"2024-07-10T14:23:20+00:00","article_modified_time":"2024-08-02T09:36:39+00:00","og_image":[{"width":1000,"height":667,"url":"https:\/\/euricse.eu\/wp-content\/uploads\/2024\/07\/Centro-di-Competenza-Innovazione-Sociale-SEED.jpg","type":"image\/jpeg"}],"author":"Silvia","twitter_card":"summary_large_image","twitter_misc":{"Scritto da":"Silvia","Tempo di lettura stimato":"5 minuti"},"schema":{"@context":"https:\/\/schema.org","@graph":[{"@type":"WebPage","@id":"https:\/\/euricse.eu\/it\/nasce-il-centro-di-competenza-per-linnovazione-sociale-in-italia\/","url":"https:\/\/euricse.eu\/it\/nasce-il-centro-di-competenza-per-linnovazione-sociale-in-italia\/","name":"Nasce il Centro di Competenza per l\u2019Innovazione Sociale in Italia - Euricse","isPartOf":{"@id":"https:\/\/euricse.eu\/en\/#website"},"primaryImageOfPage":{"@id":"https:\/\/euricse.eu\/it\/nasce-il-centro-di-competenza-per-linnovazione-sociale-in-italia\/#primaryimage"},"image":{"@id":"https:\/\/euricse.eu\/it\/nasce-il-centro-di-competenza-per-linnovazione-sociale-in-italia\/#primaryimage"},"thumbnailUrl":"https:\/\/euricse.eu\/wp-content\/uploads\/2024\/07\/Centro-di-Competenza-Innovazione-Sociale-SEED.jpg","datePublished":"2024-07-10T14:23:20+00:00","dateModified":"2024-08-02T09:36:39+00:00","author":{"@id":"https:\/\/euricse.eu\/en\/#\/schema\/person\/a5b25693531e3458dfedff34c273ba14"},"description":"Nasce il Centro di Competenza nazionale per l\u2019Innovazione Sociale SEED con l'obiettivo di collegare le politiche pubbliche alle pratiche sociali innovative.","breadcrumb":{"@id":"https:\/\/euricse.eu\/it\/nasce-il-centro-di-competenza-per-linnovazione-sociale-in-italia\/#breadcrumb"},"inLanguage":"it-IT","potentialAction":[{"@type":"ReadAction","target":["https:\/\/euricse.eu\/it\/nasce-il-centro-di-competenza-per-linnovazione-sociale-in-italia\/"]}]},{"@type":"ImageObject","inLanguage":"it-IT","@id":"https:\/\/euricse.eu\/it\/nasce-il-centro-di-competenza-per-linnovazione-sociale-in-italia\/#primaryimage","url":"https:\/\/euricse.eu\/wp-content\/uploads\/2024\/07\/Centro-di-Competenza-Innovazione-Sociale-SEED.jpg","contentUrl":"https:\/\/euricse.eu\/wp-content\/uploads\/2024\/07\/Centro-di-Competenza-Innovazione-Sociale-SEED.jpg","width":1000,"height":667},{"@type":"BreadcrumbList","@id":"https:\/\/euricse.eu\/it\/nasce-il-centro-di-competenza-per-linnovazione-sociale-in-italia\/#breadcrumb","itemListElement":[{"@type":"ListItem","position":1,"name":"Home","item":"https:\/\/euricse.eu\/it\/"},{"@type":"ListItem","position":2,"name":"Nasce il Centro di Competenza per l\u2019Innovazione Sociale in Italia"}]},{"@type":"WebSite","@id":"https:\/\/euricse.eu\/en\/#website","url":"https:\/\/euricse.eu\/en\/","name":"Euricse","description":"Knowledge and innovation for cooperative and social enterprises.","potentialAction":[{"@type":"SearchAction","target":{"@type":"EntryPoint","urlTemplate":"https:\/\/euricse.eu\/en\/?s={search_term_string}"},"query-input":{"@type":"PropertyValueSpecification","valueRequired":true,"valueName":"search_term_string"}}],"inLanguage":"it-IT"},{"@type":"Person","@id":"https:\/\/euricse.eu\/en\/#\/schema\/person\/a5b25693531e3458dfedff34c273ba14","name":"Silvia","image":{"@type":"ImageObject","inLanguage":"it-IT","@id":"https:\/\/euricse.eu\/en\/#\/schema\/person\/image\/","url":"https:\/\/secure.gravatar.com\/avatar\/3cef1082b65edc85f1a4c0caa7ce4808f397a517b7217eab6215fe435640f8f7?s=96&d=mm&r=g","contentUrl":"https:\/\/secure.gravatar.com\/avatar\/3cef1082b65edc85f1a4c0caa7ce4808f397a517b7217eab6215fe435640f8f7?s=96&d=mm&r=g","caption":"Silvia"},"url":"https:\/\/euricse.eu\/it\/author\/silvia\/"}]}},"_links":{"self":[{"href":"https:\/\/euricse.eu\/it\/wp-json\/wp\/v2\/posts\/23309","targetHints":{"allow":["GET"]}}],"collection":[{"href":"https:\/\/euricse.eu\/it\/wp-json\/wp\/v2\/posts"}],"about":[{"href":"https:\/\/euricse.eu\/it\/wp-json\/wp\/v2\/types\/post"}],"author":[{"embeddable":true,"href":"https:\/\/euricse.eu\/it\/wp-json\/wp\/v2\/users\/32"}],"replies":[{"embeddable":true,"href":"https:\/\/euricse.eu\/it\/wp-json\/wp\/v2\/comments?post=23309"}],"version-history":[{"count":2,"href":"https:\/\/euricse.eu\/it\/wp-json\/wp\/v2\/posts\/23309\/revisions"}],"predecessor-version":[{"id":23321,"href":"https:\/\/euricse.eu\/it\/wp-json\/wp\/v2\/posts\/23309\/revisions\/23321"}],"wp:featuredmedia":[{"embeddable":true,"href":"https:\/\/euricse.eu\/it\/wp-json\/wp\/v2\/media\/23318"}],"wp:attachment":[{"href":"https:\/\/euricse.eu\/it\/wp-json\/wp\/v2\/media?parent=23309"}],"wp:term":[{"taxonomy":"category","embeddable":true,"href":"https:\/\/euricse.eu\/it\/wp-json\/wp\/v2\/categories?post=23309"},{"taxonomy":"post_tag","embeddable":true,"href":"https:\/\/euricse.eu\/it\/wp-json\/wp\/v2\/tags?post=23309"}],"curies":[{"name":"wp","href":"https:\/\/api.w.org\/{rel}","templated":true}]}}