{"id":23386,"date":"2024-07-24T09:20:05","date_gmt":"2024-07-24T08:20:05","guid":{"rendered":"https:\/\/euricse.eu\/?p=23386"},"modified":"2024-08-07T08:44:27","modified_gmt":"2024-08-07T07:44:27","slug":"il-1-incontro-nazionale-delle-comunita-intraprendenti","status":"publish","type":"post","link":"https:\/\/euricse.eu\/it\/il-1-incontro-nazionale-delle-comunita-intraprendenti\/","title":{"rendered":"Il 1\u00b0 incontro nazionale delle Comunit\u00e0 Intraprendenti"},"content":{"rendered":"<p>Il 5 e 6 dicembre la Val di Fiemme, in Trentino, ospiter\u00e0 il <strong>1\u00b0 incontro nazionale delle Comunit\u00e0 Intraprendenti.<\/strong> Due giorni di workshop, buone pratiche e networking, per scoprire come le diverse forme di cittadinanza attiva e imprenditorialit\u00e0 dal basso stanno trasformando le nostre comunit\u00e0 attraverso nuovi modelli di sostenibilit\u00e0 e innovazione sociale che partono da economie di prossimit\u00e0 a base comunitaria. L&#8217;iniziativa \u00e8 organizzata dalla\u00a0<a href=\"https:\/\/fiemmeper.it\/\" target=\"_blank\" rel=\"noopener\" data-saferedirecturl=\"https:\/\/www.google.com\/url?q=https:\/\/fiemmeper.it\/&amp;source=gmail&amp;ust=1722937911748000&amp;usg=AOvVaw0y1ct4iPBjEn2u1rfPU81a\">Fondazione Fiemme Per <\/a>con <a href=\"https:\/\/euricse.eu\/it\/\" target=\"_blank\" rel=\"noopener\" data-saferedirecturl=\"https:\/\/www.google.com\/url?q=https:\/\/euricse.eu\/it\/&amp;source=gmail&amp;ust=1722937911748000&amp;usg=AOvVaw22vhIoJu5e1CWkuwtntxHi\">Euricse<\/a>\u00a0e\u00a0<a href=\"https:\/\/www.fondazionecaritro.it\/\" target=\"_blank\" rel=\"noopener\" data-saferedirecturl=\"https:\/\/www.google.com\/url?q=https:\/\/www.fondazionecaritro.it\/&amp;source=gmail&amp;ust=1722937911748000&amp;usg=AOvVaw3xerJmXx_c7teOkIPX4-Gn\">Fondazione Caritro<\/a>, in collaborazione con\u00a0<a href=\"https:\/\/irisnetwork.it\/\" target=\"_blank\" rel=\"noopener\" data-saferedirecturl=\"https:\/\/www.google.com\/url?q=https:\/\/irisnetwork.it\/&amp;source=gmail&amp;ust=1722937911748000&amp;usg=AOvVaw0G05QTStqC0rjKDSfjzRGW\">Iris Network<\/a>.<\/p>\n<p>L&#8217;evento mira a promuovere e far conoscere le diverse forme di cittadinanza attiva e imprenditorialit\u00e0 emergenti, rispondendo ai crescenti bisogni delle comunit\u00e0 locali, sia nelle aree urbane che rurali. Inoltre, offre un&#8217;opportunit\u00e0 preziosa per le Comunit\u00e0 Intraprendenti di confrontarsi, scambiarsi idee e formarsi reciprocamente. Questo momento di collaborazione \u00e8 pensato per favorire la condivisione di pratiche operative, aiutando cos\u00ec a superare insieme le sfide comuni.<\/p>\n<p>&nbsp;<\/p>\n<p><strong>Cosa sono le Comunit\u00e0 Intraprendenti<\/strong> ?<\/p>\n<p>Attraverso il progetto \u201cLe\u00a0<a href=\"https:\/\/euricse.eu\/it\/publications\/le-comunita-intraprendenti-in-italia\/\"><strong>Comunit\u00e0 intraprendenti in Italia<\/strong><\/a>\u201d, lanciato ufficialmente a ottobre 2020, Euricse ha voluto mappare ufficialmente il fenomeno in rapida e costante evoluzione nel nostro Paese (altre informazioni\u00a0<strong><a href=\"https:\/\/euricse.eu\/it\/publications\/le-comunita-intraprendenti-in-italia\/\">qui)<\/a><\/strong>. Il progetto ha una base pluriennale, e vede, oltre all\u2019impegno scientifico di Euricse, anche il contributo e la collaborazione di\u00a0<strong>Fondazione Compagnia di San Paolo<\/strong>,<strong>\u00a0Fondazione CRC<\/strong>,\u00a0<strong>Fondazione con il Sud<\/strong>,\u00a0<strong>FondoSviluppo FVG<\/strong>\u00a0e dell\u2019<strong>Alleanza delle Cooperative Italiane<\/strong>.<\/p>\n<p>Le Comunit\u00e0 Intraprendenti sono <strong>agenti di cambiamento<\/strong>, in quanto processi di organizzazione che nascono dal basso e producono innovazione sociale, <strong>sono motori di trasformazione culturale<\/strong>, <strong>sociale ed economica<\/strong>, <strong>innovano modelli imprenditoriali<\/strong> e <strong>associativi <\/strong>che gi\u00e0 esistono, promuovono <strong>modelli di sviluppo locale<\/strong> e migliorano la <strong>qualit\u00e0 della vita<\/strong> delle persone.<\/p>\n<p>&nbsp;<\/p>\n<h4><strong>In cosa consiste il Workshop<\/strong><\/h4>\n<p>Il Workshop sar\u00e0 suddiviso in gruppi tematici, ognuno focalizzato su temi chiave emersi dalla ricerca condotta da Euricse:<\/p>\n<ul>\n<li><strong>Rigenerazione di spazi di comunit\u00e0<\/strong>: gestione dei beni comuni.<\/li>\n<li><strong>Alternative food network<\/strong>: nuove pratiche di produzione, distribuzione e consumo di beni alimentari.<\/li>\n<li><strong>Produzione e gestione di servizi di interesse pubblico<\/strong>: approcci e strategie per servizi pubblici.<\/li>\n<\/ul>\n<p>Ogni tema sar\u00e0 esplorato in sessioni specifiche:<\/p>\n<ul>\n<li><strong>Gioved\u00ec 5 dicembre mattina<\/strong>: discussioni sui 3 temi in gruppo.<\/li>\n<li><strong>Gioved\u00ec 5 dicembre pomeriggio<\/strong>: approfondimenti e confronto tra gruppi.<\/li>\n<li><strong>Venerd\u00ec 6 dicembre mattina<\/strong>: sintesi e analisi trasversale dei temi.<\/li>\n<\/ul>\n<p>Durante ogni sessione, tre facilitatori condurranno i gruppi nelle discussioni e nelle attivit\u00e0, fornendo supporto e orientamento.<\/p>\n<ul>\n<li><strong>Il pomeriggio del venerd\u00ec 6 sar\u00e0 dedicato alla restituzione collettiva<\/strong> dei risultati e alla definizione di indicazioni operative per l&#8217;implementazione delle attivit\u00e0 e dei modelli di governance delle Comunit\u00e0 Intraprendenti.<\/li>\n<\/ul>\n<p>Non mancate! Restate sintonizzati sui\u00a0nostri canali per ulteriori aggiornamenti sul programma e per le modalit\u00e0 di partecipazione.<\/p>\n","protected":false},"excerpt":{"rendered":"<p>Il 5 e 6 dicembre, la Val di Fiemme in Trentino ospiter\u00e0 il primo incontro nazionale delle Comunit\u00e0 Intraprendenti. L&#8217;evento di due giorni prevede workshop, buone pratiche e networking per mostrare come la cittadinanza attiva e l&#8217;imprenditorialit\u00e0 locale stiano trasformando le comunit\u00e0 con modelli di sostenibilit\u00e0 e innovazione sociale.<\/p>\n","protected":false},"author":32,"featured_media":23387,"comment_status":"closed","ping_status":"closed","sticky":false,"template":"","format":"standard","meta":{"_acf_changed":false,"episode_type":"","audio_file":"","cover_image":"","cover_image_id":"","duration":"","filesize":"","date_recorded":"","explicit":"","block":"","itunes_episode_number":"","itunes_title":"","itunes_season_number":"","itunes_episode_type":"","filesize_raw":"","footnotes":""},"categories":[17],"tags":[885],"class_list":["post-23386","post","type-post","status-publish","format-standard","has-post-thumbnail","hentry","category-news-it","tag-comunita-intraprendenti"],"acf":[],"yoast_head":"<!-- This site is optimized with the Yoast SEO plugin v26.1.1 - https:\/\/yoast.com\/wordpress\/plugins\/seo\/ -->\n<title>Il 1\u00b0 incontro nazionale delle Comunit\u00e0 Intraprendenti - Euricse<\/title>\n<meta name=\"description\" content=\"Il 5 e 6 dicembre, la Val di Fiemme in Trentino ospiter\u00e0 il primo incontro nazionale delle Comunit\u00e0 Intraprendenti.\" \/>\n<meta name=\"robots\" content=\"index, follow, max-snippet:-1, max-image-preview:large, max-video-preview:-1\" \/>\n<link rel=\"canonical\" href=\"https:\/\/euricse.eu\/it\/il-1-incontro-nazionale-delle-comunita-intraprendenti\/\" \/>\n<meta property=\"og:locale\" content=\"it_IT\" \/>\n<meta property=\"og:type\" content=\"article\" \/>\n<meta property=\"og:title\" content=\"Il 1\u00b0 incontro nazionale delle Comunit\u00e0 Intraprendenti - Euricse\" \/>\n<meta property=\"og:description\" content=\"Il 5 e 6 dicembre, la Val di Fiemme in Trentino ospiter\u00e0 il primo incontro nazionale delle Comunit\u00e0 Intraprendenti.\" \/>\n<meta property=\"og:url\" content=\"https:\/\/euricse.eu\/it\/il-1-incontro-nazionale-delle-comunita-intraprendenti\/\" \/>\n<meta property=\"og:site_name\" content=\"Euricse\" \/>\n<meta property=\"article:published_time\" content=\"2024-07-24T08:20:05+00:00\" \/>\n<meta property=\"article:modified_time\" content=\"2024-08-07T07:44:27+00:00\" \/>\n<meta property=\"og:image\" content=\"https:\/\/euricse.eu\/wp-content\/uploads\/2024\/07\/Comunita-Intraprendenti-FIEMME.png\" \/>\n\t<meta property=\"og:image:width\" content=\"1080\" \/>\n\t<meta property=\"og:image:height\" content=\"1080\" \/>\n\t<meta property=\"og:image:type\" content=\"image\/png\" \/>\n<meta name=\"author\" content=\"Silvia\" \/>\n<meta name=\"twitter:card\" content=\"summary_large_image\" \/>\n<meta name=\"twitter:label1\" content=\"Scritto da\" \/>\n\t<meta name=\"twitter:data1\" content=\"Silvia\" \/>\n\t<meta name=\"twitter:label2\" content=\"Tempo di lettura stimato\" \/>\n\t<meta name=\"twitter:data2\" content=\"3 minuti\" \/>\n<script type=\"application\/ld+json\" class=\"yoast-schema-graph\">{\"@context\":\"https:\/\/schema.org\",\"@graph\":[{\"@type\":\"WebPage\",\"@id\":\"https:\/\/euricse.eu\/it\/il-1-incontro-nazionale-delle-comunita-intraprendenti\/\",\"url\":\"https:\/\/euricse.eu\/it\/il-1-incontro-nazionale-delle-comunita-intraprendenti\/\",\"name\":\"Il 1\u00b0 incontro nazionale delle Comunit\u00e0 Intraprendenti - Euricse\",\"isPartOf\":{\"@id\":\"https:\/\/euricse.eu\/en\/#website\"},\"primaryImageOfPage\":{\"@id\":\"https:\/\/euricse.eu\/it\/il-1-incontro-nazionale-delle-comunita-intraprendenti\/#primaryimage\"},\"image\":{\"@id\":\"https:\/\/euricse.eu\/it\/il-1-incontro-nazionale-delle-comunita-intraprendenti\/#primaryimage\"},\"thumbnailUrl\":\"https:\/\/euricse.eu\/wp-content\/uploads\/2024\/07\/Comunita-Intraprendenti-FIEMME-e1730737249408.png\",\"datePublished\":\"2024-07-24T08:20:05+00:00\",\"dateModified\":\"2024-08-07T07:44:27+00:00\",\"author\":{\"@id\":\"https:\/\/euricse.eu\/en\/#\/schema\/person\/a5b25693531e3458dfedff34c273ba14\"},\"description\":\"Il 5 e 6 dicembre, la Val di Fiemme in Trentino ospiter\u00e0 il primo incontro nazionale delle Comunit\u00e0 Intraprendenti.\",\"breadcrumb\":{\"@id\":\"https:\/\/euricse.eu\/it\/il-1-incontro-nazionale-delle-comunita-intraprendenti\/#breadcrumb\"},\"inLanguage\":\"it-IT\",\"potentialAction\":[{\"@type\":\"ReadAction\",\"target\":[\"https:\/\/euricse.eu\/it\/il-1-incontro-nazionale-delle-comunita-intraprendenti\/\"]}]},{\"@type\":\"ImageObject\",\"inLanguage\":\"it-IT\",\"@id\":\"https:\/\/euricse.eu\/it\/il-1-incontro-nazionale-delle-comunita-intraprendenti\/#primaryimage\",\"url\":\"https:\/\/euricse.eu\/wp-content\/uploads\/2024\/07\/Comunita-Intraprendenti-FIEMME-e1730737249408.png\",\"contentUrl\":\"https:\/\/euricse.eu\/wp-content\/uploads\/2024\/07\/Comunita-Intraprendenti-FIEMME-e1730737249408.png\",\"width\":1080,\"height\":673},{\"@type\":\"BreadcrumbList\",\"@id\":\"https:\/\/euricse.eu\/it\/il-1-incontro-nazionale-delle-comunita-intraprendenti\/#breadcrumb\",\"itemListElement\":[{\"@type\":\"ListItem\",\"position\":1,\"name\":\"Home\",\"item\":\"https:\/\/euricse.eu\/it\/\"},{\"@type\":\"ListItem\",\"position\":2,\"name\":\"Il 1\u00b0 incontro nazionale delle Comunit\u00e0 Intraprendenti\"}]},{\"@type\":\"WebSite\",\"@id\":\"https:\/\/euricse.eu\/en\/#website\",\"url\":\"https:\/\/euricse.eu\/en\/\",\"name\":\"Euricse\",\"description\":\"Knowledge and innovation for cooperative and social enterprises.\",\"potentialAction\":[{\"@type\":\"SearchAction\",\"target\":{\"@type\":\"EntryPoint\",\"urlTemplate\":\"https:\/\/euricse.eu\/en\/?s={search_term_string}\"},\"query-input\":{\"@type\":\"PropertyValueSpecification\",\"valueRequired\":true,\"valueName\":\"search_term_string\"}}],\"inLanguage\":\"it-IT\"},{\"@type\":\"Person\",\"@id\":\"https:\/\/euricse.eu\/en\/#\/schema\/person\/a5b25693531e3458dfedff34c273ba14\",\"name\":\"Silvia\",\"image\":{\"@type\":\"ImageObject\",\"inLanguage\":\"it-IT\",\"@id\":\"https:\/\/euricse.eu\/en\/#\/schema\/person\/image\/\",\"url\":\"https:\/\/secure.gravatar.com\/avatar\/3cef1082b65edc85f1a4c0caa7ce4808f397a517b7217eab6215fe435640f8f7?s=96&d=mm&r=g\",\"contentUrl\":\"https:\/\/secure.gravatar.com\/avatar\/3cef1082b65edc85f1a4c0caa7ce4808f397a517b7217eab6215fe435640f8f7?s=96&d=mm&r=g\",\"caption\":\"Silvia\"},\"url\":\"https:\/\/euricse.eu\/it\/author\/silvia\/\"}]}<\/script>\n<!-- \/ Yoast SEO plugin. -->","yoast_head_json":{"title":"Il 1\u00b0 incontro nazionale delle Comunit\u00e0 Intraprendenti - Euricse","description":"Il 5 e 6 dicembre, la Val di Fiemme in Trentino ospiter\u00e0 il primo incontro nazionale delle Comunit\u00e0 Intraprendenti.","robots":{"index":"index","follow":"follow","max-snippet":"max-snippet:-1","max-image-preview":"max-image-preview:large","max-video-preview":"max-video-preview:-1"},"canonical":"https:\/\/euricse.eu\/it\/il-1-incontro-nazionale-delle-comunita-intraprendenti\/","og_locale":"it_IT","og_type":"article","og_title":"Il 1\u00b0 incontro nazionale delle Comunit\u00e0 Intraprendenti - Euricse","og_description":"Il 5 e 6 dicembre, la Val di Fiemme in Trentino ospiter\u00e0 il primo incontro nazionale delle Comunit\u00e0 Intraprendenti.","og_url":"https:\/\/euricse.eu\/it\/il-1-incontro-nazionale-delle-comunita-intraprendenti\/","og_site_name":"Euricse","article_published_time":"2024-07-24T08:20:05+00:00","article_modified_time":"2024-08-07T07:44:27+00:00","og_image":[{"width":1080,"height":1080,"url":"https:\/\/euricse.eu\/wp-content\/uploads\/2024\/07\/Comunita-Intraprendenti-FIEMME.png","type":"image\/png"}],"author":"Silvia","twitter_card":"summary_large_image","twitter_misc":{"Scritto da":"Silvia","Tempo di lettura stimato":"3 minuti"},"schema":{"@context":"https:\/\/schema.org","@graph":[{"@type":"WebPage","@id":"https:\/\/euricse.eu\/it\/il-1-incontro-nazionale-delle-comunita-intraprendenti\/","url":"https:\/\/euricse.eu\/it\/il-1-incontro-nazionale-delle-comunita-intraprendenti\/","name":"Il 1\u00b0 incontro nazionale delle Comunit\u00e0 Intraprendenti - Euricse","isPartOf":{"@id":"https:\/\/euricse.eu\/en\/#website"},"primaryImageOfPage":{"@id":"https:\/\/euricse.eu\/it\/il-1-incontro-nazionale-delle-comunita-intraprendenti\/#primaryimage"},"image":{"@id":"https:\/\/euricse.eu\/it\/il-1-incontro-nazionale-delle-comunita-intraprendenti\/#primaryimage"},"thumbnailUrl":"https:\/\/euricse.eu\/wp-content\/uploads\/2024\/07\/Comunita-Intraprendenti-FIEMME-e1730737249408.png","datePublished":"2024-07-24T08:20:05+00:00","dateModified":"2024-08-07T07:44:27+00:00","author":{"@id":"https:\/\/euricse.eu\/en\/#\/schema\/person\/a5b25693531e3458dfedff34c273ba14"},"description":"Il 5 e 6 dicembre, la Val di Fiemme in Trentino ospiter\u00e0 il primo incontro nazionale delle Comunit\u00e0 Intraprendenti.","breadcrumb":{"@id":"https:\/\/euricse.eu\/it\/il-1-incontro-nazionale-delle-comunita-intraprendenti\/#breadcrumb"},"inLanguage":"it-IT","potentialAction":[{"@type":"ReadAction","target":["https:\/\/euricse.eu\/it\/il-1-incontro-nazionale-delle-comunita-intraprendenti\/"]}]},{"@type":"ImageObject","inLanguage":"it-IT","@id":"https:\/\/euricse.eu\/it\/il-1-incontro-nazionale-delle-comunita-intraprendenti\/#primaryimage","url":"https:\/\/euricse.eu\/wp-content\/uploads\/2024\/07\/Comunita-Intraprendenti-FIEMME-e1730737249408.png","contentUrl":"https:\/\/euricse.eu\/wp-content\/uploads\/2024\/07\/Comunita-Intraprendenti-FIEMME-e1730737249408.png","width":1080,"height":673},{"@type":"BreadcrumbList","@id":"https:\/\/euricse.eu\/it\/il-1-incontro-nazionale-delle-comunita-intraprendenti\/#breadcrumb","itemListElement":[{"@type":"ListItem","position":1,"name":"Home","item":"https:\/\/euricse.eu\/it\/"},{"@type":"ListItem","position":2,"name":"Il 1\u00b0 incontro nazionale delle Comunit\u00e0 Intraprendenti"}]},{"@type":"WebSite","@id":"https:\/\/euricse.eu\/en\/#website","url":"https:\/\/euricse.eu\/en\/","name":"Euricse","description":"Knowledge and innovation for cooperative and social enterprises.","potentialAction":[{"@type":"SearchAction","target":{"@type":"EntryPoint","urlTemplate":"https:\/\/euricse.eu\/en\/?s={search_term_string}"},"query-input":{"@type":"PropertyValueSpecification","valueRequired":true,"valueName":"search_term_string"}}],"inLanguage":"it-IT"},{"@type":"Person","@id":"https:\/\/euricse.eu\/en\/#\/schema\/person\/a5b25693531e3458dfedff34c273ba14","name":"Silvia","image":{"@type":"ImageObject","inLanguage":"it-IT","@id":"https:\/\/euricse.eu\/en\/#\/schema\/person\/image\/","url":"https:\/\/secure.gravatar.com\/avatar\/3cef1082b65edc85f1a4c0caa7ce4808f397a517b7217eab6215fe435640f8f7?s=96&d=mm&r=g","contentUrl":"https:\/\/secure.gravatar.com\/avatar\/3cef1082b65edc85f1a4c0caa7ce4808f397a517b7217eab6215fe435640f8f7?s=96&d=mm&r=g","caption":"Silvia"},"url":"https:\/\/euricse.eu\/it\/author\/silvia\/"}]}},"_links":{"self":[{"href":"https:\/\/euricse.eu\/it\/wp-json\/wp\/v2\/posts\/23386","targetHints":{"allow":["GET"]}}],"collection":[{"href":"https:\/\/euricse.eu\/it\/wp-json\/wp\/v2\/posts"}],"about":[{"href":"https:\/\/euricse.eu\/it\/wp-json\/wp\/v2\/types\/post"}],"author":[{"embeddable":true,"href":"https:\/\/euricse.eu\/it\/wp-json\/wp\/v2\/users\/32"}],"replies":[{"embeddable":true,"href":"https:\/\/euricse.eu\/it\/wp-json\/wp\/v2\/comments?post=23386"}],"version-history":[{"count":2,"href":"https:\/\/euricse.eu\/it\/wp-json\/wp\/v2\/posts\/23386\/revisions"}],"predecessor-version":[{"id":23498,"href":"https:\/\/euricse.eu\/it\/wp-json\/wp\/v2\/posts\/23386\/revisions\/23498"}],"wp:featuredmedia":[{"embeddable":true,"href":"https:\/\/euricse.eu\/it\/wp-json\/wp\/v2\/media\/23387"}],"wp:attachment":[{"href":"https:\/\/euricse.eu\/it\/wp-json\/wp\/v2\/media?parent=23386"}],"wp:term":[{"taxonomy":"category","embeddable":true,"href":"https:\/\/euricse.eu\/it\/wp-json\/wp\/v2\/categories?post=23386"},{"taxonomy":"post_tag","embeddable":true,"href":"https:\/\/euricse.eu\/it\/wp-json\/wp\/v2\/tags?post=23386"}],"curies":[{"name":"wp","href":"https:\/\/api.w.org\/{rel}","templated":true}]}}