{"id":24566,"date":"2024-10-10T16:57:08","date_gmt":"2024-10-10T15:57:08","guid":{"rendered":"https:\/\/euricse.eu\/?p=24566"},"modified":"2024-11-04T15:28:24","modified_gmt":"2024-11-04T15:28:24","slug":"comunita-intermedie-occasione-per-la-politica","status":"publish","type":"post","link":"https:\/\/euricse.eu\/it\/comunita-intermedie-occasione-per-la-politica\/","title":{"rendered":"Comunit\u00e0 intermedie, occasione per la politica"},"content":{"rendered":"<p>I partiti politici svolgono un ruolo fondamentale nelle democrazie, ma hanno perso parte della loro capacit\u00e0 di coinvolgere i cittadini. Esiste ancora spazio per una partecipazione politica attraverso canali alternativi? Come possiamo preservare i legami necessari per una democrazia sana? Le comunit\u00e0 intermedie, in particolare il Terzo settore, possono affrontare queste sfide? Queste sono le tematiche esplorate nel libro <a href=\"https:\/\/www.mulino.it\/isbn\/9788815389107\">Comunit\u00e0 intermedie, occasione per la politica<\/a>, a cura di Franco Bassanini, Tiziano Treu e Giorgio Vittadini, edito da Il Mulino.<\/p>\n<p>Nel capitolo XI, intitolato &#8220;<strong>Economia sociale e nuove forme di partecipazione civica<\/strong>&#8220;, <strong>Gianluca Salvatori<\/strong> e <strong>Jacopo Sforzi<\/strong> analizzano come le comunit\u00e0 possano ridefinire il panorama della partecipazione politica e sociale, in un&#8217;ottica di economia per l&#8217;interesse generale (Imprese di comunit\u00e0, Empori solidali, FabLab, Patti di collaborazione, Community Hub, Comunit\u00e0 a supporto dell&#8217;agricoltura e Food Coop, Comunit\u00e0 energetiche, Portinerie di Quartiere).<\/p>\n<p>&nbsp;<\/p>\n<h3><a href=\"https:\/\/www.mulino.it\/isbn\/9788815389107\">Acquista la tua copia qui<\/a><\/h3>\n","protected":false},"excerpt":{"rendered":"<p>Il libro &#8220;Comunit\u00e0 intermedie, occasione per la politica&#8221; esplora come le comunit\u00e0, attraverso il Terzo settore e nuove forme di partecipazione civica, possano ridefinire il coinvolgimento politico e sociale per perseguire l&#8217;interesse generale. Gianluca Salvatori e Jacopo Sforzi hanno curato un capitolo dedicato alle comunit\u00e0 autogestite e partecipative.  <\/p>\n","protected":false},"author":32,"featured_media":24576,"comment_status":"closed","ping_status":"closed","sticky":false,"template":"","format":"standard","meta":{"_acf_changed":false,"episode_type":"","audio_file":"","cover_image":"","cover_image_id":"","duration":"","filesize":"","date_recorded":"","explicit":"","block":"","itunes_episode_number":"","itunes_title":"","itunes_season_number":"","itunes_episode_type":"","filesize_raw":"","footnotes":""},"categories":[17],"tags":[885,1726],"class_list":["post-24566","post","type-post","status-publish","format-standard","has-post-thumbnail","hentry","category-news-it","tag-comunita-intraprendenti","tag-comunita-intermedie"],"acf":[],"yoast_head":"<!-- This site is optimized with the Yoast SEO plugin v26.1.1 - https:\/\/yoast.com\/wordpress\/plugins\/seo\/ -->\n<title>Comunit\u00e0 intermedie, occasione per la politica - Euricse<\/title>\n<meta name=\"description\" content=\"Il libro Comunit\u00e0 intermedie, occasione per la politica esplora come le comunit\u00e0, attraverso il Terzo settore e nuove forme di partecipazione civica, possano ridefinire il coinvolgimento politico e sociale in un contesto di economia per l&#039;interesse generale. Gianluca Salvatori e Jacopo Sforzi hanno curato un capitolo dedicato alle comunit\u00e0 autogestite e partecipative.\" \/>\n<meta name=\"robots\" content=\"index, follow, max-snippet:-1, max-image-preview:large, max-video-preview:-1\" \/>\n<link rel=\"canonical\" href=\"https:\/\/euricse.eu\/it\/comunita-intermedie-occasione-per-la-politica\/\" \/>\n<meta property=\"og:locale\" content=\"it_IT\" \/>\n<meta property=\"og:type\" content=\"article\" \/>\n<meta property=\"og:title\" content=\"Comunit\u00e0 intermedie, occasione per la politica - Euricse\" \/>\n<meta property=\"og:description\" content=\"Il libro Comunit\u00e0 intermedie, occasione per la politica esplora come le comunit\u00e0, attraverso il Terzo settore e nuove forme di partecipazione civica, possano ridefinire il coinvolgimento politico e sociale in un contesto di economia per l&#039;interesse generale. Gianluca Salvatori e Jacopo Sforzi hanno curato un capitolo dedicato alle comunit\u00e0 autogestite e partecipative.\" \/>\n<meta property=\"og:url\" content=\"https:\/\/euricse.eu\/it\/comunita-intermedie-occasione-per-la-politica\/\" \/>\n<meta property=\"og:site_name\" content=\"Euricse\" \/>\n<meta property=\"article:published_time\" content=\"2024-10-10T15:57:08+00:00\" \/>\n<meta property=\"article:modified_time\" content=\"2024-11-04T15:28:24+00:00\" \/>\n<meta property=\"og:image\" content=\"https:\/\/euricse.eu\/wp-content\/uploads\/2024\/10\/comunita-intermedie-2.png\" \/>\n\t<meta property=\"og:image:width\" content=\"1080\" \/>\n\t<meta property=\"og:image:height\" content=\"1080\" \/>\n\t<meta property=\"og:image:type\" content=\"image\/png\" \/>\n<meta name=\"author\" content=\"Silvia\" \/>\n<meta name=\"twitter:card\" content=\"summary_large_image\" \/>\n<meta name=\"twitter:label1\" content=\"Scritto da\" \/>\n\t<meta name=\"twitter:data1\" content=\"Silvia\" \/>\n\t<meta name=\"twitter:label2\" content=\"Tempo di lettura stimato\" \/>\n\t<meta name=\"twitter:data2\" content=\"1 minuto\" \/>\n<script type=\"application\/ld+json\" class=\"yoast-schema-graph\">{\"@context\":\"https:\/\/schema.org\",\"@graph\":[{\"@type\":\"WebPage\",\"@id\":\"https:\/\/euricse.eu\/it\/comunita-intermedie-occasione-per-la-politica\/\",\"url\":\"https:\/\/euricse.eu\/it\/comunita-intermedie-occasione-per-la-politica\/\",\"name\":\"Comunit\u00e0 intermedie, occasione per la politica - Euricse\",\"isPartOf\":{\"@id\":\"https:\/\/euricse.eu\/en\/#website\"},\"primaryImageOfPage\":{\"@id\":\"https:\/\/euricse.eu\/it\/comunita-intermedie-occasione-per-la-politica\/#primaryimage\"},\"image\":{\"@id\":\"https:\/\/euricse.eu\/it\/comunita-intermedie-occasione-per-la-politica\/#primaryimage\"},\"thumbnailUrl\":\"https:\/\/euricse.eu\/wp-content\/uploads\/2024\/10\/comunita-intermedie-2.png\",\"datePublished\":\"2024-10-10T15:57:08+00:00\",\"dateModified\":\"2024-11-04T15:28:24+00:00\",\"author\":{\"@id\":\"https:\/\/euricse.eu\/en\/#\/schema\/person\/a5b25693531e3458dfedff34c273ba14\"},\"description\":\"Il libro Comunit\u00e0 intermedie, occasione per la politica esplora come le comunit\u00e0, attraverso il Terzo settore e nuove forme di partecipazione civica, possano ridefinire il coinvolgimento politico e sociale in un contesto di economia per l'interesse generale. Gianluca Salvatori e Jacopo Sforzi hanno curato un capitolo dedicato alle comunit\u00e0 autogestite e partecipative.\",\"breadcrumb\":{\"@id\":\"https:\/\/euricse.eu\/it\/comunita-intermedie-occasione-per-la-politica\/#breadcrumb\"},\"inLanguage\":\"it-IT\",\"potentialAction\":[{\"@type\":\"ReadAction\",\"target\":[\"https:\/\/euricse.eu\/it\/comunita-intermedie-occasione-per-la-politica\/\"]}]},{\"@type\":\"ImageObject\",\"inLanguage\":\"it-IT\",\"@id\":\"https:\/\/euricse.eu\/it\/comunita-intermedie-occasione-per-la-politica\/#primaryimage\",\"url\":\"https:\/\/euricse.eu\/wp-content\/uploads\/2024\/10\/comunita-intermedie-2.png\",\"contentUrl\":\"https:\/\/euricse.eu\/wp-content\/uploads\/2024\/10\/comunita-intermedie-2.png\",\"width\":1080,\"height\":1080},{\"@type\":\"BreadcrumbList\",\"@id\":\"https:\/\/euricse.eu\/it\/comunita-intermedie-occasione-per-la-politica\/#breadcrumb\",\"itemListElement\":[{\"@type\":\"ListItem\",\"position\":1,\"name\":\"Home\",\"item\":\"https:\/\/euricse.eu\/it\/\"},{\"@type\":\"ListItem\",\"position\":2,\"name\":\"Comunit\u00e0 intermedie, occasione per la politica\"}]},{\"@type\":\"WebSite\",\"@id\":\"https:\/\/euricse.eu\/en\/#website\",\"url\":\"https:\/\/euricse.eu\/en\/\",\"name\":\"Euricse\",\"description\":\"Knowledge and innovation for cooperative and social enterprises.\",\"potentialAction\":[{\"@type\":\"SearchAction\",\"target\":{\"@type\":\"EntryPoint\",\"urlTemplate\":\"https:\/\/euricse.eu\/en\/?s={search_term_string}\"},\"query-input\":{\"@type\":\"PropertyValueSpecification\",\"valueRequired\":true,\"valueName\":\"search_term_string\"}}],\"inLanguage\":\"it-IT\"},{\"@type\":\"Person\",\"@id\":\"https:\/\/euricse.eu\/en\/#\/schema\/person\/a5b25693531e3458dfedff34c273ba14\",\"name\":\"Silvia\",\"image\":{\"@type\":\"ImageObject\",\"inLanguage\":\"it-IT\",\"@id\":\"https:\/\/euricse.eu\/en\/#\/schema\/person\/image\/\",\"url\":\"https:\/\/secure.gravatar.com\/avatar\/3cef1082b65edc85f1a4c0caa7ce4808f397a517b7217eab6215fe435640f8f7?s=96&d=mm&r=g\",\"contentUrl\":\"https:\/\/secure.gravatar.com\/avatar\/3cef1082b65edc85f1a4c0caa7ce4808f397a517b7217eab6215fe435640f8f7?s=96&d=mm&r=g\",\"caption\":\"Silvia\"},\"url\":\"https:\/\/euricse.eu\/it\/author\/silvia\/\"}]}<\/script>\n<!-- \/ Yoast SEO plugin. -->","yoast_head_json":{"title":"Comunit\u00e0 intermedie, occasione per la politica - Euricse","description":"Il libro Comunit\u00e0 intermedie, occasione per la politica esplora come le comunit\u00e0, attraverso il Terzo settore e nuove forme di partecipazione civica, possano ridefinire il coinvolgimento politico e sociale in un contesto di economia per l'interesse generale. Gianluca Salvatori e Jacopo Sforzi hanno curato un capitolo dedicato alle comunit\u00e0 autogestite e partecipative.","robots":{"index":"index","follow":"follow","max-snippet":"max-snippet:-1","max-image-preview":"max-image-preview:large","max-video-preview":"max-video-preview:-1"},"canonical":"https:\/\/euricse.eu\/it\/comunita-intermedie-occasione-per-la-politica\/","og_locale":"it_IT","og_type":"article","og_title":"Comunit\u00e0 intermedie, occasione per la politica - Euricse","og_description":"Il libro Comunit\u00e0 intermedie, occasione per la politica esplora come le comunit\u00e0, attraverso il Terzo settore e nuove forme di partecipazione civica, possano ridefinire il coinvolgimento politico e sociale in un contesto di economia per l'interesse generale. Gianluca Salvatori e Jacopo Sforzi hanno curato un capitolo dedicato alle comunit\u00e0 autogestite e partecipative.","og_url":"https:\/\/euricse.eu\/it\/comunita-intermedie-occasione-per-la-politica\/","og_site_name":"Euricse","article_published_time":"2024-10-10T15:57:08+00:00","article_modified_time":"2024-11-04T15:28:24+00:00","og_image":[{"width":1080,"height":1080,"url":"https:\/\/euricse.eu\/wp-content\/uploads\/2024\/10\/comunita-intermedie-2.png","type":"image\/png"}],"author":"Silvia","twitter_card":"summary_large_image","twitter_misc":{"Scritto da":"Silvia","Tempo di lettura stimato":"1 minuto"},"schema":{"@context":"https:\/\/schema.org","@graph":[{"@type":"WebPage","@id":"https:\/\/euricse.eu\/it\/comunita-intermedie-occasione-per-la-politica\/","url":"https:\/\/euricse.eu\/it\/comunita-intermedie-occasione-per-la-politica\/","name":"Comunit\u00e0 intermedie, occasione per la politica - Euricse","isPartOf":{"@id":"https:\/\/euricse.eu\/en\/#website"},"primaryImageOfPage":{"@id":"https:\/\/euricse.eu\/it\/comunita-intermedie-occasione-per-la-politica\/#primaryimage"},"image":{"@id":"https:\/\/euricse.eu\/it\/comunita-intermedie-occasione-per-la-politica\/#primaryimage"},"thumbnailUrl":"https:\/\/euricse.eu\/wp-content\/uploads\/2024\/10\/comunita-intermedie-2.png","datePublished":"2024-10-10T15:57:08+00:00","dateModified":"2024-11-04T15:28:24+00:00","author":{"@id":"https:\/\/euricse.eu\/en\/#\/schema\/person\/a5b25693531e3458dfedff34c273ba14"},"description":"Il libro Comunit\u00e0 intermedie, occasione per la politica esplora come le comunit\u00e0, attraverso il Terzo settore e nuove forme di partecipazione civica, possano ridefinire il coinvolgimento politico e sociale in un contesto di economia per l'interesse generale. Gianluca Salvatori e Jacopo Sforzi hanno curato un capitolo dedicato alle comunit\u00e0 autogestite e partecipative.","breadcrumb":{"@id":"https:\/\/euricse.eu\/it\/comunita-intermedie-occasione-per-la-politica\/#breadcrumb"},"inLanguage":"it-IT","potentialAction":[{"@type":"ReadAction","target":["https:\/\/euricse.eu\/it\/comunita-intermedie-occasione-per-la-politica\/"]}]},{"@type":"ImageObject","inLanguage":"it-IT","@id":"https:\/\/euricse.eu\/it\/comunita-intermedie-occasione-per-la-politica\/#primaryimage","url":"https:\/\/euricse.eu\/wp-content\/uploads\/2024\/10\/comunita-intermedie-2.png","contentUrl":"https:\/\/euricse.eu\/wp-content\/uploads\/2024\/10\/comunita-intermedie-2.png","width":1080,"height":1080},{"@type":"BreadcrumbList","@id":"https:\/\/euricse.eu\/it\/comunita-intermedie-occasione-per-la-politica\/#breadcrumb","itemListElement":[{"@type":"ListItem","position":1,"name":"Home","item":"https:\/\/euricse.eu\/it\/"},{"@type":"ListItem","position":2,"name":"Comunit\u00e0 intermedie, occasione per la politica"}]},{"@type":"WebSite","@id":"https:\/\/euricse.eu\/en\/#website","url":"https:\/\/euricse.eu\/en\/","name":"Euricse","description":"Knowledge and innovation for cooperative and social enterprises.","potentialAction":[{"@type":"SearchAction","target":{"@type":"EntryPoint","urlTemplate":"https:\/\/euricse.eu\/en\/?s={search_term_string}"},"query-input":{"@type":"PropertyValueSpecification","valueRequired":true,"valueName":"search_term_string"}}],"inLanguage":"it-IT"},{"@type":"Person","@id":"https:\/\/euricse.eu\/en\/#\/schema\/person\/a5b25693531e3458dfedff34c273ba14","name":"Silvia","image":{"@type":"ImageObject","inLanguage":"it-IT","@id":"https:\/\/euricse.eu\/en\/#\/schema\/person\/image\/","url":"https:\/\/secure.gravatar.com\/avatar\/3cef1082b65edc85f1a4c0caa7ce4808f397a517b7217eab6215fe435640f8f7?s=96&d=mm&r=g","contentUrl":"https:\/\/secure.gravatar.com\/avatar\/3cef1082b65edc85f1a4c0caa7ce4808f397a517b7217eab6215fe435640f8f7?s=96&d=mm&r=g","caption":"Silvia"},"url":"https:\/\/euricse.eu\/it\/author\/silvia\/"}]}},"_links":{"self":[{"href":"https:\/\/euricse.eu\/it\/wp-json\/wp\/v2\/posts\/24566","targetHints":{"allow":["GET"]}}],"collection":[{"href":"https:\/\/euricse.eu\/it\/wp-json\/wp\/v2\/posts"}],"about":[{"href":"https:\/\/euricse.eu\/it\/wp-json\/wp\/v2\/types\/post"}],"author":[{"embeddable":true,"href":"https:\/\/euricse.eu\/it\/wp-json\/wp\/v2\/users\/32"}],"replies":[{"embeddable":true,"href":"https:\/\/euricse.eu\/it\/wp-json\/wp\/v2\/comments?post=24566"}],"version-history":[{"count":0,"href":"https:\/\/euricse.eu\/it\/wp-json\/wp\/v2\/posts\/24566\/revisions"}],"wp:featuredmedia":[{"embeddable":true,"href":"https:\/\/euricse.eu\/it\/wp-json\/wp\/v2\/media\/24576"}],"wp:attachment":[{"href":"https:\/\/euricse.eu\/it\/wp-json\/wp\/v2\/media?parent=24566"}],"wp:term":[{"taxonomy":"category","embeddable":true,"href":"https:\/\/euricse.eu\/it\/wp-json\/wp\/v2\/categories?post=24566"},{"taxonomy":"post_tag","embeddable":true,"href":"https:\/\/euricse.eu\/it\/wp-json\/wp\/v2\/tags?post=24566"}],"curies":[{"name":"wp","href":"https:\/\/api.w.org\/{rel}","templated":true}]}}