{"id":24693,"date":"2024-11-04T12:43:09","date_gmt":"2024-11-04T12:43:09","guid":{"rendered":"https:\/\/euricse.eu\/?p=24693"},"modified":"2024-11-19T11:20:44","modified_gmt":"2024-11-19T11:20:44","slug":"1-incontro-nazionale-delle-comunita-intraprendenti","status":"publish","type":"post","link":"https:\/\/euricse.eu\/it\/1-incontro-nazionale-delle-comunita-intraprendenti\/","title":{"rendered":"1\u00b0 incontro Nazionale delle Comunit\u00e0 Intraprendenti"},"content":{"rendered":"<p><span style=\"font-weight: 400;\">Il 5 e 6 dicembre, la Val di Fiemme, in Trentino, diventa il punto di incontro per il<\/span><b> 1\u00b0 incontro nazionale delle Comunit\u00e0 Intraprendenti<\/b><span style=\"font-weight: 400;\">. Organizzato dalla <\/span><b>Fondazione Fiemme PER<\/b><span style=\"font-weight: 400;\"> con <\/span><b>Euricse e<\/b><span style=\"font-weight: 400;\">\u00a0<\/span><b>Fondazione Caritro<\/b><span style=\"font-weight: 400;\"> e in collaborazione con<\/span><b> Iris Network<\/b><span style=\"font-weight: 400;\">, l\u2019evento promette due giorni intensi di workshop, condivisione di buone pratiche e networking.\u00a0 <\/span><span style=\"font-weight: 400;\">Un\u2019opportunit\u00e0 imperdibile per esplorare come la cittadinanza attiva e l\u2019imprenditorialit\u00e0 dal basso stanno trasformando le nostre comunit\u00e0. Scopri i nuovi modelli innovativi di sostenibilit\u00e0 e sviluppo locale!<\/span><\/p>\n<p><span style=\"font-weight: 400;\">In questi due giorni, le Comunit\u00e0 Intraprendenti si riuniscono per confrontarsi, ispirarsi reciprocamente e formarsi. Insieme, contribuiamo a costruire un futuro pi\u00f9 sostenibile e inclusivo, valorizzando le economie di prossimit\u00e0 e l\u2019energia del cambiamento sociale dal basso.<\/span><\/p>\n<p>&nbsp;<\/p>\n<h3><b>Workshop: un viaggio nelle nuove economie di prossimit\u00e0<\/b><\/h3>\n<p><span style=\"font-weight: 400;\">Il workshop si articola in <\/span><b>tre gruppi tematici,<\/b><span style=\"font-weight: 400;\"> frutto della ricerca di Euricse (2020-2023) sulle economie comunitarie emergenti in Italia, le <a href=\"https:\/\/euricse.eu\/it\/publications\/le-comunita-intraprendenti-in-italia\/\" target=\"_blank\" rel=\"noopener\">Comunit\u00e0 Intraprendenti<\/a> appunto. Ogni gruppo, guidato da un<\/span><b> facilitatore,<\/b><span style=\"font-weight: 400;\"> approfondisce un tema chiave attraverso dibattiti e attivit\u00e0 pratiche:<\/span><\/p>\n<ul>\n<li style=\"font-weight: 400;\" aria-level=\"1\"><b>Rigenerazione di spazi di comunit\u00e0 e gestione dei beni comuni<\/b><span style=\"font-weight: 400;\"> con <strong>Emanuela Saporito<\/strong> (Labsus,OrtiAlt<\/span><b>i,<\/b><span style=\"font-weight: 400;\"> Beeozanam<\/span> <span style=\"font-weight: 400;\">\u2013 Torino)<\/span><\/li>\n<li style=\"font-weight: 400;\" aria-level=\"1\"><b>Alternative food network<\/b><span style=\"font-weight: 400;\">: nuove pratiche di produzione, distribuzione e consumo alimentare con <strong>Enrico De Sanso<\/strong> (Food Coop Stadera \u2013 Ravenna)<\/span><\/li>\n<li style=\"font-weight: 400;\" aria-level=\"1\"><b>Produzione e gestione di servizi per la comunit\u00e0<\/b><span style=\"font-weight: 400;\"> con <strong>Marco Angeloni<\/strong> (Coop di comunit\u00e0 Fer-menti Leontine \u2013 San Leo, Rimini)<\/span><\/li>\n<\/ul>\n<p><span style=\"font-weight: 400;\">Tre speaker motivazionali guidano i gruppi nell&#8217;approfondimento dei seguenti temi:<\/span><\/p>\n<ul>\n<li style=\"font-weight: 400;\" aria-level=\"1\"><b>Coinvolgimento e sviluppo di comunit\u00e0<\/b><span style=\"font-weight: 400;\"> con <strong>Andrea Volterrani<\/strong> (Universit\u00e0 di Roma Tor Vergata)<\/span><\/li>\n<li style=\"font-weight: 400;\" aria-level=\"1\"><b>Modelli di sostenibilit\u00e0 organizzativa<\/b><span style=\"font-weight: 400;\"> con <strong>Gianluca Salvatori<\/strong> (Segretario generale di Euricse)<\/span><\/li>\n<li style=\"font-weight: 400;\" aria-level=\"1\"><strong>Competenze, ruoli e profili per il raggiungimento degli obiettivi<\/strong> con <strong>Alessandro Narduzzo<\/strong> (Libera Universit\u00e0 di Bolzano)<\/li>\n<\/ul>\n<p>&nbsp;<\/p>\n<p><strong>Note per i partecipanti\u00a0<\/strong><\/p>\n<p>L\u2019<strong>iscrizione<\/strong>\u00a0all\u2019evento \u00e8\u00a0<strong>gratuita<\/strong>\u00a0e comprende\u00a0<strong>workshop<\/strong>,\u00a0<strong>laboratori<\/strong>,\u00a0<strong>pasti<\/strong>\u00a0e\u00a0<strong>coffee break<\/strong>.<\/p>\n<p>L&#8217;evento si svolger\u00e0 &#8220;in presenza&#8221; e, per una migliore esperienza, si consiglia la partecipazione a entrambe le giornate.<\/p>\n<p>A\u00a0<strong>carico del partecipante<\/strong>\u00a0rimangono l\u2019<strong>alloggio<\/strong>\u00a0(si consiglia la formula \u201cpernottamento e prima colazione\u201d) ed i\u00a0<strong>viaggi<\/strong>\u00a0da\/per Cavalese.<\/p>\n<p>Le informazioni logistiche sono disponibili all\u2019<a href=\"https:\/\/fiemmeper.it\/news\/incontro-comunita-intraprendenti-info-logistiche\/\">apposita pagina<\/a>.<\/p>\n<p>&nbsp;<\/p>\n<p>&nbsp;<\/p>\n<h3><a href=\"https:\/\/fiemmeper.it\/comunita-intraprendenti\/\" target=\"_blank\" rel=\"noopener\">Info e programma<\/a><\/h3>\n<h4><a href=\"https:\/\/forms.office.com\/pages\/responsepage.aspx?id=aEqVrAox80-4r6LunaiVe5C27KtCy7xMudMQjFKczPlUNjNVSk9TVTlDQ1AwUUNVMTNPRlNTVjEyWC4u&amp;origin=lprLink&amp;route=shorturl\" target=\"_blank\" rel=\"noopener\">Iscriviti qui per partecipare<\/a><\/h4>\n<p>&nbsp;<\/p>\n<p>&nbsp;<\/p>\n","protected":false},"excerpt":{"rendered":"<p>Il 5 e 6 dicembre, la Val di Fiemme, in Trentino, diventa il punto di incontro per il 1\u00b0 incontro nazionale delle Comunit\u00e0 Intraprendenti. Organizzato dalla Fondazione Fiemme PER con Euricse e\u00a0Fondazione Caritro e in collaborazione con Iris Network, l\u2019evento propone due giorni intensi di workshop, condivisione di buone pratiche e networking.\u00a0<\/p>\n","protected":false},"author":32,"featured_media":23387,"comment_status":"closed","ping_status":"closed","sticky":false,"template":"","format":"standard","meta":{"_acf_changed":false,"episode_type":"","audio_file":"","cover_image":"","cover_image_id":"","duration":"","filesize":"","date_recorded":"","explicit":"","block":"","itunes_episode_number":"","itunes_title":"","itunes_season_number":"","itunes_episode_type":"","filesize_raw":"","footnotes":""},"categories":[17],"tags":[],"class_list":["post-24693","post","type-post","status-publish","format-standard","has-post-thumbnail","hentry","category-news-it"],"acf":[],"yoast_head":"<!-- This site is optimized with the Yoast SEO plugin v26.1.1 - https:\/\/yoast.com\/wordpress\/plugins\/seo\/ -->\n<title>1\u00b0 incontro Nazionale delle Comunit\u00e0 Intraprendenti - Euricse<\/title>\n<meta name=\"description\" content=\"Il 5 e 6 dicembre, la Val di Fiemme, in Trentino, diventa il punto di incontro per il 1\u00b0 incontro nazionale delle Comunit\u00e0 Intraprendenti. Organizzato dalla Fondazione Fiemme PER con Euricse e\u00a0Fondazione Caritro e in collaborazione con Iris Network, l\u2019evento promette due giorni intensi di workshop, condivisione di buone pratiche e networking.\u00a0\" \/>\n<meta name=\"robots\" content=\"index, follow, max-snippet:-1, max-image-preview:large, max-video-preview:-1\" \/>\n<link rel=\"canonical\" href=\"https:\/\/euricse.eu\/it\/1-incontro-nazionale-delle-comunita-intraprendenti\/\" \/>\n<meta property=\"og:locale\" content=\"it_IT\" \/>\n<meta property=\"og:type\" content=\"article\" \/>\n<meta property=\"og:title\" content=\"1\u00b0 incontro Nazionale delle Comunit\u00e0 Intraprendenti - Euricse\" \/>\n<meta property=\"og:description\" content=\"Il 5 e 6 dicembre, la Val di Fiemme, in Trentino, diventa il punto di incontro per il 1\u00b0 incontro nazionale delle Comunit\u00e0 Intraprendenti. Organizzato dalla Fondazione Fiemme PER con Euricse e\u00a0Fondazione Caritro e in collaborazione con Iris Network, l\u2019evento promette due giorni intensi di workshop, condivisione di buone pratiche e networking.\u00a0\" \/>\n<meta property=\"og:url\" content=\"https:\/\/euricse.eu\/it\/1-incontro-nazionale-delle-comunita-intraprendenti\/\" \/>\n<meta property=\"og:site_name\" content=\"Euricse\" \/>\n<meta property=\"article:published_time\" content=\"2024-11-04T12:43:09+00:00\" \/>\n<meta property=\"article:modified_time\" content=\"2024-11-19T11:20:44+00:00\" \/>\n<meta property=\"og:image\" content=\"https:\/\/euricse.eu\/wp-content\/uploads\/2024\/07\/Comunita-Intraprendenti-FIEMME-e1730737249408.png\" \/>\n\t<meta property=\"og:image:width\" content=\"1080\" \/>\n\t<meta property=\"og:image:height\" content=\"673\" \/>\n\t<meta property=\"og:image:type\" content=\"image\/png\" \/>\n<meta name=\"author\" content=\"Silvia\" \/>\n<meta name=\"twitter:card\" content=\"summary_large_image\" \/>\n<meta name=\"twitter:label1\" content=\"Scritto da\" \/>\n\t<meta name=\"twitter:data1\" content=\"Silvia\" \/>\n\t<meta name=\"twitter:label2\" content=\"Tempo di lettura stimato\" \/>\n\t<meta name=\"twitter:data2\" content=\"3 minuti\" \/>\n<script type=\"application\/ld+json\" class=\"yoast-schema-graph\">{\"@context\":\"https:\/\/schema.org\",\"@graph\":[{\"@type\":\"WebPage\",\"@id\":\"https:\/\/euricse.eu\/it\/1-incontro-nazionale-delle-comunita-intraprendenti\/\",\"url\":\"https:\/\/euricse.eu\/it\/1-incontro-nazionale-delle-comunita-intraprendenti\/\",\"name\":\"1\u00b0 incontro Nazionale delle Comunit\u00e0 Intraprendenti - Euricse\",\"isPartOf\":{\"@id\":\"https:\/\/euricse.eu\/en\/#website\"},\"primaryImageOfPage\":{\"@id\":\"https:\/\/euricse.eu\/it\/1-incontro-nazionale-delle-comunita-intraprendenti\/#primaryimage\"},\"image\":{\"@id\":\"https:\/\/euricse.eu\/it\/1-incontro-nazionale-delle-comunita-intraprendenti\/#primaryimage\"},\"thumbnailUrl\":\"https:\/\/euricse.eu\/wp-content\/uploads\/2024\/07\/Comunita-Intraprendenti-FIEMME-e1730737249408.png\",\"datePublished\":\"2024-11-04T12:43:09+00:00\",\"dateModified\":\"2024-11-19T11:20:44+00:00\",\"author\":{\"@id\":\"https:\/\/euricse.eu\/en\/#\/schema\/person\/a5b25693531e3458dfedff34c273ba14\"},\"description\":\"Il 5 e 6 dicembre, la Val di Fiemme, in Trentino, diventa il punto di incontro per il 1\u00b0 incontro nazionale delle Comunit\u00e0 Intraprendenti. Organizzato dalla Fondazione Fiemme PER con Euricse e\u00a0Fondazione Caritro e in collaborazione con Iris Network, l\u2019evento promette due giorni intensi di workshop, condivisione di buone pratiche e networking.\u00a0\",\"breadcrumb\":{\"@id\":\"https:\/\/euricse.eu\/it\/1-incontro-nazionale-delle-comunita-intraprendenti\/#breadcrumb\"},\"inLanguage\":\"it-IT\",\"potentialAction\":[{\"@type\":\"ReadAction\",\"target\":[\"https:\/\/euricse.eu\/it\/1-incontro-nazionale-delle-comunita-intraprendenti\/\"]}]},{\"@type\":\"ImageObject\",\"inLanguage\":\"it-IT\",\"@id\":\"https:\/\/euricse.eu\/it\/1-incontro-nazionale-delle-comunita-intraprendenti\/#primaryimage\",\"url\":\"https:\/\/euricse.eu\/wp-content\/uploads\/2024\/07\/Comunita-Intraprendenti-FIEMME-e1730737249408.png\",\"contentUrl\":\"https:\/\/euricse.eu\/wp-content\/uploads\/2024\/07\/Comunita-Intraprendenti-FIEMME-e1730737249408.png\",\"width\":1080,\"height\":673},{\"@type\":\"BreadcrumbList\",\"@id\":\"https:\/\/euricse.eu\/it\/1-incontro-nazionale-delle-comunita-intraprendenti\/#breadcrumb\",\"itemListElement\":[{\"@type\":\"ListItem\",\"position\":1,\"name\":\"Home\",\"item\":\"https:\/\/euricse.eu\/it\/\"},{\"@type\":\"ListItem\",\"position\":2,\"name\":\"1\u00b0 incontro Nazionale delle Comunit\u00e0 Intraprendenti\"}]},{\"@type\":\"WebSite\",\"@id\":\"https:\/\/euricse.eu\/en\/#website\",\"url\":\"https:\/\/euricse.eu\/en\/\",\"name\":\"Euricse\",\"description\":\"Knowledge and innovation for cooperative and social enterprises.\",\"potentialAction\":[{\"@type\":\"SearchAction\",\"target\":{\"@type\":\"EntryPoint\",\"urlTemplate\":\"https:\/\/euricse.eu\/en\/?s={search_term_string}\"},\"query-input\":{\"@type\":\"PropertyValueSpecification\",\"valueRequired\":true,\"valueName\":\"search_term_string\"}}],\"inLanguage\":\"it-IT\"},{\"@type\":\"Person\",\"@id\":\"https:\/\/euricse.eu\/en\/#\/schema\/person\/a5b25693531e3458dfedff34c273ba14\",\"name\":\"Silvia\",\"image\":{\"@type\":\"ImageObject\",\"inLanguage\":\"it-IT\",\"@id\":\"https:\/\/euricse.eu\/en\/#\/schema\/person\/image\/\",\"url\":\"https:\/\/secure.gravatar.com\/avatar\/3cef1082b65edc85f1a4c0caa7ce4808f397a517b7217eab6215fe435640f8f7?s=96&d=mm&r=g\",\"contentUrl\":\"https:\/\/secure.gravatar.com\/avatar\/3cef1082b65edc85f1a4c0caa7ce4808f397a517b7217eab6215fe435640f8f7?s=96&d=mm&r=g\",\"caption\":\"Silvia\"},\"url\":\"https:\/\/euricse.eu\/it\/author\/silvia\/\"}]}<\/script>\n<!-- \/ Yoast SEO plugin. -->","yoast_head_json":{"title":"1\u00b0 incontro Nazionale delle Comunit\u00e0 Intraprendenti - Euricse","description":"Il 5 e 6 dicembre, la Val di Fiemme, in Trentino, diventa il punto di incontro per il 1\u00b0 incontro nazionale delle Comunit\u00e0 Intraprendenti. Organizzato dalla Fondazione Fiemme PER con Euricse e\u00a0Fondazione Caritro e in collaborazione con Iris Network, l\u2019evento promette due giorni intensi di workshop, condivisione di buone pratiche e networking.\u00a0","robots":{"index":"index","follow":"follow","max-snippet":"max-snippet:-1","max-image-preview":"max-image-preview:large","max-video-preview":"max-video-preview:-1"},"canonical":"https:\/\/euricse.eu\/it\/1-incontro-nazionale-delle-comunita-intraprendenti\/","og_locale":"it_IT","og_type":"article","og_title":"1\u00b0 incontro Nazionale delle Comunit\u00e0 Intraprendenti - Euricse","og_description":"Il 5 e 6 dicembre, la Val di Fiemme, in Trentino, diventa il punto di incontro per il 1\u00b0 incontro nazionale delle Comunit\u00e0 Intraprendenti. Organizzato dalla Fondazione Fiemme PER con Euricse e\u00a0Fondazione Caritro e in collaborazione con Iris Network, l\u2019evento promette due giorni intensi di workshop, condivisione di buone pratiche e networking.\u00a0","og_url":"https:\/\/euricse.eu\/it\/1-incontro-nazionale-delle-comunita-intraprendenti\/","og_site_name":"Euricse","article_published_time":"2024-11-04T12:43:09+00:00","article_modified_time":"2024-11-19T11:20:44+00:00","og_image":[{"width":1080,"height":673,"url":"https:\/\/euricse.eu\/wp-content\/uploads\/2024\/07\/Comunita-Intraprendenti-FIEMME-e1730737249408.png","type":"image\/png"}],"author":"Silvia","twitter_card":"summary_large_image","twitter_misc":{"Scritto da":"Silvia","Tempo di lettura stimato":"3 minuti"},"schema":{"@context":"https:\/\/schema.org","@graph":[{"@type":"WebPage","@id":"https:\/\/euricse.eu\/it\/1-incontro-nazionale-delle-comunita-intraprendenti\/","url":"https:\/\/euricse.eu\/it\/1-incontro-nazionale-delle-comunita-intraprendenti\/","name":"1\u00b0 incontro Nazionale delle Comunit\u00e0 Intraprendenti - Euricse","isPartOf":{"@id":"https:\/\/euricse.eu\/en\/#website"},"primaryImageOfPage":{"@id":"https:\/\/euricse.eu\/it\/1-incontro-nazionale-delle-comunita-intraprendenti\/#primaryimage"},"image":{"@id":"https:\/\/euricse.eu\/it\/1-incontro-nazionale-delle-comunita-intraprendenti\/#primaryimage"},"thumbnailUrl":"https:\/\/euricse.eu\/wp-content\/uploads\/2024\/07\/Comunita-Intraprendenti-FIEMME-e1730737249408.png","datePublished":"2024-11-04T12:43:09+00:00","dateModified":"2024-11-19T11:20:44+00:00","author":{"@id":"https:\/\/euricse.eu\/en\/#\/schema\/person\/a5b25693531e3458dfedff34c273ba14"},"description":"Il 5 e 6 dicembre, la Val di Fiemme, in Trentino, diventa il punto di incontro per il 1\u00b0 incontro nazionale delle Comunit\u00e0 Intraprendenti. Organizzato dalla Fondazione Fiemme PER con Euricse e\u00a0Fondazione Caritro e in collaborazione con Iris Network, l\u2019evento promette due giorni intensi di workshop, condivisione di buone pratiche e networking.\u00a0","breadcrumb":{"@id":"https:\/\/euricse.eu\/it\/1-incontro-nazionale-delle-comunita-intraprendenti\/#breadcrumb"},"inLanguage":"it-IT","potentialAction":[{"@type":"ReadAction","target":["https:\/\/euricse.eu\/it\/1-incontro-nazionale-delle-comunita-intraprendenti\/"]}]},{"@type":"ImageObject","inLanguage":"it-IT","@id":"https:\/\/euricse.eu\/it\/1-incontro-nazionale-delle-comunita-intraprendenti\/#primaryimage","url":"https:\/\/euricse.eu\/wp-content\/uploads\/2024\/07\/Comunita-Intraprendenti-FIEMME-e1730737249408.png","contentUrl":"https:\/\/euricse.eu\/wp-content\/uploads\/2024\/07\/Comunita-Intraprendenti-FIEMME-e1730737249408.png","width":1080,"height":673},{"@type":"BreadcrumbList","@id":"https:\/\/euricse.eu\/it\/1-incontro-nazionale-delle-comunita-intraprendenti\/#breadcrumb","itemListElement":[{"@type":"ListItem","position":1,"name":"Home","item":"https:\/\/euricse.eu\/it\/"},{"@type":"ListItem","position":2,"name":"1\u00b0 incontro Nazionale delle Comunit\u00e0 Intraprendenti"}]},{"@type":"WebSite","@id":"https:\/\/euricse.eu\/en\/#website","url":"https:\/\/euricse.eu\/en\/","name":"Euricse","description":"Knowledge and innovation for cooperative and social enterprises.","potentialAction":[{"@type":"SearchAction","target":{"@type":"EntryPoint","urlTemplate":"https:\/\/euricse.eu\/en\/?s={search_term_string}"},"query-input":{"@type":"PropertyValueSpecification","valueRequired":true,"valueName":"search_term_string"}}],"inLanguage":"it-IT"},{"@type":"Person","@id":"https:\/\/euricse.eu\/en\/#\/schema\/person\/a5b25693531e3458dfedff34c273ba14","name":"Silvia","image":{"@type":"ImageObject","inLanguage":"it-IT","@id":"https:\/\/euricse.eu\/en\/#\/schema\/person\/image\/","url":"https:\/\/secure.gravatar.com\/avatar\/3cef1082b65edc85f1a4c0caa7ce4808f397a517b7217eab6215fe435640f8f7?s=96&d=mm&r=g","contentUrl":"https:\/\/secure.gravatar.com\/avatar\/3cef1082b65edc85f1a4c0caa7ce4808f397a517b7217eab6215fe435640f8f7?s=96&d=mm&r=g","caption":"Silvia"},"url":"https:\/\/euricse.eu\/it\/author\/silvia\/"}]}},"_links":{"self":[{"href":"https:\/\/euricse.eu\/it\/wp-json\/wp\/v2\/posts\/24693","targetHints":{"allow":["GET"]}}],"collection":[{"href":"https:\/\/euricse.eu\/it\/wp-json\/wp\/v2\/posts"}],"about":[{"href":"https:\/\/euricse.eu\/it\/wp-json\/wp\/v2\/types\/post"}],"author":[{"embeddable":true,"href":"https:\/\/euricse.eu\/it\/wp-json\/wp\/v2\/users\/32"}],"replies":[{"embeddable":true,"href":"https:\/\/euricse.eu\/it\/wp-json\/wp\/v2\/comments?post=24693"}],"version-history":[{"count":2,"href":"https:\/\/euricse.eu\/it\/wp-json\/wp\/v2\/posts\/24693\/revisions"}],"predecessor-version":[{"id":24864,"href":"https:\/\/euricse.eu\/it\/wp-json\/wp\/v2\/posts\/24693\/revisions\/24864"}],"wp:featuredmedia":[{"embeddable":true,"href":"https:\/\/euricse.eu\/it\/wp-json\/wp\/v2\/media\/23387"}],"wp:attachment":[{"href":"https:\/\/euricse.eu\/it\/wp-json\/wp\/v2\/media?parent=24693"}],"wp:term":[{"taxonomy":"category","embeddable":true,"href":"https:\/\/euricse.eu\/it\/wp-json\/wp\/v2\/categories?post=24693"},{"taxonomy":"post_tag","embeddable":true,"href":"https:\/\/euricse.eu\/it\/wp-json\/wp\/v2\/tags?post=24693"}],"curies":[{"name":"wp","href":"https:\/\/api.w.org\/{rel}","templated":true}]}}