{"id":25947,"date":"2025-01-23T11:13:45","date_gmt":"2025-01-23T11:13:45","guid":{"rendered":"https:\/\/euricse.eu\/euricse-and-ciriec-present-the-new-report-on-the-social-economy-in-the-eu-on-7-february-in-brussels\/"},"modified":"2025-02-05T10:35:25","modified_gmt":"2025-02-05T10:35:25","slug":"euricse-and-ciriec-present-the-new-report-on-the-social-economy-in-the-eu-on-7-february-in-brussels","status":"publish","type":"post","link":"https:\/\/euricse.eu\/it\/euricse-and-ciriec-present-the-new-report-on-the-social-economy-in-the-eu-on-7-february-in-brussels\/","title":{"rendered":"Euricse e Ciriec presentano il rapporto sull&#8217;economia sociale in Europa al CESE"},"content":{"rendered":"<div>\n<p><strong>Venerd\u00ec 7 febbraio (10.00-13.00 &#8211; CET)<\/strong>, Euricse e CIRIEC International presenteranno il nuovo rapporto sull\u2019economia sociale nell\u2019Unione Europea, intitolato <a href=\"https:\/\/euricse.eu\/it\/publications\/analisi-comparativa-dei-risultati-socioeconomici-delleconomia-sociale-nellunione-europea\/\" target=\"_blank\" rel=\"noopener\" data-cke-saved-href=\"https:\/\/euricse.eu\/it\/publications\/analisi-comparativa-dei-risultati-socioeconomici-delleconomia-sociale-nellunione-europea\/\">Benchmarking the socio-economic performance of the EU Social Economy<\/a>\u00a0in un evento organizzato dal Comitato economico e sociale europeo (CESE). Promosso dalla Commissione europea, il rapporto fornisce un&#8217;analisi approfondita dell\u2019economia sociale nell\u2019UE, combinando dati quantitativi e qualitativi basati su informazioni nazionali provenienti da 27 Paesi. Lo studio ha analizzato oltre 4,3 milioni di entit\u00e0 operanti nell\u2019economia sociale, tra cui pi\u00f9 di 246.000 imprese sociali, e ha rilevato che il settore impiega oltre 11,5 milioni di persone.<\/p>\n<p>Tra i relatori interverranno\u00a0anche le nostre ricercatrici <strong>Chiara Carini e Giulia Galera<\/strong> per presentare i principali risultati del report.<\/p>\n<p>Il progetto di ricerca ha visto la partecipazione di circa 50 esperti provenienti dai 27 Stati membri dell&#8217;Unione Europea, sotto la direzione di un team centrale di esperti di EURICSE e CIRIEC. Tra gli esperti di EURICSE figurano Giulia Galera, Chiara Carini, Barbara Franchini e Giulia Tallarini, mentre quelli di CIRIEC sono Rafael Chaves \u00c1vila, Barbara Sak e J\u00e9r\u00f4me Schoenmaeckers. Alla realizzazione del progetto hanno contribuito anche Silke Haarich e altri esperti di Spatial Foresight.<\/p>\n<p>&nbsp;<\/p>\n<p><strong>Presentazione ufficiale con ospiti d&#8217;onore<\/strong><\/p>\n<p>L&#8217;evento di lancio a Bruxelles sar\u00e0 caratterizzato dai saluti di benvenuto di Giuseppe Guerini, presidente di CECOP-CICOPA Europe, la Confederazione europea delle cooperative industriali e di servizi, e di Justyna Kalina Och\u0119dzan, presidente della Comunit\u00e0 di lavoro delle associazioni delle organizzazioni sociali WRZOS.<\/p>\n<p>Seguir\u00e0 la presentazione del rapporto da parte dei suoi autori: Rafael Chaves \u00c1vila (CIRIEC), Chiara Carini e Giulia Galera (EURICSE) e Bonifacio Porras Garc\u00eda (capo dell&#8217;unit\u00e0 Prossimit\u00e0, economia sociale e industrie creative, DG GROW).<\/p>\n<p>Seguir\u00e0 il dibattito sulle implicazioni del rapporto, che sar\u00e0 condotto da Maravillas Abad\u00eda Jover, membro del Parlamento europeo (PPE, Spagna), Irene Tinagli, Membro del Parlamento Europeo (S&amp;D, Italia), Sarah de Heusch, direttrice di Social Economy Europe, Agn\u00e8s Mathis, Direttore di Cooperatives Europe e Hanna Surmatz, responsabile delle politiche presso Philea.<\/p>\n<p>&nbsp;<\/p>\n<\/div>\n<h5>Accedi a\u00a0<a href=\"https:\/\/eesc.interactio.eu\/ts7a-dztw-e7vx\" target=\"_blank\" rel=\"noopener\">questo link<\/a>\u00a0per seguire online<\/h5>\n<p>&nbsp;<\/p>\n<div>\n<p><strong>Punti salienti del rapporto<\/strong><\/p>\n<p>Secondo il rapporto &#8220;Benchmarking the socio-economic performance of the EU social economy&#8221;, 4,3 milioni di imprese e organizzazioni, 11,5 milioni di dipendenti e oltre 912 miliardi di euro di fatturato sono le cifre chiave per l&#8217;economia sociale nell&#8217;Unione europea.<\/p>\n<p>Il documento spiega che il 97,7% di queste imprese appartiene a una delle quattro famiglie che tradizionalmente costituiscono l&#8217;economia sociale (cooperative, mutue, associazioni e fondazioni). Al contrario, solo 246.000 sono imprese sociali, di cui meno di 43.000 sono imprese sociali \u201cex lege\u201d e pi\u00f9 di 203.000 sono imprese sociali di fatto.<\/p>\n<p>Il rapporto analizza l\u2019economia sociale, che comprende cooperative, mutue, associazioni, fondazioni e imprese sociali. Secondo i dati estratti dal rapporto, per paese, degli 11,5 milioni di persone impiegate nell&#8217;economia sociale europea, la Germania guida la classifica con 3,4 milioni e la Francia con quasi 2,6 milioni.<\/p>\n<p>Seguono l\u2019Italia (pi\u00f9 di 1,5 milioni di occupati nell\u2019economia sociale) e la Spagna (quasi 1,4 milioni). Seguono molto indietro il Belgio (592.000 posti di lavoro nell\u2019economia sociale), la Polonia (250.000) e il Portogallo (245.000). In questo rapporto, a differenza dei precedenti, non viene pi\u00f9 considerato il caso del Regno Unito, essendo avvenuta la Brexit.<\/p>\n<\/div>\n<h5><a href=\"https:\/\/euricse.eu\/wp-content\/uploads\/2025\/01\/EESC-SE-Event_07.02.25_Programme.pdf\" target=\"_blank\" rel=\"noopener\">Scarica il programma dell&#8217;evento\u00a0<\/a><\/h5>\n<p>&nbsp;<\/p>\n<h5><a href=\"https:\/\/euricse.eu\/it\/publications\/analisi-comparativa-dei-risultati-socioeconomici-delleconomia-sociale-nellunione-europea\/\" target=\"_blank\" rel=\"noopener\">Scarica il Report<\/a><\/h5>\n","protected":false},"excerpt":{"rendered":"<p>Il 7 febbraio Euricse, insieme a CIRIEC International, presenter\u00e0 il nuovo rapporto sull&#8217;economia sociale nell&#8217;UE in occasione di un evento organizzato dal Comitato economico e sociale europeo (CESE) a Bruxelles. Interverranno le nostre ricercatrici Chiara Carini e Giulia Galera. <\/p>\n","protected":false},"author":32,"featured_media":26236,"comment_status":"closed","ping_status":"closed","sticky":false,"template":"","format":"standard","meta":{"_acf_changed":false,"episode_type":"","audio_file":"","cover_image":"","cover_image_id":"","duration":"","filesize":"","date_recorded":"","explicit":"","block":"","itunes_episode_number":"","itunes_title":"","itunes_season_number":"","itunes_episode_type":"","filesize_raw":"","footnotes":""},"categories":[17],"tags":[1474,1802],"class_list":["post-25947","post","type-post","status-publish","format-standard","has-post-thumbnail","hentry","category-news-it","tag-social-economy","tag-benchmarking-the-socio-economic-performance-of-the-eu-social-economy-it"],"acf":[],"yoast_head":"<!-- This site is optimized with the Yoast SEO plugin v26.1.1 - https:\/\/yoast.com\/wordpress\/plugins\/seo\/ -->\n<title>Euricse e Ciriec presentano il rapporto sull&#039;economia sociale in Europa al CESE - Euricse<\/title>\n<meta name=\"robots\" content=\"index, follow, max-snippet:-1, max-image-preview:large, max-video-preview:-1\" \/>\n<link rel=\"canonical\" href=\"https:\/\/euricse.eu\/it\/euricse-and-ciriec-present-the-new-report-on-the-social-economy-in-the-eu-on-7-february-in-brussels\/\" \/>\n<meta property=\"og:locale\" content=\"it_IT\" \/>\n<meta property=\"og:type\" content=\"article\" \/>\n<meta property=\"og:title\" content=\"Euricse e Ciriec presentano il rapporto sull&#039;economia sociale in Europa al CESE - Euricse\" \/>\n<meta property=\"og:description\" content=\"Il 7 febbraio Euricse, insieme a CIRIEC International, presenter\u00e0 il nuovo rapporto sull&#039;economia sociale nell&#039;UE in occasione di un evento organizzato dal Comitato economico e sociale europeo (CESE) a Bruxelles. Interverranno le nostre ricercatrici Chiara Carini e Giulia Galera.\" \/>\n<meta property=\"og:url\" content=\"https:\/\/euricse.eu\/it\/euricse-and-ciriec-present-the-new-report-on-the-social-economy-in-the-eu-on-7-february-in-brussels\/\" \/>\n<meta property=\"og:site_name\" content=\"Euricse\" \/>\n<meta property=\"article:published_time\" content=\"2025-01-23T11:13:45+00:00\" \/>\n<meta property=\"article:modified_time\" content=\"2025-02-05T10:35:25+00:00\" \/>\n<meta property=\"og:image\" content=\"https:\/\/euricse.eu\/wp-content\/uploads\/2025\/01\/Benchmarking-presentation-e1738683192748.png\" \/>\n\t<meta property=\"og:image:width\" content=\"472\" \/>\n\t<meta property=\"og:image:height\" content=\"292\" \/>\n\t<meta property=\"og:image:type\" content=\"image\/png\" \/>\n<meta name=\"author\" content=\"Silvia\" \/>\n<meta name=\"twitter:card\" content=\"summary_large_image\" \/>\n<meta name=\"twitter:label1\" content=\"Scritto da\" \/>\n\t<meta name=\"twitter:data1\" content=\"Silvia\" \/>\n\t<meta name=\"twitter:label2\" content=\"Tempo di lettura stimato\" \/>\n\t<meta name=\"twitter:data2\" content=\"4 minuti\" \/>\n<script type=\"application\/ld+json\" class=\"yoast-schema-graph\">{\"@context\":\"https:\/\/schema.org\",\"@graph\":[{\"@type\":\"WebPage\",\"@id\":\"https:\/\/euricse.eu\/it\/euricse-and-ciriec-present-the-new-report-on-the-social-economy-in-the-eu-on-7-february-in-brussels\/\",\"url\":\"https:\/\/euricse.eu\/it\/euricse-and-ciriec-present-the-new-report-on-the-social-economy-in-the-eu-on-7-february-in-brussels\/\",\"name\":\"Euricse e Ciriec presentano il rapporto sull'economia sociale in Europa al CESE - Euricse\",\"isPartOf\":{\"@id\":\"https:\/\/euricse.eu\/en\/#website\"},\"primaryImageOfPage\":{\"@id\":\"https:\/\/euricse.eu\/it\/euricse-and-ciriec-present-the-new-report-on-the-social-economy-in-the-eu-on-7-february-in-brussels\/#primaryimage\"},\"image\":{\"@id\":\"https:\/\/euricse.eu\/it\/euricse-and-ciriec-present-the-new-report-on-the-social-economy-in-the-eu-on-7-february-in-brussels\/#primaryimage\"},\"thumbnailUrl\":\"https:\/\/euricse.eu\/wp-content\/uploads\/2025\/01\/Benchmarking-presentation-e1738683192748.png\",\"datePublished\":\"2025-01-23T11:13:45+00:00\",\"dateModified\":\"2025-02-05T10:35:25+00:00\",\"author\":{\"@id\":\"https:\/\/euricse.eu\/en\/#\/schema\/person\/a5b25693531e3458dfedff34c273ba14\"},\"breadcrumb\":{\"@id\":\"https:\/\/euricse.eu\/it\/euricse-and-ciriec-present-the-new-report-on-the-social-economy-in-the-eu-on-7-february-in-brussels\/#breadcrumb\"},\"inLanguage\":\"it-IT\",\"potentialAction\":[{\"@type\":\"ReadAction\",\"target\":[\"https:\/\/euricse.eu\/it\/euricse-and-ciriec-present-the-new-report-on-the-social-economy-in-the-eu-on-7-february-in-brussels\/\"]}]},{\"@type\":\"ImageObject\",\"inLanguage\":\"it-IT\",\"@id\":\"https:\/\/euricse.eu\/it\/euricse-and-ciriec-present-the-new-report-on-the-social-economy-in-the-eu-on-7-february-in-brussels\/#primaryimage\",\"url\":\"https:\/\/euricse.eu\/wp-content\/uploads\/2025\/01\/Benchmarking-presentation-e1738683192748.png\",\"contentUrl\":\"https:\/\/euricse.eu\/wp-content\/uploads\/2025\/01\/Benchmarking-presentation-e1738683192748.png\",\"width\":472,\"height\":292},{\"@type\":\"BreadcrumbList\",\"@id\":\"https:\/\/euricse.eu\/it\/euricse-and-ciriec-present-the-new-report-on-the-social-economy-in-the-eu-on-7-february-in-brussels\/#breadcrumb\",\"itemListElement\":[{\"@type\":\"ListItem\",\"position\":1,\"name\":\"Home\",\"item\":\"https:\/\/euricse.eu\/it\/\"},{\"@type\":\"ListItem\",\"position\":2,\"name\":\"Euricse e Ciriec presentano il rapporto sull&#8217;economia sociale in Europa al CESE\"}]},{\"@type\":\"WebSite\",\"@id\":\"https:\/\/euricse.eu\/en\/#website\",\"url\":\"https:\/\/euricse.eu\/en\/\",\"name\":\"Euricse\",\"description\":\"Knowledge and innovation for cooperative and social enterprises.\",\"potentialAction\":[{\"@type\":\"SearchAction\",\"target\":{\"@type\":\"EntryPoint\",\"urlTemplate\":\"https:\/\/euricse.eu\/en\/?s={search_term_string}\"},\"query-input\":{\"@type\":\"PropertyValueSpecification\",\"valueRequired\":true,\"valueName\":\"search_term_string\"}}],\"inLanguage\":\"it-IT\"},{\"@type\":\"Person\",\"@id\":\"https:\/\/euricse.eu\/en\/#\/schema\/person\/a5b25693531e3458dfedff34c273ba14\",\"name\":\"Silvia\",\"image\":{\"@type\":\"ImageObject\",\"inLanguage\":\"it-IT\",\"@id\":\"https:\/\/euricse.eu\/en\/#\/schema\/person\/image\/\",\"url\":\"https:\/\/secure.gravatar.com\/avatar\/3cef1082b65edc85f1a4c0caa7ce4808f397a517b7217eab6215fe435640f8f7?s=96&d=mm&r=g\",\"contentUrl\":\"https:\/\/secure.gravatar.com\/avatar\/3cef1082b65edc85f1a4c0caa7ce4808f397a517b7217eab6215fe435640f8f7?s=96&d=mm&r=g\",\"caption\":\"Silvia\"},\"url\":\"https:\/\/euricse.eu\/it\/author\/silvia\/\"}]}<\/script>\n<!-- \/ Yoast SEO plugin. -->","yoast_head_json":{"title":"Euricse e Ciriec presentano il rapporto sull'economia sociale in Europa al CESE - Euricse","robots":{"index":"index","follow":"follow","max-snippet":"max-snippet:-1","max-image-preview":"max-image-preview:large","max-video-preview":"max-video-preview:-1"},"canonical":"https:\/\/euricse.eu\/it\/euricse-and-ciriec-present-the-new-report-on-the-social-economy-in-the-eu-on-7-february-in-brussels\/","og_locale":"it_IT","og_type":"article","og_title":"Euricse e Ciriec presentano il rapporto sull'economia sociale in Europa al CESE - Euricse","og_description":"Il 7 febbraio Euricse, insieme a CIRIEC International, presenter\u00e0 il nuovo rapporto sull'economia sociale nell'UE in occasione di un evento organizzato dal Comitato economico e sociale europeo (CESE) a Bruxelles. Interverranno le nostre ricercatrici Chiara Carini e Giulia Galera.","og_url":"https:\/\/euricse.eu\/it\/euricse-and-ciriec-present-the-new-report-on-the-social-economy-in-the-eu-on-7-february-in-brussels\/","og_site_name":"Euricse","article_published_time":"2025-01-23T11:13:45+00:00","article_modified_time":"2025-02-05T10:35:25+00:00","og_image":[{"width":472,"height":292,"url":"https:\/\/euricse.eu\/wp-content\/uploads\/2025\/01\/Benchmarking-presentation-e1738683192748.png","type":"image\/png"}],"author":"Silvia","twitter_card":"summary_large_image","twitter_misc":{"Scritto da":"Silvia","Tempo di lettura stimato":"4 minuti"},"schema":{"@context":"https:\/\/schema.org","@graph":[{"@type":"WebPage","@id":"https:\/\/euricse.eu\/it\/euricse-and-ciriec-present-the-new-report-on-the-social-economy-in-the-eu-on-7-february-in-brussels\/","url":"https:\/\/euricse.eu\/it\/euricse-and-ciriec-present-the-new-report-on-the-social-economy-in-the-eu-on-7-february-in-brussels\/","name":"Euricse e Ciriec presentano il rapporto sull'economia sociale in Europa al CESE - Euricse","isPartOf":{"@id":"https:\/\/euricse.eu\/en\/#website"},"primaryImageOfPage":{"@id":"https:\/\/euricse.eu\/it\/euricse-and-ciriec-present-the-new-report-on-the-social-economy-in-the-eu-on-7-february-in-brussels\/#primaryimage"},"image":{"@id":"https:\/\/euricse.eu\/it\/euricse-and-ciriec-present-the-new-report-on-the-social-economy-in-the-eu-on-7-february-in-brussels\/#primaryimage"},"thumbnailUrl":"https:\/\/euricse.eu\/wp-content\/uploads\/2025\/01\/Benchmarking-presentation-e1738683192748.png","datePublished":"2025-01-23T11:13:45+00:00","dateModified":"2025-02-05T10:35:25+00:00","author":{"@id":"https:\/\/euricse.eu\/en\/#\/schema\/person\/a5b25693531e3458dfedff34c273ba14"},"breadcrumb":{"@id":"https:\/\/euricse.eu\/it\/euricse-and-ciriec-present-the-new-report-on-the-social-economy-in-the-eu-on-7-february-in-brussels\/#breadcrumb"},"inLanguage":"it-IT","potentialAction":[{"@type":"ReadAction","target":["https:\/\/euricse.eu\/it\/euricse-and-ciriec-present-the-new-report-on-the-social-economy-in-the-eu-on-7-february-in-brussels\/"]}]},{"@type":"ImageObject","inLanguage":"it-IT","@id":"https:\/\/euricse.eu\/it\/euricse-and-ciriec-present-the-new-report-on-the-social-economy-in-the-eu-on-7-february-in-brussels\/#primaryimage","url":"https:\/\/euricse.eu\/wp-content\/uploads\/2025\/01\/Benchmarking-presentation-e1738683192748.png","contentUrl":"https:\/\/euricse.eu\/wp-content\/uploads\/2025\/01\/Benchmarking-presentation-e1738683192748.png","width":472,"height":292},{"@type":"BreadcrumbList","@id":"https:\/\/euricse.eu\/it\/euricse-and-ciriec-present-the-new-report-on-the-social-economy-in-the-eu-on-7-february-in-brussels\/#breadcrumb","itemListElement":[{"@type":"ListItem","position":1,"name":"Home","item":"https:\/\/euricse.eu\/it\/"},{"@type":"ListItem","position":2,"name":"Euricse e Ciriec presentano il rapporto sull&#8217;economia sociale in Europa al CESE"}]},{"@type":"WebSite","@id":"https:\/\/euricse.eu\/en\/#website","url":"https:\/\/euricse.eu\/en\/","name":"Euricse","description":"Knowledge and innovation for cooperative and social enterprises.","potentialAction":[{"@type":"SearchAction","target":{"@type":"EntryPoint","urlTemplate":"https:\/\/euricse.eu\/en\/?s={search_term_string}"},"query-input":{"@type":"PropertyValueSpecification","valueRequired":true,"valueName":"search_term_string"}}],"inLanguage":"it-IT"},{"@type":"Person","@id":"https:\/\/euricse.eu\/en\/#\/schema\/person\/a5b25693531e3458dfedff34c273ba14","name":"Silvia","image":{"@type":"ImageObject","inLanguage":"it-IT","@id":"https:\/\/euricse.eu\/en\/#\/schema\/person\/image\/","url":"https:\/\/secure.gravatar.com\/avatar\/3cef1082b65edc85f1a4c0caa7ce4808f397a517b7217eab6215fe435640f8f7?s=96&d=mm&r=g","contentUrl":"https:\/\/secure.gravatar.com\/avatar\/3cef1082b65edc85f1a4c0caa7ce4808f397a517b7217eab6215fe435640f8f7?s=96&d=mm&r=g","caption":"Silvia"},"url":"https:\/\/euricse.eu\/it\/author\/silvia\/"}]}},"_links":{"self":[{"href":"https:\/\/euricse.eu\/it\/wp-json\/wp\/v2\/posts\/25947","targetHints":{"allow":["GET"]}}],"collection":[{"href":"https:\/\/euricse.eu\/it\/wp-json\/wp\/v2\/posts"}],"about":[{"href":"https:\/\/euricse.eu\/it\/wp-json\/wp\/v2\/types\/post"}],"author":[{"embeddable":true,"href":"https:\/\/euricse.eu\/it\/wp-json\/wp\/v2\/users\/32"}],"replies":[{"embeddable":true,"href":"https:\/\/euricse.eu\/it\/wp-json\/wp\/v2\/comments?post=25947"}],"version-history":[{"count":2,"href":"https:\/\/euricse.eu\/it\/wp-json\/wp\/v2\/posts\/25947\/revisions"}],"predecessor-version":[{"id":26243,"href":"https:\/\/euricse.eu\/it\/wp-json\/wp\/v2\/posts\/25947\/revisions\/26243"}],"wp:featuredmedia":[{"embeddable":true,"href":"https:\/\/euricse.eu\/it\/wp-json\/wp\/v2\/media\/26236"}],"wp:attachment":[{"href":"https:\/\/euricse.eu\/it\/wp-json\/wp\/v2\/media?parent=25947"}],"wp:term":[{"taxonomy":"category","embeddable":true,"href":"https:\/\/euricse.eu\/it\/wp-json\/wp\/v2\/categories?post=25947"},{"taxonomy":"post_tag","embeddable":true,"href":"https:\/\/euricse.eu\/it\/wp-json\/wp\/v2\/tags?post=25947"}],"curies":[{"name":"wp","href":"https:\/\/api.w.org\/{rel}","templated":true}]}}