{"id":26071,"date":"2025-01-29T15:03:07","date_gmt":"2025-01-29T15:03:07","guid":{"rendered":"https:\/\/euricse.eu\/?p=26071"},"modified":"2025-01-30T14:40:38","modified_gmt":"2025-01-30T14:40:38","slug":"26071","status":"publish","type":"post","link":"https:\/\/euricse.eu\/it\/26071\/","title":{"rendered":"1\u00b0 Festival dell\u2019Amministrazione Condivisa dei Beni Comuni"},"content":{"rendered":"<p><strong>Dal 27 al 29 marzo<\/strong>, Assisi ospiter\u00e0 il <strong>1\u00b0 Festival dell\u2019Amministrazione Condivisa dei Beni Comuni,<\/strong> promosso dal Comune di Assisi, in collaborazione con Labsus-Laboratorio per la sussidiariet\u00e0 e il <strong>Dipartimento di Scienze politiche dell\u2019Universit\u00e0 di Perugia<\/strong>,\u00a0Un\u2019occasione per le comunit\u00e0 italiane di confrontarsi sui cambiamenti in atto, esplorando le esperienze nate grazie all\u2019Amministrazione condivisa e ai Patti di collaborazione.<\/p>\n<p>Nelle tre giornate del festival, si alterneranno panel di confronto, gruppi di lavoro e spunti di riflessione, con l&#8217;obiettivo di promuovere, sostenere e favorire sempre di pi\u00f9 la collaborazione<br \/>\ntra cittadini, istituzioni e comunit\u00e0 locali. Durante il Festival verr\u00e0 presentato il Rapporto Labsus 2024 e si concluder\u00e0 con il premio \u201cpattiXcollaborare\u201d un riconoscimento per quei cittadini, movimenti, associazioni, comitati, amministratori pubblici quotidianamente impegnati nei Patti di collaborazione diffusi in tutta Italia.<\/p>\n<p>I ricercatori di <strong>Euricse, <\/strong>in qualit\u00e0 di esperti tematici, supporteranno i moderatori in alcuni workshop, mentre il segretario generale <strong>Gianluca Salvatori<\/strong> parteciper\u00e0 alla tavola rotonda \u201cCome vogliamo che l\u2019Italia cambi?\u201d, in programma venerd\u00ec 28 marzo.<\/p>\n<p>&nbsp;<\/p>\n<p><a href=\"https:\/\/www.labsus.org\/festival-amministrazione-condivisa-beni-comuni\/\" target=\"_blank\" rel=\"noopener\">Scopri il programma e iscriviti<\/a><\/p>\n<p>&nbsp;<\/p>\n<p><a href=\"https:\/\/euricse.eu\/wp-content\/uploads\/2025\/01\/Labsus_FestivalAmministrazione-Comunicato-stampa.pdf\">Leggi il comunicato stampa\u00a0<\/a><\/p>\n","protected":false},"excerpt":{"rendered":"<p>Dal 27 al 29 marzo, Assisi ospita un evento sull&#8217;Amministrazione condivisa e i Patti di collaborazione, con istituzioni e comunit\u00e0 italiane. In programma panel, workshop e riflessioni per promuovere la cooperazione tra cittadini, istituzioni e comunit\u00e0 locali.<\/p>\n","protected":false},"author":32,"featured_media":26074,"comment_status":"closed","ping_status":"closed","sticky":false,"template":"","format":"standard","meta":{"_acf_changed":false,"episode_type":"","audio_file":"","cover_image":"","cover_image_id":"","duration":"","filesize":"","date_recorded":"","explicit":"","block":"","itunes_episode_number":"","itunes_title":"","itunes_season_number":"","itunes_episode_type":"","filesize_raw":"","footnotes":""},"categories":[17],"tags":[123,876,1366],"class_list":["post-26071","post","type-post","status-publish","format-standard","has-post-thumbnail","hentry","category-news-it","tag-beni-comuni","tag-amministrazione-condivisa","tag-labsus"],"acf":[],"yoast_head":"<!-- This site is optimized with the Yoast SEO plugin v26.1.1 - https:\/\/yoast.com\/wordpress\/plugins\/seo\/ -->\n<title>1\u00b0 Festival dell\u2019Amministrazione Condivisa dei Beni Comuni - Euricse<\/title>\n<meta name=\"robots\" content=\"index, follow, max-snippet:-1, max-image-preview:large, max-video-preview:-1\" \/>\n<link rel=\"canonical\" href=\"https:\/\/euricse.eu\/it\/26071\/\" \/>\n<meta property=\"og:locale\" content=\"it_IT\" \/>\n<meta property=\"og:type\" content=\"article\" \/>\n<meta property=\"og:title\" content=\"1\u00b0 Festival dell\u2019Amministrazione Condivisa dei Beni Comuni - Euricse\" \/>\n<meta property=\"og:description\" content=\"Dal 27 al 29 marzo, Assisi ospita un evento sull&#039;Amministrazione condivisa e i Patti di collaborazione, con istituzioni e comunit\u00e0 italiane. In programma panel, workshop e riflessioni per promuovere la cooperazione tra cittadini, istituzioni e comunit\u00e0 locali.\" \/>\n<meta property=\"og:url\" content=\"https:\/\/euricse.eu\/it\/26071\/\" \/>\n<meta property=\"og:site_name\" content=\"Euricse\" \/>\n<meta property=\"article:published_time\" content=\"2025-01-29T15:03:07+00:00\" \/>\n<meta property=\"article:modified_time\" content=\"2025-01-30T14:40:38+00:00\" \/>\n<meta property=\"og:image\" content=\"https:\/\/euricse.eu\/wp-content\/uploads\/2025\/01\/Festival-Beni-Comuni-Labsus.jpg\" \/>\n\t<meta property=\"og:image:width\" content=\"1080\" \/>\n\t<meta property=\"og:image:height\" content=\"1080\" \/>\n\t<meta property=\"og:image:type\" content=\"image\/jpeg\" \/>\n<meta name=\"author\" content=\"Silvia\" \/>\n<meta name=\"twitter:card\" content=\"summary_large_image\" \/>\n<meta name=\"twitter:label1\" content=\"Scritto da\" \/>\n\t<meta name=\"twitter:data1\" content=\"Silvia\" \/>\n\t<meta name=\"twitter:label2\" content=\"Tempo di lettura stimato\" \/>\n\t<meta name=\"twitter:data2\" content=\"2 minuti\" \/>\n<script type=\"application\/ld+json\" class=\"yoast-schema-graph\">{\"@context\":\"https:\/\/schema.org\",\"@graph\":[{\"@type\":\"WebPage\",\"@id\":\"https:\/\/euricse.eu\/it\/26071\/\",\"url\":\"https:\/\/euricse.eu\/it\/26071\/\",\"name\":\"1\u00b0 Festival dell\u2019Amministrazione Condivisa dei Beni Comuni - Euricse\",\"isPartOf\":{\"@id\":\"https:\/\/euricse.eu\/en\/#website\"},\"primaryImageOfPage\":{\"@id\":\"https:\/\/euricse.eu\/it\/26071\/#primaryimage\"},\"image\":{\"@id\":\"https:\/\/euricse.eu\/it\/26071\/#primaryimage\"},\"thumbnailUrl\":\"https:\/\/euricse.eu\/wp-content\/uploads\/2025\/01\/Festival-Beni-Comuni-Labsus.jpg\",\"datePublished\":\"2025-01-29T15:03:07+00:00\",\"dateModified\":\"2025-01-30T14:40:38+00:00\",\"author\":{\"@id\":\"https:\/\/euricse.eu\/en\/#\/schema\/person\/a5b25693531e3458dfedff34c273ba14\"},\"breadcrumb\":{\"@id\":\"https:\/\/euricse.eu\/it\/26071\/#breadcrumb\"},\"inLanguage\":\"it-IT\",\"potentialAction\":[{\"@type\":\"ReadAction\",\"target\":[\"https:\/\/euricse.eu\/it\/26071\/\"]}]},{\"@type\":\"ImageObject\",\"inLanguage\":\"it-IT\",\"@id\":\"https:\/\/euricse.eu\/it\/26071\/#primaryimage\",\"url\":\"https:\/\/euricse.eu\/wp-content\/uploads\/2025\/01\/Festival-Beni-Comuni-Labsus.jpg\",\"contentUrl\":\"https:\/\/euricse.eu\/wp-content\/uploads\/2025\/01\/Festival-Beni-Comuni-Labsus.jpg\",\"width\":1080,\"height\":1080},{\"@type\":\"BreadcrumbList\",\"@id\":\"https:\/\/euricse.eu\/it\/26071\/#breadcrumb\",\"itemListElement\":[{\"@type\":\"ListItem\",\"position\":1,\"name\":\"Home\",\"item\":\"https:\/\/euricse.eu\/it\/\"},{\"@type\":\"ListItem\",\"position\":2,\"name\":\"1\u00b0 Festival dell\u2019Amministrazione Condivisa dei Beni Comuni\"}]},{\"@type\":\"WebSite\",\"@id\":\"https:\/\/euricse.eu\/en\/#website\",\"url\":\"https:\/\/euricse.eu\/en\/\",\"name\":\"Euricse\",\"description\":\"Knowledge and innovation for cooperative and social enterprises.\",\"potentialAction\":[{\"@type\":\"SearchAction\",\"target\":{\"@type\":\"EntryPoint\",\"urlTemplate\":\"https:\/\/euricse.eu\/en\/?s={search_term_string}\"},\"query-input\":{\"@type\":\"PropertyValueSpecification\",\"valueRequired\":true,\"valueName\":\"search_term_string\"}}],\"inLanguage\":\"it-IT\"},{\"@type\":\"Person\",\"@id\":\"https:\/\/euricse.eu\/en\/#\/schema\/person\/a5b25693531e3458dfedff34c273ba14\",\"name\":\"Silvia\",\"image\":{\"@type\":\"ImageObject\",\"inLanguage\":\"it-IT\",\"@id\":\"https:\/\/euricse.eu\/en\/#\/schema\/person\/image\/\",\"url\":\"https:\/\/secure.gravatar.com\/avatar\/3cef1082b65edc85f1a4c0caa7ce4808f397a517b7217eab6215fe435640f8f7?s=96&d=mm&r=g\",\"contentUrl\":\"https:\/\/secure.gravatar.com\/avatar\/3cef1082b65edc85f1a4c0caa7ce4808f397a517b7217eab6215fe435640f8f7?s=96&d=mm&r=g\",\"caption\":\"Silvia\"},\"url\":\"https:\/\/euricse.eu\/it\/author\/silvia\/\"}]}<\/script>\n<!-- \/ Yoast SEO plugin. -->","yoast_head_json":{"title":"1\u00b0 Festival dell\u2019Amministrazione Condivisa dei Beni Comuni - Euricse","robots":{"index":"index","follow":"follow","max-snippet":"max-snippet:-1","max-image-preview":"max-image-preview:large","max-video-preview":"max-video-preview:-1"},"canonical":"https:\/\/euricse.eu\/it\/26071\/","og_locale":"it_IT","og_type":"article","og_title":"1\u00b0 Festival dell\u2019Amministrazione Condivisa dei Beni Comuni - Euricse","og_description":"Dal 27 al 29 marzo, Assisi ospita un evento sull'Amministrazione condivisa e i Patti di collaborazione, con istituzioni e comunit\u00e0 italiane. In programma panel, workshop e riflessioni per promuovere la cooperazione tra cittadini, istituzioni e comunit\u00e0 locali.","og_url":"https:\/\/euricse.eu\/it\/26071\/","og_site_name":"Euricse","article_published_time":"2025-01-29T15:03:07+00:00","article_modified_time":"2025-01-30T14:40:38+00:00","og_image":[{"width":1080,"height":1080,"url":"https:\/\/euricse.eu\/wp-content\/uploads\/2025\/01\/Festival-Beni-Comuni-Labsus.jpg","type":"image\/jpeg"}],"author":"Silvia","twitter_card":"summary_large_image","twitter_misc":{"Scritto da":"Silvia","Tempo di lettura stimato":"2 minuti"},"schema":{"@context":"https:\/\/schema.org","@graph":[{"@type":"WebPage","@id":"https:\/\/euricse.eu\/it\/26071\/","url":"https:\/\/euricse.eu\/it\/26071\/","name":"1\u00b0 Festival dell\u2019Amministrazione Condivisa dei Beni Comuni - Euricse","isPartOf":{"@id":"https:\/\/euricse.eu\/en\/#website"},"primaryImageOfPage":{"@id":"https:\/\/euricse.eu\/it\/26071\/#primaryimage"},"image":{"@id":"https:\/\/euricse.eu\/it\/26071\/#primaryimage"},"thumbnailUrl":"https:\/\/euricse.eu\/wp-content\/uploads\/2025\/01\/Festival-Beni-Comuni-Labsus.jpg","datePublished":"2025-01-29T15:03:07+00:00","dateModified":"2025-01-30T14:40:38+00:00","author":{"@id":"https:\/\/euricse.eu\/en\/#\/schema\/person\/a5b25693531e3458dfedff34c273ba14"},"breadcrumb":{"@id":"https:\/\/euricse.eu\/it\/26071\/#breadcrumb"},"inLanguage":"it-IT","potentialAction":[{"@type":"ReadAction","target":["https:\/\/euricse.eu\/it\/26071\/"]}]},{"@type":"ImageObject","inLanguage":"it-IT","@id":"https:\/\/euricse.eu\/it\/26071\/#primaryimage","url":"https:\/\/euricse.eu\/wp-content\/uploads\/2025\/01\/Festival-Beni-Comuni-Labsus.jpg","contentUrl":"https:\/\/euricse.eu\/wp-content\/uploads\/2025\/01\/Festival-Beni-Comuni-Labsus.jpg","width":1080,"height":1080},{"@type":"BreadcrumbList","@id":"https:\/\/euricse.eu\/it\/26071\/#breadcrumb","itemListElement":[{"@type":"ListItem","position":1,"name":"Home","item":"https:\/\/euricse.eu\/it\/"},{"@type":"ListItem","position":2,"name":"1\u00b0 Festival dell\u2019Amministrazione Condivisa dei Beni Comuni"}]},{"@type":"WebSite","@id":"https:\/\/euricse.eu\/en\/#website","url":"https:\/\/euricse.eu\/en\/","name":"Euricse","description":"Knowledge and innovation for cooperative and social enterprises.","potentialAction":[{"@type":"SearchAction","target":{"@type":"EntryPoint","urlTemplate":"https:\/\/euricse.eu\/en\/?s={search_term_string}"},"query-input":{"@type":"PropertyValueSpecification","valueRequired":true,"valueName":"search_term_string"}}],"inLanguage":"it-IT"},{"@type":"Person","@id":"https:\/\/euricse.eu\/en\/#\/schema\/person\/a5b25693531e3458dfedff34c273ba14","name":"Silvia","image":{"@type":"ImageObject","inLanguage":"it-IT","@id":"https:\/\/euricse.eu\/en\/#\/schema\/person\/image\/","url":"https:\/\/secure.gravatar.com\/avatar\/3cef1082b65edc85f1a4c0caa7ce4808f397a517b7217eab6215fe435640f8f7?s=96&d=mm&r=g","contentUrl":"https:\/\/secure.gravatar.com\/avatar\/3cef1082b65edc85f1a4c0caa7ce4808f397a517b7217eab6215fe435640f8f7?s=96&d=mm&r=g","caption":"Silvia"},"url":"https:\/\/euricse.eu\/it\/author\/silvia\/"}]}},"_links":{"self":[{"href":"https:\/\/euricse.eu\/it\/wp-json\/wp\/v2\/posts\/26071","targetHints":{"allow":["GET"]}}],"collection":[{"href":"https:\/\/euricse.eu\/it\/wp-json\/wp\/v2\/posts"}],"about":[{"href":"https:\/\/euricse.eu\/it\/wp-json\/wp\/v2\/types\/post"}],"author":[{"embeddable":true,"href":"https:\/\/euricse.eu\/it\/wp-json\/wp\/v2\/users\/32"}],"replies":[{"embeddable":true,"href":"https:\/\/euricse.eu\/it\/wp-json\/wp\/v2\/comments?post=26071"}],"version-history":[{"count":2,"href":"https:\/\/euricse.eu\/it\/wp-json\/wp\/v2\/posts\/26071\/revisions"}],"predecessor-version":[{"id":26166,"href":"https:\/\/euricse.eu\/it\/wp-json\/wp\/v2\/posts\/26071\/revisions\/26166"}],"wp:featuredmedia":[{"embeddable":true,"href":"https:\/\/euricse.eu\/it\/wp-json\/wp\/v2\/media\/26074"}],"wp:attachment":[{"href":"https:\/\/euricse.eu\/it\/wp-json\/wp\/v2\/media?parent=26071"}],"wp:term":[{"taxonomy":"category","embeddable":true,"href":"https:\/\/euricse.eu\/it\/wp-json\/wp\/v2\/categories?post=26071"},{"taxonomy":"post_tag","embeddable":true,"href":"https:\/\/euricse.eu\/it\/wp-json\/wp\/v2\/tags?post=26071"}],"curies":[{"name":"wp","href":"https:\/\/api.w.org\/{rel}","templated":true}]}}