{"id":26363,"date":"2025-02-20T10:51:34","date_gmt":"2025-02-20T10:51:34","guid":{"rendered":"https:\/\/euricse.eu\/?p=26363"},"modified":"2025-02-20T11:04:22","modified_gmt":"2025-02-20T11:04:22","slug":"report-statistico-sulleconomia-sociale-in-europa","status":"publish","type":"post","link":"https:\/\/euricse.eu\/it\/report-statistico-sulleconomia-sociale-in-europa\/","title":{"rendered":"Report statistico sull&#8217;economia sociale in Europa"},"content":{"rendered":"<p>Il 7 febbraio a Bruxelles, il Comitato Economico e Sociale Europeo ha ospitato la presentazione del rapporto statistico sull&#8217;economia sociale nell&#8217;Unione europea realizzato da EURICSE e CIRIEC con il supporto della Commissione europea nell&#8217;ambito del Piano d&#8217;azione per l&#8217;economia sociale.<\/p>\n<p>Lo studio, intitolato &#8220;<a href=\"https:\/\/euricse.eu\/it\/publications\/analisi-comparativa-dei-risultati-socioeconomici-delleconomia-sociale-nellunione-europea\/\">Benchmarking the socio-economic performance of the EU Social Economy<\/a>&#8220;, \u00e8 stato condotto da EURICSE e CIRIEC in seguito di un bando pubblico lanciato dall&#8217;Agenzia esecutiva del Consiglio europeo per l&#8217;innovazione e le PMI (EISMEA).<\/p>\n<p>L&#8217;evento \u00e8 iniziato con i saluti di Giuseppe Guerini, Presidente di CECOP-CICOPA Europe, e Justyna Kalina Och\u0119dzan, Presidente della Comunit\u00e0 di Lavoro delle Organizzazioni Sociali WRZOS. La Commissione Europea era rappresentata da Bonifacio Porras Garc\u00eda, capo dell&#8217;Unit\u00e0 per l&#8217;Economia di Prossimit\u00e0, Sociale e Industrie Creative (DG GROW).<\/p>\n<p>I principali risultati del rapporto sono stati presentati dalle ricercatrici di Euricse Chiara Carini e Giulia Gallera con Rafael Chaves \u00c1vila di CIRIEC-Spagna. Il rapporto stima che 11,5 milioni di persone siano impiegate nell&#8217;economia sociale dell&#8217;UE, distribuite in 4,3 milioni di imprese ed enti, di cui il 97,7% appartiene alle quattro tradizionali famiglie dell&#8217;economia sociale: cooperative, mutue, associazioni e fondazioni. Solo 246.000 di queste realt\u00e0 sono classificate come imprese sociali.<\/p>\n<p>Il rapporto mette in evidenza la necessit\u00e0 di migliorare la definizione e la delimitazione dell&#8217;economia sociale e delle imprese sociali, affrontando l&#8217;ambiguit\u00e0 su quali enti possano essere inclusi nel settore. Inoltre, si sottolineano le significative disparit\u00e0 tra i paesi nello sviluppo delle statistiche sull&#8217;economia sociale, che ne limitano la comparabilit\u00e0 a livello europeo.<\/p>\n<p>Tra le proposte chiave del rapporto vi \u00e8 la creazione di un gruppo di lavoro internazionale misto, composto da istituti di statistica nazionali, esperti accademici e organizzazioni ombrello del settore, per sviluppare un quadro statistico armonizzato. Altre raccomandazioni includono l&#8217;aggiornamento del Sistema europeo dei conti nazionali e regionali (ESA 2010) per includere enti dell&#8217;economia sociale non ancora riconosciuti e la realizzazione di un Eurobarometro speciale sull&#8217;economia sociale, volto a raccogliere informazioni sulla partecipazione dei cittadini e la percezione del contributo di questo settore alla societ\u00e0.<\/p>\n<p>Dopo la presentazione, si \u00e8 svolto un dibattito con la partecipazione di membri del Parlamento Europeo e rappresentanti di importanti organizzazioni del settore, che hanno sottolineato l&#8217;importanza di continuare a sviluppare le statistiche sull&#8217;economia sociale per favorirne la crescita e il riconoscimento a beneficio dell&#8217;intera societ\u00e0.<\/p>\n","protected":false},"excerpt":{"rendered":"<p>Il 7 febbraio a Bruxelles, il Comitato Economico e Sociale Europeo ha ospitato la presentazione del rapporto statistico sull&#8217;economia sociale nell&#8217;Unione europea realizzato da EURICSE e CIRIEC con il supporto della Commissione europea nell&#8217;ambito del Piano d&#8217;azione per l&#8217;economia sociale.<\/p>\n","protected":false},"author":32,"featured_media":26364,"comment_status":"closed","ping_status":"closed","sticky":false,"template":"","format":"standard","meta":{"_acf_changed":false,"episode_type":"","audio_file":"","cover_image":"","cover_image_id":"","duration":"","filesize":"","date_recorded":"","explicit":"","block":"","itunes_episode_number":"","itunes_title":"","itunes_season_number":"","itunes_episode_type":"","filesize_raw":"","footnotes":""},"categories":[17],"tags":[121],"class_list":["post-26363","post","type-post","status-publish","format-standard","has-post-thumbnail","hentry","category-news-it","tag-economia-sociale"],"acf":[],"yoast_head":"<!-- This site is optimized with the Yoast SEO plugin v26.1.1 - https:\/\/yoast.com\/wordpress\/plugins\/seo\/ -->\n<title>Report statistico sull&#039;economia sociale in Europa - Euricse<\/title>\n<meta name=\"robots\" content=\"index, follow, max-snippet:-1, max-image-preview:large, max-video-preview:-1\" \/>\n<link rel=\"canonical\" href=\"https:\/\/euricse.eu\/it\/report-statistico-sulleconomia-sociale-in-europa\/\" \/>\n<meta property=\"og:locale\" content=\"it_IT\" \/>\n<meta property=\"og:type\" content=\"article\" \/>\n<meta property=\"og:title\" content=\"Report statistico sull&#039;economia sociale in Europa - Euricse\" \/>\n<meta property=\"og:description\" content=\"Il 7 febbraio a Bruxelles, il Comitato Economico e Sociale Europeo ha ospitato la presentazione del rapporto statistico sull&#039;economia sociale nell&#039;Unione europea realizzato da EURICSE e CIRIEC con il supporto della Commissione europea nell&#039;ambito del Piano d&#039;azione per l&#039;economia sociale.\" \/>\n<meta property=\"og:url\" content=\"https:\/\/euricse.eu\/it\/report-statistico-sulleconomia-sociale-in-europa\/\" \/>\n<meta property=\"og:site_name\" content=\"Euricse\" \/>\n<meta property=\"article:published_time\" content=\"2025-02-20T10:51:34+00:00\" \/>\n<meta property=\"article:modified_time\" content=\"2025-02-20T11:04:22+00:00\" \/>\n<meta property=\"og:image\" content=\"https:\/\/euricse.eu\/wp-content\/uploads\/2025\/02\/1739540863838.jpg\" \/>\n\t<meta property=\"og:image:width\" content=\"1600\" \/>\n\t<meta property=\"og:image:height\" content=\"894\" \/>\n\t<meta property=\"og:image:type\" content=\"image\/jpeg\" \/>\n<meta name=\"author\" content=\"Silvia\" \/>\n<meta name=\"twitter:card\" content=\"summary_large_image\" \/>\n<meta name=\"twitter:label1\" content=\"Scritto da\" \/>\n\t<meta name=\"twitter:data1\" content=\"Silvia\" \/>\n\t<meta name=\"twitter:label2\" content=\"Tempo di lettura stimato\" \/>\n\t<meta name=\"twitter:data2\" content=\"3 minuti\" \/>\n<script type=\"application\/ld+json\" class=\"yoast-schema-graph\">{\"@context\":\"https:\/\/schema.org\",\"@graph\":[{\"@type\":\"WebPage\",\"@id\":\"https:\/\/euricse.eu\/it\/report-statistico-sulleconomia-sociale-in-europa\/\",\"url\":\"https:\/\/euricse.eu\/it\/report-statistico-sulleconomia-sociale-in-europa\/\",\"name\":\"Report statistico sull'economia sociale in Europa - Euricse\",\"isPartOf\":{\"@id\":\"https:\/\/euricse.eu\/en\/#website\"},\"primaryImageOfPage\":{\"@id\":\"https:\/\/euricse.eu\/it\/report-statistico-sulleconomia-sociale-in-europa\/#primaryimage\"},\"image\":{\"@id\":\"https:\/\/euricse.eu\/it\/report-statistico-sulleconomia-sociale-in-europa\/#primaryimage\"},\"thumbnailUrl\":\"https:\/\/euricse.eu\/wp-content\/uploads\/2025\/02\/1739540863838.jpg\",\"datePublished\":\"2025-02-20T10:51:34+00:00\",\"dateModified\":\"2025-02-20T11:04:22+00:00\",\"author\":{\"@id\":\"https:\/\/euricse.eu\/en\/#\/schema\/person\/a5b25693531e3458dfedff34c273ba14\"},\"breadcrumb\":{\"@id\":\"https:\/\/euricse.eu\/it\/report-statistico-sulleconomia-sociale-in-europa\/#breadcrumb\"},\"inLanguage\":\"it-IT\",\"potentialAction\":[{\"@type\":\"ReadAction\",\"target\":[\"https:\/\/euricse.eu\/it\/report-statistico-sulleconomia-sociale-in-europa\/\"]}]},{\"@type\":\"ImageObject\",\"inLanguage\":\"it-IT\",\"@id\":\"https:\/\/euricse.eu\/it\/report-statistico-sulleconomia-sociale-in-europa\/#primaryimage\",\"url\":\"https:\/\/euricse.eu\/wp-content\/uploads\/2025\/02\/1739540863838.jpg\",\"contentUrl\":\"https:\/\/euricse.eu\/wp-content\/uploads\/2025\/02\/1739540863838.jpg\",\"width\":1600,\"height\":894},{\"@type\":\"BreadcrumbList\",\"@id\":\"https:\/\/euricse.eu\/it\/report-statistico-sulleconomia-sociale-in-europa\/#breadcrumb\",\"itemListElement\":[{\"@type\":\"ListItem\",\"position\":1,\"name\":\"Home\",\"item\":\"https:\/\/euricse.eu\/it\/\"},{\"@type\":\"ListItem\",\"position\":2,\"name\":\"Report statistico sull&#8217;economia sociale in Europa\"}]},{\"@type\":\"WebSite\",\"@id\":\"https:\/\/euricse.eu\/en\/#website\",\"url\":\"https:\/\/euricse.eu\/en\/\",\"name\":\"Euricse\",\"description\":\"Knowledge and innovation for cooperative and social enterprises.\",\"potentialAction\":[{\"@type\":\"SearchAction\",\"target\":{\"@type\":\"EntryPoint\",\"urlTemplate\":\"https:\/\/euricse.eu\/en\/?s={search_term_string}\"},\"query-input\":{\"@type\":\"PropertyValueSpecification\",\"valueRequired\":true,\"valueName\":\"search_term_string\"}}],\"inLanguage\":\"it-IT\"},{\"@type\":\"Person\",\"@id\":\"https:\/\/euricse.eu\/en\/#\/schema\/person\/a5b25693531e3458dfedff34c273ba14\",\"name\":\"Silvia\",\"image\":{\"@type\":\"ImageObject\",\"inLanguage\":\"it-IT\",\"@id\":\"https:\/\/euricse.eu\/en\/#\/schema\/person\/image\/\",\"url\":\"https:\/\/secure.gravatar.com\/avatar\/3cef1082b65edc85f1a4c0caa7ce4808f397a517b7217eab6215fe435640f8f7?s=96&d=mm&r=g\",\"contentUrl\":\"https:\/\/secure.gravatar.com\/avatar\/3cef1082b65edc85f1a4c0caa7ce4808f397a517b7217eab6215fe435640f8f7?s=96&d=mm&r=g\",\"caption\":\"Silvia\"},\"url\":\"https:\/\/euricse.eu\/it\/author\/silvia\/\"}]}<\/script>\n<!-- \/ Yoast SEO plugin. -->","yoast_head_json":{"title":"Report statistico sull'economia sociale in Europa - Euricse","robots":{"index":"index","follow":"follow","max-snippet":"max-snippet:-1","max-image-preview":"max-image-preview:large","max-video-preview":"max-video-preview:-1"},"canonical":"https:\/\/euricse.eu\/it\/report-statistico-sulleconomia-sociale-in-europa\/","og_locale":"it_IT","og_type":"article","og_title":"Report statistico sull'economia sociale in Europa - Euricse","og_description":"Il 7 febbraio a Bruxelles, il Comitato Economico e Sociale Europeo ha ospitato la presentazione del rapporto statistico sull'economia sociale nell'Unione europea realizzato da EURICSE e CIRIEC con il supporto della Commissione europea nell'ambito del Piano d'azione per l'economia sociale.","og_url":"https:\/\/euricse.eu\/it\/report-statistico-sulleconomia-sociale-in-europa\/","og_site_name":"Euricse","article_published_time":"2025-02-20T10:51:34+00:00","article_modified_time":"2025-02-20T11:04:22+00:00","og_image":[{"width":1600,"height":894,"url":"https:\/\/euricse.eu\/wp-content\/uploads\/2025\/02\/1739540863838.jpg","type":"image\/jpeg"}],"author":"Silvia","twitter_card":"summary_large_image","twitter_misc":{"Scritto da":"Silvia","Tempo di lettura stimato":"3 minuti"},"schema":{"@context":"https:\/\/schema.org","@graph":[{"@type":"WebPage","@id":"https:\/\/euricse.eu\/it\/report-statistico-sulleconomia-sociale-in-europa\/","url":"https:\/\/euricse.eu\/it\/report-statistico-sulleconomia-sociale-in-europa\/","name":"Report statistico sull'economia sociale in Europa - Euricse","isPartOf":{"@id":"https:\/\/euricse.eu\/en\/#website"},"primaryImageOfPage":{"@id":"https:\/\/euricse.eu\/it\/report-statistico-sulleconomia-sociale-in-europa\/#primaryimage"},"image":{"@id":"https:\/\/euricse.eu\/it\/report-statistico-sulleconomia-sociale-in-europa\/#primaryimage"},"thumbnailUrl":"https:\/\/euricse.eu\/wp-content\/uploads\/2025\/02\/1739540863838.jpg","datePublished":"2025-02-20T10:51:34+00:00","dateModified":"2025-02-20T11:04:22+00:00","author":{"@id":"https:\/\/euricse.eu\/en\/#\/schema\/person\/a5b25693531e3458dfedff34c273ba14"},"breadcrumb":{"@id":"https:\/\/euricse.eu\/it\/report-statistico-sulleconomia-sociale-in-europa\/#breadcrumb"},"inLanguage":"it-IT","potentialAction":[{"@type":"ReadAction","target":["https:\/\/euricse.eu\/it\/report-statistico-sulleconomia-sociale-in-europa\/"]}]},{"@type":"ImageObject","inLanguage":"it-IT","@id":"https:\/\/euricse.eu\/it\/report-statistico-sulleconomia-sociale-in-europa\/#primaryimage","url":"https:\/\/euricse.eu\/wp-content\/uploads\/2025\/02\/1739540863838.jpg","contentUrl":"https:\/\/euricse.eu\/wp-content\/uploads\/2025\/02\/1739540863838.jpg","width":1600,"height":894},{"@type":"BreadcrumbList","@id":"https:\/\/euricse.eu\/it\/report-statistico-sulleconomia-sociale-in-europa\/#breadcrumb","itemListElement":[{"@type":"ListItem","position":1,"name":"Home","item":"https:\/\/euricse.eu\/it\/"},{"@type":"ListItem","position":2,"name":"Report statistico sull&#8217;economia sociale in Europa"}]},{"@type":"WebSite","@id":"https:\/\/euricse.eu\/en\/#website","url":"https:\/\/euricse.eu\/en\/","name":"Euricse","description":"Knowledge and innovation for cooperative and social enterprises.","potentialAction":[{"@type":"SearchAction","target":{"@type":"EntryPoint","urlTemplate":"https:\/\/euricse.eu\/en\/?s={search_term_string}"},"query-input":{"@type":"PropertyValueSpecification","valueRequired":true,"valueName":"search_term_string"}}],"inLanguage":"it-IT"},{"@type":"Person","@id":"https:\/\/euricse.eu\/en\/#\/schema\/person\/a5b25693531e3458dfedff34c273ba14","name":"Silvia","image":{"@type":"ImageObject","inLanguage":"it-IT","@id":"https:\/\/euricse.eu\/en\/#\/schema\/person\/image\/","url":"https:\/\/secure.gravatar.com\/avatar\/3cef1082b65edc85f1a4c0caa7ce4808f397a517b7217eab6215fe435640f8f7?s=96&d=mm&r=g","contentUrl":"https:\/\/secure.gravatar.com\/avatar\/3cef1082b65edc85f1a4c0caa7ce4808f397a517b7217eab6215fe435640f8f7?s=96&d=mm&r=g","caption":"Silvia"},"url":"https:\/\/euricse.eu\/it\/author\/silvia\/"}]}},"_links":{"self":[{"href":"https:\/\/euricse.eu\/it\/wp-json\/wp\/v2\/posts\/26363","targetHints":{"allow":["GET"]}}],"collection":[{"href":"https:\/\/euricse.eu\/it\/wp-json\/wp\/v2\/posts"}],"about":[{"href":"https:\/\/euricse.eu\/it\/wp-json\/wp\/v2\/types\/post"}],"author":[{"embeddable":true,"href":"https:\/\/euricse.eu\/it\/wp-json\/wp\/v2\/users\/32"}],"replies":[{"embeddable":true,"href":"https:\/\/euricse.eu\/it\/wp-json\/wp\/v2\/comments?post=26363"}],"version-history":[{"count":2,"href":"https:\/\/euricse.eu\/it\/wp-json\/wp\/v2\/posts\/26363\/revisions"}],"predecessor-version":[{"id":26374,"href":"https:\/\/euricse.eu\/it\/wp-json\/wp\/v2\/posts\/26363\/revisions\/26374"}],"wp:featuredmedia":[{"embeddable":true,"href":"https:\/\/euricse.eu\/it\/wp-json\/wp\/v2\/media\/26364"}],"wp:attachment":[{"href":"https:\/\/euricse.eu\/it\/wp-json\/wp\/v2\/media?parent=26363"}],"wp:term":[{"taxonomy":"category","embeddable":true,"href":"https:\/\/euricse.eu\/it\/wp-json\/wp\/v2\/categories?post=26363"},{"taxonomy":"post_tag","embeddable":true,"href":"https:\/\/euricse.eu\/it\/wp-json\/wp\/v2\/tags?post=26363"}],"curies":[{"name":"wp","href":"https:\/\/api.w.org\/{rel}","templated":true}]}}