{"id":26572,"date":"2025-03-20T18:12:19","date_gmt":"2025-03-20T18:12:19","guid":{"rendered":"https:\/\/euricse.eu\/?p=26572"},"modified":"2025-03-20T18:14:18","modified_gmt":"2025-03-20T18:14:18","slug":"presentazione-del-libro-la-rivoluzione-dellimpresa-sociale-a-trento","status":"publish","type":"post","link":"https:\/\/euricse.eu\/it\/presentazione-del-libro-la-rivoluzione-dellimpresa-sociale-a-trento\/","title":{"rendered":"Presentazione del libro &#8220;La rivoluzione dell&#8217;impresa sociale&#8221; a Trento"},"content":{"rendered":"<p data-pm-slice=\"1 1 []\">Venerd\u00ec 21 marzo alle ore 19:00, a Trento presso la Sala Cavagnoli (Via Manzoni 6), si terr\u00e0 la presentazione del libro <a href=\"https:\/\/euricse.eu\/it\/publications\/la-rivoluzione-dellimpresa-sociale-per-un-rinnovato-protagonismo-della-societa-civile\/\"><em>La rivoluzione dell&#8217;impresa sociale. Per un rinnovato protagonismo della societ\u00e0 civile<\/em><\/a>, scritto da<strong> Carlo Borzaga<\/strong> e <strong>Giulia Galera.<\/strong><\/p>\n<p>L\u2019impresa sociale nasce in Italia negli anni Ottanta come una risposta innovativa ai bisogni collettivi, attraverso la mobilitazione volontaria dei cittadini. Questo modello imprenditoriale alternativo sfida la logica della massimizzazione del profitto, promuovendo invece la gestione partecipata di beni e servizi di interesse generale. In un contesto segnato da nuove forme di povert\u00e0 e vulnerabilit\u00e0, l\u2019impresa sociale si configura come un pilastro fondamentale per la riorganizzazione dei servizi di welfare.<\/p>\n<p>Durante l\u2019incontro, si discuter\u00e0 del libro e delle prospettive future dell\u2019impresa sociale con:<\/p>\n<ul data-spread=\"false\">\n<li><strong>Giulia Galera<\/strong> \u2013 Co-autrice del libro e ricercatrice di Euricse<\/li>\n<li><strong>Federico Zappini<\/strong> \u2013 Libraio della Libreria due punti<\/li>\n<\/ul>\n<p>L\u2019evento, a ingresso libero, \u00e8 organizzato dal <strong>Master GIS<\/strong> nell\u2019ambito di <strong>#FuoriGIS<\/strong>, un ciclo di iniziative rivolte alla comunit\u00e0 di pratica del Master e aperte a tutti gli interessati.<\/p>\n<p>&nbsp;<\/p>\n","protected":false},"excerpt":{"rendered":"<p>Venerd\u00ec 21 marzo alle ore 19:00, a Trento presso la Sala Cavagnoli (Via Manzoni 6), si terr\u00e0 la presentazione del libro La rivoluzione dell&#8217;impresa sociale. Per un rinnovato protagonismo della societ\u00e0 civile, scritto da Carlo Borzaga e Giulia Galera.<\/p>\n","protected":false},"author":32,"featured_media":26573,"comment_status":"closed","ping_status":"closed","sticky":false,"template":"","format":"standard","meta":{"_acf_changed":false,"episode_type":"","audio_file":"","cover_image":"","cover_image_id":"","duration":"","filesize":"","date_recorded":"","explicit":"","block":"","itunes_episode_number":"","itunes_title":"","itunes_season_number":"","itunes_episode_type":"","filesize_raw":"","footnotes":""},"categories":[17],"tags":[290,292,1313,1329],"class_list":["post-26572","post","type-post","status-publish","format-standard","has-post-thumbnail","hentry","category-news-it","tag-impresa-sociale","tag-master-gis","tag-giulia-galera","tag-master-in-gestione-di-imprese-sociali"],"acf":[],"yoast_head":"<!-- This site is optimized with the Yoast SEO plugin v26.1.1 - https:\/\/yoast.com\/wordpress\/plugins\/seo\/ -->\n<title>Presentazione del libro &quot;La rivoluzione dell&#039;impresa sociale&quot; a Trento - Euricse<\/title>\n<meta name=\"description\" content=\"Venerd\u00ec 21 marzo alle ore 19:00, a Trento presso la Sala Cavagnoli (Via Manzoni 6), si terr\u00e0 la presentazione del libro La rivoluzione dell&#039;impresa sociale. Per un rinnovato protagonismo della societ\u00e0 civile, scritto da Carlo Borzaga e Giulia Galera.\" \/>\n<meta name=\"robots\" content=\"index, follow, max-snippet:-1, max-image-preview:large, max-video-preview:-1\" \/>\n<link rel=\"canonical\" href=\"https:\/\/euricse.eu\/it\/presentazione-del-libro-la-rivoluzione-dellimpresa-sociale-a-trento\/\" \/>\n<meta property=\"og:locale\" content=\"it_IT\" \/>\n<meta property=\"og:type\" content=\"article\" \/>\n<meta property=\"og:title\" content=\"Presentazione del libro &quot;La rivoluzione dell&#039;impresa sociale&quot; a Trento - Euricse\" \/>\n<meta property=\"og:description\" content=\"Venerd\u00ec 21 marzo alle ore 19:00, a Trento presso la Sala Cavagnoli (Via Manzoni 6), si terr\u00e0 la presentazione del libro La rivoluzione dell&#039;impresa sociale. Per un rinnovato protagonismo della societ\u00e0 civile, scritto da Carlo Borzaga e Giulia Galera.\" \/>\n<meta property=\"og:url\" content=\"https:\/\/euricse.eu\/it\/presentazione-del-libro-la-rivoluzione-dellimpresa-sociale-a-trento\/\" \/>\n<meta property=\"og:site_name\" content=\"Euricse\" \/>\n<meta property=\"article:published_time\" content=\"2025-03-20T18:12:19+00:00\" \/>\n<meta property=\"article:modified_time\" content=\"2025-03-20T18:14:18+00:00\" \/>\n<meta property=\"og:image\" content=\"https:\/\/euricse.eu\/wp-content\/uploads\/2025\/03\/FUORIGIS.png\" \/>\n\t<meta property=\"og:image:width\" content=\"1414\" \/>\n\t<meta property=\"og:image:height\" content=\"2000\" \/>\n\t<meta property=\"og:image:type\" content=\"image\/png\" \/>\n<meta name=\"author\" content=\"Silvia\" \/>\n<meta name=\"twitter:card\" content=\"summary_large_image\" \/>\n<meta name=\"twitter:label1\" content=\"Scritto da\" \/>\n\t<meta name=\"twitter:data1\" content=\"Silvia\" \/>\n\t<meta name=\"twitter:label2\" content=\"Tempo di lettura stimato\" \/>\n\t<meta name=\"twitter:data2\" content=\"2 minuti\" \/>\n<script type=\"application\/ld+json\" class=\"yoast-schema-graph\">{\"@context\":\"https:\/\/schema.org\",\"@graph\":[{\"@type\":\"WebPage\",\"@id\":\"https:\/\/euricse.eu\/it\/presentazione-del-libro-la-rivoluzione-dellimpresa-sociale-a-trento\/\",\"url\":\"https:\/\/euricse.eu\/it\/presentazione-del-libro-la-rivoluzione-dellimpresa-sociale-a-trento\/\",\"name\":\"Presentazione del libro \\\"La rivoluzione dell'impresa sociale\\\" a Trento - Euricse\",\"isPartOf\":{\"@id\":\"https:\/\/euricse.eu\/en\/#website\"},\"primaryImageOfPage\":{\"@id\":\"https:\/\/euricse.eu\/it\/presentazione-del-libro-la-rivoluzione-dellimpresa-sociale-a-trento\/#primaryimage\"},\"image\":{\"@id\":\"https:\/\/euricse.eu\/it\/presentazione-del-libro-la-rivoluzione-dellimpresa-sociale-a-trento\/#primaryimage\"},\"thumbnailUrl\":\"https:\/\/euricse.eu\/wp-content\/uploads\/2025\/03\/FUORIGIS.png\",\"datePublished\":\"2025-03-20T18:12:19+00:00\",\"dateModified\":\"2025-03-20T18:14:18+00:00\",\"author\":{\"@id\":\"https:\/\/euricse.eu\/en\/#\/schema\/person\/a5b25693531e3458dfedff34c273ba14\"},\"description\":\"Venerd\u00ec 21 marzo alle ore 19:00, a Trento presso la Sala Cavagnoli (Via Manzoni 6), si terr\u00e0 la presentazione del libro La rivoluzione dell'impresa sociale. Per un rinnovato protagonismo della societ\u00e0 civile, scritto da Carlo Borzaga e Giulia Galera.\",\"breadcrumb\":{\"@id\":\"https:\/\/euricse.eu\/it\/presentazione-del-libro-la-rivoluzione-dellimpresa-sociale-a-trento\/#breadcrumb\"},\"inLanguage\":\"it-IT\",\"potentialAction\":[{\"@type\":\"ReadAction\",\"target\":[\"https:\/\/euricse.eu\/it\/presentazione-del-libro-la-rivoluzione-dellimpresa-sociale-a-trento\/\"]}]},{\"@type\":\"ImageObject\",\"inLanguage\":\"it-IT\",\"@id\":\"https:\/\/euricse.eu\/it\/presentazione-del-libro-la-rivoluzione-dellimpresa-sociale-a-trento\/#primaryimage\",\"url\":\"https:\/\/euricse.eu\/wp-content\/uploads\/2025\/03\/FUORIGIS.png\",\"contentUrl\":\"https:\/\/euricse.eu\/wp-content\/uploads\/2025\/03\/FUORIGIS.png\",\"width\":1414,\"height\":2000},{\"@type\":\"BreadcrumbList\",\"@id\":\"https:\/\/euricse.eu\/it\/presentazione-del-libro-la-rivoluzione-dellimpresa-sociale-a-trento\/#breadcrumb\",\"itemListElement\":[{\"@type\":\"ListItem\",\"position\":1,\"name\":\"Home\",\"item\":\"https:\/\/euricse.eu\/it\/\"},{\"@type\":\"ListItem\",\"position\":2,\"name\":\"Presentazione del libro &#8220;La rivoluzione dell&#8217;impresa sociale&#8221; a Trento\"}]},{\"@type\":\"WebSite\",\"@id\":\"https:\/\/euricse.eu\/en\/#website\",\"url\":\"https:\/\/euricse.eu\/en\/\",\"name\":\"Euricse\",\"description\":\"Knowledge and innovation for cooperative and social enterprises.\",\"potentialAction\":[{\"@type\":\"SearchAction\",\"target\":{\"@type\":\"EntryPoint\",\"urlTemplate\":\"https:\/\/euricse.eu\/en\/?s={search_term_string}\"},\"query-input\":{\"@type\":\"PropertyValueSpecification\",\"valueRequired\":true,\"valueName\":\"search_term_string\"}}],\"inLanguage\":\"it-IT\"},{\"@type\":\"Person\",\"@id\":\"https:\/\/euricse.eu\/en\/#\/schema\/person\/a5b25693531e3458dfedff34c273ba14\",\"name\":\"Silvia\",\"image\":{\"@type\":\"ImageObject\",\"inLanguage\":\"it-IT\",\"@id\":\"https:\/\/euricse.eu\/en\/#\/schema\/person\/image\/\",\"url\":\"https:\/\/secure.gravatar.com\/avatar\/3cef1082b65edc85f1a4c0caa7ce4808f397a517b7217eab6215fe435640f8f7?s=96&d=mm&r=g\",\"contentUrl\":\"https:\/\/secure.gravatar.com\/avatar\/3cef1082b65edc85f1a4c0caa7ce4808f397a517b7217eab6215fe435640f8f7?s=96&d=mm&r=g\",\"caption\":\"Silvia\"},\"url\":\"https:\/\/euricse.eu\/it\/author\/silvia\/\"}]}<\/script>\n<!-- \/ Yoast SEO plugin. -->","yoast_head_json":{"title":"Presentazione del libro \"La rivoluzione dell'impresa sociale\" a Trento - Euricse","description":"Venerd\u00ec 21 marzo alle ore 19:00, a Trento presso la Sala Cavagnoli (Via Manzoni 6), si terr\u00e0 la presentazione del libro La rivoluzione dell'impresa sociale. Per un rinnovato protagonismo della societ\u00e0 civile, scritto da Carlo Borzaga e Giulia Galera.","robots":{"index":"index","follow":"follow","max-snippet":"max-snippet:-1","max-image-preview":"max-image-preview:large","max-video-preview":"max-video-preview:-1"},"canonical":"https:\/\/euricse.eu\/it\/presentazione-del-libro-la-rivoluzione-dellimpresa-sociale-a-trento\/","og_locale":"it_IT","og_type":"article","og_title":"Presentazione del libro \"La rivoluzione dell'impresa sociale\" a Trento - Euricse","og_description":"Venerd\u00ec 21 marzo alle ore 19:00, a Trento presso la Sala Cavagnoli (Via Manzoni 6), si terr\u00e0 la presentazione del libro La rivoluzione dell'impresa sociale. Per un rinnovato protagonismo della societ\u00e0 civile, scritto da Carlo Borzaga e Giulia Galera.","og_url":"https:\/\/euricse.eu\/it\/presentazione-del-libro-la-rivoluzione-dellimpresa-sociale-a-trento\/","og_site_name":"Euricse","article_published_time":"2025-03-20T18:12:19+00:00","article_modified_time":"2025-03-20T18:14:18+00:00","og_image":[{"width":1414,"height":2000,"url":"https:\/\/euricse.eu\/wp-content\/uploads\/2025\/03\/FUORIGIS.png","type":"image\/png"}],"author":"Silvia","twitter_card":"summary_large_image","twitter_misc":{"Scritto da":"Silvia","Tempo di lettura stimato":"2 minuti"},"schema":{"@context":"https:\/\/schema.org","@graph":[{"@type":"WebPage","@id":"https:\/\/euricse.eu\/it\/presentazione-del-libro-la-rivoluzione-dellimpresa-sociale-a-trento\/","url":"https:\/\/euricse.eu\/it\/presentazione-del-libro-la-rivoluzione-dellimpresa-sociale-a-trento\/","name":"Presentazione del libro \"La rivoluzione dell'impresa sociale\" a Trento - Euricse","isPartOf":{"@id":"https:\/\/euricse.eu\/en\/#website"},"primaryImageOfPage":{"@id":"https:\/\/euricse.eu\/it\/presentazione-del-libro-la-rivoluzione-dellimpresa-sociale-a-trento\/#primaryimage"},"image":{"@id":"https:\/\/euricse.eu\/it\/presentazione-del-libro-la-rivoluzione-dellimpresa-sociale-a-trento\/#primaryimage"},"thumbnailUrl":"https:\/\/euricse.eu\/wp-content\/uploads\/2025\/03\/FUORIGIS.png","datePublished":"2025-03-20T18:12:19+00:00","dateModified":"2025-03-20T18:14:18+00:00","author":{"@id":"https:\/\/euricse.eu\/en\/#\/schema\/person\/a5b25693531e3458dfedff34c273ba14"},"description":"Venerd\u00ec 21 marzo alle ore 19:00, a Trento presso la Sala Cavagnoli (Via Manzoni 6), si terr\u00e0 la presentazione del libro La rivoluzione dell'impresa sociale. Per un rinnovato protagonismo della societ\u00e0 civile, scritto da Carlo Borzaga e Giulia Galera.","breadcrumb":{"@id":"https:\/\/euricse.eu\/it\/presentazione-del-libro-la-rivoluzione-dellimpresa-sociale-a-trento\/#breadcrumb"},"inLanguage":"it-IT","potentialAction":[{"@type":"ReadAction","target":["https:\/\/euricse.eu\/it\/presentazione-del-libro-la-rivoluzione-dellimpresa-sociale-a-trento\/"]}]},{"@type":"ImageObject","inLanguage":"it-IT","@id":"https:\/\/euricse.eu\/it\/presentazione-del-libro-la-rivoluzione-dellimpresa-sociale-a-trento\/#primaryimage","url":"https:\/\/euricse.eu\/wp-content\/uploads\/2025\/03\/FUORIGIS.png","contentUrl":"https:\/\/euricse.eu\/wp-content\/uploads\/2025\/03\/FUORIGIS.png","width":1414,"height":2000},{"@type":"BreadcrumbList","@id":"https:\/\/euricse.eu\/it\/presentazione-del-libro-la-rivoluzione-dellimpresa-sociale-a-trento\/#breadcrumb","itemListElement":[{"@type":"ListItem","position":1,"name":"Home","item":"https:\/\/euricse.eu\/it\/"},{"@type":"ListItem","position":2,"name":"Presentazione del libro &#8220;La rivoluzione dell&#8217;impresa sociale&#8221; a Trento"}]},{"@type":"WebSite","@id":"https:\/\/euricse.eu\/en\/#website","url":"https:\/\/euricse.eu\/en\/","name":"Euricse","description":"Knowledge and innovation for cooperative and social enterprises.","potentialAction":[{"@type":"SearchAction","target":{"@type":"EntryPoint","urlTemplate":"https:\/\/euricse.eu\/en\/?s={search_term_string}"},"query-input":{"@type":"PropertyValueSpecification","valueRequired":true,"valueName":"search_term_string"}}],"inLanguage":"it-IT"},{"@type":"Person","@id":"https:\/\/euricse.eu\/en\/#\/schema\/person\/a5b25693531e3458dfedff34c273ba14","name":"Silvia","image":{"@type":"ImageObject","inLanguage":"it-IT","@id":"https:\/\/euricse.eu\/en\/#\/schema\/person\/image\/","url":"https:\/\/secure.gravatar.com\/avatar\/3cef1082b65edc85f1a4c0caa7ce4808f397a517b7217eab6215fe435640f8f7?s=96&d=mm&r=g","contentUrl":"https:\/\/secure.gravatar.com\/avatar\/3cef1082b65edc85f1a4c0caa7ce4808f397a517b7217eab6215fe435640f8f7?s=96&d=mm&r=g","caption":"Silvia"},"url":"https:\/\/euricse.eu\/it\/author\/silvia\/"}]}},"_links":{"self":[{"href":"https:\/\/euricse.eu\/it\/wp-json\/wp\/v2\/posts\/26572","targetHints":{"allow":["GET"]}}],"collection":[{"href":"https:\/\/euricse.eu\/it\/wp-json\/wp\/v2\/posts"}],"about":[{"href":"https:\/\/euricse.eu\/it\/wp-json\/wp\/v2\/types\/post"}],"author":[{"embeddable":true,"href":"https:\/\/euricse.eu\/it\/wp-json\/wp\/v2\/users\/32"}],"replies":[{"embeddable":true,"href":"https:\/\/euricse.eu\/it\/wp-json\/wp\/v2\/comments?post=26572"}],"version-history":[{"count":1,"href":"https:\/\/euricse.eu\/it\/wp-json\/wp\/v2\/posts\/26572\/revisions"}],"predecessor-version":[{"id":26575,"href":"https:\/\/euricse.eu\/it\/wp-json\/wp\/v2\/posts\/26572\/revisions\/26575"}],"wp:featuredmedia":[{"embeddable":true,"href":"https:\/\/euricse.eu\/it\/wp-json\/wp\/v2\/media\/26573"}],"wp:attachment":[{"href":"https:\/\/euricse.eu\/it\/wp-json\/wp\/v2\/media?parent=26572"}],"wp:term":[{"taxonomy":"category","embeddable":true,"href":"https:\/\/euricse.eu\/it\/wp-json\/wp\/v2\/categories?post=26572"},{"taxonomy":"post_tag","embeddable":true,"href":"https:\/\/euricse.eu\/it\/wp-json\/wp\/v2\/tags?post=26572"}],"curies":[{"name":"wp","href":"https:\/\/api.w.org\/{rel}","templated":true}]}}