{"id":26996,"date":"2025-04-30T10:45:54","date_gmt":"2025-04-30T09:45:54","guid":{"rendered":"https:\/\/euricse.eu\/?p=26996"},"modified":"2025-04-30T10:58:30","modified_gmt":"2025-04-30T09:58:30","slug":"accompagnamento-e-visione-strategica","status":"publish","type":"post","link":"https:\/\/euricse.eu\/it\/accompagnamento-e-visione-strategica\/","title":{"rendered":"Accompagnamento e visione strategica"},"content":{"rendered":"<p>\u00c8 partito ad aprile \u201c<strong>Includere per crescere<\/strong>\u201d, il percorso formativo e di accompagnamento progettato da\u00a0<strong>EURICSE<\/strong>\u00a0per la\u00a0<strong>Cooperativa Sociale Servizi Associati<\/strong>\u00a0(<a href=\"https:\/\/www.cssa.veneto.it\/?utm_source=Contatti&amp;utm_campaign=7db1c84c87-EMAIL_CAMPAIGN_marzo2025_COPY_01&amp;utm_medium=email&amp;utm_term=0_-84301855d0-&amp;ct=t(EMAIL_CAMPAIGNEMAIL_marzo2025_COPY_01)\" target=\"_blank\" rel=\"noopener\" data-saferedirecturl=\"https:\/\/www.google.com\/url?q=https:\/\/www.cssa.veneto.it\/?utm_source%3DContatti%26utm_campaign%3D7db1c84c87-EMAIL_CAMPAIGN_marzo2025_COPY_01%26utm_medium%3Demail%26utm_term%3D0_-84301855d0-%26ct%3Dt(EMAIL_CAMPAIGNEMAIL_marzo2025_COPY_01)&amp;source=gmail&amp;ust=1746080620530000&amp;usg=AOvVaw1LYuF53g3rjBIqLL6yv1FX\">CSSA<\/a>), da poco entrata a far parte dei Membri Ordinari del nostro Istituto.<br \/>\nL\u2019iniziativa mira a sostenere la cooperativa nella definizione di una visione strategica capace di rafforzarne il ruolo nella comunit\u00e0, valorizzare la propria identit\u00e0 cooperativa e generare nuove opportunit\u00e0 in linea con le esigenze del territorio, dei soci e dei lavoratori.<\/p>\n","protected":false},"excerpt":{"rendered":"<p>\u00c8 partito ad aprile \u201cIncludere per crescere\u201d, il percorso formativo e di accompagnamento progettato da\u00a0EURICSE\u00a0per la\u00a0Cooperativa Sociale Servizi Associati\u00a0(CSSA), da poco entrata a far parte dei Membri Ordinari del nostro Istituto.<\/p>\n","protected":false},"author":35,"featured_media":27004,"comment_status":"closed","ping_status":"closed","sticky":false,"template":"","format":"standard","meta":{"_acf_changed":false,"episode_type":"","audio_file":"","cover_image":"","cover_image_id":"","duration":"","filesize":"","date_recorded":"","explicit":"","block":"","itunes_episode_number":"","itunes_title":"","itunes_season_number":"","itunes_episode_type":"","filesize_raw":"","footnotes":""},"categories":[17],"tags":[1897,1898,1899],"class_list":["post-26996","post","type-post","status-publish","format-standard","has-post-thumbnail","hentry","category-news-it","tag-cooperativa-sociale-servizi-associati","tag-cssa","tag-includere-per-crescere"],"acf":[],"yoast_head":"<!-- This site is optimized with the Yoast SEO plugin v26.1.1 - https:\/\/yoast.com\/wordpress\/plugins\/seo\/ -->\n<title>Accompagnamento e visione strategica - Euricse<\/title>\n<meta name=\"description\" content=\"\u00c8 partito ad aprile \u201cIncludere per crescere\u201d, il percorso formativo e di accompagnamento progettato da\u00a0EURICSE\u00a0per la\u00a0Cooperativa Sociale Servizi Associati\u00a0(CSSA), da poco entrata a far parte dei Membri Ordinari del nostro Istituto.\" \/>\n<meta name=\"robots\" content=\"index, follow, max-snippet:-1, max-image-preview:large, max-video-preview:-1\" \/>\n<link rel=\"canonical\" href=\"https:\/\/euricse.eu\/it\/accompagnamento-e-visione-strategica\/\" \/>\n<meta property=\"og:locale\" content=\"it_IT\" \/>\n<meta property=\"og:type\" content=\"article\" \/>\n<meta property=\"og:title\" content=\"Accompagnamento e visione strategica - Euricse\" \/>\n<meta property=\"og:description\" content=\"\u00c8 partito ad aprile \u201cIncludere per crescere\u201d, il percorso formativo e di accompagnamento progettato da\u00a0EURICSE\u00a0per la\u00a0Cooperativa Sociale Servizi Associati\u00a0(CSSA), da poco entrata a far parte dei Membri Ordinari del nostro Istituto.\" \/>\n<meta property=\"og:url\" content=\"https:\/\/euricse.eu\/it\/accompagnamento-e-visione-strategica\/\" \/>\n<meta property=\"og:site_name\" content=\"Euricse\" \/>\n<meta property=\"article:published_time\" content=\"2025-04-30T09:45:54+00:00\" \/>\n<meta property=\"article:modified_time\" content=\"2025-04-30T09:58:30+00:00\" \/>\n<meta property=\"og:image\" content=\"https:\/\/euricse.eu\/wp-content\/uploads\/2025\/04\/CSSA-1.png\" \/>\n\t<meta property=\"og:image:width\" content=\"225\" \/>\n\t<meta property=\"og:image:height\" content=\"225\" \/>\n\t<meta property=\"og:image:type\" content=\"image\/png\" \/>\n<meta name=\"author\" content=\"comunicazione\" \/>\n<meta name=\"twitter:card\" content=\"summary_large_image\" \/>\n<meta name=\"twitter:label1\" content=\"Scritto da\" \/>\n\t<meta name=\"twitter:data1\" content=\"comunicazione\" \/>\n\t<meta name=\"twitter:label2\" content=\"Tempo di lettura stimato\" \/>\n\t<meta name=\"twitter:data2\" content=\"1 minuto\" \/>\n<script type=\"application\/ld+json\" class=\"yoast-schema-graph\">{\"@context\":\"https:\/\/schema.org\",\"@graph\":[{\"@type\":\"WebPage\",\"@id\":\"https:\/\/euricse.eu\/it\/accompagnamento-e-visione-strategica\/\",\"url\":\"https:\/\/euricse.eu\/it\/accompagnamento-e-visione-strategica\/\",\"name\":\"Accompagnamento e visione strategica - Euricse\",\"isPartOf\":{\"@id\":\"https:\/\/euricse.eu\/en\/#website\"},\"primaryImageOfPage\":{\"@id\":\"https:\/\/euricse.eu\/it\/accompagnamento-e-visione-strategica\/#primaryimage\"},\"image\":{\"@id\":\"https:\/\/euricse.eu\/it\/accompagnamento-e-visione-strategica\/#primaryimage\"},\"thumbnailUrl\":\"https:\/\/euricse.eu\/wp-content\/uploads\/2025\/04\/CSSA-1.png\",\"datePublished\":\"2025-04-30T09:45:54+00:00\",\"dateModified\":\"2025-04-30T09:58:30+00:00\",\"author\":{\"@id\":\"https:\/\/euricse.eu\/en\/#\/schema\/person\/a6fb65fc189d71297f81c1e7bad30b9b\"},\"description\":\"\u00c8 partito ad aprile \u201cIncludere per crescere\u201d, il percorso formativo e di accompagnamento progettato da\u00a0EURICSE\u00a0per la\u00a0Cooperativa Sociale Servizi Associati\u00a0(CSSA), da poco entrata a far parte dei Membri Ordinari del nostro Istituto.\",\"breadcrumb\":{\"@id\":\"https:\/\/euricse.eu\/it\/accompagnamento-e-visione-strategica\/#breadcrumb\"},\"inLanguage\":\"it-IT\",\"potentialAction\":[{\"@type\":\"ReadAction\",\"target\":[\"https:\/\/euricse.eu\/it\/accompagnamento-e-visione-strategica\/\"]}]},{\"@type\":\"ImageObject\",\"inLanguage\":\"it-IT\",\"@id\":\"https:\/\/euricse.eu\/it\/accompagnamento-e-visione-strategica\/#primaryimage\",\"url\":\"https:\/\/euricse.eu\/wp-content\/uploads\/2025\/04\/CSSA-1.png\",\"contentUrl\":\"https:\/\/euricse.eu\/wp-content\/uploads\/2025\/04\/CSSA-1.png\",\"width\":225,\"height\":225},{\"@type\":\"BreadcrumbList\",\"@id\":\"https:\/\/euricse.eu\/it\/accompagnamento-e-visione-strategica\/#breadcrumb\",\"itemListElement\":[{\"@type\":\"ListItem\",\"position\":1,\"name\":\"Home\",\"item\":\"https:\/\/euricse.eu\/it\/\"},{\"@type\":\"ListItem\",\"position\":2,\"name\":\"Accompagnamento e visione strategica\"}]},{\"@type\":\"WebSite\",\"@id\":\"https:\/\/euricse.eu\/en\/#website\",\"url\":\"https:\/\/euricse.eu\/en\/\",\"name\":\"Euricse\",\"description\":\"Knowledge and innovation for cooperative and social enterprises.\",\"potentialAction\":[{\"@type\":\"SearchAction\",\"target\":{\"@type\":\"EntryPoint\",\"urlTemplate\":\"https:\/\/euricse.eu\/en\/?s={search_term_string}\"},\"query-input\":{\"@type\":\"PropertyValueSpecification\",\"valueRequired\":true,\"valueName\":\"search_term_string\"}}],\"inLanguage\":\"it-IT\"},{\"@type\":\"Person\",\"@id\":\"https:\/\/euricse.eu\/en\/#\/schema\/person\/a6fb65fc189d71297f81c1e7bad30b9b\",\"name\":\"comunicazione\",\"image\":{\"@type\":\"ImageObject\",\"inLanguage\":\"it-IT\",\"@id\":\"https:\/\/euricse.eu\/en\/#\/schema\/person\/image\/\",\"url\":\"https:\/\/secure.gravatar.com\/avatar\/7ac8e85cb1bd3ac912e2d8be2823f83faf319f680b909bfda1cb0b8239c97a6e?s=96&d=mm&r=g\",\"contentUrl\":\"https:\/\/secure.gravatar.com\/avatar\/7ac8e85cb1bd3ac912e2d8be2823f83faf319f680b909bfda1cb0b8239c97a6e?s=96&d=mm&r=g\",\"caption\":\"comunicazione\"},\"url\":\"https:\/\/euricse.eu\/it\/author\/comunicazione\/\"}]}<\/script>\n<!-- \/ Yoast SEO plugin. -->","yoast_head_json":{"title":"Accompagnamento e visione strategica - Euricse","description":"\u00c8 partito ad aprile \u201cIncludere per crescere\u201d, il percorso formativo e di accompagnamento progettato da\u00a0EURICSE\u00a0per la\u00a0Cooperativa Sociale Servizi Associati\u00a0(CSSA), da poco entrata a far parte dei Membri Ordinari del nostro Istituto.","robots":{"index":"index","follow":"follow","max-snippet":"max-snippet:-1","max-image-preview":"max-image-preview:large","max-video-preview":"max-video-preview:-1"},"canonical":"https:\/\/euricse.eu\/it\/accompagnamento-e-visione-strategica\/","og_locale":"it_IT","og_type":"article","og_title":"Accompagnamento e visione strategica - Euricse","og_description":"\u00c8 partito ad aprile \u201cIncludere per crescere\u201d, il percorso formativo e di accompagnamento progettato da\u00a0EURICSE\u00a0per la\u00a0Cooperativa Sociale Servizi Associati\u00a0(CSSA), da poco entrata a far parte dei Membri Ordinari del nostro Istituto.","og_url":"https:\/\/euricse.eu\/it\/accompagnamento-e-visione-strategica\/","og_site_name":"Euricse","article_published_time":"2025-04-30T09:45:54+00:00","article_modified_time":"2025-04-30T09:58:30+00:00","og_image":[{"width":225,"height":225,"url":"https:\/\/euricse.eu\/wp-content\/uploads\/2025\/04\/CSSA-1.png","type":"image\/png"}],"author":"comunicazione","twitter_card":"summary_large_image","twitter_misc":{"Scritto da":"comunicazione","Tempo di lettura stimato":"1 minuto"},"schema":{"@context":"https:\/\/schema.org","@graph":[{"@type":"WebPage","@id":"https:\/\/euricse.eu\/it\/accompagnamento-e-visione-strategica\/","url":"https:\/\/euricse.eu\/it\/accompagnamento-e-visione-strategica\/","name":"Accompagnamento e visione strategica - Euricse","isPartOf":{"@id":"https:\/\/euricse.eu\/en\/#website"},"primaryImageOfPage":{"@id":"https:\/\/euricse.eu\/it\/accompagnamento-e-visione-strategica\/#primaryimage"},"image":{"@id":"https:\/\/euricse.eu\/it\/accompagnamento-e-visione-strategica\/#primaryimage"},"thumbnailUrl":"https:\/\/euricse.eu\/wp-content\/uploads\/2025\/04\/CSSA-1.png","datePublished":"2025-04-30T09:45:54+00:00","dateModified":"2025-04-30T09:58:30+00:00","author":{"@id":"https:\/\/euricse.eu\/en\/#\/schema\/person\/a6fb65fc189d71297f81c1e7bad30b9b"},"description":"\u00c8 partito ad aprile \u201cIncludere per crescere\u201d, il percorso formativo e di accompagnamento progettato da\u00a0EURICSE\u00a0per la\u00a0Cooperativa Sociale Servizi Associati\u00a0(CSSA), da poco entrata a far parte dei Membri Ordinari del nostro Istituto.","breadcrumb":{"@id":"https:\/\/euricse.eu\/it\/accompagnamento-e-visione-strategica\/#breadcrumb"},"inLanguage":"it-IT","potentialAction":[{"@type":"ReadAction","target":["https:\/\/euricse.eu\/it\/accompagnamento-e-visione-strategica\/"]}]},{"@type":"ImageObject","inLanguage":"it-IT","@id":"https:\/\/euricse.eu\/it\/accompagnamento-e-visione-strategica\/#primaryimage","url":"https:\/\/euricse.eu\/wp-content\/uploads\/2025\/04\/CSSA-1.png","contentUrl":"https:\/\/euricse.eu\/wp-content\/uploads\/2025\/04\/CSSA-1.png","width":225,"height":225},{"@type":"BreadcrumbList","@id":"https:\/\/euricse.eu\/it\/accompagnamento-e-visione-strategica\/#breadcrumb","itemListElement":[{"@type":"ListItem","position":1,"name":"Home","item":"https:\/\/euricse.eu\/it\/"},{"@type":"ListItem","position":2,"name":"Accompagnamento e visione strategica"}]},{"@type":"WebSite","@id":"https:\/\/euricse.eu\/en\/#website","url":"https:\/\/euricse.eu\/en\/","name":"Euricse","description":"Knowledge and innovation for cooperative and social enterprises.","potentialAction":[{"@type":"SearchAction","target":{"@type":"EntryPoint","urlTemplate":"https:\/\/euricse.eu\/en\/?s={search_term_string}"},"query-input":{"@type":"PropertyValueSpecification","valueRequired":true,"valueName":"search_term_string"}}],"inLanguage":"it-IT"},{"@type":"Person","@id":"https:\/\/euricse.eu\/en\/#\/schema\/person\/a6fb65fc189d71297f81c1e7bad30b9b","name":"comunicazione","image":{"@type":"ImageObject","inLanguage":"it-IT","@id":"https:\/\/euricse.eu\/en\/#\/schema\/person\/image\/","url":"https:\/\/secure.gravatar.com\/avatar\/7ac8e85cb1bd3ac912e2d8be2823f83faf319f680b909bfda1cb0b8239c97a6e?s=96&d=mm&r=g","contentUrl":"https:\/\/secure.gravatar.com\/avatar\/7ac8e85cb1bd3ac912e2d8be2823f83faf319f680b909bfda1cb0b8239c97a6e?s=96&d=mm&r=g","caption":"comunicazione"},"url":"https:\/\/euricse.eu\/it\/author\/comunicazione\/"}]}},"_links":{"self":[{"href":"https:\/\/euricse.eu\/it\/wp-json\/wp\/v2\/posts\/26996","targetHints":{"allow":["GET"]}}],"collection":[{"href":"https:\/\/euricse.eu\/it\/wp-json\/wp\/v2\/posts"}],"about":[{"href":"https:\/\/euricse.eu\/it\/wp-json\/wp\/v2\/types\/post"}],"author":[{"embeddable":true,"href":"https:\/\/euricse.eu\/it\/wp-json\/wp\/v2\/users\/35"}],"replies":[{"embeddable":true,"href":"https:\/\/euricse.eu\/it\/wp-json\/wp\/v2\/comments?post=26996"}],"version-history":[{"count":1,"href":"https:\/\/euricse.eu\/it\/wp-json\/wp\/v2\/posts\/26996\/revisions"}],"predecessor-version":[{"id":26997,"href":"https:\/\/euricse.eu\/it\/wp-json\/wp\/v2\/posts\/26996\/revisions\/26997"}],"wp:featuredmedia":[{"embeddable":true,"href":"https:\/\/euricse.eu\/it\/wp-json\/wp\/v2\/media\/27004"}],"wp:attachment":[{"href":"https:\/\/euricse.eu\/it\/wp-json\/wp\/v2\/media?parent=26996"}],"wp:term":[{"taxonomy":"category","embeddable":true,"href":"https:\/\/euricse.eu\/it\/wp-json\/wp\/v2\/categories?post=26996"},{"taxonomy":"post_tag","embeddable":true,"href":"https:\/\/euricse.eu\/it\/wp-json\/wp\/v2\/tags?post=26996"}],"curies":[{"name":"wp","href":"https:\/\/api.w.org\/{rel}","templated":true}]}}