{"id":27117,"date":"2025-05-19T15:23:11","date_gmt":"2025-05-19T14:23:11","guid":{"rendered":"https:\/\/euricse.eu\/?p=27117"},"modified":"2025-05-21T14:40:44","modified_gmt":"2025-05-21T13:40:44","slug":"a-trento-il-colloquio-internazionale-di-ricerca-sulle-cooperative","status":"publish","type":"post","link":"https:\/\/euricse.eu\/it\/a-trento-il-colloquio-internazionale-di-ricerca-sulle-cooperative\/","title":{"rendered":"A Trento il Colloquio Internazionale di ricerca sulle cooperative"},"content":{"rendered":"<p data-start=\"68\" data-end=\"258\">In occasione dell\u2019<strong data-start=\"86\" data-end=\"127\">Anno Internazionale delle Cooperative<\/strong>, EURICSE organizza il <strong data-start=\"150\" data-end=\"207\">Colloquio Internazionale di Ricerca sulle Cooperative<\/strong>, in programma a <strong data-start=\"224\" data-end=\"257\">Trento il 30 e 31 maggio 2025<\/strong>.<\/p>\n<p data-start=\"260\" data-end=\"768\">L\u2019iniziativa, articolata in due giornate ricche di contributi e discussioni, \u00e8 promossa in collaborazione con l\u2019<strong data-start=\"372\" data-end=\"453\">International Cooperative Alliance \u2013 Global Committee on Cooperative Research<\/strong>, la rete <strong data-start=\"463\" data-end=\"471\">EMES<\/strong>, <strong data-start=\"473\" data-end=\"497\">CIRIEC International<\/strong>, l\u2019<strong data-start=\"501\" data-end=\"525\">Universit\u00e0 di Trento<\/strong> e con il supporto della <strong data-start=\"550\" data-end=\"593\">Federazione Trentina della Cooperazione<\/strong>. Il colloquio rappresenta un\u2019importante occasione di confronto tra ricercatori e ricercatrici da tutto il mondo su questioni centrali per il futuro del movimento cooperativo.<\/p>\n<p data-start=\"770\" data-end=\"917\">L\u2019obiettivo \u00e8 rafforzare il ruolo delle cooperative all\u2019interno dell\u2019economia sociale e promuovere il dialogo scientifico a livello internazionale.<\/p>\n<p>Nel programma del Colloquio \u00e8 previsto un momento di particolare rilievo: <strong>venerd\u00ec 30 maggio 2025 alle ore 18.00<\/strong>, presso la sala conferenze della Facolt\u00e0 di Economia dell\u2019Universit\u00e0 di Trento (Via Inama 5), si terr\u00e0 la lecture dal titolo &#8220;<strong>Cooperative emerging practices and new research questions&#8221;.<\/strong><\/p>\n<p>Protagonista dell\u2019incontro sar\u00e0<strong> Jean-Louis Laville<\/strong>, economista, docente di Economia Solidale al CNAM di Parigi e membro della rete EMES, che interverr\u00e0 in collegamento online e in lingua inglese.<\/p>\n<p>La sessione sar\u00e0 introdotta e moderata da <strong>Luigi Bonatti<\/strong> (Universit\u00e0 di Trento), mentre\u00a0 <strong>Cynthia Giagnocavo<\/strong> (ICA CCR) e <strong>Carmen Marcuello<\/strong> (CIRIEC International) assumeranno il ruolo di discussant.<\/p>\n<p><strong>L&#8217;evento si terr\u00e0 in lingua inglese. La partecipazione \u00e8 gratuita, ma \u00e8 gradita la registrazione <a href=\"https:\/\/forms.gle\/jLokQzDqWTWneif47\">a questo link.<\/a>\u00a0<\/strong><\/p>\n<p>&nbsp;<\/p>\n","protected":false},"excerpt":{"rendered":"<p>In occasione dell\u2019Anno Internazionale delle Cooperative, EURICSE organizza a Trento il 30 e 31 maggio 2025 il Colloquio Internazionale di Ricerca sulle Cooperative, con la partecipazione in qualit\u00e0 di keynote speaker dell\u2019economista Jean-Louis Laville (CNAM Parigi, rete EMES). <\/p>\n","protected":false},"author":35,"featured_media":27212,"comment_status":"closed","ping_status":"closed","sticky":false,"template":"","format":"standard","meta":{"_acf_changed":false,"episode_type":"","audio_file":"","cover_image":"","cover_image_id":"","duration":"","filesize":"","date_recorded":"","explicit":"","block":"","itunes_episode_number":"","itunes_title":"","itunes_season_number":"","itunes_episode_type":"","filesize_raw":"","footnotes":""},"categories":[17],"tags":[1921,1922],"class_list":["post-27117","post","type-post","status-publish","format-standard","has-post-thumbnail","hentry","category-news-it","tag-colloquio-internazionale-di-ricerca-sulle-cooperative","tag-jean-louis-laville"],"acf":[],"yoast_head":"<!-- This site is optimized with the Yoast SEO plugin v26.1.1 - https:\/\/yoast.com\/wordpress\/plugins\/seo\/ -->\n<title>A Trento il Colloquio Internazionale di ricerca sulle cooperative - Euricse<\/title>\n<meta name=\"description\" content=\"In occasione dell\u2019Anno Internazionale delle Cooperative, EURICSE organizza a Trento il 30 e 31 maggio 2025 il Colloquio Internazionale di Ricerca sulle Cooperative, con la partecipazione, come keynote speaker, dell\u2019economista Jean-Louis Laville (CNAM Parigi, rete EMES).\" \/>\n<meta name=\"robots\" content=\"index, follow, max-snippet:-1, max-image-preview:large, max-video-preview:-1\" \/>\n<link rel=\"canonical\" href=\"https:\/\/euricse.eu\/it\/a-trento-il-colloquio-internazionale-di-ricerca-sulle-cooperative\/\" \/>\n<meta property=\"og:locale\" content=\"it_IT\" \/>\n<meta property=\"og:type\" content=\"article\" \/>\n<meta property=\"og:title\" content=\"A Trento il Colloquio Internazionale di ricerca sulle cooperative - Euricse\" \/>\n<meta property=\"og:description\" content=\"In occasione dell\u2019Anno Internazionale delle Cooperative, EURICSE organizza a Trento il 30 e 31 maggio 2025 il Colloquio Internazionale di Ricerca sulle Cooperative, con la partecipazione, come keynote speaker, dell\u2019economista Jean-Louis Laville (CNAM Parigi, rete EMES).\" \/>\n<meta property=\"og:url\" content=\"https:\/\/euricse.eu\/it\/a-trento-il-colloquio-internazionale-di-ricerca-sulle-cooperative\/\" \/>\n<meta property=\"og:site_name\" content=\"Euricse\" \/>\n<meta property=\"article:published_time\" content=\"2025-05-19T14:23:11+00:00\" \/>\n<meta property=\"article:modified_time\" content=\"2025-05-21T13:40:44+00:00\" \/>\n<meta property=\"og:image\" content=\"https:\/\/euricse.eu\/wp-content\/uploads\/2025\/05\/Panel_Key-Note-Speech.jpg\" \/>\n\t<meta property=\"og:image:width\" content=\"1080\" \/>\n\t<meta property=\"og:image:height\" content=\"1080\" \/>\n\t<meta property=\"og:image:type\" content=\"image\/jpeg\" \/>\n<meta name=\"author\" content=\"comunicazione\" \/>\n<meta name=\"twitter:card\" content=\"summary_large_image\" \/>\n<meta name=\"twitter:label1\" content=\"Scritto da\" \/>\n\t<meta name=\"twitter:data1\" content=\"comunicazione\" \/>\n\t<meta name=\"twitter:label2\" content=\"Tempo di lettura stimato\" \/>\n\t<meta name=\"twitter:data2\" content=\"2 minuti\" \/>\n<script type=\"application\/ld+json\" class=\"yoast-schema-graph\">{\"@context\":\"https:\/\/schema.org\",\"@graph\":[{\"@type\":\"WebPage\",\"@id\":\"https:\/\/euricse.eu\/it\/a-trento-il-colloquio-internazionale-di-ricerca-sulle-cooperative\/\",\"url\":\"https:\/\/euricse.eu\/it\/a-trento-il-colloquio-internazionale-di-ricerca-sulle-cooperative\/\",\"name\":\"A Trento il Colloquio Internazionale di ricerca sulle cooperative - Euricse\",\"isPartOf\":{\"@id\":\"https:\/\/euricse.eu\/en\/#website\"},\"primaryImageOfPage\":{\"@id\":\"https:\/\/euricse.eu\/it\/a-trento-il-colloquio-internazionale-di-ricerca-sulle-cooperative\/#primaryimage\"},\"image\":{\"@id\":\"https:\/\/euricse.eu\/it\/a-trento-il-colloquio-internazionale-di-ricerca-sulle-cooperative\/#primaryimage\"},\"thumbnailUrl\":\"https:\/\/euricse.eu\/wp-content\/uploads\/2025\/05\/Panel_Key-Note-Speech.jpg\",\"datePublished\":\"2025-05-19T14:23:11+00:00\",\"dateModified\":\"2025-05-21T13:40:44+00:00\",\"author\":{\"@id\":\"https:\/\/euricse.eu\/en\/#\/schema\/person\/a6fb65fc189d71297f81c1e7bad30b9b\"},\"description\":\"In occasione dell\u2019Anno Internazionale delle Cooperative, EURICSE organizza a Trento il 30 e 31 maggio 2025 il Colloquio Internazionale di Ricerca sulle Cooperative, con la partecipazione, come keynote speaker, dell\u2019economista Jean-Louis Laville (CNAM Parigi, rete EMES).\",\"breadcrumb\":{\"@id\":\"https:\/\/euricse.eu\/it\/a-trento-il-colloquio-internazionale-di-ricerca-sulle-cooperative\/#breadcrumb\"},\"inLanguage\":\"it-IT\",\"potentialAction\":[{\"@type\":\"ReadAction\",\"target\":[\"https:\/\/euricse.eu\/it\/a-trento-il-colloquio-internazionale-di-ricerca-sulle-cooperative\/\"]}]},{\"@type\":\"ImageObject\",\"inLanguage\":\"it-IT\",\"@id\":\"https:\/\/euricse.eu\/it\/a-trento-il-colloquio-internazionale-di-ricerca-sulle-cooperative\/#primaryimage\",\"url\":\"https:\/\/euricse.eu\/wp-content\/uploads\/2025\/05\/Panel_Key-Note-Speech.jpg\",\"contentUrl\":\"https:\/\/euricse.eu\/wp-content\/uploads\/2025\/05\/Panel_Key-Note-Speech.jpg\",\"width\":1080,\"height\":1080},{\"@type\":\"BreadcrumbList\",\"@id\":\"https:\/\/euricse.eu\/it\/a-trento-il-colloquio-internazionale-di-ricerca-sulle-cooperative\/#breadcrumb\",\"itemListElement\":[{\"@type\":\"ListItem\",\"position\":1,\"name\":\"Home\",\"item\":\"https:\/\/euricse.eu\/it\/\"},{\"@type\":\"ListItem\",\"position\":2,\"name\":\"A Trento il Colloquio Internazionale di ricerca sulle cooperative\"}]},{\"@type\":\"WebSite\",\"@id\":\"https:\/\/euricse.eu\/en\/#website\",\"url\":\"https:\/\/euricse.eu\/en\/\",\"name\":\"Euricse\",\"description\":\"Knowledge and innovation for cooperative and social enterprises.\",\"potentialAction\":[{\"@type\":\"SearchAction\",\"target\":{\"@type\":\"EntryPoint\",\"urlTemplate\":\"https:\/\/euricse.eu\/en\/?s={search_term_string}\"},\"query-input\":{\"@type\":\"PropertyValueSpecification\",\"valueRequired\":true,\"valueName\":\"search_term_string\"}}],\"inLanguage\":\"it-IT\"},{\"@type\":\"Person\",\"@id\":\"https:\/\/euricse.eu\/en\/#\/schema\/person\/a6fb65fc189d71297f81c1e7bad30b9b\",\"name\":\"comunicazione\",\"image\":{\"@type\":\"ImageObject\",\"inLanguage\":\"it-IT\",\"@id\":\"https:\/\/euricse.eu\/en\/#\/schema\/person\/image\/\",\"url\":\"https:\/\/secure.gravatar.com\/avatar\/7ac8e85cb1bd3ac912e2d8be2823f83faf319f680b909bfda1cb0b8239c97a6e?s=96&d=mm&r=g\",\"contentUrl\":\"https:\/\/secure.gravatar.com\/avatar\/7ac8e85cb1bd3ac912e2d8be2823f83faf319f680b909bfda1cb0b8239c97a6e?s=96&d=mm&r=g\",\"caption\":\"comunicazione\"},\"url\":\"https:\/\/euricse.eu\/it\/author\/comunicazione\/\"}]}<\/script>\n<!-- \/ Yoast SEO plugin. -->","yoast_head_json":{"title":"A Trento il Colloquio Internazionale di ricerca sulle cooperative - Euricse","description":"In occasione dell\u2019Anno Internazionale delle Cooperative, EURICSE organizza a Trento il 30 e 31 maggio 2025 il Colloquio Internazionale di Ricerca sulle Cooperative, con la partecipazione, come keynote speaker, dell\u2019economista Jean-Louis Laville (CNAM Parigi, rete EMES).","robots":{"index":"index","follow":"follow","max-snippet":"max-snippet:-1","max-image-preview":"max-image-preview:large","max-video-preview":"max-video-preview:-1"},"canonical":"https:\/\/euricse.eu\/it\/a-trento-il-colloquio-internazionale-di-ricerca-sulle-cooperative\/","og_locale":"it_IT","og_type":"article","og_title":"A Trento il Colloquio Internazionale di ricerca sulle cooperative - Euricse","og_description":"In occasione dell\u2019Anno Internazionale delle Cooperative, EURICSE organizza a Trento il 30 e 31 maggio 2025 il Colloquio Internazionale di Ricerca sulle Cooperative, con la partecipazione, come keynote speaker, dell\u2019economista Jean-Louis Laville (CNAM Parigi, rete EMES).","og_url":"https:\/\/euricse.eu\/it\/a-trento-il-colloquio-internazionale-di-ricerca-sulle-cooperative\/","og_site_name":"Euricse","article_published_time":"2025-05-19T14:23:11+00:00","article_modified_time":"2025-05-21T13:40:44+00:00","og_image":[{"width":1080,"height":1080,"url":"https:\/\/euricse.eu\/wp-content\/uploads\/2025\/05\/Panel_Key-Note-Speech.jpg","type":"image\/jpeg"}],"author":"comunicazione","twitter_card":"summary_large_image","twitter_misc":{"Scritto da":"comunicazione","Tempo di lettura stimato":"2 minuti"},"schema":{"@context":"https:\/\/schema.org","@graph":[{"@type":"WebPage","@id":"https:\/\/euricse.eu\/it\/a-trento-il-colloquio-internazionale-di-ricerca-sulle-cooperative\/","url":"https:\/\/euricse.eu\/it\/a-trento-il-colloquio-internazionale-di-ricerca-sulle-cooperative\/","name":"A Trento il Colloquio Internazionale di ricerca sulle cooperative - Euricse","isPartOf":{"@id":"https:\/\/euricse.eu\/en\/#website"},"primaryImageOfPage":{"@id":"https:\/\/euricse.eu\/it\/a-trento-il-colloquio-internazionale-di-ricerca-sulle-cooperative\/#primaryimage"},"image":{"@id":"https:\/\/euricse.eu\/it\/a-trento-il-colloquio-internazionale-di-ricerca-sulle-cooperative\/#primaryimage"},"thumbnailUrl":"https:\/\/euricse.eu\/wp-content\/uploads\/2025\/05\/Panel_Key-Note-Speech.jpg","datePublished":"2025-05-19T14:23:11+00:00","dateModified":"2025-05-21T13:40:44+00:00","author":{"@id":"https:\/\/euricse.eu\/en\/#\/schema\/person\/a6fb65fc189d71297f81c1e7bad30b9b"},"description":"In occasione dell\u2019Anno Internazionale delle Cooperative, EURICSE organizza a Trento il 30 e 31 maggio 2025 il Colloquio Internazionale di Ricerca sulle Cooperative, con la partecipazione, come keynote speaker, dell\u2019economista Jean-Louis Laville (CNAM Parigi, rete EMES).","breadcrumb":{"@id":"https:\/\/euricse.eu\/it\/a-trento-il-colloquio-internazionale-di-ricerca-sulle-cooperative\/#breadcrumb"},"inLanguage":"it-IT","potentialAction":[{"@type":"ReadAction","target":["https:\/\/euricse.eu\/it\/a-trento-il-colloquio-internazionale-di-ricerca-sulle-cooperative\/"]}]},{"@type":"ImageObject","inLanguage":"it-IT","@id":"https:\/\/euricse.eu\/it\/a-trento-il-colloquio-internazionale-di-ricerca-sulle-cooperative\/#primaryimage","url":"https:\/\/euricse.eu\/wp-content\/uploads\/2025\/05\/Panel_Key-Note-Speech.jpg","contentUrl":"https:\/\/euricse.eu\/wp-content\/uploads\/2025\/05\/Panel_Key-Note-Speech.jpg","width":1080,"height":1080},{"@type":"BreadcrumbList","@id":"https:\/\/euricse.eu\/it\/a-trento-il-colloquio-internazionale-di-ricerca-sulle-cooperative\/#breadcrumb","itemListElement":[{"@type":"ListItem","position":1,"name":"Home","item":"https:\/\/euricse.eu\/it\/"},{"@type":"ListItem","position":2,"name":"A Trento il Colloquio Internazionale di ricerca sulle cooperative"}]},{"@type":"WebSite","@id":"https:\/\/euricse.eu\/en\/#website","url":"https:\/\/euricse.eu\/en\/","name":"Euricse","description":"Knowledge and innovation for cooperative and social enterprises.","potentialAction":[{"@type":"SearchAction","target":{"@type":"EntryPoint","urlTemplate":"https:\/\/euricse.eu\/en\/?s={search_term_string}"},"query-input":{"@type":"PropertyValueSpecification","valueRequired":true,"valueName":"search_term_string"}}],"inLanguage":"it-IT"},{"@type":"Person","@id":"https:\/\/euricse.eu\/en\/#\/schema\/person\/a6fb65fc189d71297f81c1e7bad30b9b","name":"comunicazione","image":{"@type":"ImageObject","inLanguage":"it-IT","@id":"https:\/\/euricse.eu\/en\/#\/schema\/person\/image\/","url":"https:\/\/secure.gravatar.com\/avatar\/7ac8e85cb1bd3ac912e2d8be2823f83faf319f680b909bfda1cb0b8239c97a6e?s=96&d=mm&r=g","contentUrl":"https:\/\/secure.gravatar.com\/avatar\/7ac8e85cb1bd3ac912e2d8be2823f83faf319f680b909bfda1cb0b8239c97a6e?s=96&d=mm&r=g","caption":"comunicazione"},"url":"https:\/\/euricse.eu\/it\/author\/comunicazione\/"}]}},"_links":{"self":[{"href":"https:\/\/euricse.eu\/it\/wp-json\/wp\/v2\/posts\/27117","targetHints":{"allow":["GET"]}}],"collection":[{"href":"https:\/\/euricse.eu\/it\/wp-json\/wp\/v2\/posts"}],"about":[{"href":"https:\/\/euricse.eu\/it\/wp-json\/wp\/v2\/types\/post"}],"author":[{"embeddable":true,"href":"https:\/\/euricse.eu\/it\/wp-json\/wp\/v2\/users\/35"}],"replies":[{"embeddable":true,"href":"https:\/\/euricse.eu\/it\/wp-json\/wp\/v2\/comments?post=27117"}],"version-history":[{"count":7,"href":"https:\/\/euricse.eu\/it\/wp-json\/wp\/v2\/posts\/27117\/revisions"}],"predecessor-version":[{"id":27228,"href":"https:\/\/euricse.eu\/it\/wp-json\/wp\/v2\/posts\/27117\/revisions\/27228"}],"wp:featuredmedia":[{"embeddable":true,"href":"https:\/\/euricse.eu\/it\/wp-json\/wp\/v2\/media\/27212"}],"wp:attachment":[{"href":"https:\/\/euricse.eu\/it\/wp-json\/wp\/v2\/media?parent=27117"}],"wp:term":[{"taxonomy":"category","embeddable":true,"href":"https:\/\/euricse.eu\/it\/wp-json\/wp\/v2\/categories?post=27117"},{"taxonomy":"post_tag","embeddable":true,"href":"https:\/\/euricse.eu\/it\/wp-json\/wp\/v2\/tags?post=27117"}],"curies":[{"name":"wp","href":"https:\/\/api.w.org\/{rel}","templated":true}]}}