{"id":27249,"date":"2025-05-27T07:47:35","date_gmt":"2025-05-27T06:47:35","guid":{"rendered":"https:\/\/euricse.eu\/?p=27249"},"modified":"2025-05-27T11:43:31","modified_gmt":"2025-05-27T10:43:31","slug":"finanziata-dal-mur-la-ricerca-nazionale-sulleconomia-sociale-e-la-salute-territoriale","status":"publish","type":"post","link":"https:\/\/euricse.eu\/it\/finanziata-dal-mur-la-ricerca-nazionale-sulleconomia-sociale-e-la-salute-territoriale\/","title":{"rendered":"Finanziata dal MUR la ricerca nazionale sull\u2019economia sociale e la salute territoriale"},"content":{"rendered":"<p style=\"text-align: left;\">L\u2019European Research Institute on Cooperative and Social Enterprises (EURICSE) avvia una nuova ricerca, finanziata con 460.000 euro dal Ministero dell\u2019Universit\u00e0 e della Ricerca (MUR) nell\u2019ambito del Fondo per la Ricerca in campo Economico e Sociale. Il progetto, della durata di due anni e in partenza a giugno, analizzer\u00e0 il contributo delle organizzazioni dell\u2019economia sociale all\u2019integrazione socio-sanitaria, con l\u2019obiettivo di rafforzare i servizi territoriali. Lo studio prevede una mappatura nazionale, l\u2019analisi di modelli organizzativi e di governance e una fase di indagine sul campo in collaborazione con partner scientifici e reti del Terzo Settore. Saranno impiegate metodologie quantitative e qualitative per valutare le forme di collaborazione tra pubblico e economia sociale. I risultati saranno diffusi attraverso pubblicazioni, eventi e un repository online di buone pratiche.<\/p>\n<p>&nbsp;<\/p>\n<p style=\"text-align: left;\">Il progetto si articoler\u00e0 in diverse fasi. Si partir\u00e0 da una <strong>mappatura aggiornata<\/strong> a livello nazionale delle organizzazioni dell\u2019economia sociale attive nei servizi socio-sanitari, per misurarne il peso, analizzarne l\u2019evoluzione e cogliere le dinamiche post-pandemiche. Seguir\u00e0 un\u2019indagine approfondita sui <strong>modelli organizzativi <\/strong>e sulle <strong>forme di collaborazione<\/strong> con le pubbliche amministrazioni, con un\u2019attenzione particolare a quei contesti in cui l\u2019integrazione socio-sanitaria \u00e8 stata sperimentata con successo. Un\u2019<strong>indagine <\/strong>coinvolger\u00e0 un ampio campione di organizzazioni, per raccogliere dati su innovazione, digitalizzazione, co-progettazione e risposte ai bisogni emergenti. La fase successiva vedr\u00e0 la realizzazione di <strong>casi studio<\/strong> su esperienze significative, con l\u2019obiettivo di identificare <strong>modelli replicabili<\/strong>, anche attraverso il ruolo strategico delle <strong>Case della Comunit\u00e0<\/strong> e delle politiche locali orientate alla prossimit\u00e0. La ricerca sar\u00e0 accompagnata da <strong>attivit\u00e0 di disseminazione<\/strong> attraverso pubblicazioni e articoli, eventi sul territorio e una conferenza conclusiva, oltre alla creazione di un database nazionale di buone pratiche accessibile online.<\/p>\n<p style=\"text-align: left;\">Il progetto sar\u00e0 coordinato da un <strong>team multidisciplinare <\/strong>coordinato da <strong>quattro ricercatori senior di EURICSE<\/strong>, con lunga esperienza sui temi dell\u2019economia sociale, del welfare e della salute. Collaboreranno al progetto il <strong>Centro di Salute Internazionale e Interculturale<\/strong>, in qualit\u00e0 di partner scientifico, e un <strong>Comitato scientifico<\/strong> di esperti ed accademici che garantir\u00e0 la qualit\u00e0 metodologica. Fondamentale sar\u00e0 il contributo delle reti dell\u2019economia sociale, per facilitare il dialogo tra attori locali e diffondere soluzioni innovative.<\/p>\n<p style=\"text-align: left;\">Questa iniziativa si inserisce in un pi\u00f9 ampio processo di ripensamento e riqualificazione dei servizi sanitari e socioassistenziali in Italia, proseguendo un filone di ricerca che EURICSE porta avanti sin dall\u2019inizio della pandemia. L\u2019Istituto ha approfondito nel tempo <strong>l\u2019evoluzione dei modelli di cura<\/strong>, le pratiche di co-programmazione e co-progettazione tra enti pubblici e organizzazioni dell\u2019economia sociale, e il ruolo di queste ultime nei contesti pi\u00f9 vulnerabili. Le analisi condotte mostrano come la collaborazione tra istituzioni, comunit\u00e0 e attori dell\u2019economia sociale possa generare risposte pi\u00f9 efficaci, flessibili e radicate nei territori. Pi\u00f9 recentemente, EURICSE ha esteso il proprio ambito di ricerca a temi emergenti come le <strong>motivazioni dei lavoratori<\/strong> \u2013 in particolare dei giovani \u2013 nelle cooperative sociali attive nelle professioni di cura, l\u2019<strong>analisi comparata e territoriale<\/strong> del <strong>comparto socio-sanitario<\/strong> in Italia e in Europa, e l\u2019<strong>innovazione nei modelli di welfare locale.<\/strong><\/p>\n<p style=\"text-align: left;\">\u00abQuesto progetto di ricerca \u2013 sottolinea <strong>Gianluca Salvatori<\/strong>, segretario generale di EURICSE \u2013 rappresenta un\u2019opportunit\u00e0 concreta per portare alla luce il potenziale, spesso poco riconosciuto, delle organizzazioni dell\u2019economia sociale nell\u2019affrontare sfide complesse come l\u2019integrazione tra sanit\u00e0 e assistenza. Non si tratta solo di raccogliere dati o produrre nuova conoscenza, ma di fornire strumenti utili per orientare le politiche pubbliche verso modelli pi\u00f9 efficaci, collaborativi e radicati nei territori. In un momento in cui il sistema di welfare ha bisogno di essere ripensato in chiave territoriale e integrata, l\u2019economia sociale pu\u00f2 offrire risposte innovative e sostenibili, soprattutto nei contesti pi\u00f9 fragili\u00bb.<\/p>\n","protected":false},"excerpt":{"rendered":"<p>EURICSE avvia una nuova ricerca, finanziata dal MUR, nell&#8217;ambito del Fondo per la Ricerca in campo Economico e Sociale. Il progetto analizzer\u00e0 il contributo delle organizzazioni dell\u2019economia sociale all\u2019integrazione socio-sanitaria, con l\u2019obiettivo di rafforzare i servizi territoriali. <\/p>\n","protected":false},"author":35,"featured_media":27250,"comment_status":"closed","ping_status":"closed","sticky":false,"template":"","format":"standard","meta":{"_acf_changed":false,"episode_type":"","audio_file":"","cover_image":"","cover_image_id":"","duration":"","filesize":"","date_recorded":"","explicit":"","block":"","itunes_episode_number":"","itunes_title":"","itunes_season_number":"","itunes_episode_type":"","filesize_raw":"","footnotes":""},"categories":[17],"tags":[121,1051,1933],"class_list":["post-27249","post","type-post","status-publish","format-standard","has-post-thumbnail","hentry","category-news-it","tag-economia-sociale","tag-integrazione-socio-sanitaria","tag-servizi-territoriali"],"acf":[],"yoast_head":"<!-- This site is optimized with the Yoast SEO plugin v26.1.1 - https:\/\/yoast.com\/wordpress\/plugins\/seo\/ -->\n<title>Finanziata dal MUR la ricerca nazionale sull\u2019economia sociale e la salute territoriale - Euricse<\/title>\n<meta name=\"description\" content=\"EURICSE avvia una nuova ricerca, finanziata dal MUR, nell&#039;ambito del Fondo per la Ricerca in campo Economico e Sociale. Il progetto analizzer\u00e0 il contributo delle organizzazioni dell\u2019economia sociale all\u2019integrazione socio-sanitaria, con l\u2019obiettivo di rafforzare i servizi territoriali.\" \/>\n<meta name=\"robots\" content=\"index, follow, max-snippet:-1, max-image-preview:large, max-video-preview:-1\" \/>\n<link rel=\"canonical\" href=\"https:\/\/euricse.eu\/it\/finanziata-dal-mur-la-ricerca-nazionale-sulleconomia-sociale-e-la-salute-territoriale\/\" \/>\n<meta property=\"og:locale\" content=\"it_IT\" \/>\n<meta property=\"og:type\" content=\"article\" \/>\n<meta property=\"og:title\" content=\"Finanziata dal MUR la ricerca nazionale sull\u2019economia sociale e la salute territoriale - Euricse\" \/>\n<meta property=\"og:description\" content=\"EURICSE avvia una nuova ricerca, finanziata dal MUR, nell&#039;ambito del Fondo per la Ricerca in campo Economico e Sociale. Il progetto analizzer\u00e0 il contributo delle organizzazioni dell\u2019economia sociale all\u2019integrazione socio-sanitaria, con l\u2019obiettivo di rafforzare i servizi territoriali.\" \/>\n<meta property=\"og:url\" content=\"https:\/\/euricse.eu\/it\/finanziata-dal-mur-la-ricerca-nazionale-sulleconomia-sociale-e-la-salute-territoriale\/\" \/>\n<meta property=\"og:site_name\" content=\"Euricse\" \/>\n<meta property=\"article:published_time\" content=\"2025-05-27T06:47:35+00:00\" \/>\n<meta property=\"article:modified_time\" content=\"2025-05-27T10:43:31+00:00\" \/>\n<meta property=\"og:image\" content=\"https:\/\/euricse.eu\/wp-content\/uploads\/2025\/05\/Ricerca-nazionalem-sulleconomia-sociale-e-sulla-sanita-territoriale.jpg\" \/>\n\t<meta property=\"og:image:width\" content=\"1280\" \/>\n\t<meta property=\"og:image:height\" content=\"720\" \/>\n\t<meta property=\"og:image:type\" content=\"image\/jpeg\" \/>\n<meta name=\"author\" content=\"comunicazione\" \/>\n<meta name=\"twitter:card\" content=\"summary_large_image\" \/>\n<meta name=\"twitter:label1\" content=\"Scritto da\" \/>\n\t<meta name=\"twitter:data1\" content=\"comunicazione\" \/>\n\t<meta name=\"twitter:label2\" content=\"Tempo di lettura stimato\" \/>\n\t<meta name=\"twitter:data2\" content=\"4 minuti\" \/>\n<script type=\"application\/ld+json\" class=\"yoast-schema-graph\">{\"@context\":\"https:\/\/schema.org\",\"@graph\":[{\"@type\":\"WebPage\",\"@id\":\"https:\/\/euricse.eu\/it\/finanziata-dal-mur-la-ricerca-nazionale-sulleconomia-sociale-e-la-salute-territoriale\/\",\"url\":\"https:\/\/euricse.eu\/it\/finanziata-dal-mur-la-ricerca-nazionale-sulleconomia-sociale-e-la-salute-territoriale\/\",\"name\":\"Finanziata dal MUR la ricerca nazionale sull\u2019economia sociale e la salute territoriale - Euricse\",\"isPartOf\":{\"@id\":\"https:\/\/euricse.eu\/en\/#website\"},\"primaryImageOfPage\":{\"@id\":\"https:\/\/euricse.eu\/it\/finanziata-dal-mur-la-ricerca-nazionale-sulleconomia-sociale-e-la-salute-territoriale\/#primaryimage\"},\"image\":{\"@id\":\"https:\/\/euricse.eu\/it\/finanziata-dal-mur-la-ricerca-nazionale-sulleconomia-sociale-e-la-salute-territoriale\/#primaryimage\"},\"thumbnailUrl\":\"https:\/\/euricse.eu\/wp-content\/uploads\/2025\/05\/Ricerca-nazionalem-sulleconomia-sociale-e-sulla-sanita-territoriale.jpg\",\"datePublished\":\"2025-05-27T06:47:35+00:00\",\"dateModified\":\"2025-05-27T10:43:31+00:00\",\"author\":{\"@id\":\"https:\/\/euricse.eu\/en\/#\/schema\/person\/a6fb65fc189d71297f81c1e7bad30b9b\"},\"description\":\"EURICSE avvia una nuova ricerca, finanziata dal MUR, nell'ambito del Fondo per la Ricerca in campo Economico e Sociale. Il progetto analizzer\u00e0 il contributo delle organizzazioni dell\u2019economia sociale all\u2019integrazione socio-sanitaria, con l\u2019obiettivo di rafforzare i servizi territoriali.\",\"breadcrumb\":{\"@id\":\"https:\/\/euricse.eu\/it\/finanziata-dal-mur-la-ricerca-nazionale-sulleconomia-sociale-e-la-salute-territoriale\/#breadcrumb\"},\"inLanguage\":\"it-IT\",\"potentialAction\":[{\"@type\":\"ReadAction\",\"target\":[\"https:\/\/euricse.eu\/it\/finanziata-dal-mur-la-ricerca-nazionale-sulleconomia-sociale-e-la-salute-territoriale\/\"]}]},{\"@type\":\"ImageObject\",\"inLanguage\":\"it-IT\",\"@id\":\"https:\/\/euricse.eu\/it\/finanziata-dal-mur-la-ricerca-nazionale-sulleconomia-sociale-e-la-salute-territoriale\/#primaryimage\",\"url\":\"https:\/\/euricse.eu\/wp-content\/uploads\/2025\/05\/Ricerca-nazionalem-sulleconomia-sociale-e-sulla-sanita-territoriale.jpg\",\"contentUrl\":\"https:\/\/euricse.eu\/wp-content\/uploads\/2025\/05\/Ricerca-nazionalem-sulleconomia-sociale-e-sulla-sanita-territoriale.jpg\",\"width\":1280,\"height\":720},{\"@type\":\"BreadcrumbList\",\"@id\":\"https:\/\/euricse.eu\/it\/finanziata-dal-mur-la-ricerca-nazionale-sulleconomia-sociale-e-la-salute-territoriale\/#breadcrumb\",\"itemListElement\":[{\"@type\":\"ListItem\",\"position\":1,\"name\":\"Home\",\"item\":\"https:\/\/euricse.eu\/it\/\"},{\"@type\":\"ListItem\",\"position\":2,\"name\":\"Finanziata dal MUR la ricerca nazionale sull\u2019economia sociale e la salute territoriale\"}]},{\"@type\":\"WebSite\",\"@id\":\"https:\/\/euricse.eu\/en\/#website\",\"url\":\"https:\/\/euricse.eu\/en\/\",\"name\":\"Euricse\",\"description\":\"Knowledge and innovation for cooperative and social enterprises.\",\"potentialAction\":[{\"@type\":\"SearchAction\",\"target\":{\"@type\":\"EntryPoint\",\"urlTemplate\":\"https:\/\/euricse.eu\/en\/?s={search_term_string}\"},\"query-input\":{\"@type\":\"PropertyValueSpecification\",\"valueRequired\":true,\"valueName\":\"search_term_string\"}}],\"inLanguage\":\"it-IT\"},{\"@type\":\"Person\",\"@id\":\"https:\/\/euricse.eu\/en\/#\/schema\/person\/a6fb65fc189d71297f81c1e7bad30b9b\",\"name\":\"comunicazione\",\"image\":{\"@type\":\"ImageObject\",\"inLanguage\":\"it-IT\",\"@id\":\"https:\/\/euricse.eu\/en\/#\/schema\/person\/image\/\",\"url\":\"https:\/\/secure.gravatar.com\/avatar\/7ac8e85cb1bd3ac912e2d8be2823f83faf319f680b909bfda1cb0b8239c97a6e?s=96&d=mm&r=g\",\"contentUrl\":\"https:\/\/secure.gravatar.com\/avatar\/7ac8e85cb1bd3ac912e2d8be2823f83faf319f680b909bfda1cb0b8239c97a6e?s=96&d=mm&r=g\",\"caption\":\"comunicazione\"},\"url\":\"https:\/\/euricse.eu\/it\/author\/comunicazione\/\"}]}<\/script>\n<!-- \/ Yoast SEO plugin. -->","yoast_head_json":{"title":"Finanziata dal MUR la ricerca nazionale sull\u2019economia sociale e la salute territoriale - Euricse","description":"EURICSE avvia una nuova ricerca, finanziata dal MUR, nell'ambito del Fondo per la Ricerca in campo Economico e Sociale. Il progetto analizzer\u00e0 il contributo delle organizzazioni dell\u2019economia sociale all\u2019integrazione socio-sanitaria, con l\u2019obiettivo di rafforzare i servizi territoriali.","robots":{"index":"index","follow":"follow","max-snippet":"max-snippet:-1","max-image-preview":"max-image-preview:large","max-video-preview":"max-video-preview:-1"},"canonical":"https:\/\/euricse.eu\/it\/finanziata-dal-mur-la-ricerca-nazionale-sulleconomia-sociale-e-la-salute-territoriale\/","og_locale":"it_IT","og_type":"article","og_title":"Finanziata dal MUR la ricerca nazionale sull\u2019economia sociale e la salute territoriale - Euricse","og_description":"EURICSE avvia una nuova ricerca, finanziata dal MUR, nell'ambito del Fondo per la Ricerca in campo Economico e Sociale. Il progetto analizzer\u00e0 il contributo delle organizzazioni dell\u2019economia sociale all\u2019integrazione socio-sanitaria, con l\u2019obiettivo di rafforzare i servizi territoriali.","og_url":"https:\/\/euricse.eu\/it\/finanziata-dal-mur-la-ricerca-nazionale-sulleconomia-sociale-e-la-salute-territoriale\/","og_site_name":"Euricse","article_published_time":"2025-05-27T06:47:35+00:00","article_modified_time":"2025-05-27T10:43:31+00:00","og_image":[{"width":1280,"height":720,"url":"https:\/\/euricse.eu\/wp-content\/uploads\/2025\/05\/Ricerca-nazionalem-sulleconomia-sociale-e-sulla-sanita-territoriale.jpg","type":"image\/jpeg"}],"author":"comunicazione","twitter_card":"summary_large_image","twitter_misc":{"Scritto da":"comunicazione","Tempo di lettura stimato":"4 minuti"},"schema":{"@context":"https:\/\/schema.org","@graph":[{"@type":"WebPage","@id":"https:\/\/euricse.eu\/it\/finanziata-dal-mur-la-ricerca-nazionale-sulleconomia-sociale-e-la-salute-territoriale\/","url":"https:\/\/euricse.eu\/it\/finanziata-dal-mur-la-ricerca-nazionale-sulleconomia-sociale-e-la-salute-territoriale\/","name":"Finanziata dal MUR la ricerca nazionale sull\u2019economia sociale e la salute territoriale - Euricse","isPartOf":{"@id":"https:\/\/euricse.eu\/en\/#website"},"primaryImageOfPage":{"@id":"https:\/\/euricse.eu\/it\/finanziata-dal-mur-la-ricerca-nazionale-sulleconomia-sociale-e-la-salute-territoriale\/#primaryimage"},"image":{"@id":"https:\/\/euricse.eu\/it\/finanziata-dal-mur-la-ricerca-nazionale-sulleconomia-sociale-e-la-salute-territoriale\/#primaryimage"},"thumbnailUrl":"https:\/\/euricse.eu\/wp-content\/uploads\/2025\/05\/Ricerca-nazionalem-sulleconomia-sociale-e-sulla-sanita-territoriale.jpg","datePublished":"2025-05-27T06:47:35+00:00","dateModified":"2025-05-27T10:43:31+00:00","author":{"@id":"https:\/\/euricse.eu\/en\/#\/schema\/person\/a6fb65fc189d71297f81c1e7bad30b9b"},"description":"EURICSE avvia una nuova ricerca, finanziata dal MUR, nell'ambito del Fondo per la Ricerca in campo Economico e Sociale. Il progetto analizzer\u00e0 il contributo delle organizzazioni dell\u2019economia sociale all\u2019integrazione socio-sanitaria, con l\u2019obiettivo di rafforzare i servizi territoriali.","breadcrumb":{"@id":"https:\/\/euricse.eu\/it\/finanziata-dal-mur-la-ricerca-nazionale-sulleconomia-sociale-e-la-salute-territoriale\/#breadcrumb"},"inLanguage":"it-IT","potentialAction":[{"@type":"ReadAction","target":["https:\/\/euricse.eu\/it\/finanziata-dal-mur-la-ricerca-nazionale-sulleconomia-sociale-e-la-salute-territoriale\/"]}]},{"@type":"ImageObject","inLanguage":"it-IT","@id":"https:\/\/euricse.eu\/it\/finanziata-dal-mur-la-ricerca-nazionale-sulleconomia-sociale-e-la-salute-territoriale\/#primaryimage","url":"https:\/\/euricse.eu\/wp-content\/uploads\/2025\/05\/Ricerca-nazionalem-sulleconomia-sociale-e-sulla-sanita-territoriale.jpg","contentUrl":"https:\/\/euricse.eu\/wp-content\/uploads\/2025\/05\/Ricerca-nazionalem-sulleconomia-sociale-e-sulla-sanita-territoriale.jpg","width":1280,"height":720},{"@type":"BreadcrumbList","@id":"https:\/\/euricse.eu\/it\/finanziata-dal-mur-la-ricerca-nazionale-sulleconomia-sociale-e-la-salute-territoriale\/#breadcrumb","itemListElement":[{"@type":"ListItem","position":1,"name":"Home","item":"https:\/\/euricse.eu\/it\/"},{"@type":"ListItem","position":2,"name":"Finanziata dal MUR la ricerca nazionale sull\u2019economia sociale e la salute territoriale"}]},{"@type":"WebSite","@id":"https:\/\/euricse.eu\/en\/#website","url":"https:\/\/euricse.eu\/en\/","name":"Euricse","description":"Knowledge and innovation for cooperative and social enterprises.","potentialAction":[{"@type":"SearchAction","target":{"@type":"EntryPoint","urlTemplate":"https:\/\/euricse.eu\/en\/?s={search_term_string}"},"query-input":{"@type":"PropertyValueSpecification","valueRequired":true,"valueName":"search_term_string"}}],"inLanguage":"it-IT"},{"@type":"Person","@id":"https:\/\/euricse.eu\/en\/#\/schema\/person\/a6fb65fc189d71297f81c1e7bad30b9b","name":"comunicazione","image":{"@type":"ImageObject","inLanguage":"it-IT","@id":"https:\/\/euricse.eu\/en\/#\/schema\/person\/image\/","url":"https:\/\/secure.gravatar.com\/avatar\/7ac8e85cb1bd3ac912e2d8be2823f83faf319f680b909bfda1cb0b8239c97a6e?s=96&d=mm&r=g","contentUrl":"https:\/\/secure.gravatar.com\/avatar\/7ac8e85cb1bd3ac912e2d8be2823f83faf319f680b909bfda1cb0b8239c97a6e?s=96&d=mm&r=g","caption":"comunicazione"},"url":"https:\/\/euricse.eu\/it\/author\/comunicazione\/"}]}},"_links":{"self":[{"href":"https:\/\/euricse.eu\/it\/wp-json\/wp\/v2\/posts\/27249","targetHints":{"allow":["GET"]}}],"collection":[{"href":"https:\/\/euricse.eu\/it\/wp-json\/wp\/v2\/posts"}],"about":[{"href":"https:\/\/euricse.eu\/it\/wp-json\/wp\/v2\/types\/post"}],"author":[{"embeddable":true,"href":"https:\/\/euricse.eu\/it\/wp-json\/wp\/v2\/users\/35"}],"replies":[{"embeddable":true,"href":"https:\/\/euricse.eu\/it\/wp-json\/wp\/v2\/comments?post=27249"}],"version-history":[{"count":2,"href":"https:\/\/euricse.eu\/it\/wp-json\/wp\/v2\/posts\/27249\/revisions"}],"predecessor-version":[{"id":27258,"href":"https:\/\/euricse.eu\/it\/wp-json\/wp\/v2\/posts\/27249\/revisions\/27258"}],"wp:featuredmedia":[{"embeddable":true,"href":"https:\/\/euricse.eu\/it\/wp-json\/wp\/v2\/media\/27250"}],"wp:attachment":[{"href":"https:\/\/euricse.eu\/it\/wp-json\/wp\/v2\/media?parent=27249"}],"wp:term":[{"taxonomy":"category","embeddable":true,"href":"https:\/\/euricse.eu\/it\/wp-json\/wp\/v2\/categories?post=27249"},{"taxonomy":"post_tag","embeddable":true,"href":"https:\/\/euricse.eu\/it\/wp-json\/wp\/v2\/tags?post=27249"}],"curies":[{"name":"wp","href":"https:\/\/api.w.org\/{rel}","templated":true}]}}