{"id":27416,"date":"2025-06-30T13:00:29","date_gmt":"2025-06-30T12:00:29","guid":{"rendered":"https:\/\/euricse.eu\/?p=27416"},"modified":"2025-07-10T09:39:29","modified_gmt":"2025-07-10T08:39:29","slug":"ricercatore-ricercatrice-in-ambito-socio-economico","status":"publish","type":"post","link":"https:\/\/euricse.eu\/it\/ricercatore-ricercatrice-in-ambito-socio-economico\/","title":{"rendered":"Ricercatore \/ Ricercatrice in ambito socio-economico"},"content":{"rendered":"<p>EURICSE \u00e8 alla ricerca di un<strong> Ricercatore <\/strong>\/ una<strong> Ricercatrice in ambito socio-economico .\u00a0<\/strong><\/p>\n<h3><span style=\"color: #ff0000;\">SELEZIONE CONCLUSA\u00a0<\/span><\/h3>\n<h5><strong>Responsabilit\u00e0 principali<\/strong><\/h5>\n<p>Ingaggio a tempo pieno nell&#8217;ambito del progetto \u201cL\u2019economia sociale nel sostegno alla salute\u201d (progetto di durata di 24 mesi) orientato ad analizzare il contributo che le organizzazioni dell\u2019economia sociale (OES) possono offrire all\u2019interno di un modello di assistenza che faccia leva sull\u2019integrazione socio-sanitaria al fine di promuovere la salute delle persone e delle comunit\u00e0.<\/p>\n<p>Per raggiungere questo obiettivo la ricerca sar\u00e0 condotta con l\u2019integrazione di metodologie quantitative e qualitative, fornendo una mappatura aggiornata delle tipologie e del peso delle OES nell\u2019offerta di servizi socio-sanitari territoriali e comprendendo i principali cambiamenti in atto. Si realizzeranno quindi casi studio per analizzare i modelli di governance ed organizzativi e l\u2019efficacia delle diverse modalit\u00e0 di relazione pubblico-privato sociale.<\/p>\n<p>La persona selezionata sar\u00e0 inserita in un gruppo di ricerca composto da ricercatori senior e junior di EURICSE e seguir\u00e0 il progetto in tutte le sue fasi, contribuendo alla realizzazione delle varie attivit\u00e0 di ricerca previste in modo coordinato con il gruppo di lavoro, ma con un significativo livello di autonomia.<\/p>\n<p>&nbsp;<\/p>\n<h5><strong>Mansioni<\/strong><\/h5>\n<ul>\n<li>Ricerca e analisi della letteratura scientifica in ambito socio-economico inerente ai temi affrontati dal progetto<\/li>\n<li>Attivit\u00e0 di ricerca empirica, sia quantitativa (elaborazione e analisi dati; sviluppo di indicatori; strutturazione di questionari e strumenti di raccolta dati su vari formati) che qualitativa (interviste e focus group)<\/li>\n<li>Partecipazione ad eventi formativi e informativi legati al progetto<\/li>\n<li>Partecipazione agli incontri del gruppo di lavoro<\/li>\n<li>Stesura di report e diffusione di informazioni relative alla ricerca e i suoi risultati<\/li>\n<li>Elaborazione di indicazioni di policy<\/li>\n<\/ul>\n<p>&nbsp;<\/p>\n<h5><strong>Competenze richieste<\/strong><\/h5>\n<ul>\n<li>Laurea magistrale o equivalente in scienze sociali o economiche; il titolo di dottorato \u00e8 un requisito preferenziale<\/li>\n<li>Conoscenza di tecniche di raccolta e analisi di dati quantitativi e qualitativi<\/li>\n<li>Precedente esperienza di ricerca e formazione in ambito socio-economico, con un focus sui temi dell\u2019economia sociale, dei sistemi di welfare e dei servizi socio-sanitari<\/li>\n<li>Familiarit\u00e0 con i temi di interesse di EURICSE<\/li>\n<li>Ottima conoscenza della lingua inglese<\/li>\n<li>Ottima capacit\u00e0 di comunicazione sia orale che scritta<\/li>\n<li>Ottima attitudine al lavoro di squadra<\/li>\n<li>Capacit\u00e0 di lavorare in autonomia e con focalizzazione sui risultati<\/li>\n<\/ul>\n<p>&nbsp;<\/p>\n<h5><strong>Tipologia del contratto<\/strong><\/h5>\n<p>Assunzione a tempo determinato di un anno con prospettiva di conversione a tempo indeterminato. Inquadramento e salario commisurati all\u2019esperienza.<\/p>\n<p><strong>\u00a0<\/strong><\/p>\n<h5><strong>Procedura per l\u2019invio delle candidature: <\/strong><\/h5>\n<p>Inviare CV aggiornato e lettera di motivazione alla mail <a href=\"mailto:\/\/lavoraconnoi@euricse.eu\">lavoraconnoi@euricse.eu<\/a> entro e non oltre il 06\/07\/2025.<\/p>\n","protected":false},"excerpt":{"rendered":"<p>Posizione aperta per un progetto biennale dedicato a economia sociale e salute territoriale. Il ruolo include attivit\u00e0 di ricerca sia qualitativa che quantitativa, con un focus sull\u2019analisi dei modelli organizzativi e delle dinamiche relazionali tra attori del territorio.<\/p>\n","protected":false},"author":32,"featured_media":27417,"comment_status":"closed","ping_status":"closed","sticky":false,"template":"","format":"standard","meta":{"_acf_changed":false,"episode_type":"","audio_file":"","cover_image":"","cover_image_id":"","duration":"","filesize":"","date_recorded":"","explicit":"","block":"","itunes_episode_number":"","itunes_title":"","itunes_season_number":"","itunes_episode_type":"","filesize_raw":"","footnotes":""},"categories":[17],"tags":[1041],"class_list":["post-27416","post","type-post","status-publish","format-standard","has-post-thumbnail","hentry","category-news-it","tag-lavora-con-noi"],"acf":[],"yoast_head":"<!-- This site is optimized with the Yoast SEO plugin v26.1.1 - https:\/\/yoast.com\/wordpress\/plugins\/seo\/ -->\n<title>Ricercatore \/ Ricercatrice in ambito socio-economico - Euricse<\/title>\n<meta name=\"description\" content=\"EURICSE cerca un ricercatore\/una ricercatrice in ambito socio-economico per un progetto biennale sull\u2019economia sociale e l\u2019integrazione socio-sanitaria territoriale, con competenze in ricerca quantitativa e qualitativa e capacit\u00e0 di lavoro autonomo e in team.\" \/>\n<meta name=\"robots\" content=\"index, follow, max-snippet:-1, max-image-preview:large, max-video-preview:-1\" \/>\n<link rel=\"canonical\" href=\"https:\/\/euricse.eu\/it\/ricercatore-ricercatrice-in-ambito-socio-economico\/\" \/>\n<meta property=\"og:locale\" content=\"it_IT\" \/>\n<meta property=\"og:type\" content=\"article\" \/>\n<meta property=\"og:title\" content=\"Ricercatore \/ Ricercatrice in ambito socio-economico - Euricse\" \/>\n<meta property=\"og:description\" content=\"EURICSE cerca un ricercatore\/una ricercatrice in ambito socio-economico per un progetto biennale sull\u2019economia sociale e l\u2019integrazione socio-sanitaria territoriale, con competenze in ricerca quantitativa e qualitativa e capacit\u00e0 di lavoro autonomo e in team.\" \/>\n<meta property=\"og:url\" content=\"https:\/\/euricse.eu\/it\/ricercatore-ricercatrice-in-ambito-socio-economico\/\" \/>\n<meta property=\"og:site_name\" content=\"Euricse\" \/>\n<meta property=\"article:published_time\" content=\"2025-06-30T12:00:29+00:00\" \/>\n<meta property=\"article:modified_time\" content=\"2025-07-10T08:39:29+00:00\" \/>\n<meta property=\"og:image\" content=\"https:\/\/euricse.eu\/wp-content\/uploads\/2025\/06\/Join-Our-Team-e1750231894311.png\" \/>\n\t<meta property=\"og:image:width\" content=\"800\" \/>\n\t<meta property=\"og:image:height\" content=\"572\" \/>\n\t<meta property=\"og:image:type\" content=\"image\/png\" \/>\n<meta name=\"author\" content=\"Silvia\" \/>\n<meta name=\"twitter:card\" content=\"summary_large_image\" \/>\n<meta name=\"twitter:label1\" content=\"Scritto da\" \/>\n\t<meta name=\"twitter:data1\" content=\"Silvia\" \/>\n\t<meta name=\"twitter:label2\" content=\"Tempo di lettura stimato\" \/>\n\t<meta name=\"twitter:data2\" content=\"3 minuti\" \/>\n<script type=\"application\/ld+json\" class=\"yoast-schema-graph\">{\"@context\":\"https:\/\/schema.org\",\"@graph\":[{\"@type\":\"WebPage\",\"@id\":\"https:\/\/euricse.eu\/it\/ricercatore-ricercatrice-in-ambito-socio-economico\/\",\"url\":\"https:\/\/euricse.eu\/it\/ricercatore-ricercatrice-in-ambito-socio-economico\/\",\"name\":\"Ricercatore \/ Ricercatrice in ambito socio-economico - Euricse\",\"isPartOf\":{\"@id\":\"https:\/\/euricse.eu\/en\/#website\"},\"primaryImageOfPage\":{\"@id\":\"https:\/\/euricse.eu\/it\/ricercatore-ricercatrice-in-ambito-socio-economico\/#primaryimage\"},\"image\":{\"@id\":\"https:\/\/euricse.eu\/it\/ricercatore-ricercatrice-in-ambito-socio-economico\/#primaryimage\"},\"thumbnailUrl\":\"https:\/\/euricse.eu\/wp-content\/uploads\/2025\/06\/Join-Our-Team-e1750231894311.png\",\"datePublished\":\"2025-06-30T12:00:29+00:00\",\"dateModified\":\"2025-07-10T08:39:29+00:00\",\"author\":{\"@id\":\"https:\/\/euricse.eu\/en\/#\/schema\/person\/a5b25693531e3458dfedff34c273ba14\"},\"description\":\"EURICSE cerca un ricercatore\/una ricercatrice in ambito socio-economico per un progetto biennale sull\u2019economia sociale e l\u2019integrazione socio-sanitaria territoriale, con competenze in ricerca quantitativa e qualitativa e capacit\u00e0 di lavoro autonomo e in team.\",\"breadcrumb\":{\"@id\":\"https:\/\/euricse.eu\/it\/ricercatore-ricercatrice-in-ambito-socio-economico\/#breadcrumb\"},\"inLanguage\":\"it-IT\",\"potentialAction\":[{\"@type\":\"ReadAction\",\"target\":[\"https:\/\/euricse.eu\/it\/ricercatore-ricercatrice-in-ambito-socio-economico\/\"]}]},{\"@type\":\"ImageObject\",\"inLanguage\":\"it-IT\",\"@id\":\"https:\/\/euricse.eu\/it\/ricercatore-ricercatrice-in-ambito-socio-economico\/#primaryimage\",\"url\":\"https:\/\/euricse.eu\/wp-content\/uploads\/2025\/06\/Join-Our-Team-e1750231894311.png\",\"contentUrl\":\"https:\/\/euricse.eu\/wp-content\/uploads\/2025\/06\/Join-Our-Team-e1750231894311.png\",\"width\":800,\"height\":572},{\"@type\":\"BreadcrumbList\",\"@id\":\"https:\/\/euricse.eu\/it\/ricercatore-ricercatrice-in-ambito-socio-economico\/#breadcrumb\",\"itemListElement\":[{\"@type\":\"ListItem\",\"position\":1,\"name\":\"Home\",\"item\":\"https:\/\/euricse.eu\/it\/\"},{\"@type\":\"ListItem\",\"position\":2,\"name\":\"Ricercatore \/ Ricercatrice in ambito socio-economico\"}]},{\"@type\":\"WebSite\",\"@id\":\"https:\/\/euricse.eu\/en\/#website\",\"url\":\"https:\/\/euricse.eu\/en\/\",\"name\":\"Euricse\",\"description\":\"Knowledge and innovation for cooperative and social enterprises.\",\"potentialAction\":[{\"@type\":\"SearchAction\",\"target\":{\"@type\":\"EntryPoint\",\"urlTemplate\":\"https:\/\/euricse.eu\/en\/?s={search_term_string}\"},\"query-input\":{\"@type\":\"PropertyValueSpecification\",\"valueRequired\":true,\"valueName\":\"search_term_string\"}}],\"inLanguage\":\"it-IT\"},{\"@type\":\"Person\",\"@id\":\"https:\/\/euricse.eu\/en\/#\/schema\/person\/a5b25693531e3458dfedff34c273ba14\",\"name\":\"Silvia\",\"image\":{\"@type\":\"ImageObject\",\"inLanguage\":\"it-IT\",\"@id\":\"https:\/\/euricse.eu\/en\/#\/schema\/person\/image\/\",\"url\":\"https:\/\/secure.gravatar.com\/avatar\/3cef1082b65edc85f1a4c0caa7ce4808f397a517b7217eab6215fe435640f8f7?s=96&d=mm&r=g\",\"contentUrl\":\"https:\/\/secure.gravatar.com\/avatar\/3cef1082b65edc85f1a4c0caa7ce4808f397a517b7217eab6215fe435640f8f7?s=96&d=mm&r=g\",\"caption\":\"Silvia\"},\"url\":\"https:\/\/euricse.eu\/it\/author\/silvia\/\"}]}<\/script>\n<!-- \/ Yoast SEO plugin. -->","yoast_head_json":{"title":"Ricercatore \/ Ricercatrice in ambito socio-economico - Euricse","description":"EURICSE cerca un ricercatore\/una ricercatrice in ambito socio-economico per un progetto biennale sull\u2019economia sociale e l\u2019integrazione socio-sanitaria territoriale, con competenze in ricerca quantitativa e qualitativa e capacit\u00e0 di lavoro autonomo e in team.","robots":{"index":"index","follow":"follow","max-snippet":"max-snippet:-1","max-image-preview":"max-image-preview:large","max-video-preview":"max-video-preview:-1"},"canonical":"https:\/\/euricse.eu\/it\/ricercatore-ricercatrice-in-ambito-socio-economico\/","og_locale":"it_IT","og_type":"article","og_title":"Ricercatore \/ Ricercatrice in ambito socio-economico - Euricse","og_description":"EURICSE cerca un ricercatore\/una ricercatrice in ambito socio-economico per un progetto biennale sull\u2019economia sociale e l\u2019integrazione socio-sanitaria territoriale, con competenze in ricerca quantitativa e qualitativa e capacit\u00e0 di lavoro autonomo e in team.","og_url":"https:\/\/euricse.eu\/it\/ricercatore-ricercatrice-in-ambito-socio-economico\/","og_site_name":"Euricse","article_published_time":"2025-06-30T12:00:29+00:00","article_modified_time":"2025-07-10T08:39:29+00:00","og_image":[{"width":800,"height":572,"url":"https:\/\/euricse.eu\/wp-content\/uploads\/2025\/06\/Join-Our-Team-e1750231894311.png","type":"image\/png"}],"author":"Silvia","twitter_card":"summary_large_image","twitter_misc":{"Scritto da":"Silvia","Tempo di lettura stimato":"3 minuti"},"schema":{"@context":"https:\/\/schema.org","@graph":[{"@type":"WebPage","@id":"https:\/\/euricse.eu\/it\/ricercatore-ricercatrice-in-ambito-socio-economico\/","url":"https:\/\/euricse.eu\/it\/ricercatore-ricercatrice-in-ambito-socio-economico\/","name":"Ricercatore \/ Ricercatrice in ambito socio-economico - Euricse","isPartOf":{"@id":"https:\/\/euricse.eu\/en\/#website"},"primaryImageOfPage":{"@id":"https:\/\/euricse.eu\/it\/ricercatore-ricercatrice-in-ambito-socio-economico\/#primaryimage"},"image":{"@id":"https:\/\/euricse.eu\/it\/ricercatore-ricercatrice-in-ambito-socio-economico\/#primaryimage"},"thumbnailUrl":"https:\/\/euricse.eu\/wp-content\/uploads\/2025\/06\/Join-Our-Team-e1750231894311.png","datePublished":"2025-06-30T12:00:29+00:00","dateModified":"2025-07-10T08:39:29+00:00","author":{"@id":"https:\/\/euricse.eu\/en\/#\/schema\/person\/a5b25693531e3458dfedff34c273ba14"},"description":"EURICSE cerca un ricercatore\/una ricercatrice in ambito socio-economico per un progetto biennale sull\u2019economia sociale e l\u2019integrazione socio-sanitaria territoriale, con competenze in ricerca quantitativa e qualitativa e capacit\u00e0 di lavoro autonomo e in team.","breadcrumb":{"@id":"https:\/\/euricse.eu\/it\/ricercatore-ricercatrice-in-ambito-socio-economico\/#breadcrumb"},"inLanguage":"it-IT","potentialAction":[{"@type":"ReadAction","target":["https:\/\/euricse.eu\/it\/ricercatore-ricercatrice-in-ambito-socio-economico\/"]}]},{"@type":"ImageObject","inLanguage":"it-IT","@id":"https:\/\/euricse.eu\/it\/ricercatore-ricercatrice-in-ambito-socio-economico\/#primaryimage","url":"https:\/\/euricse.eu\/wp-content\/uploads\/2025\/06\/Join-Our-Team-e1750231894311.png","contentUrl":"https:\/\/euricse.eu\/wp-content\/uploads\/2025\/06\/Join-Our-Team-e1750231894311.png","width":800,"height":572},{"@type":"BreadcrumbList","@id":"https:\/\/euricse.eu\/it\/ricercatore-ricercatrice-in-ambito-socio-economico\/#breadcrumb","itemListElement":[{"@type":"ListItem","position":1,"name":"Home","item":"https:\/\/euricse.eu\/it\/"},{"@type":"ListItem","position":2,"name":"Ricercatore \/ Ricercatrice in ambito socio-economico"}]},{"@type":"WebSite","@id":"https:\/\/euricse.eu\/en\/#website","url":"https:\/\/euricse.eu\/en\/","name":"Euricse","description":"Knowledge and innovation for cooperative and social enterprises.","potentialAction":[{"@type":"SearchAction","target":{"@type":"EntryPoint","urlTemplate":"https:\/\/euricse.eu\/en\/?s={search_term_string}"},"query-input":{"@type":"PropertyValueSpecification","valueRequired":true,"valueName":"search_term_string"}}],"inLanguage":"it-IT"},{"@type":"Person","@id":"https:\/\/euricse.eu\/en\/#\/schema\/person\/a5b25693531e3458dfedff34c273ba14","name":"Silvia","image":{"@type":"ImageObject","inLanguage":"it-IT","@id":"https:\/\/euricse.eu\/en\/#\/schema\/person\/image\/","url":"https:\/\/secure.gravatar.com\/avatar\/3cef1082b65edc85f1a4c0caa7ce4808f397a517b7217eab6215fe435640f8f7?s=96&d=mm&r=g","contentUrl":"https:\/\/secure.gravatar.com\/avatar\/3cef1082b65edc85f1a4c0caa7ce4808f397a517b7217eab6215fe435640f8f7?s=96&d=mm&r=g","caption":"Silvia"},"url":"https:\/\/euricse.eu\/it\/author\/silvia\/"}]}},"_links":{"self":[{"href":"https:\/\/euricse.eu\/it\/wp-json\/wp\/v2\/posts\/27416","targetHints":{"allow":["GET"]}}],"collection":[{"href":"https:\/\/euricse.eu\/it\/wp-json\/wp\/v2\/posts"}],"about":[{"href":"https:\/\/euricse.eu\/it\/wp-json\/wp\/v2\/types\/post"}],"author":[{"embeddable":true,"href":"https:\/\/euricse.eu\/it\/wp-json\/wp\/v2\/users\/32"}],"replies":[{"embeddable":true,"href":"https:\/\/euricse.eu\/it\/wp-json\/wp\/v2\/comments?post=27416"}],"version-history":[{"count":2,"href":"https:\/\/euricse.eu\/it\/wp-json\/wp\/v2\/posts\/27416\/revisions"}],"predecessor-version":[{"id":27678,"href":"https:\/\/euricse.eu\/it\/wp-json\/wp\/v2\/posts\/27416\/revisions\/27678"}],"wp:featuredmedia":[{"embeddable":true,"href":"https:\/\/euricse.eu\/it\/wp-json\/wp\/v2\/media\/27417"}],"wp:attachment":[{"href":"https:\/\/euricse.eu\/it\/wp-json\/wp\/v2\/media?parent=27416"}],"wp:term":[{"taxonomy":"category","embeddable":true,"href":"https:\/\/euricse.eu\/it\/wp-json\/wp\/v2\/categories?post=27416"},{"taxonomy":"post_tag","embeddable":true,"href":"https:\/\/euricse.eu\/it\/wp-json\/wp\/v2\/tags?post=27416"}],"curies":[{"name":"wp","href":"https:\/\/api.w.org\/{rel}","templated":true}]}}