{"id":27462,"date":"2025-07-01T09:05:08","date_gmt":"2025-07-01T08:05:08","guid":{"rendered":"https:\/\/euricse.eu\/?p=27462"},"modified":"2025-07-01T10:13:02","modified_gmt":"2025-07-01T09:13:02","slug":"il-saluto-della-presidente-paola-iamiceli","status":"publish","type":"post","link":"https:\/\/euricse.eu\/it\/il-saluto-della-presidente-paola-iamiceli\/","title":{"rendered":"Il saluto della Presidente Paola Iamiceli"},"content":{"rendered":"<p>Con il mese di giugno, Paola Iamiceli assume pienamente il ruolo di Presidente di Euricse, raccogliendo un\u2019eredit\u00e0 densa di valori, visione e impegno trasmessa da Carlo Borzaga. Le sue parole non segnano soltanto l\u2019inizio di un nuovo mandato, ma rappresentano la naturale prosecuzione di un cammino condiviso, fondato su rigore scientifico, apertura internazionale e un profondo radicamento nel territorio.<\/p>\n<p>&nbsp;<\/p>\n<blockquote><p><em>&#8220;Assumere il ruolo che \u00e8 stato di Carlo Borzaga e, negli ultimi anni, di Mario Diani \u00e8 impresa probabilmente inarrivabile. Per questo preferisco pensare che l\u2019inizio di questo nuovo e stimolante percorso nella veste di Presidente di EURICSE sia piuttosto una prosecuzione. La prosecuzione di una collaborazione iniziata proprio con Carlo Borzaga all\u2019inizio degli anni 2000, ben prima che quello che \u00e8 oggi uno degli enti del sistema trentino della ricerca e dell\u2019innovazione fosse istituito per iniziativa e con il supporto dei suoi membri fondatori: l\u2019Universit\u00e0 di Trento, in primis, la Federazione Trentina della Cooperazione, la Provincia Autonoma di Trento, la Fondazione Caritro, l\u2019Alleanza Internazionale della Cooperazione. Da Carlo ho imparato che la ricerca sulla cooperazione, sull\u2019impresa sociale e, pi\u00f9 di recente, sull\u2019economia sociale richiede una dimensione internazionale e un metodo orientato alla comparazione; che la contaminazione dei saperi, in particolare delle scienze economiche, sociali, giuridiche, \u00e8 fonte di ricchezza e progresso scientifico; che la fiducia nei giovani ricercatori \u00e8 tra le migliori garanzie per lo sviluppo della ricerca; che il pluralismo dei modelli di impresa, se abbinato a un solido sistema valoriale, \u00e8 fonte di stimolo, crescita e innovazione.<\/em><\/p>\n<p><em>\u00c8 con la ricchezza di questo viatico, e con umilt\u00e0 pari alla fiducia riposta in quanti mi accompagneranno, che mi accingo a intraprendere questo percorso, consapevole della responsabilit\u00e0 che comporta e delle sfide che ci attendono. Sono tempi difficili. Gli attori dell\u2019economia sociale, nella loro variet\u00e0 e con le loro specificit\u00e0, esprimono un enorme potenziale nel contesto delle crisi, anche valoriali, che caratterizzano il presente: crisi dei valori democratici e della loro pratica esperienza; crisi economiche, aggravate dall\u2019allarme geopolitico, che si traducono in un difficile accesso ai mercati, della produzione, del credito, del lavoro; crisi sociali segnate da un visibile aumento delle disuguaglianze; crisi ambientali, testimoni di quel legame indissolubile tra territorio, comunit\u00e0 ed economia. Sapranno dunque gli attori dell\u2019economia sociale affrontare le nuove sfide dando prova, come in passato, di quella particolare attitudine ad affrontare le crisi? Sapranno conciliare, pi\u00f9 e meglio di altri modelli di impresa, competitivit\u00e0, sostenibilit\u00e0 e giustizia sociale? Di quali politiche ci sar\u00e0 bisogno, in ambito europeo, nazionale e locale, perch\u00e9 le potenzialit\u00e0 di questo importante settore dell\u2019economia, sempre pi\u00f9 riconosciuto anche nel contesto internazionale, possano esprimersi e innescare meccanismi di crescita di competitivit\u00e0 e innovazione nel rispetto del sistema valoriale su cui affondano le loro radici?<\/em><\/p>\n<p><em>Consapevole della \u2018gravit\u00e0\u2019 di questi interrogativi, il mio impegno sar\u00e0 quello di accompagnare EURICSE in un percorso che veda consolidare il suo ruolo di leader nel campo della ricerca sull\u2019economia sociale in ambito locale, nazionale ed europeo e faccia crescere le occasioni di collaborazione con l\u2019Universit\u00e0 di Trento e gli altri attori del sistema di ricerca e innovazione trentino, secondo gli auspici condivisi dal recente Forum della Ricerca del Trentino nella c.d. Carta di Rovereto 2025. L\u2019impegno al dialogo e alla collaborazione sar\u00e0 particolarmente rilevante nel rapporto con gli attori dell\u2019economia sociale, a partire dalla Federazione Trentina della Cooperazione e dalle altre reti che, in ambito locale, nazionale e internazionale, si occupano, gi\u00e0 in collaborazione con EURICSE, di ricerca e politiche per l\u2019economia sociale, a partire da EMES, CIRIEC e ICA.<\/em><\/p>\n<p><em>Nell\u2019intraprendere questo percorso so di trovare una comunit\u00e0 di persone, ciascuna portatrice di saperi, professionalit\u00e0, valori, senza i quali la ricerca non potr\u00e0 perseguire gli ambiziosi obiettivi che EURICSE si \u00e8 dato. Verso questa comunit\u00e0 esprimo un profondo senso di gratitudine per il lavoro svolto fin qui e, fin da ora, per l\u2019impegno futuro e la fiducia accordatami. Buon lavoro a tutte e tutti.&#8221;<\/em><\/p>\n<p>Paola Iamiceli, Presidente di EURICSE<\/p><\/blockquote>\n","protected":false},"excerpt":{"rendered":"<p>Da giugno Paola Iamiceli assume pienamente il ruolo di Presidente di Euricse, raccogliendo un\u2019eredit\u00e0 densa di valori, visione e impegno trasmessa da Carlo Borzaga. Il suo incarico si inserisce in una continuit\u00e0 fatta di rigore scientifico, visione internazionale e forte legame con il territorio. <\/p>\n","protected":false},"author":32,"featured_media":27463,"comment_status":"closed","ping_status":"closed","sticky":false,"template":"","format":"standard","meta":{"_acf_changed":false,"episode_type":"","audio_file":"","cover_image":"","cover_image_id":"","duration":"","filesize":"","date_recorded":"","explicit":"","block":"","itunes_episode_number":"","itunes_title":"","itunes_season_number":"","itunes_episode_type":"","filesize_raw":"","footnotes":""},"categories":[17],"tags":[969,1844,1953],"class_list":["post-27462","post","type-post","status-publish","format-standard","has-post-thumbnail","hentry","category-news-it","tag-carlo-borzaga","tag-paola-iamiceli","tag-presidente-euricse"],"acf":[],"yoast_head":"<!-- This site is optimized with the Yoast SEO plugin v26.1.1 - https:\/\/yoast.com\/wordpress\/plugins\/seo\/ -->\n<title>Il saluto della Presidente Paola Iamiceli - Euricse<\/title>\n<meta name=\"description\" content=\"Da giugno Paola Iamiceli assume pienamente il ruolo di Presidente di Euricse, raccogliendo un\u2019eredit\u00e0 densa di valori, visione e impegno trasmessa da Carlo Borzaga. Il suo incarico si inserisce in una continuit\u00e0 fatta di rigore scientifico, visione internazionale e forte legame con il territorio.\" \/>\n<meta name=\"robots\" content=\"index, follow, max-snippet:-1, max-image-preview:large, max-video-preview:-1\" \/>\n<link rel=\"canonical\" href=\"https:\/\/euricse.eu\/it\/il-saluto-della-presidente-paola-iamiceli\/\" \/>\n<meta property=\"og:locale\" content=\"it_IT\" \/>\n<meta property=\"og:type\" content=\"article\" \/>\n<meta property=\"og:title\" content=\"Il saluto della Presidente Paola Iamiceli - Euricse\" \/>\n<meta property=\"og:description\" content=\"Da giugno Paola Iamiceli assume pienamente il ruolo di Presidente di Euricse, raccogliendo un\u2019eredit\u00e0 densa di valori, visione e impegno trasmessa da Carlo Borzaga. Il suo incarico si inserisce in una continuit\u00e0 fatta di rigore scientifico, visione internazionale e forte legame con il territorio.\" \/>\n<meta property=\"og:url\" content=\"https:\/\/euricse.eu\/it\/il-saluto-della-presidente-paola-iamiceli\/\" \/>\n<meta property=\"og:site_name\" content=\"Euricse\" \/>\n<meta property=\"article:published_time\" content=\"2025-07-01T08:05:08+00:00\" \/>\n<meta property=\"article:modified_time\" content=\"2025-07-01T09:13:02+00:00\" \/>\n<meta property=\"og:image\" content=\"https:\/\/euricse.eu\/wp-content\/uploads\/2025\/06\/PAOLA_IAMICELI_01.jpg\" \/>\n\t<meta property=\"og:image:width\" content=\"1600\" \/>\n\t<meta property=\"og:image:height\" content=\"1067\" \/>\n\t<meta property=\"og:image:type\" content=\"image\/jpeg\" \/>\n<meta name=\"author\" content=\"Silvia\" \/>\n<meta name=\"twitter:card\" content=\"summary_large_image\" \/>\n<meta name=\"twitter:label1\" content=\"Scritto da\" \/>\n\t<meta name=\"twitter:data1\" content=\"Silvia\" \/>\n\t<meta name=\"twitter:label2\" content=\"Tempo di lettura stimato\" \/>\n\t<meta name=\"twitter:data2\" content=\"1 minuto\" \/>\n<script type=\"application\/ld+json\" class=\"yoast-schema-graph\">{\"@context\":\"https:\/\/schema.org\",\"@graph\":[{\"@type\":\"WebPage\",\"@id\":\"https:\/\/euricse.eu\/it\/il-saluto-della-presidente-paola-iamiceli\/\",\"url\":\"https:\/\/euricse.eu\/it\/il-saluto-della-presidente-paola-iamiceli\/\",\"name\":\"Il saluto della Presidente Paola Iamiceli - Euricse\",\"isPartOf\":{\"@id\":\"https:\/\/euricse.eu\/en\/#website\"},\"primaryImageOfPage\":{\"@id\":\"https:\/\/euricse.eu\/it\/il-saluto-della-presidente-paola-iamiceli\/#primaryimage\"},\"image\":{\"@id\":\"https:\/\/euricse.eu\/it\/il-saluto-della-presidente-paola-iamiceli\/#primaryimage\"},\"thumbnailUrl\":\"https:\/\/euricse.eu\/wp-content\/uploads\/2025\/06\/PAOLA_IAMICELI_01.jpg\",\"datePublished\":\"2025-07-01T08:05:08+00:00\",\"dateModified\":\"2025-07-01T09:13:02+00:00\",\"author\":{\"@id\":\"https:\/\/euricse.eu\/en\/#\/schema\/person\/a5b25693531e3458dfedff34c273ba14\"},\"description\":\"Da giugno Paola Iamiceli assume pienamente il ruolo di Presidente di Euricse, raccogliendo un\u2019eredit\u00e0 densa di valori, visione e impegno trasmessa da Carlo Borzaga. Il suo incarico si inserisce in una continuit\u00e0 fatta di rigore scientifico, visione internazionale e forte legame con il territorio.\",\"breadcrumb\":{\"@id\":\"https:\/\/euricse.eu\/it\/il-saluto-della-presidente-paola-iamiceli\/#breadcrumb\"},\"inLanguage\":\"it-IT\",\"potentialAction\":[{\"@type\":\"ReadAction\",\"target\":[\"https:\/\/euricse.eu\/it\/il-saluto-della-presidente-paola-iamiceli\/\"]}]},{\"@type\":\"ImageObject\",\"inLanguage\":\"it-IT\",\"@id\":\"https:\/\/euricse.eu\/it\/il-saluto-della-presidente-paola-iamiceli\/#primaryimage\",\"url\":\"https:\/\/euricse.eu\/wp-content\/uploads\/2025\/06\/PAOLA_IAMICELI_01.jpg\",\"contentUrl\":\"https:\/\/euricse.eu\/wp-content\/uploads\/2025\/06\/PAOLA_IAMICELI_01.jpg\",\"width\":1600,\"height\":1067,\"caption\":\"WALDEN PHOTO STUDIO 7.10.2021 #IOSONOUNITN NELLA FOTO: PAOLA IAMICELI @FEDERICO NARDELLI\"},{\"@type\":\"BreadcrumbList\",\"@id\":\"https:\/\/euricse.eu\/it\/il-saluto-della-presidente-paola-iamiceli\/#breadcrumb\",\"itemListElement\":[{\"@type\":\"ListItem\",\"position\":1,\"name\":\"Home\",\"item\":\"https:\/\/euricse.eu\/it\/\"},{\"@type\":\"ListItem\",\"position\":2,\"name\":\"Il saluto della Presidente Paola Iamiceli\"}]},{\"@type\":\"WebSite\",\"@id\":\"https:\/\/euricse.eu\/en\/#website\",\"url\":\"https:\/\/euricse.eu\/en\/\",\"name\":\"Euricse\",\"description\":\"Knowledge and innovation for cooperative and social enterprises.\",\"potentialAction\":[{\"@type\":\"SearchAction\",\"target\":{\"@type\":\"EntryPoint\",\"urlTemplate\":\"https:\/\/euricse.eu\/en\/?s={search_term_string}\"},\"query-input\":{\"@type\":\"PropertyValueSpecification\",\"valueRequired\":true,\"valueName\":\"search_term_string\"}}],\"inLanguage\":\"it-IT\"},{\"@type\":\"Person\",\"@id\":\"https:\/\/euricse.eu\/en\/#\/schema\/person\/a5b25693531e3458dfedff34c273ba14\",\"name\":\"Silvia\",\"image\":{\"@type\":\"ImageObject\",\"inLanguage\":\"it-IT\",\"@id\":\"https:\/\/euricse.eu\/en\/#\/schema\/person\/image\/\",\"url\":\"https:\/\/secure.gravatar.com\/avatar\/3cef1082b65edc85f1a4c0caa7ce4808f397a517b7217eab6215fe435640f8f7?s=96&d=mm&r=g\",\"contentUrl\":\"https:\/\/secure.gravatar.com\/avatar\/3cef1082b65edc85f1a4c0caa7ce4808f397a517b7217eab6215fe435640f8f7?s=96&d=mm&r=g\",\"caption\":\"Silvia\"},\"url\":\"https:\/\/euricse.eu\/it\/author\/silvia\/\"}]}<\/script>\n<!-- \/ Yoast SEO plugin. -->","yoast_head_json":{"title":"Il saluto della Presidente Paola Iamiceli - Euricse","description":"Da giugno Paola Iamiceli assume pienamente il ruolo di Presidente di Euricse, raccogliendo un\u2019eredit\u00e0 densa di valori, visione e impegno trasmessa da Carlo Borzaga. Il suo incarico si inserisce in una continuit\u00e0 fatta di rigore scientifico, visione internazionale e forte legame con il territorio.","robots":{"index":"index","follow":"follow","max-snippet":"max-snippet:-1","max-image-preview":"max-image-preview:large","max-video-preview":"max-video-preview:-1"},"canonical":"https:\/\/euricse.eu\/it\/il-saluto-della-presidente-paola-iamiceli\/","og_locale":"it_IT","og_type":"article","og_title":"Il saluto della Presidente Paola Iamiceli - Euricse","og_description":"Da giugno Paola Iamiceli assume pienamente il ruolo di Presidente di Euricse, raccogliendo un\u2019eredit\u00e0 densa di valori, visione e impegno trasmessa da Carlo Borzaga. Il suo incarico si inserisce in una continuit\u00e0 fatta di rigore scientifico, visione internazionale e forte legame con il territorio.","og_url":"https:\/\/euricse.eu\/it\/il-saluto-della-presidente-paola-iamiceli\/","og_site_name":"Euricse","article_published_time":"2025-07-01T08:05:08+00:00","article_modified_time":"2025-07-01T09:13:02+00:00","og_image":[{"width":1600,"height":1067,"url":"https:\/\/euricse.eu\/wp-content\/uploads\/2025\/06\/PAOLA_IAMICELI_01.jpg","type":"image\/jpeg"}],"author":"Silvia","twitter_card":"summary_large_image","twitter_misc":{"Scritto da":"Silvia","Tempo di lettura stimato":"1 minuto"},"schema":{"@context":"https:\/\/schema.org","@graph":[{"@type":"WebPage","@id":"https:\/\/euricse.eu\/it\/il-saluto-della-presidente-paola-iamiceli\/","url":"https:\/\/euricse.eu\/it\/il-saluto-della-presidente-paola-iamiceli\/","name":"Il saluto della Presidente Paola Iamiceli - Euricse","isPartOf":{"@id":"https:\/\/euricse.eu\/en\/#website"},"primaryImageOfPage":{"@id":"https:\/\/euricse.eu\/it\/il-saluto-della-presidente-paola-iamiceli\/#primaryimage"},"image":{"@id":"https:\/\/euricse.eu\/it\/il-saluto-della-presidente-paola-iamiceli\/#primaryimage"},"thumbnailUrl":"https:\/\/euricse.eu\/wp-content\/uploads\/2025\/06\/PAOLA_IAMICELI_01.jpg","datePublished":"2025-07-01T08:05:08+00:00","dateModified":"2025-07-01T09:13:02+00:00","author":{"@id":"https:\/\/euricse.eu\/en\/#\/schema\/person\/a5b25693531e3458dfedff34c273ba14"},"description":"Da giugno Paola Iamiceli assume pienamente il ruolo di Presidente di Euricse, raccogliendo un\u2019eredit\u00e0 densa di valori, visione e impegno trasmessa da Carlo Borzaga. Il suo incarico si inserisce in una continuit\u00e0 fatta di rigore scientifico, visione internazionale e forte legame con il territorio.","breadcrumb":{"@id":"https:\/\/euricse.eu\/it\/il-saluto-della-presidente-paola-iamiceli\/#breadcrumb"},"inLanguage":"it-IT","potentialAction":[{"@type":"ReadAction","target":["https:\/\/euricse.eu\/it\/il-saluto-della-presidente-paola-iamiceli\/"]}]},{"@type":"ImageObject","inLanguage":"it-IT","@id":"https:\/\/euricse.eu\/it\/il-saluto-della-presidente-paola-iamiceli\/#primaryimage","url":"https:\/\/euricse.eu\/wp-content\/uploads\/2025\/06\/PAOLA_IAMICELI_01.jpg","contentUrl":"https:\/\/euricse.eu\/wp-content\/uploads\/2025\/06\/PAOLA_IAMICELI_01.jpg","width":1600,"height":1067,"caption":"WALDEN PHOTO STUDIO 7.10.2021 #IOSONOUNITN NELLA FOTO: PAOLA IAMICELI @FEDERICO NARDELLI"},{"@type":"BreadcrumbList","@id":"https:\/\/euricse.eu\/it\/il-saluto-della-presidente-paola-iamiceli\/#breadcrumb","itemListElement":[{"@type":"ListItem","position":1,"name":"Home","item":"https:\/\/euricse.eu\/it\/"},{"@type":"ListItem","position":2,"name":"Il saluto della Presidente Paola Iamiceli"}]},{"@type":"WebSite","@id":"https:\/\/euricse.eu\/en\/#website","url":"https:\/\/euricse.eu\/en\/","name":"Euricse","description":"Knowledge and innovation for cooperative and social enterprises.","potentialAction":[{"@type":"SearchAction","target":{"@type":"EntryPoint","urlTemplate":"https:\/\/euricse.eu\/en\/?s={search_term_string}"},"query-input":{"@type":"PropertyValueSpecification","valueRequired":true,"valueName":"search_term_string"}}],"inLanguage":"it-IT"},{"@type":"Person","@id":"https:\/\/euricse.eu\/en\/#\/schema\/person\/a5b25693531e3458dfedff34c273ba14","name":"Silvia","image":{"@type":"ImageObject","inLanguage":"it-IT","@id":"https:\/\/euricse.eu\/en\/#\/schema\/person\/image\/","url":"https:\/\/secure.gravatar.com\/avatar\/3cef1082b65edc85f1a4c0caa7ce4808f397a517b7217eab6215fe435640f8f7?s=96&d=mm&r=g","contentUrl":"https:\/\/secure.gravatar.com\/avatar\/3cef1082b65edc85f1a4c0caa7ce4808f397a517b7217eab6215fe435640f8f7?s=96&d=mm&r=g","caption":"Silvia"},"url":"https:\/\/euricse.eu\/it\/author\/silvia\/"}]}},"_links":{"self":[{"href":"https:\/\/euricse.eu\/it\/wp-json\/wp\/v2\/posts\/27462","targetHints":{"allow":["GET"]}}],"collection":[{"href":"https:\/\/euricse.eu\/it\/wp-json\/wp\/v2\/posts"}],"about":[{"href":"https:\/\/euricse.eu\/it\/wp-json\/wp\/v2\/types\/post"}],"author":[{"embeddable":true,"href":"https:\/\/euricse.eu\/it\/wp-json\/wp\/v2\/users\/32"}],"replies":[{"embeddable":true,"href":"https:\/\/euricse.eu\/it\/wp-json\/wp\/v2\/comments?post=27462"}],"version-history":[{"count":2,"href":"https:\/\/euricse.eu\/it\/wp-json\/wp\/v2\/posts\/27462\/revisions"}],"predecessor-version":[{"id":27489,"href":"https:\/\/euricse.eu\/it\/wp-json\/wp\/v2\/posts\/27462\/revisions\/27489"}],"wp:featuredmedia":[{"embeddable":true,"href":"https:\/\/euricse.eu\/it\/wp-json\/wp\/v2\/media\/27463"}],"wp:attachment":[{"href":"https:\/\/euricse.eu\/it\/wp-json\/wp\/v2\/media?parent=27462"}],"wp:term":[{"taxonomy":"category","embeddable":true,"href":"https:\/\/euricse.eu\/it\/wp-json\/wp\/v2\/categories?post=27462"},{"taxonomy":"post_tag","embeddable":true,"href":"https:\/\/euricse.eu\/it\/wp-json\/wp\/v2\/tags?post=27462"}],"curies":[{"name":"wp","href":"https:\/\/api.w.org\/{rel}","templated":true}]}}