{"id":2747,"date":"2017-11-12T11:39:34","date_gmt":"2017-11-12T11:39:34","guid":{"rendered":"https:\/\/euricse.staging.hgblu.com\/?p=2747"},"modified":"2019-10-09T15:33:53","modified_gmt":"2019-10-09T14:33:53","slug":"il-master-gis-forma-i-nuovi-manager-del-sociale","status":"publish","type":"post","link":"https:\/\/euricse.eu\/it\/il-master-gis-forma-i-nuovi-manager-del-sociale\/","title":{"rendered":"Master GIS: disponibile il database degli ex-corsisti"},"content":{"rendered":"<p><strong>Giovani, motivati, competenti \u2013 consultabile il database dei curricula dei corsisti Master GIS 2016\/2017<\/strong><\/p>\n<p>Si \u00e8 da poco conclusa la XXI edizione del Master GIS 2016\/2017. Tutti i nostri corsisti hanno terminato il tirocinio e, nel lavoro di tesi finale, hanno evidenziato le abilit\u00e0 acquisite e sperimentate durante quest\u2019anno di lavoro e formazione. Ora si affacciano al mercato del lavoro con<strong> forti motivazioni e competenze<\/strong> (molti di loro hanno gi\u00e0 iniziato una collaborazione professionale!). Euricse li accompagner\u00e0, come sempre, anche in questo entusiasmante nuovo inizio. Per tutte le imprese e le organizzazioni che desiderano conoscere e incontrare i nostri giovani \u201cmanager del sociale\u201d abbiamo pensato di creare <strong>un database libero e gratuito<\/strong> per visionare e scricare i curricula dei nostri corsisti, lo trovate in coda a questa pagine. <!--more--><\/p>\n<p>Alle imprese offriamo, inoltre, la possibilit\u00e0 di<strong> diffondere le loro ricerche di personale al nostro database<\/strong> di tutti\u00a0 gli ex-corsisti (pi\u00f9 di 320 CV a disposizione) e aiutarle cos\u00ec a trovare il profilo pi\u00f9 adatto alle proprie esigenze. E\u2019 un servizio riservato, veloce, gratuito ed efficace, visto che il tasso di placement \u00e8 positivo per l\u201987% dei nostri corsisti a distanza di 6-12 mesi dalla fine del Master.\u00a0 Tra i profili disponibili ci sono\u00a0quindi sia figure junior, sia figure\u00a0con alle spalle\u00a0significative\u00a0esperienze nel settore.<img loading=\"lazy\" decoding=\"async\" class=\"alignright wp-image-4213 size-full\" src=\"https:\/\/euricse.eu\/wp-content\/uploads\/2015\/06\/1380638_10153000149543937_9133990105348188742_n.jpg\" alt=\"1380638_10153000149543937_9133990105348188742_n\" width=\"960\" height=\"432\" srcset=\"https:\/\/euricse.eu\/wp-content\/uploads\/2015\/06\/1380638_10153000149543937_9133990105348188742_n.jpg 960w, https:\/\/euricse.eu\/wp-content\/uploads\/2015\/06\/1380638_10153000149543937_9133990105348188742_n-670x302.jpg 670w, https:\/\/euricse.eu\/wp-content\/uploads\/2015\/06\/1380638_10153000149543937_9133990105348188742_n-300x135.jpg 300w\" sizes=\"auto, (max-width: 960px) 100vw, 960px\" \/><\/p>\n<p>Ci possono contattare anche le imprese che vogliono candidarsi ad ospitare un tirocinio del Master GIS (sulla base di un \u201cprogetto di tirocinio\u201d che espliciti fabbisogni, obiettivi e progetti di miglioramento o innovazione). Saremo felici di rispondere alle vostre richieste e verificare se abbiamo il corsista con le giuste ambizioni e competenze per le vostre esigenze di sviluppo.<\/p>\n<p><strong>Per ricerche di personale, o per proporsi come sede per il periodo di stage dei partecipanti al Master contattare:<\/strong><\/p>\n<p>Paolo Fontana, Responsabile Area Formazione \u2013 EURICSE<br \/>\nTel. 0461\/282289<br \/>\nE-mail: <a href=\"mailto:formazione@euricse.eu\">formazione@euricse.eu<\/a><\/p>\n<p><strong>Michele Bacchion<\/strong><\/p>\n<p><a href=\"https:\/\/euricse.eu\/it\/storie-di-stage-michele-bacchion\/\">Storia di stage<\/a><\/p>\n<p><strong>Claudia Baconcini<\/strong><\/p>\n<p><a href=\"https:\/\/euricse.eu\/it\/storie-di-stage-claudia-baconcini\/\">Storia di stage<\/a><\/p>\n<p><strong>Alessandro Caviola<\/strong><\/p>\n<p><a href=\"https:\/\/euricse.eu\/it\/storie-di-stage-alessandro-caviola\/\">Storia di stage<\/a><\/p>\n<p><strong>Giulia Del Favero<\/strong><\/p>\n<p><a href=\"https:\/\/euricse.eu\/it\/storie-di-stage-giulia-del-favero\/\">Storia di stage<\/a><\/p>\n<p><strong>Davide Festa <\/strong><\/p>\n<p><a href=\"https:\/\/euricse.eu\/it\/storie-di-stage-davide-festa\/\">Storia di stage<\/a><\/p>\n<p><strong>Tommaso Giacomin<\/strong><\/p>\n<p><a href=\"https:\/\/euricse.eu\/it\/storie-di-stage-tommaso-giacomin\/\">Storia di stage<\/a><\/p>\n<p><strong>Rossana Giannitelli<\/strong><\/p>\n<p><a href=\"https:\/\/euricse.eu\/it\/storie-di-stage-rossana-giannitelli\/\">Storia di stage<\/a><\/p>\n<p><strong>Sara Marconi<\/strong><\/p>\n<p><a href=\"https:\/\/euricse.eu\/it\/storiedistage-sara-marconi\/\">Storia di stage<\/a><\/p>\n<p><strong>Jessica Marostica <\/strong><\/p>\n<p><a href=\"https:\/\/euricse.eu\/it\/storie-di-stage-jessica-marostica\/\">Storia di stage<\/a><\/p>\n<p><strong>Margherita Menghini<\/strong><\/p>\n<p><a href=\"https:\/\/euricse.eu\/it\/storie-di-stage-margherita-menghini\/\">Storia di stage<\/a><\/p>\n<p><strong>Riccardo Ravagni <\/strong><\/p>\n<p><a href=\"https:\/\/euricse.eu\/it\/storie-di-stage-riccardo-ravagni\/\">Storia di stage<\/a><\/p>\n<p><strong>Alessio Romito<\/strong><\/p>\n<p><a href=\"https:\/\/euricse.eu\/it\/storie-di-stage-alessio-romito\/\">Storie di stage<\/a><\/p>\n<p><strong>Leonardo Tedeschi <\/strong><\/p>\n<p><a href=\"https:\/\/euricse.eu\/it\/storie-di-stage-leonardo-tedeschi\/\">Storie di stage<\/a><\/p>\n<p><strong>Pier Paolo Topran<\/strong><\/p>\n<p><a href=\"https:\/\/euricse.eu\/it\/storie-di-stage-pier-paolo-topran\/\">Storie di stage<\/a><\/p>\n<p><strong>Samuele Verucchi<\/strong><\/p>\n<p><a href=\"https:\/\/euricse.eu\/it\/storie-di-stage-samuele-verucchi\/\">Storie di stage<\/a><\/p>\n<p><strong>Domenico Villano <\/strong><\/p>\n<p><a href=\"https:\/\/euricse.eu\/it\/storie-di-stage-domenico-villano\/\">Storia di stage<\/a><\/p>\n","protected":false},"excerpt":{"rendered":"<p>\u00c8 fissato per il prossimo 9 ottobre il termine per la presentazione delle domande per l&#8217;iscrizione al Master Universitario in gestione di imprese sociali.<\/p>\n","protected":false},"author":32,"featured_media":2748,"comment_status":"open","ping_status":"closed","sticky":false,"template":"","format":"standard","meta":{"_acf_changed":false,"episode_type":"","audio_file":"","cover_image":"","cover_image_id":"","duration":"","filesize":"","date_recorded":"","explicit":"","block":"","itunes_episode_number":"","itunes_title":"","itunes_season_number":"","itunes_episode_type":"","filesize_raw":"","footnotes":""},"categories":[17],"tags":[119,292,430],"class_list":["post-2747","post","type-post","status-publish","format-standard","has-post-thumbnail","hentry","category-news-it","tag-creare-competenze","tag-master-gis","tag-storie-di-stage"],"acf":[],"yoast_head":"<!-- This site is optimized with the Yoast SEO plugin v26.1.1 - https:\/\/yoast.com\/wordpress\/plugins\/seo\/ -->\n<title>Master GIS: disponibile il database degli ex-corsisti - Euricse<\/title>\n<meta name=\"robots\" content=\"index, follow, max-snippet:-1, max-image-preview:large, max-video-preview:-1\" \/>\n<link rel=\"canonical\" href=\"https:\/\/euricse.eu\/it\/il-master-gis-forma-i-nuovi-manager-del-sociale\/\" \/>\n<meta property=\"og:locale\" content=\"it_IT\" \/>\n<meta property=\"og:type\" content=\"article\" \/>\n<meta property=\"og:title\" content=\"Master GIS: disponibile il database degli ex-corsisti - Euricse\" \/>\n<meta property=\"og:description\" content=\"\u00c8 fissato per il prossimo 9 ottobre il termine per la presentazione delle domande per l&#039;iscrizione al Master Universitario in gestione di imprese sociali.\" \/>\n<meta property=\"og:url\" content=\"https:\/\/euricse.eu\/it\/il-master-gis-forma-i-nuovi-manager-del-sociale\/\" \/>\n<meta property=\"og:site_name\" content=\"Euricse\" \/>\n<meta property=\"article:published_time\" content=\"2017-11-12T11:39:34+00:00\" \/>\n<meta property=\"article:modified_time\" content=\"2019-10-09T14:33:53+00:00\" \/>\n<meta property=\"og:image\" content=\"https:\/\/euricse.eu\/wp-content\/uploads\/2015\/09\/Master-GIS-Reunion_39-1024x683.jpg\" \/>\n\t<meta property=\"og:image:width\" content=\"1024\" \/>\n\t<meta property=\"og:image:height\" content=\"683\" \/>\n\t<meta property=\"og:image:type\" content=\"image\/jpeg\" \/>\n<meta name=\"author\" content=\"Silvia\" \/>\n<meta name=\"twitter:card\" content=\"summary_large_image\" \/>\n<meta name=\"twitter:label1\" content=\"Scritto da\" \/>\n\t<meta name=\"twitter:data1\" content=\"Silvia\" \/>\n\t<meta name=\"twitter:label2\" content=\"Tempo di lettura stimato\" \/>\n\t<meta name=\"twitter:data2\" content=\"2 minuti\" \/>\n<script type=\"application\/ld+json\" class=\"yoast-schema-graph\">{\"@context\":\"https:\/\/schema.org\",\"@graph\":[{\"@type\":\"WebPage\",\"@id\":\"https:\/\/euricse.eu\/it\/il-master-gis-forma-i-nuovi-manager-del-sociale\/\",\"url\":\"https:\/\/euricse.eu\/it\/il-master-gis-forma-i-nuovi-manager-del-sociale\/\",\"name\":\"Master GIS: disponibile il database degli ex-corsisti - Euricse\",\"isPartOf\":{\"@id\":\"https:\/\/euricse.eu\/en\/#website\"},\"primaryImageOfPage\":{\"@id\":\"https:\/\/euricse.eu\/it\/il-master-gis-forma-i-nuovi-manager-del-sociale\/#primaryimage\"},\"image\":{\"@id\":\"https:\/\/euricse.eu\/it\/il-master-gis-forma-i-nuovi-manager-del-sociale\/#primaryimage\"},\"thumbnailUrl\":\"https:\/\/euricse.eu\/wp-content\/uploads\/2015\/09\/Master-GIS-Reunion_39.jpg\",\"datePublished\":\"2017-11-12T11:39:34+00:00\",\"dateModified\":\"2019-10-09T14:33:53+00:00\",\"author\":{\"@id\":\"https:\/\/euricse.eu\/en\/#\/schema\/person\/a5b25693531e3458dfedff34c273ba14\"},\"breadcrumb\":{\"@id\":\"https:\/\/euricse.eu\/it\/il-master-gis-forma-i-nuovi-manager-del-sociale\/#breadcrumb\"},\"inLanguage\":\"it-IT\",\"potentialAction\":[{\"@type\":\"ReadAction\",\"target\":[\"https:\/\/euricse.eu\/it\/il-master-gis-forma-i-nuovi-manager-del-sociale\/\"]}]},{\"@type\":\"ImageObject\",\"inLanguage\":\"it-IT\",\"@id\":\"https:\/\/euricse.eu\/it\/il-master-gis-forma-i-nuovi-manager-del-sociale\/#primaryimage\",\"url\":\"https:\/\/euricse.eu\/wp-content\/uploads\/2015\/09\/Master-GIS-Reunion_39.jpg\",\"contentUrl\":\"https:\/\/euricse.eu\/wp-content\/uploads\/2015\/09\/Master-GIS-Reunion_39.jpg\",\"width\":5642,\"height\":3761},{\"@type\":\"BreadcrumbList\",\"@id\":\"https:\/\/euricse.eu\/it\/il-master-gis-forma-i-nuovi-manager-del-sociale\/#breadcrumb\",\"itemListElement\":[{\"@type\":\"ListItem\",\"position\":1,\"name\":\"Home\",\"item\":\"https:\/\/euricse.eu\/it\/\"},{\"@type\":\"ListItem\",\"position\":2,\"name\":\"Master GIS: disponibile il database degli ex-corsisti\"}]},{\"@type\":\"WebSite\",\"@id\":\"https:\/\/euricse.eu\/en\/#website\",\"url\":\"https:\/\/euricse.eu\/en\/\",\"name\":\"Euricse\",\"description\":\"Knowledge and innovation for cooperative and social enterprises.\",\"potentialAction\":[{\"@type\":\"SearchAction\",\"target\":{\"@type\":\"EntryPoint\",\"urlTemplate\":\"https:\/\/euricse.eu\/en\/?s={search_term_string}\"},\"query-input\":{\"@type\":\"PropertyValueSpecification\",\"valueRequired\":true,\"valueName\":\"search_term_string\"}}],\"inLanguage\":\"it-IT\"},{\"@type\":\"Person\",\"@id\":\"https:\/\/euricse.eu\/en\/#\/schema\/person\/a5b25693531e3458dfedff34c273ba14\",\"name\":\"Silvia\",\"image\":{\"@type\":\"ImageObject\",\"inLanguage\":\"it-IT\",\"@id\":\"https:\/\/euricse.eu\/en\/#\/schema\/person\/image\/\",\"url\":\"https:\/\/secure.gravatar.com\/avatar\/3cef1082b65edc85f1a4c0caa7ce4808f397a517b7217eab6215fe435640f8f7?s=96&d=mm&r=g\",\"contentUrl\":\"https:\/\/secure.gravatar.com\/avatar\/3cef1082b65edc85f1a4c0caa7ce4808f397a517b7217eab6215fe435640f8f7?s=96&d=mm&r=g\",\"caption\":\"Silvia\"},\"url\":\"https:\/\/euricse.eu\/it\/author\/silvia\/\"}]}<\/script>\n<!-- \/ Yoast SEO plugin. -->","yoast_head_json":{"title":"Master GIS: disponibile il database degli ex-corsisti - Euricse","robots":{"index":"index","follow":"follow","max-snippet":"max-snippet:-1","max-image-preview":"max-image-preview:large","max-video-preview":"max-video-preview:-1"},"canonical":"https:\/\/euricse.eu\/it\/il-master-gis-forma-i-nuovi-manager-del-sociale\/","og_locale":"it_IT","og_type":"article","og_title":"Master GIS: disponibile il database degli ex-corsisti - Euricse","og_description":"\u00c8 fissato per il prossimo 9 ottobre il termine per la presentazione delle domande per l'iscrizione al Master Universitario in gestione di imprese sociali.","og_url":"https:\/\/euricse.eu\/it\/il-master-gis-forma-i-nuovi-manager-del-sociale\/","og_site_name":"Euricse","article_published_time":"2017-11-12T11:39:34+00:00","article_modified_time":"2019-10-09T14:33:53+00:00","og_image":[{"width":1024,"height":683,"url":"https:\/\/euricse.eu\/wp-content\/uploads\/2015\/09\/Master-GIS-Reunion_39-1024x683.jpg","type":"image\/jpeg"}],"author":"Silvia","twitter_card":"summary_large_image","twitter_misc":{"Scritto da":"Silvia","Tempo di lettura stimato":"2 minuti"},"schema":{"@context":"https:\/\/schema.org","@graph":[{"@type":"WebPage","@id":"https:\/\/euricse.eu\/it\/il-master-gis-forma-i-nuovi-manager-del-sociale\/","url":"https:\/\/euricse.eu\/it\/il-master-gis-forma-i-nuovi-manager-del-sociale\/","name":"Master GIS: disponibile il database degli ex-corsisti - Euricse","isPartOf":{"@id":"https:\/\/euricse.eu\/en\/#website"},"primaryImageOfPage":{"@id":"https:\/\/euricse.eu\/it\/il-master-gis-forma-i-nuovi-manager-del-sociale\/#primaryimage"},"image":{"@id":"https:\/\/euricse.eu\/it\/il-master-gis-forma-i-nuovi-manager-del-sociale\/#primaryimage"},"thumbnailUrl":"https:\/\/euricse.eu\/wp-content\/uploads\/2015\/09\/Master-GIS-Reunion_39.jpg","datePublished":"2017-11-12T11:39:34+00:00","dateModified":"2019-10-09T14:33:53+00:00","author":{"@id":"https:\/\/euricse.eu\/en\/#\/schema\/person\/a5b25693531e3458dfedff34c273ba14"},"breadcrumb":{"@id":"https:\/\/euricse.eu\/it\/il-master-gis-forma-i-nuovi-manager-del-sociale\/#breadcrumb"},"inLanguage":"it-IT","potentialAction":[{"@type":"ReadAction","target":["https:\/\/euricse.eu\/it\/il-master-gis-forma-i-nuovi-manager-del-sociale\/"]}]},{"@type":"ImageObject","inLanguage":"it-IT","@id":"https:\/\/euricse.eu\/it\/il-master-gis-forma-i-nuovi-manager-del-sociale\/#primaryimage","url":"https:\/\/euricse.eu\/wp-content\/uploads\/2015\/09\/Master-GIS-Reunion_39.jpg","contentUrl":"https:\/\/euricse.eu\/wp-content\/uploads\/2015\/09\/Master-GIS-Reunion_39.jpg","width":5642,"height":3761},{"@type":"BreadcrumbList","@id":"https:\/\/euricse.eu\/it\/il-master-gis-forma-i-nuovi-manager-del-sociale\/#breadcrumb","itemListElement":[{"@type":"ListItem","position":1,"name":"Home","item":"https:\/\/euricse.eu\/it\/"},{"@type":"ListItem","position":2,"name":"Master GIS: disponibile il database degli ex-corsisti"}]},{"@type":"WebSite","@id":"https:\/\/euricse.eu\/en\/#website","url":"https:\/\/euricse.eu\/en\/","name":"Euricse","description":"Knowledge and innovation for cooperative and social enterprises.","potentialAction":[{"@type":"SearchAction","target":{"@type":"EntryPoint","urlTemplate":"https:\/\/euricse.eu\/en\/?s={search_term_string}"},"query-input":{"@type":"PropertyValueSpecification","valueRequired":true,"valueName":"search_term_string"}}],"inLanguage":"it-IT"},{"@type":"Person","@id":"https:\/\/euricse.eu\/en\/#\/schema\/person\/a5b25693531e3458dfedff34c273ba14","name":"Silvia","image":{"@type":"ImageObject","inLanguage":"it-IT","@id":"https:\/\/euricse.eu\/en\/#\/schema\/person\/image\/","url":"https:\/\/secure.gravatar.com\/avatar\/3cef1082b65edc85f1a4c0caa7ce4808f397a517b7217eab6215fe435640f8f7?s=96&d=mm&r=g","contentUrl":"https:\/\/secure.gravatar.com\/avatar\/3cef1082b65edc85f1a4c0caa7ce4808f397a517b7217eab6215fe435640f8f7?s=96&d=mm&r=g","caption":"Silvia"},"url":"https:\/\/euricse.eu\/it\/author\/silvia\/"}]}},"_links":{"self":[{"href":"https:\/\/euricse.eu\/it\/wp-json\/wp\/v2\/posts\/2747","targetHints":{"allow":["GET"]}}],"collection":[{"href":"https:\/\/euricse.eu\/it\/wp-json\/wp\/v2\/posts"}],"about":[{"href":"https:\/\/euricse.eu\/it\/wp-json\/wp\/v2\/types\/post"}],"author":[{"embeddable":true,"href":"https:\/\/euricse.eu\/it\/wp-json\/wp\/v2\/users\/32"}],"replies":[{"embeddable":true,"href":"https:\/\/euricse.eu\/it\/wp-json\/wp\/v2\/comments?post=2747"}],"version-history":[{"count":0,"href":"https:\/\/euricse.eu\/it\/wp-json\/wp\/v2\/posts\/2747\/revisions"}],"wp:featuredmedia":[{"embeddable":true,"href":"https:\/\/euricse.eu\/it\/wp-json\/wp\/v2\/media\/2748"}],"wp:attachment":[{"href":"https:\/\/euricse.eu\/it\/wp-json\/wp\/v2\/media?parent=2747"}],"wp:term":[{"taxonomy":"category","embeddable":true,"href":"https:\/\/euricse.eu\/it\/wp-json\/wp\/v2\/categories?post=2747"},{"taxonomy":"post_tag","embeddable":true,"href":"https:\/\/euricse.eu\/it\/wp-json\/wp\/v2\/tags?post=2747"}],"curies":[{"name":"wp","href":"https:\/\/api.w.org\/{rel}","templated":true}]}}