{"id":27565,"date":"2025-06-30T12:59:14","date_gmt":"2025-06-30T11:59:14","guid":{"rendered":"https:\/\/euricse.eu\/?p=27565"},"modified":"2025-07-01T13:04:34","modified_gmt":"2025-07-01T12:04:34","slug":"webinar-icett-opportunita-e-benefici-della-proprieta-collettiva","status":"publish","type":"post","link":"https:\/\/euricse.eu\/it\/webinar-icett-opportunita-e-benefici-della-proprieta-collettiva\/","title":{"rendered":"Webinar ICETT: opportunit\u00e0 e benefici della propriet\u00e0 collettiva"},"content":{"rendered":"<p>Oltre 200 partecipanti hanno seguito il webinar organizzato da ICETT, il think tank promosso dall\u2019International Cooperative Alliance (ICA), dedicato alla presentazione del rapporto &#8220;<a href=\"https:\/\/euricse.us2.list-manage.com\/track\/click?u=1c9965065e22b72afa91c6488&amp;id=33e19d966a&amp;e=aeab996f16\" target=\"_blank\" rel=\"noopener\" data-saferedirecturl=\"https:\/\/www.google.com\/url?q=https:\/\/euricse.us2.list-manage.com\/track\/click?u%3D1c9965065e22b72afa91c6488%26id%3D33e19d966a%26e%3Daeab996f16&amp;source=gmail&amp;ust=1751437233274000&amp;usg=AOvVaw2eo64nljCsqyPCDQk56kNK\">The Opportunities and Benefits of Collective Ownership<\/a>&#8220;, che offre strumenti tangibili alle cooperative per comunicare meglio il loro impatto e sfruttare la loro identit\u00e0 per ottenere visibilit\u00e0, advocacy e vantaggi competitivi. A cura di\u00a0<strong>Gianluca Salvatori\u00a0<\/strong>e\u00a0<strong>Chiara Carini,\u00a0<\/strong>rispettivamente segretario generale e ricercatrice senior\u00a0di EURICSE, il report\u00a0evidenzia le potenzialit\u00e0 della propriet\u00e0 collettiva, sottolineando come i &#8220;benefits&#8221; rappresentino un elemento chiave per una solida identit\u00e0 cooperativa.<br \/>\nModerato da\u00a0<strong>Ilana Gotz<\/strong>, senior project manager di EURICSE, l\u2019incontro ha offerto una panoramica su casi studio internazionali e si \u00e8 concluso con un vivace confronto tra relatori e partecipanti, ricco di spunti e riflessioni sul futuro del movimento cooperativo.<\/p>\n<p><a href=\"https:\/\/euricse.us2.list-manage.com\/track\/click?u=1c9965065e22b72afa91c6488&amp;id=1eeb40ff9e&amp;e=aeab996f16\" target=\"_blank\" rel=\"noopener\" data-saferedirecturl=\"https:\/\/www.google.com\/url?q=https:\/\/euricse.us2.list-manage.com\/track\/click?u%3D1c9965065e22b72afa91c6488%26id%3D1eeb40ff9e%26e%3Daeab996f16&amp;source=gmail&amp;ust=1751437233274000&amp;usg=AOvVaw3bWgTqJRDFf-MmMpTqo4J7\">Rivedi il webinar<\/a><br \/>\n<a href=\"https:\/\/euricse.us2.list-manage.com\/track\/click?u=1c9965065e22b72afa91c6488&amp;id=a0eb99c7a1&amp;e=aeab996f16\" target=\"_blank\" rel=\"noopener\" data-saferedirecturl=\"https:\/\/www.google.com\/url?q=https:\/\/euricse.us2.list-manage.com\/track\/click?u%3D1c9965065e22b72afa91c6488%26id%3Da0eb99c7a1%26e%3Daeab996f16&amp;source=gmail&amp;ust=1751437233274000&amp;usg=AOvVaw3-PKV_d6CX5ZqasY1BUYUD\">Info<\/a><\/p>\n","protected":false},"excerpt":{"rendered":"<p>Ilana Gotz, senior project manager di EURICSE, ha moderato il Webinar organizzato da ICETT, il think tank promosso dall\u2019International Cooperative Alliance (ICA), dedicato alla presentazione del rapporto &#8220;The Opportunities and Benefits of Collective Ownership&#8221;.<\/p>\n","protected":false},"author":35,"featured_media":27539,"comment_status":"closed","ping_status":"closed","sticky":false,"template":"","format":"standard","meta":{"_acf_changed":false,"episode_type":"","audio_file":"","cover_image":"","cover_image_id":"","duration":"","filesize":"","date_recorded":"","explicit":"","block":"","itunes_episode_number":"","itunes_title":"","itunes_season_number":"","itunes_episode_type":"","filesize_raw":"","footnotes":""},"categories":[17],"tags":[790],"class_list":["post-27565","post","type-post","status-publish","format-standard","has-post-thumbnail","hentry","category-news-it","tag-movimento-cooperativo"],"acf":[],"yoast_head":"<!-- This site is optimized with the Yoast SEO plugin v26.1.1 - https:\/\/yoast.com\/wordpress\/plugins\/seo\/ -->\n<title>Webinar ICETT: opportunit\u00e0 e benefici della propriet\u00e0 collettiva - Euricse<\/title>\n<meta name=\"description\" content=\"Ilana Gotz, senior project manager di EURICSE, ha moderato il Webinar organizzato da ICETT, il think tank promosso dall\u2019International Cooperative Alliance (ICA), dedicato alla presentazione del rapporto &quot;The Opportunities and Benefits of Collective Ownership&quot;.\" \/>\n<meta name=\"robots\" content=\"index, follow, max-snippet:-1, max-image-preview:large, max-video-preview:-1\" \/>\n<link rel=\"canonical\" href=\"https:\/\/euricse.eu\/it\/webinar-icett-opportunita-e-benefici-della-proprieta-collettiva\/\" \/>\n<meta property=\"og:locale\" content=\"it_IT\" \/>\n<meta property=\"og:type\" content=\"article\" \/>\n<meta property=\"og:title\" content=\"Webinar ICETT: opportunit\u00e0 e benefici della propriet\u00e0 collettiva - Euricse\" \/>\n<meta property=\"og:description\" content=\"Ilana Gotz, senior project manager di EURICSE, ha moderato il Webinar organizzato da ICETT, il think tank promosso dall\u2019International Cooperative Alliance (ICA), dedicato alla presentazione del rapporto &quot;The Opportunities and Benefits of Collective Ownership&quot;.\" \/>\n<meta property=\"og:url\" content=\"https:\/\/euricse.eu\/it\/webinar-icett-opportunita-e-benefici-della-proprieta-collettiva\/\" \/>\n<meta property=\"og:site_name\" content=\"Euricse\" \/>\n<meta property=\"article:published_time\" content=\"2025-06-30T11:59:14+00:00\" \/>\n<meta property=\"article:modified_time\" content=\"2025-07-01T12:04:34+00:00\" \/>\n<meta property=\"og:image\" content=\"https:\/\/euricse.eu\/wp-content\/uploads\/2025\/06\/ICETT-Webinar.jpg\" \/>\n\t<meta property=\"og:image:width\" content=\"800\" \/>\n\t<meta property=\"og:image:height\" content=\"428\" \/>\n\t<meta property=\"og:image:type\" content=\"image\/jpeg\" \/>\n<meta name=\"author\" content=\"comunicazione\" \/>\n<meta name=\"twitter:card\" content=\"summary_large_image\" \/>\n<meta name=\"twitter:label1\" content=\"Scritto da\" \/>\n\t<meta name=\"twitter:data1\" content=\"comunicazione\" \/>\n\t<meta name=\"twitter:label2\" content=\"Tempo di lettura stimato\" \/>\n\t<meta name=\"twitter:data2\" content=\"1 minuto\" \/>\n<script type=\"application\/ld+json\" class=\"yoast-schema-graph\">{\"@context\":\"https:\/\/schema.org\",\"@graph\":[{\"@type\":\"WebPage\",\"@id\":\"https:\/\/euricse.eu\/it\/webinar-icett-opportunita-e-benefici-della-proprieta-collettiva\/\",\"url\":\"https:\/\/euricse.eu\/it\/webinar-icett-opportunita-e-benefici-della-proprieta-collettiva\/\",\"name\":\"Webinar ICETT: opportunit\u00e0 e benefici della propriet\u00e0 collettiva - Euricse\",\"isPartOf\":{\"@id\":\"https:\/\/euricse.eu\/en\/#website\"},\"primaryImageOfPage\":{\"@id\":\"https:\/\/euricse.eu\/it\/webinar-icett-opportunita-e-benefici-della-proprieta-collettiva\/#primaryimage\"},\"image\":{\"@id\":\"https:\/\/euricse.eu\/it\/webinar-icett-opportunita-e-benefici-della-proprieta-collettiva\/#primaryimage\"},\"thumbnailUrl\":\"https:\/\/euricse.eu\/wp-content\/uploads\/2025\/06\/ICETT-Webinar.jpg\",\"datePublished\":\"2025-06-30T11:59:14+00:00\",\"dateModified\":\"2025-07-01T12:04:34+00:00\",\"author\":{\"@id\":\"https:\/\/euricse.eu\/en\/#\/schema\/person\/a6fb65fc189d71297f81c1e7bad30b9b\"},\"description\":\"Ilana Gotz, senior project manager di EURICSE, ha moderato il Webinar organizzato da ICETT, il think tank promosso dall\u2019International Cooperative Alliance (ICA), dedicato alla presentazione del rapporto \\\"The Opportunities and Benefits of Collective Ownership\\\".\",\"breadcrumb\":{\"@id\":\"https:\/\/euricse.eu\/it\/webinar-icett-opportunita-e-benefici-della-proprieta-collettiva\/#breadcrumb\"},\"inLanguage\":\"it-IT\",\"potentialAction\":[{\"@type\":\"ReadAction\",\"target\":[\"https:\/\/euricse.eu\/it\/webinar-icett-opportunita-e-benefici-della-proprieta-collettiva\/\"]}]},{\"@type\":\"ImageObject\",\"inLanguage\":\"it-IT\",\"@id\":\"https:\/\/euricse.eu\/it\/webinar-icett-opportunita-e-benefici-della-proprieta-collettiva\/#primaryimage\",\"url\":\"https:\/\/euricse.eu\/wp-content\/uploads\/2025\/06\/ICETT-Webinar.jpg\",\"contentUrl\":\"https:\/\/euricse.eu\/wp-content\/uploads\/2025\/06\/ICETT-Webinar.jpg\",\"width\":800,\"height\":428},{\"@type\":\"BreadcrumbList\",\"@id\":\"https:\/\/euricse.eu\/it\/webinar-icett-opportunita-e-benefici-della-proprieta-collettiva\/#breadcrumb\",\"itemListElement\":[{\"@type\":\"ListItem\",\"position\":1,\"name\":\"Home\",\"item\":\"https:\/\/euricse.eu\/it\/\"},{\"@type\":\"ListItem\",\"position\":2,\"name\":\"Webinar ICETT: opportunit\u00e0 e benefici della propriet\u00e0 collettiva\"}]},{\"@type\":\"WebSite\",\"@id\":\"https:\/\/euricse.eu\/en\/#website\",\"url\":\"https:\/\/euricse.eu\/en\/\",\"name\":\"Euricse\",\"description\":\"Knowledge and innovation for cooperative and social enterprises.\",\"potentialAction\":[{\"@type\":\"SearchAction\",\"target\":{\"@type\":\"EntryPoint\",\"urlTemplate\":\"https:\/\/euricse.eu\/en\/?s={search_term_string}\"},\"query-input\":{\"@type\":\"PropertyValueSpecification\",\"valueRequired\":true,\"valueName\":\"search_term_string\"}}],\"inLanguage\":\"it-IT\"},{\"@type\":\"Person\",\"@id\":\"https:\/\/euricse.eu\/en\/#\/schema\/person\/a6fb65fc189d71297f81c1e7bad30b9b\",\"name\":\"comunicazione\",\"image\":{\"@type\":\"ImageObject\",\"inLanguage\":\"it-IT\",\"@id\":\"https:\/\/euricse.eu\/en\/#\/schema\/person\/image\/\",\"url\":\"https:\/\/secure.gravatar.com\/avatar\/7ac8e85cb1bd3ac912e2d8be2823f83faf319f680b909bfda1cb0b8239c97a6e?s=96&d=mm&r=g\",\"contentUrl\":\"https:\/\/secure.gravatar.com\/avatar\/7ac8e85cb1bd3ac912e2d8be2823f83faf319f680b909bfda1cb0b8239c97a6e?s=96&d=mm&r=g\",\"caption\":\"comunicazione\"},\"url\":\"https:\/\/euricse.eu\/it\/author\/comunicazione\/\"}]}<\/script>\n<!-- \/ Yoast SEO plugin. -->","yoast_head_json":{"title":"Webinar ICETT: opportunit\u00e0 e benefici della propriet\u00e0 collettiva - Euricse","description":"Ilana Gotz, senior project manager di EURICSE, ha moderato il Webinar organizzato da ICETT, il think tank promosso dall\u2019International Cooperative Alliance (ICA), dedicato alla presentazione del rapporto \"The Opportunities and Benefits of Collective Ownership\".","robots":{"index":"index","follow":"follow","max-snippet":"max-snippet:-1","max-image-preview":"max-image-preview:large","max-video-preview":"max-video-preview:-1"},"canonical":"https:\/\/euricse.eu\/it\/webinar-icett-opportunita-e-benefici-della-proprieta-collettiva\/","og_locale":"it_IT","og_type":"article","og_title":"Webinar ICETT: opportunit\u00e0 e benefici della propriet\u00e0 collettiva - Euricse","og_description":"Ilana Gotz, senior project manager di EURICSE, ha moderato il Webinar organizzato da ICETT, il think tank promosso dall\u2019International Cooperative Alliance (ICA), dedicato alla presentazione del rapporto \"The Opportunities and Benefits of Collective Ownership\".","og_url":"https:\/\/euricse.eu\/it\/webinar-icett-opportunita-e-benefici-della-proprieta-collettiva\/","og_site_name":"Euricse","article_published_time":"2025-06-30T11:59:14+00:00","article_modified_time":"2025-07-01T12:04:34+00:00","og_image":[{"width":800,"height":428,"url":"https:\/\/euricse.eu\/wp-content\/uploads\/2025\/06\/ICETT-Webinar.jpg","type":"image\/jpeg"}],"author":"comunicazione","twitter_card":"summary_large_image","twitter_misc":{"Scritto da":"comunicazione","Tempo di lettura stimato":"1 minuto"},"schema":{"@context":"https:\/\/schema.org","@graph":[{"@type":"WebPage","@id":"https:\/\/euricse.eu\/it\/webinar-icett-opportunita-e-benefici-della-proprieta-collettiva\/","url":"https:\/\/euricse.eu\/it\/webinar-icett-opportunita-e-benefici-della-proprieta-collettiva\/","name":"Webinar ICETT: opportunit\u00e0 e benefici della propriet\u00e0 collettiva - Euricse","isPartOf":{"@id":"https:\/\/euricse.eu\/en\/#website"},"primaryImageOfPage":{"@id":"https:\/\/euricse.eu\/it\/webinar-icett-opportunita-e-benefici-della-proprieta-collettiva\/#primaryimage"},"image":{"@id":"https:\/\/euricse.eu\/it\/webinar-icett-opportunita-e-benefici-della-proprieta-collettiva\/#primaryimage"},"thumbnailUrl":"https:\/\/euricse.eu\/wp-content\/uploads\/2025\/06\/ICETT-Webinar.jpg","datePublished":"2025-06-30T11:59:14+00:00","dateModified":"2025-07-01T12:04:34+00:00","author":{"@id":"https:\/\/euricse.eu\/en\/#\/schema\/person\/a6fb65fc189d71297f81c1e7bad30b9b"},"description":"Ilana Gotz, senior project manager di EURICSE, ha moderato il Webinar organizzato da ICETT, il think tank promosso dall\u2019International Cooperative Alliance (ICA), dedicato alla presentazione del rapporto \"The Opportunities and Benefits of Collective Ownership\".","breadcrumb":{"@id":"https:\/\/euricse.eu\/it\/webinar-icett-opportunita-e-benefici-della-proprieta-collettiva\/#breadcrumb"},"inLanguage":"it-IT","potentialAction":[{"@type":"ReadAction","target":["https:\/\/euricse.eu\/it\/webinar-icett-opportunita-e-benefici-della-proprieta-collettiva\/"]}]},{"@type":"ImageObject","inLanguage":"it-IT","@id":"https:\/\/euricse.eu\/it\/webinar-icett-opportunita-e-benefici-della-proprieta-collettiva\/#primaryimage","url":"https:\/\/euricse.eu\/wp-content\/uploads\/2025\/06\/ICETT-Webinar.jpg","contentUrl":"https:\/\/euricse.eu\/wp-content\/uploads\/2025\/06\/ICETT-Webinar.jpg","width":800,"height":428},{"@type":"BreadcrumbList","@id":"https:\/\/euricse.eu\/it\/webinar-icett-opportunita-e-benefici-della-proprieta-collettiva\/#breadcrumb","itemListElement":[{"@type":"ListItem","position":1,"name":"Home","item":"https:\/\/euricse.eu\/it\/"},{"@type":"ListItem","position":2,"name":"Webinar ICETT: opportunit\u00e0 e benefici della propriet\u00e0 collettiva"}]},{"@type":"WebSite","@id":"https:\/\/euricse.eu\/en\/#website","url":"https:\/\/euricse.eu\/en\/","name":"Euricse","description":"Knowledge and innovation for cooperative and social enterprises.","potentialAction":[{"@type":"SearchAction","target":{"@type":"EntryPoint","urlTemplate":"https:\/\/euricse.eu\/en\/?s={search_term_string}"},"query-input":{"@type":"PropertyValueSpecification","valueRequired":true,"valueName":"search_term_string"}}],"inLanguage":"it-IT"},{"@type":"Person","@id":"https:\/\/euricse.eu\/en\/#\/schema\/person\/a6fb65fc189d71297f81c1e7bad30b9b","name":"comunicazione","image":{"@type":"ImageObject","inLanguage":"it-IT","@id":"https:\/\/euricse.eu\/en\/#\/schema\/person\/image\/","url":"https:\/\/secure.gravatar.com\/avatar\/7ac8e85cb1bd3ac912e2d8be2823f83faf319f680b909bfda1cb0b8239c97a6e?s=96&d=mm&r=g","contentUrl":"https:\/\/secure.gravatar.com\/avatar\/7ac8e85cb1bd3ac912e2d8be2823f83faf319f680b909bfda1cb0b8239c97a6e?s=96&d=mm&r=g","caption":"comunicazione"},"url":"https:\/\/euricse.eu\/it\/author\/comunicazione\/"}]}},"_links":{"self":[{"href":"https:\/\/euricse.eu\/it\/wp-json\/wp\/v2\/posts\/27565","targetHints":{"allow":["GET"]}}],"collection":[{"href":"https:\/\/euricse.eu\/it\/wp-json\/wp\/v2\/posts"}],"about":[{"href":"https:\/\/euricse.eu\/it\/wp-json\/wp\/v2\/types\/post"}],"author":[{"embeddable":true,"href":"https:\/\/euricse.eu\/it\/wp-json\/wp\/v2\/users\/35"}],"replies":[{"embeddable":true,"href":"https:\/\/euricse.eu\/it\/wp-json\/wp\/v2\/comments?post=27565"}],"version-history":[{"count":1,"href":"https:\/\/euricse.eu\/it\/wp-json\/wp\/v2\/posts\/27565\/revisions"}],"predecessor-version":[{"id":27566,"href":"https:\/\/euricse.eu\/it\/wp-json\/wp\/v2\/posts\/27565\/revisions\/27566"}],"wp:featuredmedia":[{"embeddable":true,"href":"https:\/\/euricse.eu\/it\/wp-json\/wp\/v2\/media\/27539"}],"wp:attachment":[{"href":"https:\/\/euricse.eu\/it\/wp-json\/wp\/v2\/media?parent=27565"}],"wp:term":[{"taxonomy":"category","embeddable":true,"href":"https:\/\/euricse.eu\/it\/wp-json\/wp\/v2\/categories?post=27565"},{"taxonomy":"post_tag","embeddable":true,"href":"https:\/\/euricse.eu\/it\/wp-json\/wp\/v2\/tags?post=27565"}],"curies":[{"name":"wp","href":"https:\/\/api.w.org\/{rel}","templated":true}]}}