{"id":27578,"date":"2025-07-02T12:42:44","date_gmt":"2025-07-02T11:42:44","guid":{"rendered":"https:\/\/euricse.eu\/?p=27578"},"modified":"2025-07-02T12:47:21","modified_gmt":"2025-07-02T11:47:21","slug":"giovani-attivismo-e-economia-sociale-in-toscana","status":"publish","type":"post","link":"https:\/\/euricse.eu\/it\/giovani-attivismo-e-economia-sociale-in-toscana\/","title":{"rendered":"Giovani, attivismo e economia sociale in Toscana"},"content":{"rendered":"<p>Come trasformare le nuove generazioni in vere protagoniste dell\u2019economia sociale? Come stimolare la loro partecipazione attiva e promuovere comunit\u00e0 pi\u00f9 inclusive? A queste domande cercher\u00e0 di rispondere l\u2019evento &#8220;<strong>Giovani, attivismo ed economia sociale in Toscana: trend, sfide e contrasti<\/strong>&#8220;, in programma il <strong>9 luglio 2025<\/strong>, dalle ore 15 alle 18, a Siena, presso la <strong>Fondazione Monte dei Paschi di Siena<\/strong>\u00a0(Banchi di Sotto, 34).<\/p>\n<p>L\u2019incontro nasce con l\u2019obiettivo di approfondire il ruolo delle ragazze e dei ragazzi nell\u2019impresa sociale e nei percorsi di attivismo civico, riflettendo sulle opportunit\u00e0, ma anche sulle contraddizioni, che caratterizzano il contesto attuale.<\/p>\n<p>Ad aprire i lavori saranno i saluti istituzionali di <strong>Carlo Rossi<\/strong>, Presidente della Fondazione Monte dei Paschi di Siena, e <strong>Micaela Papi<\/strong>, Assessora ai Servizi Sociali, Famiglia e Politiche Giovanili del Comune di Siena. Seguir\u00e0 un focus sul programma<strong> Ikigai Social Hub<\/strong>, progetto che mira a sostenere idee imprenditoriali capaci di rispondere a sfide sociali, economiche, ambientali e culturali, con un\u2019attenzione particolare allo sviluppo dell\u2019economia sociale. Promosso dalla Fondazione MPS in collaborazione con Pluriversum ed EURICSE, Ikigai Social Hub si rivolge a gruppi e singoli motivati a creare soluzioni innovative per il benessere collettivo.<\/p>\n<p>Tre i focus:<\/p>\n<ul>\n<li>il programma IKIGAI Social Hub come un punto di connessione con l\u2019attivismo giovanile<\/li>\n<li>la scoperta di nuovi modelli di impresa sociale attraverso la testimonianza delle e dei protagonisti<\/li>\n<li>cosa serve per rendere un territorio attrattivo, vivo, accogliente soprattutto per le\/gli under 35<\/li>\n<\/ul>\n<p>A presentare e commentare i dati preliminari della<a href=\"https:\/\/euricse.eu\/it\/publications\/25002-2\/\"> ricerca condotta da EURICSE<\/a>, parte integrante del progetto Ikigai Social Hub, sar\u00e0 <strong>Giulia Galera <\/strong>(Fondazione EURICSE). Lo studio analizza il contesto socio-economico delle province di Siena e Arezzo, con l\u2019obiettivo di allineare lo sviluppo locale dell\u2019economia sociale alle linee guida europee. Interverranno inoltre <strong>Irene Mangani<\/strong> (Fondazione Noi), <strong>Alberto Grilli<\/strong> (Confcooperative Toscana) e <strong>Letizia Ravagli<\/strong> (Irpet), in un confronto moderato da <strong>Daniele Messina<\/strong>, responsabile attivit\u00e0 istituzionali di FMPS.<\/p>\n<p>Il secondo panel, moderato da <strong>Mirella Maturo <\/strong>(Fondazione EURICSE), approfondir\u00e0 il grado di protagonismo delle nuove generazioni nell\u2019impresa sociale. Tra i relatori: <strong>Bernard Dika<\/strong>, portavoce del Presidente della Regione Toscana e responsabile delle politiche giovanili, <strong>Martina Marolda<\/strong> (Cooperativa Culture Attive), <strong>Filippo Giomini<\/strong> (Comune di Poggibonsi) e S<strong>amuele Tomasselli<\/strong>\u00a0(Generazione T Impresa Sociale).<\/p>\n<p>La terza sessione sar\u00e0 invece dedicata alle strategie per rendere i territori pi\u00f9 attrattivi per i giovani. A moderare sar\u00e0 <strong>Giulia Galera<\/strong>, insieme a<strong> Leonora Palacios Santos <\/strong>(programma Social Gym di FMPS), <strong>Niccol\u00f2 Trabalzini<\/strong> (Collettivo PIRANHA A.P.S.), <strong>Michele Marmo<\/strong> (AssociAnimazione) e <strong>Giulia Manganelli<\/strong> (Consiglio Giovani di Siena).<\/p>\n<p>La giornata si concluder\u00e0 con un aperitivo di networking, pensato per favorire connessioni, scambio di esperienze e la nascita di nuove idee condivise.<\/p>\n<p>&nbsp;<\/p>\n<h3><a href=\"https:\/\/euricse.eu\/wp-content\/uploads\/2025\/07\/Evento-Attivismo-e-economia-Sociale-1.pdf\">Scarica il programma<\/a><\/h3>\n","protected":false},"excerpt":{"rendered":"<p>Il 9 luglio 2025 a Siena, presso la Fondazione Monte dei Paschi di Siena, esperti e giovani si confronteranno su opportunit\u00e0, sfide e strategie per rafforzare l\u2019attivismo giovanile e lo sviluppo dell\u2019economia sociale in Toscana.<\/p>\n","protected":false},"author":32,"featured_media":27581,"comment_status":"closed","ping_status":"closed","sticky":false,"template":"","format":"standard","meta":{"_acf_changed":false,"episode_type":"","audio_file":"","cover_image":"","cover_image_id":"","duration":"","filesize":"","date_recorded":"","explicit":"","block":"","itunes_episode_number":"","itunes_title":"","itunes_season_number":"","itunes_episode_type":"","filesize_raw":"","footnotes":""},"categories":[17],"tags":[121,1634,1696],"class_list":["post-27578","post","type-post","status-publish","format-standard","has-post-thumbnail","hentry","category-news-it","tag-economia-sociale","tag-ikigai-social-hub","tag-attivismo-giovanile"],"acf":[],"yoast_head":"<!-- This site is optimized with the Yoast SEO plugin v26.1.1 - https:\/\/yoast.com\/wordpress\/plugins\/seo\/ -->\n<title>Giovani, attivismo e economia sociale in Toscana - Euricse<\/title>\n<meta name=\"description\" content=\"Il 9 luglio 2025 a Siena, presso la Fondazione Monte dei Paschi di Siena, esperti e giovani si confronteranno su opportunit\u00e0, sfide e strategie per rafforzare l\u2019attivismo giovanile e lo sviluppo dell\u2019economia sociale in Toscana.\" \/>\n<meta name=\"robots\" content=\"index, follow, max-snippet:-1, max-image-preview:large, max-video-preview:-1\" \/>\n<link rel=\"canonical\" href=\"https:\/\/euricse.eu\/it\/giovani-attivismo-e-economia-sociale-in-toscana\/\" \/>\n<meta property=\"og:locale\" content=\"it_IT\" \/>\n<meta property=\"og:type\" content=\"article\" \/>\n<meta property=\"og:title\" content=\"Giovani, attivismo e economia sociale in Toscana - Euricse\" \/>\n<meta property=\"og:description\" content=\"Il 9 luglio 2025 a Siena, presso la Fondazione Monte dei Paschi di Siena, esperti e giovani si confronteranno su opportunit\u00e0, sfide e strategie per rafforzare l\u2019attivismo giovanile e lo sviluppo dell\u2019economia sociale in Toscana.\" \/>\n<meta property=\"og:url\" content=\"https:\/\/euricse.eu\/it\/giovani-attivismo-e-economia-sociale-in-toscana\/\" \/>\n<meta property=\"og:site_name\" content=\"Euricse\" \/>\n<meta property=\"article:published_time\" content=\"2025-07-02T11:42:44+00:00\" \/>\n<meta property=\"article:modified_time\" content=\"2025-07-02T11:47:21+00:00\" \/>\n<meta property=\"og:image\" content=\"https:\/\/euricse.eu\/wp-content\/uploads\/2025\/07\/Giovani-Imprese-e-Attivismo-Sociale.jpg\" \/>\n\t<meta property=\"og:image:width\" content=\"1120\" \/>\n\t<meta property=\"og:image:height\" content=\"560\" \/>\n\t<meta property=\"og:image:type\" content=\"image\/jpeg\" \/>\n<meta name=\"author\" content=\"Silvia\" \/>\n<meta name=\"twitter:card\" content=\"summary_large_image\" \/>\n<meta name=\"twitter:label1\" content=\"Scritto da\" \/>\n\t<meta name=\"twitter:data1\" content=\"Silvia\" \/>\n\t<meta name=\"twitter:label2\" content=\"Tempo di lettura stimato\" \/>\n\t<meta name=\"twitter:data2\" content=\"3 minuti\" \/>\n<script type=\"application\/ld+json\" class=\"yoast-schema-graph\">{\"@context\":\"https:\/\/schema.org\",\"@graph\":[{\"@type\":\"WebPage\",\"@id\":\"https:\/\/euricse.eu\/it\/giovani-attivismo-e-economia-sociale-in-toscana\/\",\"url\":\"https:\/\/euricse.eu\/it\/giovani-attivismo-e-economia-sociale-in-toscana\/\",\"name\":\"Giovani, attivismo e economia sociale in Toscana - Euricse\",\"isPartOf\":{\"@id\":\"https:\/\/euricse.eu\/en\/#website\"},\"primaryImageOfPage\":{\"@id\":\"https:\/\/euricse.eu\/it\/giovani-attivismo-e-economia-sociale-in-toscana\/#primaryimage\"},\"image\":{\"@id\":\"https:\/\/euricse.eu\/it\/giovani-attivismo-e-economia-sociale-in-toscana\/#primaryimage\"},\"thumbnailUrl\":\"https:\/\/euricse.eu\/wp-content\/uploads\/2025\/07\/Giovani-Imprese-e-Attivismo-Sociale.jpg\",\"datePublished\":\"2025-07-02T11:42:44+00:00\",\"dateModified\":\"2025-07-02T11:47:21+00:00\",\"author\":{\"@id\":\"https:\/\/euricse.eu\/en\/#\/schema\/person\/a5b25693531e3458dfedff34c273ba14\"},\"description\":\"Il 9 luglio 2025 a Siena, presso la Fondazione Monte dei Paschi di Siena, esperti e giovani si confronteranno su opportunit\u00e0, sfide e strategie per rafforzare l\u2019attivismo giovanile e lo sviluppo dell\u2019economia sociale in Toscana.\",\"breadcrumb\":{\"@id\":\"https:\/\/euricse.eu\/it\/giovani-attivismo-e-economia-sociale-in-toscana\/#breadcrumb\"},\"inLanguage\":\"it-IT\",\"potentialAction\":[{\"@type\":\"ReadAction\",\"target\":[\"https:\/\/euricse.eu\/it\/giovani-attivismo-e-economia-sociale-in-toscana\/\"]}]},{\"@type\":\"ImageObject\",\"inLanguage\":\"it-IT\",\"@id\":\"https:\/\/euricse.eu\/it\/giovani-attivismo-e-economia-sociale-in-toscana\/#primaryimage\",\"url\":\"https:\/\/euricse.eu\/wp-content\/uploads\/2025\/07\/Giovani-Imprese-e-Attivismo-Sociale.jpg\",\"contentUrl\":\"https:\/\/euricse.eu\/wp-content\/uploads\/2025\/07\/Giovani-Imprese-e-Attivismo-Sociale.jpg\",\"width\":1120,\"height\":560},{\"@type\":\"BreadcrumbList\",\"@id\":\"https:\/\/euricse.eu\/it\/giovani-attivismo-e-economia-sociale-in-toscana\/#breadcrumb\",\"itemListElement\":[{\"@type\":\"ListItem\",\"position\":1,\"name\":\"Home\",\"item\":\"https:\/\/euricse.eu\/it\/\"},{\"@type\":\"ListItem\",\"position\":2,\"name\":\"Giovani, attivismo e economia sociale in Toscana\"}]},{\"@type\":\"WebSite\",\"@id\":\"https:\/\/euricse.eu\/en\/#website\",\"url\":\"https:\/\/euricse.eu\/en\/\",\"name\":\"Euricse\",\"description\":\"Knowledge and innovation for cooperative and social enterprises.\",\"potentialAction\":[{\"@type\":\"SearchAction\",\"target\":{\"@type\":\"EntryPoint\",\"urlTemplate\":\"https:\/\/euricse.eu\/en\/?s={search_term_string}\"},\"query-input\":{\"@type\":\"PropertyValueSpecification\",\"valueRequired\":true,\"valueName\":\"search_term_string\"}}],\"inLanguage\":\"it-IT\"},{\"@type\":\"Person\",\"@id\":\"https:\/\/euricse.eu\/en\/#\/schema\/person\/a5b25693531e3458dfedff34c273ba14\",\"name\":\"Silvia\",\"image\":{\"@type\":\"ImageObject\",\"inLanguage\":\"it-IT\",\"@id\":\"https:\/\/euricse.eu\/en\/#\/schema\/person\/image\/\",\"url\":\"https:\/\/secure.gravatar.com\/avatar\/3cef1082b65edc85f1a4c0caa7ce4808f397a517b7217eab6215fe435640f8f7?s=96&d=mm&r=g\",\"contentUrl\":\"https:\/\/secure.gravatar.com\/avatar\/3cef1082b65edc85f1a4c0caa7ce4808f397a517b7217eab6215fe435640f8f7?s=96&d=mm&r=g\",\"caption\":\"Silvia\"},\"url\":\"https:\/\/euricse.eu\/it\/author\/silvia\/\"}]}<\/script>\n<!-- \/ Yoast SEO plugin. -->","yoast_head_json":{"title":"Giovani, attivismo e economia sociale in Toscana - Euricse","description":"Il 9 luglio 2025 a Siena, presso la Fondazione Monte dei Paschi di Siena, esperti e giovani si confronteranno su opportunit\u00e0, sfide e strategie per rafforzare l\u2019attivismo giovanile e lo sviluppo dell\u2019economia sociale in Toscana.","robots":{"index":"index","follow":"follow","max-snippet":"max-snippet:-1","max-image-preview":"max-image-preview:large","max-video-preview":"max-video-preview:-1"},"canonical":"https:\/\/euricse.eu\/it\/giovani-attivismo-e-economia-sociale-in-toscana\/","og_locale":"it_IT","og_type":"article","og_title":"Giovani, attivismo e economia sociale in Toscana - Euricse","og_description":"Il 9 luglio 2025 a Siena, presso la Fondazione Monte dei Paschi di Siena, esperti e giovani si confronteranno su opportunit\u00e0, sfide e strategie per rafforzare l\u2019attivismo giovanile e lo sviluppo dell\u2019economia sociale in Toscana.","og_url":"https:\/\/euricse.eu\/it\/giovani-attivismo-e-economia-sociale-in-toscana\/","og_site_name":"Euricse","article_published_time":"2025-07-02T11:42:44+00:00","article_modified_time":"2025-07-02T11:47:21+00:00","og_image":[{"width":1120,"height":560,"url":"https:\/\/euricse.eu\/wp-content\/uploads\/2025\/07\/Giovani-Imprese-e-Attivismo-Sociale.jpg","type":"image\/jpeg"}],"author":"Silvia","twitter_card":"summary_large_image","twitter_misc":{"Scritto da":"Silvia","Tempo di lettura stimato":"3 minuti"},"schema":{"@context":"https:\/\/schema.org","@graph":[{"@type":"WebPage","@id":"https:\/\/euricse.eu\/it\/giovani-attivismo-e-economia-sociale-in-toscana\/","url":"https:\/\/euricse.eu\/it\/giovani-attivismo-e-economia-sociale-in-toscana\/","name":"Giovani, attivismo e economia sociale in Toscana - Euricse","isPartOf":{"@id":"https:\/\/euricse.eu\/en\/#website"},"primaryImageOfPage":{"@id":"https:\/\/euricse.eu\/it\/giovani-attivismo-e-economia-sociale-in-toscana\/#primaryimage"},"image":{"@id":"https:\/\/euricse.eu\/it\/giovani-attivismo-e-economia-sociale-in-toscana\/#primaryimage"},"thumbnailUrl":"https:\/\/euricse.eu\/wp-content\/uploads\/2025\/07\/Giovani-Imprese-e-Attivismo-Sociale.jpg","datePublished":"2025-07-02T11:42:44+00:00","dateModified":"2025-07-02T11:47:21+00:00","author":{"@id":"https:\/\/euricse.eu\/en\/#\/schema\/person\/a5b25693531e3458dfedff34c273ba14"},"description":"Il 9 luglio 2025 a Siena, presso la Fondazione Monte dei Paschi di Siena, esperti e giovani si confronteranno su opportunit\u00e0, sfide e strategie per rafforzare l\u2019attivismo giovanile e lo sviluppo dell\u2019economia sociale in Toscana.","breadcrumb":{"@id":"https:\/\/euricse.eu\/it\/giovani-attivismo-e-economia-sociale-in-toscana\/#breadcrumb"},"inLanguage":"it-IT","potentialAction":[{"@type":"ReadAction","target":["https:\/\/euricse.eu\/it\/giovani-attivismo-e-economia-sociale-in-toscana\/"]}]},{"@type":"ImageObject","inLanguage":"it-IT","@id":"https:\/\/euricse.eu\/it\/giovani-attivismo-e-economia-sociale-in-toscana\/#primaryimage","url":"https:\/\/euricse.eu\/wp-content\/uploads\/2025\/07\/Giovani-Imprese-e-Attivismo-Sociale.jpg","contentUrl":"https:\/\/euricse.eu\/wp-content\/uploads\/2025\/07\/Giovani-Imprese-e-Attivismo-Sociale.jpg","width":1120,"height":560},{"@type":"BreadcrumbList","@id":"https:\/\/euricse.eu\/it\/giovani-attivismo-e-economia-sociale-in-toscana\/#breadcrumb","itemListElement":[{"@type":"ListItem","position":1,"name":"Home","item":"https:\/\/euricse.eu\/it\/"},{"@type":"ListItem","position":2,"name":"Giovani, attivismo e economia sociale in Toscana"}]},{"@type":"WebSite","@id":"https:\/\/euricse.eu\/en\/#website","url":"https:\/\/euricse.eu\/en\/","name":"Euricse","description":"Knowledge and innovation for cooperative and social enterprises.","potentialAction":[{"@type":"SearchAction","target":{"@type":"EntryPoint","urlTemplate":"https:\/\/euricse.eu\/en\/?s={search_term_string}"},"query-input":{"@type":"PropertyValueSpecification","valueRequired":true,"valueName":"search_term_string"}}],"inLanguage":"it-IT"},{"@type":"Person","@id":"https:\/\/euricse.eu\/en\/#\/schema\/person\/a5b25693531e3458dfedff34c273ba14","name":"Silvia","image":{"@type":"ImageObject","inLanguage":"it-IT","@id":"https:\/\/euricse.eu\/en\/#\/schema\/person\/image\/","url":"https:\/\/secure.gravatar.com\/avatar\/3cef1082b65edc85f1a4c0caa7ce4808f397a517b7217eab6215fe435640f8f7?s=96&d=mm&r=g","contentUrl":"https:\/\/secure.gravatar.com\/avatar\/3cef1082b65edc85f1a4c0caa7ce4808f397a517b7217eab6215fe435640f8f7?s=96&d=mm&r=g","caption":"Silvia"},"url":"https:\/\/euricse.eu\/it\/author\/silvia\/"}]}},"_links":{"self":[{"href":"https:\/\/euricse.eu\/it\/wp-json\/wp\/v2\/posts\/27578","targetHints":{"allow":["GET"]}}],"collection":[{"href":"https:\/\/euricse.eu\/it\/wp-json\/wp\/v2\/posts"}],"about":[{"href":"https:\/\/euricse.eu\/it\/wp-json\/wp\/v2\/types\/post"}],"author":[{"embeddable":true,"href":"https:\/\/euricse.eu\/it\/wp-json\/wp\/v2\/users\/32"}],"replies":[{"embeddable":true,"href":"https:\/\/euricse.eu\/it\/wp-json\/wp\/v2\/comments?post=27578"}],"version-history":[{"count":2,"href":"https:\/\/euricse.eu\/it\/wp-json\/wp\/v2\/posts\/27578\/revisions"}],"predecessor-version":[{"id":27589,"href":"https:\/\/euricse.eu\/it\/wp-json\/wp\/v2\/posts\/27578\/revisions\/27589"}],"wp:featuredmedia":[{"embeddable":true,"href":"https:\/\/euricse.eu\/it\/wp-json\/wp\/v2\/media\/27581"}],"wp:attachment":[{"href":"https:\/\/euricse.eu\/it\/wp-json\/wp\/v2\/media?parent=27578"}],"wp:term":[{"taxonomy":"category","embeddable":true,"href":"https:\/\/euricse.eu\/it\/wp-json\/wp\/v2\/categories?post=27578"},{"taxonomy":"post_tag","embeddable":true,"href":"https:\/\/euricse.eu\/it\/wp-json\/wp\/v2\/tags?post=27578"}],"curies":[{"name":"wp","href":"https:\/\/api.w.org\/{rel}","templated":true}]}}