{"id":27805,"date":"2025-08-01T08:01:25","date_gmt":"2025-08-01T07:01:25","guid":{"rendered":"https:\/\/euricse.eu\/?p=27805"},"modified":"2025-08-01T11:56:59","modified_gmt":"2025-08-01T10:56:59","slug":"conferenza-globale-di-ricerca-dellica","status":"publish","type":"post","link":"https:\/\/euricse.eu\/it\/conferenza-globale-di-ricerca-dellica\/","title":{"rendered":"Conferenza Globale di ricerca dell&#8217;ICA"},"content":{"rendered":"<p>Si \u00e8 tenuta a Montr\u00e9al la\u00a0<strong>Conferenza di Ricerca Globale<\/strong>\u00a0promossa dal comitato ricerca dell\u2019Alleanza Internazionale delle Cooperative (ICA-CCR).<br \/>\n<strong>Chiara Carini<\/strong>, ricercatrice senior di EURICSE, \u00e8 intervenuta insieme alla prof.ssa\u00a0<strong>Marie Bouchard<\/strong>\u00a0dell&#8217;Universit\u00e9 du Qu\u00e9bec, per illustrare i pi\u00f9 recenti sviluppi del progetto promosso dall&#8217;\u00a0ILO che costituisce il primo passo per la futura redazione di linee guida per le statistiche sull\u2019economia sociale, con la finalit\u00e0 di migliorare la qualit\u00e0 e la comparabilit\u00e0 dei dati a livello globale.<br \/>\nSul fronte formativo,\u00a0<strong>Ilana Gotz<\/strong>, senior project manager di EURICSE, ha coordinato la sessione dedicata all\u2019educazione cooperativa, presentando la nuova\u00a0<em>Cooperative Education Collection<\/em>\u00a0su\u00a0<a href=\"https:\/\/euricse.us2.list-manage.com\/track\/click?u=1c9965065e22b72afa91c6488&amp;id=885f04c1d5&amp;e=aeab996f16\" target=\"_blank\" rel=\"noopener\" data-saferedirecturl=\"https:\/\/www.google.com\/url?q=https:\/\/euricse.us2.list-manage.com\/track\/click?u%3D1c9965065e22b72afa91c6488%26id%3D885f04c1d5%26e%3Daeab996f16&amp;source=gmail&amp;ust=1754115585739000&amp;usg=AOvVaw2LbizhMoDpok7ujPqIHDbG\">PortailCoop<\/a>:\u00a0una raccolta online di risorse per studenti, docenti ed esperti del settore.<\/p>\n","protected":false},"excerpt":{"rendered":"<p>Si \u00e8 tenuta a Montr\u00e9al la\u00a0Conferenza di Ricerca Globale\u00a0promossa dal comitato di ricerca dell&#8217;ICA.  Chiara Carini, ricercatrice senior di EURICSE, \u00e8 intervenuta per illustrare i pi\u00f9 recenti sviluppi del progetto promosso dall&#8217;\u00a0ILO mentre Ilana Gotz, senior project manager di EURICSE, ha coordinato la sessione dedicata all\u2019educazione cooperativa.<\/p>\n","protected":false},"author":35,"featured_media":27806,"comment_status":"closed","ping_status":"closed","sticky":false,"template":"","format":"standard","meta":{"_acf_changed":false,"episode_type":"","audio_file":"","cover_image":"","cover_image_id":"","duration":"","filesize":"","date_recorded":"","explicit":"","block":"","itunes_episode_number":"","itunes_title":"","itunes_season_number":"","itunes_episode_type":"","filesize_raw":"","footnotes":""},"categories":[17],"tags":[1603,1993],"class_list":["post-27805","post","type-post","status-publish","format-standard","has-post-thumbnail","hentry","category-news-it","tag-educazione-cooperativa","tag-conferenza-di-ricerca-globale"],"acf":[],"yoast_head":"<!-- This site is optimized with the Yoast SEO plugin v26.1.1 - https:\/\/yoast.com\/wordpress\/plugins\/seo\/ -->\n<title>Conferenza Globale di ricerca dell&#039;ICA - Euricse<\/title>\n<meta name=\"description\" content=\"Si \u00e8 tenuta a Montr\u00e9al la\u00a0Conferenza di Ricerca Globale\u00a0promossa dal comitato di ricerca dell&#039;ICA. Chiara Carini, ricercatrice senior di EURICSE, \u00e8 intervenuta per illustrare i pi\u00f9 recenti sviluppi del progetto promosso dall&#039;\u00a0ILO mentre Ilana Gotz, senior project manager di EURICSE, ha coordinato la sessione dedicata all\u2019educazione cooperativa.\" \/>\n<meta name=\"robots\" content=\"index, follow, max-snippet:-1, max-image-preview:large, max-video-preview:-1\" \/>\n<link rel=\"canonical\" href=\"https:\/\/euricse.eu\/it\/conferenza-globale-di-ricerca-dellica\/\" \/>\n<meta property=\"og:locale\" content=\"it_IT\" \/>\n<meta property=\"og:type\" content=\"article\" \/>\n<meta property=\"og:title\" content=\"Conferenza Globale di ricerca dell&#039;ICA - Euricse\" \/>\n<meta property=\"og:description\" content=\"Si \u00e8 tenuta a Montr\u00e9al la\u00a0Conferenza di Ricerca Globale\u00a0promossa dal comitato di ricerca dell&#039;ICA. Chiara Carini, ricercatrice senior di EURICSE, \u00e8 intervenuta per illustrare i pi\u00f9 recenti sviluppi del progetto promosso dall&#039;\u00a0ILO mentre Ilana Gotz, senior project manager di EURICSE, ha coordinato la sessione dedicata all\u2019educazione cooperativa.\" \/>\n<meta property=\"og:url\" content=\"https:\/\/euricse.eu\/it\/conferenza-globale-di-ricerca-dellica\/\" \/>\n<meta property=\"og:site_name\" content=\"Euricse\" \/>\n<meta property=\"article:published_time\" content=\"2025-08-01T07:01:25+00:00\" \/>\n<meta property=\"article:modified_time\" content=\"2025-08-01T10:56:59+00:00\" \/>\n<meta property=\"og:image\" content=\"https:\/\/euricse.eu\/wp-content\/uploads\/2025\/08\/conferenza-ICA.jpg\" \/>\n\t<meta property=\"og:image:width\" content=\"500\" \/>\n\t<meta property=\"og:image:height\" content=\"500\" \/>\n\t<meta property=\"og:image:type\" content=\"image\/jpeg\" \/>\n<meta name=\"author\" content=\"comunicazione\" \/>\n<meta name=\"twitter:card\" content=\"summary_large_image\" \/>\n<meta name=\"twitter:label1\" content=\"Scritto da\" \/>\n\t<meta name=\"twitter:data1\" content=\"comunicazione\" \/>\n\t<meta name=\"twitter:label2\" content=\"Tempo di lettura stimato\" \/>\n\t<meta name=\"twitter:data2\" content=\"1 minuto\" \/>\n<script type=\"application\/ld+json\" class=\"yoast-schema-graph\">{\"@context\":\"https:\/\/schema.org\",\"@graph\":[{\"@type\":\"WebPage\",\"@id\":\"https:\/\/euricse.eu\/it\/conferenza-globale-di-ricerca-dellica\/\",\"url\":\"https:\/\/euricse.eu\/it\/conferenza-globale-di-ricerca-dellica\/\",\"name\":\"Conferenza Globale di ricerca dell'ICA - Euricse\",\"isPartOf\":{\"@id\":\"https:\/\/euricse.eu\/en\/#website\"},\"primaryImageOfPage\":{\"@id\":\"https:\/\/euricse.eu\/it\/conferenza-globale-di-ricerca-dellica\/#primaryimage\"},\"image\":{\"@id\":\"https:\/\/euricse.eu\/it\/conferenza-globale-di-ricerca-dellica\/#primaryimage\"},\"thumbnailUrl\":\"https:\/\/euricse.eu\/wp-content\/uploads\/2025\/08\/conferenza-ICA.jpg\",\"datePublished\":\"2025-08-01T07:01:25+00:00\",\"dateModified\":\"2025-08-01T10:56:59+00:00\",\"author\":{\"@id\":\"https:\/\/euricse.eu\/en\/#\/schema\/person\/a6fb65fc189d71297f81c1e7bad30b9b\"},\"description\":\"Si \u00e8 tenuta a Montr\u00e9al la\u00a0Conferenza di Ricerca Globale\u00a0promossa dal comitato di ricerca dell'ICA. Chiara Carini, ricercatrice senior di EURICSE, \u00e8 intervenuta per illustrare i pi\u00f9 recenti sviluppi del progetto promosso dall'\u00a0ILO mentre Ilana Gotz, senior project manager di EURICSE, ha coordinato la sessione dedicata all\u2019educazione cooperativa.\",\"breadcrumb\":{\"@id\":\"https:\/\/euricse.eu\/it\/conferenza-globale-di-ricerca-dellica\/#breadcrumb\"},\"inLanguage\":\"it-IT\",\"potentialAction\":[{\"@type\":\"ReadAction\",\"target\":[\"https:\/\/euricse.eu\/it\/conferenza-globale-di-ricerca-dellica\/\"]}]},{\"@type\":\"ImageObject\",\"inLanguage\":\"it-IT\",\"@id\":\"https:\/\/euricse.eu\/it\/conferenza-globale-di-ricerca-dellica\/#primaryimage\",\"url\":\"https:\/\/euricse.eu\/wp-content\/uploads\/2025\/08\/conferenza-ICA.jpg\",\"contentUrl\":\"https:\/\/euricse.eu\/wp-content\/uploads\/2025\/08\/conferenza-ICA.jpg\",\"width\":500,\"height\":500},{\"@type\":\"BreadcrumbList\",\"@id\":\"https:\/\/euricse.eu\/it\/conferenza-globale-di-ricerca-dellica\/#breadcrumb\",\"itemListElement\":[{\"@type\":\"ListItem\",\"position\":1,\"name\":\"Home\",\"item\":\"https:\/\/euricse.eu\/it\/\"},{\"@type\":\"ListItem\",\"position\":2,\"name\":\"Conferenza Globale di ricerca dell&#8217;ICA\"}]},{\"@type\":\"WebSite\",\"@id\":\"https:\/\/euricse.eu\/en\/#website\",\"url\":\"https:\/\/euricse.eu\/en\/\",\"name\":\"Euricse\",\"description\":\"Knowledge and innovation for cooperative and social enterprises.\",\"potentialAction\":[{\"@type\":\"SearchAction\",\"target\":{\"@type\":\"EntryPoint\",\"urlTemplate\":\"https:\/\/euricse.eu\/en\/?s={search_term_string}\"},\"query-input\":{\"@type\":\"PropertyValueSpecification\",\"valueRequired\":true,\"valueName\":\"search_term_string\"}}],\"inLanguage\":\"it-IT\"},{\"@type\":\"Person\",\"@id\":\"https:\/\/euricse.eu\/en\/#\/schema\/person\/a6fb65fc189d71297f81c1e7bad30b9b\",\"name\":\"comunicazione\",\"image\":{\"@type\":\"ImageObject\",\"inLanguage\":\"it-IT\",\"@id\":\"https:\/\/euricse.eu\/en\/#\/schema\/person\/image\/\",\"url\":\"https:\/\/secure.gravatar.com\/avatar\/7ac8e85cb1bd3ac912e2d8be2823f83faf319f680b909bfda1cb0b8239c97a6e?s=96&d=mm&r=g\",\"contentUrl\":\"https:\/\/secure.gravatar.com\/avatar\/7ac8e85cb1bd3ac912e2d8be2823f83faf319f680b909bfda1cb0b8239c97a6e?s=96&d=mm&r=g\",\"caption\":\"comunicazione\"},\"url\":\"https:\/\/euricse.eu\/it\/author\/comunicazione\/\"}]}<\/script>\n<!-- \/ Yoast SEO plugin. -->","yoast_head_json":{"title":"Conferenza Globale di ricerca dell'ICA - Euricse","description":"Si \u00e8 tenuta a Montr\u00e9al la\u00a0Conferenza di Ricerca Globale\u00a0promossa dal comitato di ricerca dell'ICA. Chiara Carini, ricercatrice senior di EURICSE, \u00e8 intervenuta per illustrare i pi\u00f9 recenti sviluppi del progetto promosso dall'\u00a0ILO mentre Ilana Gotz, senior project manager di EURICSE, ha coordinato la sessione dedicata all\u2019educazione cooperativa.","robots":{"index":"index","follow":"follow","max-snippet":"max-snippet:-1","max-image-preview":"max-image-preview:large","max-video-preview":"max-video-preview:-1"},"canonical":"https:\/\/euricse.eu\/it\/conferenza-globale-di-ricerca-dellica\/","og_locale":"it_IT","og_type":"article","og_title":"Conferenza Globale di ricerca dell'ICA - Euricse","og_description":"Si \u00e8 tenuta a Montr\u00e9al la\u00a0Conferenza di Ricerca Globale\u00a0promossa dal comitato di ricerca dell'ICA. Chiara Carini, ricercatrice senior di EURICSE, \u00e8 intervenuta per illustrare i pi\u00f9 recenti sviluppi del progetto promosso dall'\u00a0ILO mentre Ilana Gotz, senior project manager di EURICSE, ha coordinato la sessione dedicata all\u2019educazione cooperativa.","og_url":"https:\/\/euricse.eu\/it\/conferenza-globale-di-ricerca-dellica\/","og_site_name":"Euricse","article_published_time":"2025-08-01T07:01:25+00:00","article_modified_time":"2025-08-01T10:56:59+00:00","og_image":[{"width":500,"height":500,"url":"https:\/\/euricse.eu\/wp-content\/uploads\/2025\/08\/conferenza-ICA.jpg","type":"image\/jpeg"}],"author":"comunicazione","twitter_card":"summary_large_image","twitter_misc":{"Scritto da":"comunicazione","Tempo di lettura stimato":"1 minuto"},"schema":{"@context":"https:\/\/schema.org","@graph":[{"@type":"WebPage","@id":"https:\/\/euricse.eu\/it\/conferenza-globale-di-ricerca-dellica\/","url":"https:\/\/euricse.eu\/it\/conferenza-globale-di-ricerca-dellica\/","name":"Conferenza Globale di ricerca dell'ICA - Euricse","isPartOf":{"@id":"https:\/\/euricse.eu\/en\/#website"},"primaryImageOfPage":{"@id":"https:\/\/euricse.eu\/it\/conferenza-globale-di-ricerca-dellica\/#primaryimage"},"image":{"@id":"https:\/\/euricse.eu\/it\/conferenza-globale-di-ricerca-dellica\/#primaryimage"},"thumbnailUrl":"https:\/\/euricse.eu\/wp-content\/uploads\/2025\/08\/conferenza-ICA.jpg","datePublished":"2025-08-01T07:01:25+00:00","dateModified":"2025-08-01T10:56:59+00:00","author":{"@id":"https:\/\/euricse.eu\/en\/#\/schema\/person\/a6fb65fc189d71297f81c1e7bad30b9b"},"description":"Si \u00e8 tenuta a Montr\u00e9al la\u00a0Conferenza di Ricerca Globale\u00a0promossa dal comitato di ricerca dell'ICA. Chiara Carini, ricercatrice senior di EURICSE, \u00e8 intervenuta per illustrare i pi\u00f9 recenti sviluppi del progetto promosso dall'\u00a0ILO mentre Ilana Gotz, senior project manager di EURICSE, ha coordinato la sessione dedicata all\u2019educazione cooperativa.","breadcrumb":{"@id":"https:\/\/euricse.eu\/it\/conferenza-globale-di-ricerca-dellica\/#breadcrumb"},"inLanguage":"it-IT","potentialAction":[{"@type":"ReadAction","target":["https:\/\/euricse.eu\/it\/conferenza-globale-di-ricerca-dellica\/"]}]},{"@type":"ImageObject","inLanguage":"it-IT","@id":"https:\/\/euricse.eu\/it\/conferenza-globale-di-ricerca-dellica\/#primaryimage","url":"https:\/\/euricse.eu\/wp-content\/uploads\/2025\/08\/conferenza-ICA.jpg","contentUrl":"https:\/\/euricse.eu\/wp-content\/uploads\/2025\/08\/conferenza-ICA.jpg","width":500,"height":500},{"@type":"BreadcrumbList","@id":"https:\/\/euricse.eu\/it\/conferenza-globale-di-ricerca-dellica\/#breadcrumb","itemListElement":[{"@type":"ListItem","position":1,"name":"Home","item":"https:\/\/euricse.eu\/it\/"},{"@type":"ListItem","position":2,"name":"Conferenza Globale di ricerca dell&#8217;ICA"}]},{"@type":"WebSite","@id":"https:\/\/euricse.eu\/en\/#website","url":"https:\/\/euricse.eu\/en\/","name":"Euricse","description":"Knowledge and innovation for cooperative and social enterprises.","potentialAction":[{"@type":"SearchAction","target":{"@type":"EntryPoint","urlTemplate":"https:\/\/euricse.eu\/en\/?s={search_term_string}"},"query-input":{"@type":"PropertyValueSpecification","valueRequired":true,"valueName":"search_term_string"}}],"inLanguage":"it-IT"},{"@type":"Person","@id":"https:\/\/euricse.eu\/en\/#\/schema\/person\/a6fb65fc189d71297f81c1e7bad30b9b","name":"comunicazione","image":{"@type":"ImageObject","inLanguage":"it-IT","@id":"https:\/\/euricse.eu\/en\/#\/schema\/person\/image\/","url":"https:\/\/secure.gravatar.com\/avatar\/7ac8e85cb1bd3ac912e2d8be2823f83faf319f680b909bfda1cb0b8239c97a6e?s=96&d=mm&r=g","contentUrl":"https:\/\/secure.gravatar.com\/avatar\/7ac8e85cb1bd3ac912e2d8be2823f83faf319f680b909bfda1cb0b8239c97a6e?s=96&d=mm&r=g","caption":"comunicazione"},"url":"https:\/\/euricse.eu\/it\/author\/comunicazione\/"}]}},"_links":{"self":[{"href":"https:\/\/euricse.eu\/it\/wp-json\/wp\/v2\/posts\/27805","targetHints":{"allow":["GET"]}}],"collection":[{"href":"https:\/\/euricse.eu\/it\/wp-json\/wp\/v2\/posts"}],"about":[{"href":"https:\/\/euricse.eu\/it\/wp-json\/wp\/v2\/types\/post"}],"author":[{"embeddable":true,"href":"https:\/\/euricse.eu\/it\/wp-json\/wp\/v2\/users\/35"}],"replies":[{"embeddable":true,"href":"https:\/\/euricse.eu\/it\/wp-json\/wp\/v2\/comments?post=27805"}],"version-history":[{"count":2,"href":"https:\/\/euricse.eu\/it\/wp-json\/wp\/v2\/posts\/27805\/revisions"}],"predecessor-version":[{"id":27848,"href":"https:\/\/euricse.eu\/it\/wp-json\/wp\/v2\/posts\/27805\/revisions\/27848"}],"wp:featuredmedia":[{"embeddable":true,"href":"https:\/\/euricse.eu\/it\/wp-json\/wp\/v2\/media\/27806"}],"wp:attachment":[{"href":"https:\/\/euricse.eu\/it\/wp-json\/wp\/v2\/media?parent=27805"}],"wp:term":[{"taxonomy":"category","embeddable":true,"href":"https:\/\/euricse.eu\/it\/wp-json\/wp\/v2\/categories?post=27805"},{"taxonomy":"post_tag","embeddable":true,"href":"https:\/\/euricse.eu\/it\/wp-json\/wp\/v2\/tags?post=27805"}],"curies":[{"name":"wp","href":"https:\/\/api.w.org\/{rel}","templated":true}]}}