{"id":27892,"date":"2025-09-01T15:09:17","date_gmt":"2025-09-01T14:09:17","guid":{"rendered":"https:\/\/euricse.eu\/?p=27892"},"modified":"2025-09-01T15:09:17","modified_gmt":"2025-09-01T14:09:17","slug":"tra-dire-e-fare-candidature-entro-il-30-settembre","status":"publish","type":"post","link":"https:\/\/euricse.eu\/it\/tra-dire-e-fare-candidature-entro-il-30-settembre\/","title":{"rendered":"Tra Dire e Fare: candidature entro il 30 settembre"},"content":{"rendered":"<p>C\u2019\u00e8 tempo fino al\u00a0<strong>30 settembre<\/strong>\u00a0per candidarsi al bando\u00a0\u201c<strong>Tra Dire e Fare<\/strong>\u201d,\u00a0promosso da\u00a0<strong>Fondazione Caritro<\/strong>\u00a0ed\u00a0<strong>EURICSE\u00a0<\/strong>per le organizzazioni del Terzo Settore.<strong>\u00a0<\/strong><br \/>\nQuesta iniziativa, giunta alla sua terza edizione, offre alle\u00a0<strong>realt\u00e0 culturali e sociali\u00a0<\/strong>del Trentino consulenza personalizzata, sostegno strategico e contributi fino a 70.000 euro per elaborare e realizzare\u00a0<strong>piani di sviluppo triennali<\/strong>, con l&#8217;obiettivo di rafforzare le loro capacit\u00e0 e la loro sostenibilit\u00e0 a lungo termine.<br \/>\nPer approfondire finalit\u00e0 e modalit\u00e0 del percorso si terr\u00e0 un\u00a0<strong>incontro di presentazione<\/strong>\u00a0<strong>gioved\u00ec 18 settembre alle ore 17:00<\/strong>, presso la sede della Fondazione Caritro a\u00a0<strong>Trento<\/strong>, (in Via Calepina 1). Partecipazione libera;\u00a0\u00e8 gradita l&#8217;iscrizione\u00a0<a href=\"https:\/\/euricse.us2.list-manage.com\/track\/click?u=1c9965065e22b72afa91c6488&amp;id=c509049ecd&amp;e=ceda943ad7\" target=\"_blank\" rel=\"noopener\" data-saferedirecturl=\"https:\/\/www.google.com\/url?q=https:\/\/euricse.us2.list-manage.com\/track\/click?u%3D1c9965065e22b72afa91c6488%26id%3Dc509049ecd%26e%3Dceda943ad7&amp;source=gmail&amp;ust=1756817778214000&amp;usg=AOvVaw0QChL55xgxOxxnfAezpJXv\">tramite questo form<\/a>.<\/p>\n<p><a href=\"https:\/\/euricse.us2.list-manage.com\/track\/click?u=1c9965065e22b72afa91c6488&amp;id=8dd5b08eb2&amp;e=ceda943ad7\" target=\"_blank\" rel=\"noopener\" data-saferedirecturl=\"https:\/\/www.google.com\/url?q=https:\/\/euricse.us2.list-manage.com\/track\/click?u%3D1c9965065e22b72afa91c6488%26id%3D8dd5b08eb2%26e%3Dceda943ad7&amp;source=gmail&amp;ust=1756817778214000&amp;usg=AOvVaw16lJq3-aAKMLBg9lRfjWEm\">Leggi il bando<\/a><\/p>\n","protected":false},"excerpt":{"rendered":"<p>Fino al 30 settembre \u00e8 possibile candidarsi al bando \u201cTra Dire e Fare\u201d, promosso da Fondazione Caritro ed EURICSE, che sostiene le organizzazioni del Terzo Settore trentine con consulenza, contributi fino a 70.000 euro e un percorso di sviluppo triennale.<\/p>\n","protected":false},"author":32,"featured_media":27560,"comment_status":"closed","ping_status":"closed","sticky":false,"template":"","format":"standard","meta":{"_acf_changed":false,"episode_type":"","audio_file":"","cover_image":"","cover_image_id":"","duration":"","filesize":"","date_recorded":"","explicit":"","block":"","itunes_episode_number":"","itunes_title":"","itunes_season_number":"","itunes_episode_type":"","filesize_raw":"","footnotes":""},"categories":[17],"tags":[280,952,1752],"class_list":["post-27892","post","type-post","status-publish","format-standard","has-post-thumbnail","hentry","category-news-it","tag-terzo-settore","tag-fondazione-caritro","tag-bando-tra-dire-e-fare"],"acf":[],"yoast_head":"<!-- This site is optimized with the Yoast SEO plugin v26.1.1 - https:\/\/yoast.com\/wordpress\/plugins\/seo\/ -->\n<title>Tra Dire e Fare: candidature entro il 30 settembre - Euricse<\/title>\n<meta name=\"description\" content=\"Fino al 30 settembre \u00e8 possibile candidarsi al bando \u201cTra Dire e Fare\u201d, promosso da Fondazione Caritro ed EURICSE, che sostiene le organizzazioni del Terzo Settore trentine con consulenza, contributi fino a 70.000 euro e un percorso di sviluppo triennale.\" \/>\n<meta name=\"robots\" content=\"index, follow, max-snippet:-1, max-image-preview:large, max-video-preview:-1\" \/>\n<link rel=\"canonical\" href=\"https:\/\/euricse.eu\/it\/tra-dire-e-fare-candidature-entro-il-30-settembre\/\" \/>\n<meta property=\"og:locale\" content=\"it_IT\" \/>\n<meta property=\"og:type\" content=\"article\" \/>\n<meta property=\"og:title\" content=\"Tra Dire e Fare: candidature entro il 30 settembre - Euricse\" \/>\n<meta property=\"og:description\" content=\"Fino al 30 settembre \u00e8 possibile candidarsi al bando \u201cTra Dire e Fare\u201d, promosso da Fondazione Caritro ed EURICSE, che sostiene le organizzazioni del Terzo Settore trentine con consulenza, contributi fino a 70.000 euro e un percorso di sviluppo triennale.\" \/>\n<meta property=\"og:url\" content=\"https:\/\/euricse.eu\/it\/tra-dire-e-fare-candidature-entro-il-30-settembre\/\" \/>\n<meta property=\"og:site_name\" content=\"Euricse\" \/>\n<meta property=\"article:published_time\" content=\"2025-09-01T14:09:17+00:00\" \/>\n<meta property=\"og:image\" content=\"https:\/\/euricse.eu\/wp-content\/uploads\/2025\/07\/Tra-Dire-e-Fare.jpg\" \/>\n\t<meta property=\"og:image:width\" content=\"708\" \/>\n\t<meta property=\"og:image:height\" content=\"708\" \/>\n\t<meta property=\"og:image:type\" content=\"image\/jpeg\" \/>\n<meta name=\"author\" content=\"Silvia\" \/>\n<meta name=\"twitter:card\" content=\"summary_large_image\" \/>\n<meta name=\"twitter:label1\" content=\"Scritto da\" \/>\n\t<meta name=\"twitter:data1\" content=\"Silvia\" \/>\n\t<meta name=\"twitter:label2\" content=\"Tempo di lettura stimato\" \/>\n\t<meta name=\"twitter:data2\" content=\"1 minuto\" \/>\n<script type=\"application\/ld+json\" class=\"yoast-schema-graph\">{\"@context\":\"https:\/\/schema.org\",\"@graph\":[{\"@type\":\"WebPage\",\"@id\":\"https:\/\/euricse.eu\/it\/tra-dire-e-fare-candidature-entro-il-30-settembre\/\",\"url\":\"https:\/\/euricse.eu\/it\/tra-dire-e-fare-candidature-entro-il-30-settembre\/\",\"name\":\"Tra Dire e Fare: candidature entro il 30 settembre - Euricse\",\"isPartOf\":{\"@id\":\"https:\/\/euricse.eu\/en\/#website\"},\"primaryImageOfPage\":{\"@id\":\"https:\/\/euricse.eu\/it\/tra-dire-e-fare-candidature-entro-il-30-settembre\/#primaryimage\"},\"image\":{\"@id\":\"https:\/\/euricse.eu\/it\/tra-dire-e-fare-candidature-entro-il-30-settembre\/#primaryimage\"},\"thumbnailUrl\":\"https:\/\/euricse.eu\/wp-content\/uploads\/2025\/07\/Tra-Dire-e-Fare.jpg\",\"datePublished\":\"2025-09-01T14:09:17+00:00\",\"author\":{\"@id\":\"https:\/\/euricse.eu\/en\/#\/schema\/person\/a5b25693531e3458dfedff34c273ba14\"},\"description\":\"Fino al 30 settembre \u00e8 possibile candidarsi al bando \u201cTra Dire e Fare\u201d, promosso da Fondazione Caritro ed EURICSE, che sostiene le organizzazioni del Terzo Settore trentine con consulenza, contributi fino a 70.000 euro e un percorso di sviluppo triennale.\",\"breadcrumb\":{\"@id\":\"https:\/\/euricse.eu\/it\/tra-dire-e-fare-candidature-entro-il-30-settembre\/#breadcrumb\"},\"inLanguage\":\"it-IT\",\"potentialAction\":[{\"@type\":\"ReadAction\",\"target\":[\"https:\/\/euricse.eu\/it\/tra-dire-e-fare-candidature-entro-il-30-settembre\/\"]}]},{\"@type\":\"ImageObject\",\"inLanguage\":\"it-IT\",\"@id\":\"https:\/\/euricse.eu\/it\/tra-dire-e-fare-candidature-entro-il-30-settembre\/#primaryimage\",\"url\":\"https:\/\/euricse.eu\/wp-content\/uploads\/2025\/07\/Tra-Dire-e-Fare.jpg\",\"contentUrl\":\"https:\/\/euricse.eu\/wp-content\/uploads\/2025\/07\/Tra-Dire-e-Fare.jpg\",\"width\":708,\"height\":708},{\"@type\":\"BreadcrumbList\",\"@id\":\"https:\/\/euricse.eu\/it\/tra-dire-e-fare-candidature-entro-il-30-settembre\/#breadcrumb\",\"itemListElement\":[{\"@type\":\"ListItem\",\"position\":1,\"name\":\"Home\",\"item\":\"https:\/\/euricse.eu\/it\/\"},{\"@type\":\"ListItem\",\"position\":2,\"name\":\"Tra Dire e Fare: candidature entro il 30 settembre\"}]},{\"@type\":\"WebSite\",\"@id\":\"https:\/\/euricse.eu\/en\/#website\",\"url\":\"https:\/\/euricse.eu\/en\/\",\"name\":\"Euricse\",\"description\":\"Knowledge and innovation for cooperative and social enterprises.\",\"potentialAction\":[{\"@type\":\"SearchAction\",\"target\":{\"@type\":\"EntryPoint\",\"urlTemplate\":\"https:\/\/euricse.eu\/en\/?s={search_term_string}\"},\"query-input\":{\"@type\":\"PropertyValueSpecification\",\"valueRequired\":true,\"valueName\":\"search_term_string\"}}],\"inLanguage\":\"it-IT\"},{\"@type\":\"Person\",\"@id\":\"https:\/\/euricse.eu\/en\/#\/schema\/person\/a5b25693531e3458dfedff34c273ba14\",\"name\":\"Silvia\",\"image\":{\"@type\":\"ImageObject\",\"inLanguage\":\"it-IT\",\"@id\":\"https:\/\/euricse.eu\/en\/#\/schema\/person\/image\/\",\"url\":\"https:\/\/secure.gravatar.com\/avatar\/3cef1082b65edc85f1a4c0caa7ce4808f397a517b7217eab6215fe435640f8f7?s=96&d=mm&r=g\",\"contentUrl\":\"https:\/\/secure.gravatar.com\/avatar\/3cef1082b65edc85f1a4c0caa7ce4808f397a517b7217eab6215fe435640f8f7?s=96&d=mm&r=g\",\"caption\":\"Silvia\"},\"url\":\"https:\/\/euricse.eu\/it\/author\/silvia\/\"}]}<\/script>\n<!-- \/ Yoast SEO plugin. -->","yoast_head_json":{"title":"Tra Dire e Fare: candidature entro il 30 settembre - Euricse","description":"Fino al 30 settembre \u00e8 possibile candidarsi al bando \u201cTra Dire e Fare\u201d, promosso da Fondazione Caritro ed EURICSE, che sostiene le organizzazioni del Terzo Settore trentine con consulenza, contributi fino a 70.000 euro e un percorso di sviluppo triennale.","robots":{"index":"index","follow":"follow","max-snippet":"max-snippet:-1","max-image-preview":"max-image-preview:large","max-video-preview":"max-video-preview:-1"},"canonical":"https:\/\/euricse.eu\/it\/tra-dire-e-fare-candidature-entro-il-30-settembre\/","og_locale":"it_IT","og_type":"article","og_title":"Tra Dire e Fare: candidature entro il 30 settembre - Euricse","og_description":"Fino al 30 settembre \u00e8 possibile candidarsi al bando \u201cTra Dire e Fare\u201d, promosso da Fondazione Caritro ed EURICSE, che sostiene le organizzazioni del Terzo Settore trentine con consulenza, contributi fino a 70.000 euro e un percorso di sviluppo triennale.","og_url":"https:\/\/euricse.eu\/it\/tra-dire-e-fare-candidature-entro-il-30-settembre\/","og_site_name":"Euricse","article_published_time":"2025-09-01T14:09:17+00:00","og_image":[{"width":708,"height":708,"url":"https:\/\/euricse.eu\/wp-content\/uploads\/2025\/07\/Tra-Dire-e-Fare.jpg","type":"image\/jpeg"}],"author":"Silvia","twitter_card":"summary_large_image","twitter_misc":{"Scritto da":"Silvia","Tempo di lettura stimato":"1 minuto"},"schema":{"@context":"https:\/\/schema.org","@graph":[{"@type":"WebPage","@id":"https:\/\/euricse.eu\/it\/tra-dire-e-fare-candidature-entro-il-30-settembre\/","url":"https:\/\/euricse.eu\/it\/tra-dire-e-fare-candidature-entro-il-30-settembre\/","name":"Tra Dire e Fare: candidature entro il 30 settembre - Euricse","isPartOf":{"@id":"https:\/\/euricse.eu\/en\/#website"},"primaryImageOfPage":{"@id":"https:\/\/euricse.eu\/it\/tra-dire-e-fare-candidature-entro-il-30-settembre\/#primaryimage"},"image":{"@id":"https:\/\/euricse.eu\/it\/tra-dire-e-fare-candidature-entro-il-30-settembre\/#primaryimage"},"thumbnailUrl":"https:\/\/euricse.eu\/wp-content\/uploads\/2025\/07\/Tra-Dire-e-Fare.jpg","datePublished":"2025-09-01T14:09:17+00:00","author":{"@id":"https:\/\/euricse.eu\/en\/#\/schema\/person\/a5b25693531e3458dfedff34c273ba14"},"description":"Fino al 30 settembre \u00e8 possibile candidarsi al bando \u201cTra Dire e Fare\u201d, promosso da Fondazione Caritro ed EURICSE, che sostiene le organizzazioni del Terzo Settore trentine con consulenza, contributi fino a 70.000 euro e un percorso di sviluppo triennale.","breadcrumb":{"@id":"https:\/\/euricse.eu\/it\/tra-dire-e-fare-candidature-entro-il-30-settembre\/#breadcrumb"},"inLanguage":"it-IT","potentialAction":[{"@type":"ReadAction","target":["https:\/\/euricse.eu\/it\/tra-dire-e-fare-candidature-entro-il-30-settembre\/"]}]},{"@type":"ImageObject","inLanguage":"it-IT","@id":"https:\/\/euricse.eu\/it\/tra-dire-e-fare-candidature-entro-il-30-settembre\/#primaryimage","url":"https:\/\/euricse.eu\/wp-content\/uploads\/2025\/07\/Tra-Dire-e-Fare.jpg","contentUrl":"https:\/\/euricse.eu\/wp-content\/uploads\/2025\/07\/Tra-Dire-e-Fare.jpg","width":708,"height":708},{"@type":"BreadcrumbList","@id":"https:\/\/euricse.eu\/it\/tra-dire-e-fare-candidature-entro-il-30-settembre\/#breadcrumb","itemListElement":[{"@type":"ListItem","position":1,"name":"Home","item":"https:\/\/euricse.eu\/it\/"},{"@type":"ListItem","position":2,"name":"Tra Dire e Fare: candidature entro il 30 settembre"}]},{"@type":"WebSite","@id":"https:\/\/euricse.eu\/en\/#website","url":"https:\/\/euricse.eu\/en\/","name":"Euricse","description":"Knowledge and innovation for cooperative and social enterprises.","potentialAction":[{"@type":"SearchAction","target":{"@type":"EntryPoint","urlTemplate":"https:\/\/euricse.eu\/en\/?s={search_term_string}"},"query-input":{"@type":"PropertyValueSpecification","valueRequired":true,"valueName":"search_term_string"}}],"inLanguage":"it-IT"},{"@type":"Person","@id":"https:\/\/euricse.eu\/en\/#\/schema\/person\/a5b25693531e3458dfedff34c273ba14","name":"Silvia","image":{"@type":"ImageObject","inLanguage":"it-IT","@id":"https:\/\/euricse.eu\/en\/#\/schema\/person\/image\/","url":"https:\/\/secure.gravatar.com\/avatar\/3cef1082b65edc85f1a4c0caa7ce4808f397a517b7217eab6215fe435640f8f7?s=96&d=mm&r=g","contentUrl":"https:\/\/secure.gravatar.com\/avatar\/3cef1082b65edc85f1a4c0caa7ce4808f397a517b7217eab6215fe435640f8f7?s=96&d=mm&r=g","caption":"Silvia"},"url":"https:\/\/euricse.eu\/it\/author\/silvia\/"}]}},"_links":{"self":[{"href":"https:\/\/euricse.eu\/it\/wp-json\/wp\/v2\/posts\/27892","targetHints":{"allow":["GET"]}}],"collection":[{"href":"https:\/\/euricse.eu\/it\/wp-json\/wp\/v2\/posts"}],"about":[{"href":"https:\/\/euricse.eu\/it\/wp-json\/wp\/v2\/types\/post"}],"author":[{"embeddable":true,"href":"https:\/\/euricse.eu\/it\/wp-json\/wp\/v2\/users\/32"}],"replies":[{"embeddable":true,"href":"https:\/\/euricse.eu\/it\/wp-json\/wp\/v2\/comments?post=27892"}],"version-history":[{"count":1,"href":"https:\/\/euricse.eu\/it\/wp-json\/wp\/v2\/posts\/27892\/revisions"}],"predecessor-version":[{"id":27893,"href":"https:\/\/euricse.eu\/it\/wp-json\/wp\/v2\/posts\/27892\/revisions\/27893"}],"wp:featuredmedia":[{"embeddable":true,"href":"https:\/\/euricse.eu\/it\/wp-json\/wp\/v2\/media\/27560"}],"wp:attachment":[{"href":"https:\/\/euricse.eu\/it\/wp-json\/wp\/v2\/media?parent=27892"}],"wp:term":[{"taxonomy":"category","embeddable":true,"href":"https:\/\/euricse.eu\/it\/wp-json\/wp\/v2\/categories?post=27892"},{"taxonomy":"post_tag","embeddable":true,"href":"https:\/\/euricse.eu\/it\/wp-json\/wp\/v2\/tags?post=27892"}],"curies":[{"name":"wp","href":"https:\/\/api.w.org\/{rel}","templated":true}]}}