{"id":28263,"date":"2025-11-03T12:39:17","date_gmt":"2025-11-03T12:39:17","guid":{"rendered":"https:\/\/euricse.eu\/?p=28263"},"modified":"2025-11-03T12:39:17","modified_gmt":"2025-11-03T12:39:17","slug":"world-coop-monitor-la-nuova-edizione-in-arrivo","status":"publish","type":"post","link":"https:\/\/euricse.eu\/it\/world-coop-monitor-la-nuova-edizione-in-arrivo\/","title":{"rendered":"World Coop Monitor: la nuova edizione in arrivo"},"content":{"rendered":"<p>A breve sar\u00e0 pubblicata l\u2019edizione 2025 del\u00a0<strong>World Cooperative Monitor<\/strong>, il rapporto annuale realizzato dall\u2019<strong>International Cooperative Alliance<\/strong>\u00a0(ICA) in collaborazione con\u00a0<strong>EURICSE<\/strong>, che analizza i dati economici, organizzativi e sociali delle cooperative e delle mutue in tutto il mondo. Il l<strong>ancio ufficiale<\/strong>\u00a0\u00e8 previsto in occasione del\u00a0<strong>World Social Summit delle Nazioni Unite<\/strong>, che si terr\u00e0 a\u00a0<strong>Doha\u00a0<\/strong>(Qatar) il\u00a0<strong>3 novembre.<\/strong>\u00a0\u00c8 possibile seguire la diretta a partire dalle ore 13.00\u00a0a<a href=\"https:\/\/euricse.us2.list-manage.com\/track\/click?u=1c9965065e22b72afa91c6488&amp;id=25fcfee6d2&amp;e=aeab996f16\" target=\"_blank\" rel=\"noopener\" data-saferedirecturl=\"https:\/\/www.google.com\/url?q=https:\/\/euricse.us2.list-manage.com\/track\/click?u%3D1c9965065e22b72afa91c6488%26id%3D25fcfee6d2%26e%3Daeab996f16&amp;source=gmail&amp;ust=1762253306404000&amp;usg=AOvVaw3Hmn4UOrkMzMGqfP3q4mG_\">\u00a0questo link<\/a>\u00a0(ora italiana).<br \/>\nIn coincidenza con l\u2019<strong>Anno Internazionale delle Cooperative<\/strong>\u00a0(IYC), quella del\u00a02025 sar\u00e0 un&#8217;edizione speciale\u00a0sviluppata in collaborazione con il\u00a0<strong>Cooperatives and Mutuals Leadership Circle<\/strong>\u00a0(CM50), che riunisce\u00a0<strong>50 leader<\/strong>\u00a0tra le cooperative e le imprese mutualistiche\u00a0<strong>pi\u00f9 influenti al mondo<\/strong>. Attraverso una serie di interviste curate da\u00a0<a href=\"https:\/\/euricse.us2.list-manage.com\/track\/click?u=1c9965065e22b72afa91c6488&amp;id=a6a008fbb5&amp;e=aeab996f16\" target=\"_blank\" rel=\"noopener\" data-saferedirecturl=\"https:\/\/www.google.com\/url?q=https:\/\/euricse.us2.list-manage.com\/track\/click?u%3D1c9965065e22b72afa91c6488%26id%3Da6a008fbb5%26e%3Daeab996f16&amp;source=gmail&amp;ust=1762253306404000&amp;usg=AOvVaw05n0eUxDl4Usob768Um8Gi\">Co-op News<\/a>, il rapporto metter\u00e0 in evidenza le azioni e le iniziative concrete con cui le cooperative contribuiscono a migliorare la qualit\u00e0 della vita e il benessere dei propri membri e delle comunit\u00e0 in cui operano.<br \/>\nDa non perdere anche la\u00a0<strong>cerimonia di chiusura dell&#8217;Anno Internazionale delle Cooperative<\/strong>\u00a0in programma il\u00a0<strong>4 novembre<\/strong>, che sar\u00e0 trasmessa in<strong>\u00a0<\/strong>diretta<strong>\u00a0<\/strong><a href=\"https:\/\/euricse.us2.list-manage.com\/track\/click?u=1c9965065e22b72afa91c6488&amp;id=04ef8b135b&amp;e=aeab996f16\" target=\"_blank\" rel=\"noopener\" data-saferedirecturl=\"https:\/\/www.google.com\/url?q=https:\/\/euricse.us2.list-manage.com\/track\/click?u%3D1c9965065e22b72afa91c6488%26id%3D04ef8b135b%26e%3Daeab996f16&amp;source=gmail&amp;ust=1762253306404000&amp;usg=AOvVaw0f8sSXYsE7xAevLdapRYhc\">streaming su UN Web TV<\/a>.<\/p>\n<p><a href=\"https:\/\/euricse.us2.list-manage.com\/track\/click?u=1c9965065e22b72afa91c6488&amp;id=94909d3e14&amp;e=aeab996f16\" target=\"_blank\" rel=\"noopener\" data-saferedirecturl=\"https:\/\/www.google.com\/url?q=https:\/\/euricse.us2.list-manage.com\/track\/click?u%3D1c9965065e22b72afa91c6488%26id%3D94909d3e14%26e%3Daeab996f16&amp;source=gmail&amp;ust=1762253306404000&amp;usg=AOvVaw1OqhZ1nKbqWtP_PcTtqDLi\">www.monitor.coop<\/a><\/p>\n","protected":false},"excerpt":{"rendered":"<p>A breve sar\u00e0 pubblicata l\u2019edizione 2025 del\u00a0World Cooperative Monitor, il rapporto annuale realizzato dall\u2019International Cooperative Alliance\u00a0(ICA) in collaborazione con\u00a0EURICSE, che analizza i dati economici, organizzativi e sociali delle cooperative e delle mutue in tutto il mondo.<\/p>\n","protected":false},"author":35,"featured_media":28261,"comment_status":"closed","ping_status":"closed","sticky":false,"template":"","format":"standard","meta":{"_acf_changed":false,"episode_type":"","audio_file":"","cover_image":"","cover_image_id":"","duration":"","filesize":"","date_recorded":"","explicit":"","block":"","itunes_episode_number":"","itunes_title":"","itunes_season_number":"","itunes_episode_type":"","filesize_raw":"","footnotes":""},"categories":[17],"tags":[909,1368,1789,2172,2173,2174],"class_list":["post-28263","post","type-post","status-publish","format-standard","has-post-thumbnail","hentry","category-news-it","tag-world-cooperative-monitor-2","tag-international-cooperative-alliance-it","tag-anno-internazionale-delle-cooperative","tag-world-social-summit-delle-nazioni-unite","tag-cooperatives-and-mutuals-leadership-circle","tag-co-op-news"],"acf":[],"yoast_head":"<!-- This site is optimized with the Yoast SEO plugin v26.1.1 - https:\/\/yoast.com\/wordpress\/plugins\/seo\/ -->\n<title>World Coop Monitor: la nuova edizione in arrivo - Euricse<\/title>\n<meta name=\"description\" content=\"A breve sar\u00e0 pubblicata l\u2019edizione 2025 del\u00a0World Cooperative Monitor, il rapporto annuale realizzato dall\u2019International Cooperative Alliance\u00a0(ICA) in collaborazione con\u00a0EURICSE, che analizza i dati economici, organizzativi e sociali delle cooperative e delle mutue in tutto il mondo.\" \/>\n<meta name=\"robots\" content=\"index, follow, max-snippet:-1, max-image-preview:large, max-video-preview:-1\" \/>\n<link rel=\"canonical\" href=\"https:\/\/euricse.eu\/it\/world-coop-monitor-la-nuova-edizione-in-arrivo\/\" \/>\n<meta property=\"og:locale\" content=\"it_IT\" \/>\n<meta property=\"og:type\" content=\"article\" \/>\n<meta property=\"og:title\" content=\"World Coop Monitor: la nuova edizione in arrivo - Euricse\" \/>\n<meta property=\"og:description\" content=\"A breve sar\u00e0 pubblicata l\u2019edizione 2025 del\u00a0World Cooperative Monitor, il rapporto annuale realizzato dall\u2019International Cooperative Alliance\u00a0(ICA) in collaborazione con\u00a0EURICSE, che analizza i dati economici, organizzativi e sociali delle cooperative e delle mutue in tutto il mondo.\" \/>\n<meta property=\"og:url\" content=\"https:\/\/euricse.eu\/it\/world-coop-monitor-la-nuova-edizione-in-arrivo\/\" \/>\n<meta property=\"og:site_name\" content=\"Euricse\" \/>\n<meta property=\"article:published_time\" content=\"2025-11-03T12:39:17+00:00\" \/>\n<meta property=\"og:image\" content=\"https:\/\/euricse.eu\/wp-content\/uploads\/2025\/11\/WCM.jpg\" \/>\n\t<meta property=\"og:image:width\" content=\"500\" \/>\n\t<meta property=\"og:image:height\" content=\"500\" \/>\n\t<meta property=\"og:image:type\" content=\"image\/jpeg\" \/>\n<meta name=\"author\" content=\"comunicazione\" \/>\n<meta name=\"twitter:card\" content=\"summary_large_image\" \/>\n<meta name=\"twitter:label1\" content=\"Scritto da\" \/>\n\t<meta name=\"twitter:data1\" content=\"comunicazione\" \/>\n\t<meta name=\"twitter:label2\" content=\"Tempo di lettura stimato\" \/>\n\t<meta name=\"twitter:data2\" content=\"2 minuti\" \/>\n<script type=\"application\/ld+json\" class=\"yoast-schema-graph\">{\"@context\":\"https:\/\/schema.org\",\"@graph\":[{\"@type\":\"WebPage\",\"@id\":\"https:\/\/euricse.eu\/it\/world-coop-monitor-la-nuova-edizione-in-arrivo\/\",\"url\":\"https:\/\/euricse.eu\/it\/world-coop-monitor-la-nuova-edizione-in-arrivo\/\",\"name\":\"World Coop Monitor: la nuova edizione in arrivo - Euricse\",\"isPartOf\":{\"@id\":\"https:\/\/euricse.eu\/en\/#website\"},\"primaryImageOfPage\":{\"@id\":\"https:\/\/euricse.eu\/it\/world-coop-monitor-la-nuova-edizione-in-arrivo\/#primaryimage\"},\"image\":{\"@id\":\"https:\/\/euricse.eu\/it\/world-coop-monitor-la-nuova-edizione-in-arrivo\/#primaryimage\"},\"thumbnailUrl\":\"https:\/\/euricse.eu\/wp-content\/uploads\/2025\/11\/WCM.jpg\",\"datePublished\":\"2025-11-03T12:39:17+00:00\",\"author\":{\"@id\":\"https:\/\/euricse.eu\/en\/#\/schema\/person\/a6fb65fc189d71297f81c1e7bad30b9b\"},\"description\":\"A breve sar\u00e0 pubblicata l\u2019edizione 2025 del\u00a0World Cooperative Monitor, il rapporto annuale realizzato dall\u2019International Cooperative Alliance\u00a0(ICA) in collaborazione con\u00a0EURICSE, che analizza i dati economici, organizzativi e sociali delle cooperative e delle mutue in tutto il mondo.\",\"breadcrumb\":{\"@id\":\"https:\/\/euricse.eu\/it\/world-coop-monitor-la-nuova-edizione-in-arrivo\/#breadcrumb\"},\"inLanguage\":\"it-IT\",\"potentialAction\":[{\"@type\":\"ReadAction\",\"target\":[\"https:\/\/euricse.eu\/it\/world-coop-monitor-la-nuova-edizione-in-arrivo\/\"]}]},{\"@type\":\"ImageObject\",\"inLanguage\":\"it-IT\",\"@id\":\"https:\/\/euricse.eu\/it\/world-coop-monitor-la-nuova-edizione-in-arrivo\/#primaryimage\",\"url\":\"https:\/\/euricse.eu\/wp-content\/uploads\/2025\/11\/WCM.jpg\",\"contentUrl\":\"https:\/\/euricse.eu\/wp-content\/uploads\/2025\/11\/WCM.jpg\",\"width\":500,\"height\":500},{\"@type\":\"BreadcrumbList\",\"@id\":\"https:\/\/euricse.eu\/it\/world-coop-monitor-la-nuova-edizione-in-arrivo\/#breadcrumb\",\"itemListElement\":[{\"@type\":\"ListItem\",\"position\":1,\"name\":\"Home\",\"item\":\"https:\/\/euricse.eu\/it\/\"},{\"@type\":\"ListItem\",\"position\":2,\"name\":\"World Coop Monitor: la nuova edizione in arrivo\"}]},{\"@type\":\"WebSite\",\"@id\":\"https:\/\/euricse.eu\/en\/#website\",\"url\":\"https:\/\/euricse.eu\/en\/\",\"name\":\"Euricse\",\"description\":\"Knowledge and innovation for cooperative and social enterprises.\",\"potentialAction\":[{\"@type\":\"SearchAction\",\"target\":{\"@type\":\"EntryPoint\",\"urlTemplate\":\"https:\/\/euricse.eu\/en\/?s={search_term_string}\"},\"query-input\":{\"@type\":\"PropertyValueSpecification\",\"valueRequired\":true,\"valueName\":\"search_term_string\"}}],\"inLanguage\":\"it-IT\"},{\"@type\":\"Person\",\"@id\":\"https:\/\/euricse.eu\/en\/#\/schema\/person\/a6fb65fc189d71297f81c1e7bad30b9b\",\"name\":\"comunicazione\",\"image\":{\"@type\":\"ImageObject\",\"inLanguage\":\"it-IT\",\"@id\":\"https:\/\/euricse.eu\/en\/#\/schema\/person\/image\/\",\"url\":\"https:\/\/secure.gravatar.com\/avatar\/7ac8e85cb1bd3ac912e2d8be2823f83faf319f680b909bfda1cb0b8239c97a6e?s=96&d=mm&r=g\",\"contentUrl\":\"https:\/\/secure.gravatar.com\/avatar\/7ac8e85cb1bd3ac912e2d8be2823f83faf319f680b909bfda1cb0b8239c97a6e?s=96&d=mm&r=g\",\"caption\":\"comunicazione\"},\"url\":\"https:\/\/euricse.eu\/it\/author\/comunicazione\/\"}]}<\/script>\n<!-- \/ Yoast SEO plugin. -->","yoast_head_json":{"title":"World Coop Monitor: la nuova edizione in arrivo - Euricse","description":"A breve sar\u00e0 pubblicata l\u2019edizione 2025 del\u00a0World Cooperative Monitor, il rapporto annuale realizzato dall\u2019International Cooperative Alliance\u00a0(ICA) in collaborazione con\u00a0EURICSE, che analizza i dati economici, organizzativi e sociali delle cooperative e delle mutue in tutto il mondo.","robots":{"index":"index","follow":"follow","max-snippet":"max-snippet:-1","max-image-preview":"max-image-preview:large","max-video-preview":"max-video-preview:-1"},"canonical":"https:\/\/euricse.eu\/it\/world-coop-monitor-la-nuova-edizione-in-arrivo\/","og_locale":"it_IT","og_type":"article","og_title":"World Coop Monitor: la nuova edizione in arrivo - Euricse","og_description":"A breve sar\u00e0 pubblicata l\u2019edizione 2025 del\u00a0World Cooperative Monitor, il rapporto annuale realizzato dall\u2019International Cooperative Alliance\u00a0(ICA) in collaborazione con\u00a0EURICSE, che analizza i dati economici, organizzativi e sociali delle cooperative e delle mutue in tutto il mondo.","og_url":"https:\/\/euricse.eu\/it\/world-coop-monitor-la-nuova-edizione-in-arrivo\/","og_site_name":"Euricse","article_published_time":"2025-11-03T12:39:17+00:00","og_image":[{"width":500,"height":500,"url":"https:\/\/euricse.eu\/wp-content\/uploads\/2025\/11\/WCM.jpg","type":"image\/jpeg"}],"author":"comunicazione","twitter_card":"summary_large_image","twitter_misc":{"Scritto da":"comunicazione","Tempo di lettura stimato":"2 minuti"},"schema":{"@context":"https:\/\/schema.org","@graph":[{"@type":"WebPage","@id":"https:\/\/euricse.eu\/it\/world-coop-monitor-la-nuova-edizione-in-arrivo\/","url":"https:\/\/euricse.eu\/it\/world-coop-monitor-la-nuova-edizione-in-arrivo\/","name":"World Coop Monitor: la nuova edizione in arrivo - Euricse","isPartOf":{"@id":"https:\/\/euricse.eu\/en\/#website"},"primaryImageOfPage":{"@id":"https:\/\/euricse.eu\/it\/world-coop-monitor-la-nuova-edizione-in-arrivo\/#primaryimage"},"image":{"@id":"https:\/\/euricse.eu\/it\/world-coop-monitor-la-nuova-edizione-in-arrivo\/#primaryimage"},"thumbnailUrl":"https:\/\/euricse.eu\/wp-content\/uploads\/2025\/11\/WCM.jpg","datePublished":"2025-11-03T12:39:17+00:00","author":{"@id":"https:\/\/euricse.eu\/en\/#\/schema\/person\/a6fb65fc189d71297f81c1e7bad30b9b"},"description":"A breve sar\u00e0 pubblicata l\u2019edizione 2025 del\u00a0World Cooperative Monitor, il rapporto annuale realizzato dall\u2019International Cooperative Alliance\u00a0(ICA) in collaborazione con\u00a0EURICSE, che analizza i dati economici, organizzativi e sociali delle cooperative e delle mutue in tutto il mondo.","breadcrumb":{"@id":"https:\/\/euricse.eu\/it\/world-coop-monitor-la-nuova-edizione-in-arrivo\/#breadcrumb"},"inLanguage":"it-IT","potentialAction":[{"@type":"ReadAction","target":["https:\/\/euricse.eu\/it\/world-coop-monitor-la-nuova-edizione-in-arrivo\/"]}]},{"@type":"ImageObject","inLanguage":"it-IT","@id":"https:\/\/euricse.eu\/it\/world-coop-monitor-la-nuova-edizione-in-arrivo\/#primaryimage","url":"https:\/\/euricse.eu\/wp-content\/uploads\/2025\/11\/WCM.jpg","contentUrl":"https:\/\/euricse.eu\/wp-content\/uploads\/2025\/11\/WCM.jpg","width":500,"height":500},{"@type":"BreadcrumbList","@id":"https:\/\/euricse.eu\/it\/world-coop-monitor-la-nuova-edizione-in-arrivo\/#breadcrumb","itemListElement":[{"@type":"ListItem","position":1,"name":"Home","item":"https:\/\/euricse.eu\/it\/"},{"@type":"ListItem","position":2,"name":"World Coop Monitor: la nuova edizione in arrivo"}]},{"@type":"WebSite","@id":"https:\/\/euricse.eu\/en\/#website","url":"https:\/\/euricse.eu\/en\/","name":"Euricse","description":"Knowledge and innovation for cooperative and social enterprises.","potentialAction":[{"@type":"SearchAction","target":{"@type":"EntryPoint","urlTemplate":"https:\/\/euricse.eu\/en\/?s={search_term_string}"},"query-input":{"@type":"PropertyValueSpecification","valueRequired":true,"valueName":"search_term_string"}}],"inLanguage":"it-IT"},{"@type":"Person","@id":"https:\/\/euricse.eu\/en\/#\/schema\/person\/a6fb65fc189d71297f81c1e7bad30b9b","name":"comunicazione","image":{"@type":"ImageObject","inLanguage":"it-IT","@id":"https:\/\/euricse.eu\/en\/#\/schema\/person\/image\/","url":"https:\/\/secure.gravatar.com\/avatar\/7ac8e85cb1bd3ac912e2d8be2823f83faf319f680b909bfda1cb0b8239c97a6e?s=96&d=mm&r=g","contentUrl":"https:\/\/secure.gravatar.com\/avatar\/7ac8e85cb1bd3ac912e2d8be2823f83faf319f680b909bfda1cb0b8239c97a6e?s=96&d=mm&r=g","caption":"comunicazione"},"url":"https:\/\/euricse.eu\/it\/author\/comunicazione\/"}]}},"_links":{"self":[{"href":"https:\/\/euricse.eu\/it\/wp-json\/wp\/v2\/posts\/28263","targetHints":{"allow":["GET"]}}],"collection":[{"href":"https:\/\/euricse.eu\/it\/wp-json\/wp\/v2\/posts"}],"about":[{"href":"https:\/\/euricse.eu\/it\/wp-json\/wp\/v2\/types\/post"}],"author":[{"embeddable":true,"href":"https:\/\/euricse.eu\/it\/wp-json\/wp\/v2\/users\/35"}],"replies":[{"embeddable":true,"href":"https:\/\/euricse.eu\/it\/wp-json\/wp\/v2\/comments?post=28263"}],"version-history":[{"count":1,"href":"https:\/\/euricse.eu\/it\/wp-json\/wp\/v2\/posts\/28263\/revisions"}],"predecessor-version":[{"id":28264,"href":"https:\/\/euricse.eu\/it\/wp-json\/wp\/v2\/posts\/28263\/revisions\/28264"}],"wp:featuredmedia":[{"embeddable":true,"href":"https:\/\/euricse.eu\/it\/wp-json\/wp\/v2\/media\/28261"}],"wp:attachment":[{"href":"https:\/\/euricse.eu\/it\/wp-json\/wp\/v2\/media?parent=28263"}],"wp:term":[{"taxonomy":"category","embeddable":true,"href":"https:\/\/euricse.eu\/it\/wp-json\/wp\/v2\/categories?post=28263"},{"taxonomy":"post_tag","embeddable":true,"href":"https:\/\/euricse.eu\/it\/wp-json\/wp\/v2\/tags?post=28263"}],"curies":[{"name":"wp","href":"https:\/\/api.w.org\/{rel}","templated":true}]}}