{"id":28280,"date":"2025-11-03T13:25:30","date_gmt":"2025-11-03T13:25:30","guid":{"rendered":"https:\/\/euricse.eu\/?p=28280"},"modified":"2025-11-03T13:25:30","modified_gmt":"2025-11-03T13:25:30","slug":"le-cooperative-al-centro-del-diritto-internazionale-e-dello-sviluppo-sostenibile","status":"publish","type":"post","link":"https:\/\/euricse.eu\/it\/le-cooperative-al-centro-del-diritto-internazionale-e-dello-sviluppo-sostenibile\/","title":{"rendered":"Le cooperative al centro del diritto internazionale e dello sviluppo sostenibile"},"content":{"rendered":"<p>Il 24 ottobre, al Palazzo della Pace dell\u2019Aia,\u00a0sede della Corte Internazionale di Giustizia, l\u2019<strong>International Cooperative Alliance\u00a0<\/strong>(ICA) ha organizzato l\u2019<a href=\"https:\/\/euricse.us2.list-manage.com\/track\/click?u=1c9965065e22b72afa91c6488&amp;id=822e498277&amp;e=aeab996f16\" target=\"_blank\" rel=\"noopener\" data-saferedirecturl=\"https:\/\/www.google.com\/url?q=https:\/\/euricse.us2.list-manage.com\/track\/click?u%3D1c9965065e22b72afa91c6488%26id%3D822e498277%26e%3Daeab996f16&amp;source=gmail&amp;ust=1762253306405000&amp;usg=AOvVaw2o5ct1q0nttVzVreHQdBO4\">I<\/a><a href=\"https:\/\/euricse.us2.list-manage.com\/track\/click?u=1c9965065e22b72afa91c6488&amp;id=f75615a018&amp;e=aeab996f16\" target=\"_blank\" rel=\"noopener\" data-saferedirecturl=\"https:\/\/www.google.com\/url?q=https:\/\/euricse.us2.list-manage.com\/track\/click?u%3D1c9965065e22b72afa91c6488%26id%3Df75615a018%26e%3Daeab996f16&amp;source=gmail&amp;ust=1762253306405000&amp;usg=AOvVaw209VOlSHjhlvILaHX4KuIr\">nternational Symposium on Cooperatives and International Law<\/a>,<strong>\u00a0<\/strong>in occasione dell\u2019<strong>Anno Internazionale delle Cooperative<\/strong>,\u00a0dedicato al rapporto tra cooperazione, diritto internazionale e sviluppo sostenibile.<br \/>\n<strong>Paola Iamiceli<\/strong>, presidente di\u00a0<strong>EURICSE<\/strong>,\u00a0\u00e8 intervenuta nel panel &#8220;<em>Cooperative Education and Training<\/em>&#8220;, sottolineando l\u2019importanza di integrare l\u2019identit\u00e0 cooperativa nei sistemi educativi e nelle politiche pubbliche, e la necessit\u00e0 di una collaborazione pi\u00f9 stretta tra cooperative, universit\u00e0 e istituzioni. Nel suo intervento ha anche presentato la rete<strong>\u00a0<\/strong><a href=\"https:\/\/euricse.us2.list-manage.com\/track\/click?u=1c9965065e22b72afa91c6488&amp;id=b337abde53&amp;e=aeab996f16\" target=\"_blank\" rel=\"noopener\" data-saferedirecturl=\"https:\/\/www.google.com\/url?q=https:\/\/euricse.us2.list-manage.com\/track\/click?u%3D1c9965065e22b72afa91c6488%26id%3Db337abde53%26e%3Daeab996f16&amp;source=gmail&amp;ust=1762253306405000&amp;usg=AOvVaw0_Gy6na0IvJ9tdLDYU927U\">ICBEC<\/a>\u00a0consorzio internazionale di 24 istituzioni di cui EURICSE \u00e8 membro, con il ruolo anche di segretariato,\u00a0come esempio concreto di cooperazione globale nella formazione e nella ricerca sulla gestione delle imprese cooperative.<\/p>\n","protected":false},"excerpt":{"rendered":"<p>Paola Iamiceli, presidente di\u00a0EURICSE,\u00a0\u00e8 intervenuta nel panel &#8220;Cooperative Education and Training&#8221; all&#8217;International Symposium on Cooperatives and International Law,\u00a0organizzato dall&#8217;ICA in occasione dell\u2019Anno Internazionale delle Cooperative. <\/p>\n","protected":false},"author":35,"featured_media":28281,"comment_status":"closed","ping_status":"closed","sticky":false,"template":"","format":"standard","meta":{"_acf_changed":false,"episode_type":"","audio_file":"","cover_image":"","cover_image_id":"","duration":"","filesize":"","date_recorded":"","explicit":"","block":"","itunes_episode_number":"","itunes_title":"","itunes_season_number":"","itunes_episode_type":"","filesize_raw":"","footnotes":""},"categories":[17],"tags":[1368,1604,1789,1844,2184],"class_list":["post-28280","post","type-post","status-publish","format-standard","has-post-thumbnail","hentry","category-news-it","tag-international-cooperative-alliance-it","tag-icbec-it","tag-anno-internazionale-delle-cooperative","tag-paola-iamiceli","tag-international-symposium-on-cooperatives-and-international-law"],"acf":[],"yoast_head":"<!-- This site is optimized with the Yoast SEO plugin v26.1.1 - https:\/\/yoast.com\/wordpress\/plugins\/seo\/ -->\n<title>Le cooperative al centro del diritto internazionale e dello sviluppo sostenibile - Euricse<\/title>\n<meta name=\"description\" content=\"Paola Iamiceli, presidente di\u00a0EURICSE,\u00a0\u00e8 intervenuta nel panel &quot;Cooperative Education and Training&quot; all&#039;International Symposium on Cooperatives and International Law,\u00a0organizzato dall&#039;ICA in occasione dell\u2019Anno Internazionale delle Cooperative.\" \/>\n<meta name=\"robots\" content=\"index, follow, max-snippet:-1, max-image-preview:large, max-video-preview:-1\" \/>\n<link rel=\"canonical\" href=\"https:\/\/euricse.eu\/it\/le-cooperative-al-centro-del-diritto-internazionale-e-dello-sviluppo-sostenibile\/\" \/>\n<meta property=\"og:locale\" content=\"it_IT\" \/>\n<meta property=\"og:type\" content=\"article\" \/>\n<meta property=\"og:title\" content=\"Le cooperative al centro del diritto internazionale e dello sviluppo sostenibile - Euricse\" \/>\n<meta property=\"og:description\" content=\"Paola Iamiceli, presidente di\u00a0EURICSE,\u00a0\u00e8 intervenuta nel panel &quot;Cooperative Education and Training&quot; all&#039;International Symposium on Cooperatives and International Law,\u00a0organizzato dall&#039;ICA in occasione dell\u2019Anno Internazionale delle Cooperative.\" \/>\n<meta property=\"og:url\" content=\"https:\/\/euricse.eu\/it\/le-cooperative-al-centro-del-diritto-internazionale-e-dello-sviluppo-sostenibile\/\" \/>\n<meta property=\"og:site_name\" content=\"Euricse\" \/>\n<meta property=\"article:published_time\" content=\"2025-11-03T13:25:30+00:00\" \/>\n<meta property=\"og:image\" content=\"https:\/\/euricse.eu\/wp-content\/uploads\/2025\/11\/ICA.jpg\" \/>\n\t<meta property=\"og:image:width\" content=\"500\" \/>\n\t<meta property=\"og:image:height\" content=\"500\" \/>\n\t<meta property=\"og:image:type\" content=\"image\/jpeg\" \/>\n<meta name=\"author\" content=\"comunicazione\" \/>\n<meta name=\"twitter:card\" content=\"summary_large_image\" \/>\n<meta name=\"twitter:label1\" content=\"Scritto da\" \/>\n\t<meta name=\"twitter:data1\" content=\"comunicazione\" \/>\n\t<meta name=\"twitter:label2\" content=\"Tempo di lettura stimato\" \/>\n\t<meta name=\"twitter:data2\" content=\"1 minuto\" \/>\n<script type=\"application\/ld+json\" class=\"yoast-schema-graph\">{\"@context\":\"https:\/\/schema.org\",\"@graph\":[{\"@type\":\"WebPage\",\"@id\":\"https:\/\/euricse.eu\/it\/le-cooperative-al-centro-del-diritto-internazionale-e-dello-sviluppo-sostenibile\/\",\"url\":\"https:\/\/euricse.eu\/it\/le-cooperative-al-centro-del-diritto-internazionale-e-dello-sviluppo-sostenibile\/\",\"name\":\"Le cooperative al centro del diritto internazionale e dello sviluppo sostenibile - Euricse\",\"isPartOf\":{\"@id\":\"https:\/\/euricse.eu\/en\/#website\"},\"primaryImageOfPage\":{\"@id\":\"https:\/\/euricse.eu\/it\/le-cooperative-al-centro-del-diritto-internazionale-e-dello-sviluppo-sostenibile\/#primaryimage\"},\"image\":{\"@id\":\"https:\/\/euricse.eu\/it\/le-cooperative-al-centro-del-diritto-internazionale-e-dello-sviluppo-sostenibile\/#primaryimage\"},\"thumbnailUrl\":\"https:\/\/euricse.eu\/wp-content\/uploads\/2025\/11\/ICA.jpg\",\"datePublished\":\"2025-11-03T13:25:30+00:00\",\"author\":{\"@id\":\"https:\/\/euricse.eu\/en\/#\/schema\/person\/a6fb65fc189d71297f81c1e7bad30b9b\"},\"description\":\"Paola Iamiceli, presidente di\u00a0EURICSE,\u00a0\u00e8 intervenuta nel panel \\\"Cooperative Education and Training\\\" all'International Symposium on Cooperatives and International Law,\u00a0organizzato dall'ICA in occasione dell\u2019Anno Internazionale delle Cooperative.\",\"breadcrumb\":{\"@id\":\"https:\/\/euricse.eu\/it\/le-cooperative-al-centro-del-diritto-internazionale-e-dello-sviluppo-sostenibile\/#breadcrumb\"},\"inLanguage\":\"it-IT\",\"potentialAction\":[{\"@type\":\"ReadAction\",\"target\":[\"https:\/\/euricse.eu\/it\/le-cooperative-al-centro-del-diritto-internazionale-e-dello-sviluppo-sostenibile\/\"]}]},{\"@type\":\"ImageObject\",\"inLanguage\":\"it-IT\",\"@id\":\"https:\/\/euricse.eu\/it\/le-cooperative-al-centro-del-diritto-internazionale-e-dello-sviluppo-sostenibile\/#primaryimage\",\"url\":\"https:\/\/euricse.eu\/wp-content\/uploads\/2025\/11\/ICA.jpg\",\"contentUrl\":\"https:\/\/euricse.eu\/wp-content\/uploads\/2025\/11\/ICA.jpg\",\"width\":500,\"height\":500},{\"@type\":\"BreadcrumbList\",\"@id\":\"https:\/\/euricse.eu\/it\/le-cooperative-al-centro-del-diritto-internazionale-e-dello-sviluppo-sostenibile\/#breadcrumb\",\"itemListElement\":[{\"@type\":\"ListItem\",\"position\":1,\"name\":\"Home\",\"item\":\"https:\/\/euricse.eu\/it\/\"},{\"@type\":\"ListItem\",\"position\":2,\"name\":\"Le cooperative al centro del diritto internazionale e dello sviluppo sostenibile\"}]},{\"@type\":\"WebSite\",\"@id\":\"https:\/\/euricse.eu\/en\/#website\",\"url\":\"https:\/\/euricse.eu\/en\/\",\"name\":\"Euricse\",\"description\":\"Knowledge and innovation for cooperative and social enterprises.\",\"potentialAction\":[{\"@type\":\"SearchAction\",\"target\":{\"@type\":\"EntryPoint\",\"urlTemplate\":\"https:\/\/euricse.eu\/en\/?s={search_term_string}\"},\"query-input\":{\"@type\":\"PropertyValueSpecification\",\"valueRequired\":true,\"valueName\":\"search_term_string\"}}],\"inLanguage\":\"it-IT\"},{\"@type\":\"Person\",\"@id\":\"https:\/\/euricse.eu\/en\/#\/schema\/person\/a6fb65fc189d71297f81c1e7bad30b9b\",\"name\":\"comunicazione\",\"image\":{\"@type\":\"ImageObject\",\"inLanguage\":\"it-IT\",\"@id\":\"https:\/\/euricse.eu\/en\/#\/schema\/person\/image\/\",\"url\":\"https:\/\/secure.gravatar.com\/avatar\/7ac8e85cb1bd3ac912e2d8be2823f83faf319f680b909bfda1cb0b8239c97a6e?s=96&d=mm&r=g\",\"contentUrl\":\"https:\/\/secure.gravatar.com\/avatar\/7ac8e85cb1bd3ac912e2d8be2823f83faf319f680b909bfda1cb0b8239c97a6e?s=96&d=mm&r=g\",\"caption\":\"comunicazione\"},\"url\":\"https:\/\/euricse.eu\/it\/author\/comunicazione\/\"}]}<\/script>\n<!-- \/ Yoast SEO plugin. -->","yoast_head_json":{"title":"Le cooperative al centro del diritto internazionale e dello sviluppo sostenibile - Euricse","description":"Paola Iamiceli, presidente di\u00a0EURICSE,\u00a0\u00e8 intervenuta nel panel \"Cooperative Education and Training\" all'International Symposium on Cooperatives and International Law,\u00a0organizzato dall'ICA in occasione dell\u2019Anno Internazionale delle Cooperative.","robots":{"index":"index","follow":"follow","max-snippet":"max-snippet:-1","max-image-preview":"max-image-preview:large","max-video-preview":"max-video-preview:-1"},"canonical":"https:\/\/euricse.eu\/it\/le-cooperative-al-centro-del-diritto-internazionale-e-dello-sviluppo-sostenibile\/","og_locale":"it_IT","og_type":"article","og_title":"Le cooperative al centro del diritto internazionale e dello sviluppo sostenibile - Euricse","og_description":"Paola Iamiceli, presidente di\u00a0EURICSE,\u00a0\u00e8 intervenuta nel panel \"Cooperative Education and Training\" all'International Symposium on Cooperatives and International Law,\u00a0organizzato dall'ICA in occasione dell\u2019Anno Internazionale delle Cooperative.","og_url":"https:\/\/euricse.eu\/it\/le-cooperative-al-centro-del-diritto-internazionale-e-dello-sviluppo-sostenibile\/","og_site_name":"Euricse","article_published_time":"2025-11-03T13:25:30+00:00","og_image":[{"width":500,"height":500,"url":"https:\/\/euricse.eu\/wp-content\/uploads\/2025\/11\/ICA.jpg","type":"image\/jpeg"}],"author":"comunicazione","twitter_card":"summary_large_image","twitter_misc":{"Scritto da":"comunicazione","Tempo di lettura stimato":"1 minuto"},"schema":{"@context":"https:\/\/schema.org","@graph":[{"@type":"WebPage","@id":"https:\/\/euricse.eu\/it\/le-cooperative-al-centro-del-diritto-internazionale-e-dello-sviluppo-sostenibile\/","url":"https:\/\/euricse.eu\/it\/le-cooperative-al-centro-del-diritto-internazionale-e-dello-sviluppo-sostenibile\/","name":"Le cooperative al centro del diritto internazionale e dello sviluppo sostenibile - Euricse","isPartOf":{"@id":"https:\/\/euricse.eu\/en\/#website"},"primaryImageOfPage":{"@id":"https:\/\/euricse.eu\/it\/le-cooperative-al-centro-del-diritto-internazionale-e-dello-sviluppo-sostenibile\/#primaryimage"},"image":{"@id":"https:\/\/euricse.eu\/it\/le-cooperative-al-centro-del-diritto-internazionale-e-dello-sviluppo-sostenibile\/#primaryimage"},"thumbnailUrl":"https:\/\/euricse.eu\/wp-content\/uploads\/2025\/11\/ICA.jpg","datePublished":"2025-11-03T13:25:30+00:00","author":{"@id":"https:\/\/euricse.eu\/en\/#\/schema\/person\/a6fb65fc189d71297f81c1e7bad30b9b"},"description":"Paola Iamiceli, presidente di\u00a0EURICSE,\u00a0\u00e8 intervenuta nel panel \"Cooperative Education and Training\" all'International Symposium on Cooperatives and International Law,\u00a0organizzato dall'ICA in occasione dell\u2019Anno Internazionale delle Cooperative.","breadcrumb":{"@id":"https:\/\/euricse.eu\/it\/le-cooperative-al-centro-del-diritto-internazionale-e-dello-sviluppo-sostenibile\/#breadcrumb"},"inLanguage":"it-IT","potentialAction":[{"@type":"ReadAction","target":["https:\/\/euricse.eu\/it\/le-cooperative-al-centro-del-diritto-internazionale-e-dello-sviluppo-sostenibile\/"]}]},{"@type":"ImageObject","inLanguage":"it-IT","@id":"https:\/\/euricse.eu\/it\/le-cooperative-al-centro-del-diritto-internazionale-e-dello-sviluppo-sostenibile\/#primaryimage","url":"https:\/\/euricse.eu\/wp-content\/uploads\/2025\/11\/ICA.jpg","contentUrl":"https:\/\/euricse.eu\/wp-content\/uploads\/2025\/11\/ICA.jpg","width":500,"height":500},{"@type":"BreadcrumbList","@id":"https:\/\/euricse.eu\/it\/le-cooperative-al-centro-del-diritto-internazionale-e-dello-sviluppo-sostenibile\/#breadcrumb","itemListElement":[{"@type":"ListItem","position":1,"name":"Home","item":"https:\/\/euricse.eu\/it\/"},{"@type":"ListItem","position":2,"name":"Le cooperative al centro del diritto internazionale e dello sviluppo sostenibile"}]},{"@type":"WebSite","@id":"https:\/\/euricse.eu\/en\/#website","url":"https:\/\/euricse.eu\/en\/","name":"Euricse","description":"Knowledge and innovation for cooperative and social enterprises.","potentialAction":[{"@type":"SearchAction","target":{"@type":"EntryPoint","urlTemplate":"https:\/\/euricse.eu\/en\/?s={search_term_string}"},"query-input":{"@type":"PropertyValueSpecification","valueRequired":true,"valueName":"search_term_string"}}],"inLanguage":"it-IT"},{"@type":"Person","@id":"https:\/\/euricse.eu\/en\/#\/schema\/person\/a6fb65fc189d71297f81c1e7bad30b9b","name":"comunicazione","image":{"@type":"ImageObject","inLanguage":"it-IT","@id":"https:\/\/euricse.eu\/en\/#\/schema\/person\/image\/","url":"https:\/\/secure.gravatar.com\/avatar\/7ac8e85cb1bd3ac912e2d8be2823f83faf319f680b909bfda1cb0b8239c97a6e?s=96&d=mm&r=g","contentUrl":"https:\/\/secure.gravatar.com\/avatar\/7ac8e85cb1bd3ac912e2d8be2823f83faf319f680b909bfda1cb0b8239c97a6e?s=96&d=mm&r=g","caption":"comunicazione"},"url":"https:\/\/euricse.eu\/it\/author\/comunicazione\/"}]}},"_links":{"self":[{"href":"https:\/\/euricse.eu\/it\/wp-json\/wp\/v2\/posts\/28280","targetHints":{"allow":["GET"]}}],"collection":[{"href":"https:\/\/euricse.eu\/it\/wp-json\/wp\/v2\/posts"}],"about":[{"href":"https:\/\/euricse.eu\/it\/wp-json\/wp\/v2\/types\/post"}],"author":[{"embeddable":true,"href":"https:\/\/euricse.eu\/it\/wp-json\/wp\/v2\/users\/35"}],"replies":[{"embeddable":true,"href":"https:\/\/euricse.eu\/it\/wp-json\/wp\/v2\/comments?post=28280"}],"version-history":[{"count":1,"href":"https:\/\/euricse.eu\/it\/wp-json\/wp\/v2\/posts\/28280\/revisions"}],"predecessor-version":[{"id":28283,"href":"https:\/\/euricse.eu\/it\/wp-json\/wp\/v2\/posts\/28280\/revisions\/28283"}],"wp:featuredmedia":[{"embeddable":true,"href":"https:\/\/euricse.eu\/it\/wp-json\/wp\/v2\/media\/28281"}],"wp:attachment":[{"href":"https:\/\/euricse.eu\/it\/wp-json\/wp\/v2\/media?parent=28280"}],"wp:term":[{"taxonomy":"category","embeddable":true,"href":"https:\/\/euricse.eu\/it\/wp-json\/wp\/v2\/categories?post=28280"},{"taxonomy":"post_tag","embeddable":true,"href":"https:\/\/euricse.eu\/it\/wp-json\/wp\/v2\/tags?post=28280"}],"curies":[{"name":"wp","href":"https:\/\/api.w.org\/{rel}","templated":true}]}}