{"id":28416,"date":"2025-12-01T14:00:52","date_gmt":"2025-12-01T14:00:52","guid":{"rendered":"https:\/\/euricse.eu\/?p=28416"},"modified":"2025-12-02T10:03:54","modified_gmt":"2025-12-02T10:03:54","slug":"comunita-intraprendenti-a-dicembre-in-val-di-fiemme-il-secondo-incontro-nazionale","status":"publish","type":"post","link":"https:\/\/euricse.eu\/it\/comunita-intraprendenti-a-dicembre-in-val-di-fiemme-il-secondo-incontro-nazionale\/","title":{"rendered":"2\u00b0 Incontro Nazionale delle Comunit\u00e0 Intraprendenti: 11 e 12 dicembre a Cavalese"},"content":{"rendered":"<article class=\"text-token-text-primary w-full focus:outline-none [--shadow-height:45px] has-data-writing-block:pointer-events-none has-data-writing-block:-mt-(--shadow-height) has-data-writing-block:pt-(--shadow-height) [&amp;:has([data-writing-block])&gt;*]:pointer-events-auto [content-visibility:auto] supports-[content-visibility:auto]:[contain-intrinsic-size:auto_100lvh] scroll-mt-[calc(var(--header-height)+min(200px,max(70px,20svh)))]\" dir=\"auto\" tabindex=\"-1\" data-turn-id=\"request-WEB:cf465545-7b6d-4e35-b6a7-d4b078540cf4-11\" data-testid=\"conversation-turn-22\" data-scroll-anchor=\"true\" data-turn=\"assistant\">\n<div class=\"text-base my-auto mx-auto pb-10 [--thread-content-margin:--spacing(4)] thread-sm:[--thread-content-margin:--spacing(6)] thread-lg:[--thread-content-margin:--spacing(16)] px-(--thread-content-margin)\">\n<div class=\"[--thread-content-max-width:40rem] thread-lg:[--thread-content-max-width:48rem] mx-auto max-w-(--thread-content-max-width) flex-1 group\/turn-messages focus-visible:outline-hidden relative flex w-full min-w-0 flex-col agent-turn\" tabindex=\"-1\">\n<div class=\"flex max-w-full flex-col grow\">\n<div class=\"min-h-8 text-message relative flex w-full flex-col items-end gap-2 text-start break-words whitespace-normal [.text-message+&amp;]:mt-1\" dir=\"auto\" data-message-author-role=\"assistant\" data-message-id=\"bce5a50b-2e53-4ac5-9fe3-ffcff9d21bbf\" data-message-model-slug=\"gpt-5-1\">\n<div class=\"flex w-full flex-col gap-1 empty:hidden first:pt-[1px]\">\n<div class=\"markdown prose dark:prose-invert w-full break-words light markdown-new-styling\">\n<p data-start=\"68\" data-end=\"552\" data-is-last-node=\"\" data-is-only-node=\"\">Dopo l\u2019esordio a Cavalese nel 2024, l\u2019<strong>11 e 12 dicembre 2025<\/strong> torna il <strong>2\u00b0 Incontro nazionale delle Comunit\u00e0 Intraprendenti<\/strong>, promosso da<strong> Fiemme PER<\/strong> e <strong>EURICSE<\/strong> con il sostegno della <strong>Fondazione Caritro<\/strong>. Questa edizione sar\u00e0 dedicata al tema \u201c<strong>Le alleanze territoriali per la nascita e l\u2019accompagnamento delle Comunit\u00e0 Intraprendenti<\/strong>\u201d, con un focus sulle strategie collaborative tra comunit\u00e0, istituzioni e attori privati per rispondere insieme alle sfide socio-economiche dei territori.<\/p>\n<\/div>\n<\/div>\n<\/div>\n<\/div>\n<\/div>\n<\/div>\n<\/article>\n<p data-start=\"584\" data-end=\"901\">L\u2019appuntamento conferma il suo doppio orientamento: <strong data-start=\"636\" data-end=\"701\">raccontare le esperienze che stanno emergendo in tutta Italia<\/strong> e, allo stesso tempo, <strong data-start=\"724\" data-end=\"812\">offrire alle Comunit\u00e0 Intraprendenti un luogo di confronto e apprendimento reciproco<\/strong>, per sviluppare nuove idee e rafforzare le relazioni tra i protagonisti del cambiamento.<\/p>\n<p data-start=\"903\" data-end=\"1154\" data-is-last-node=\"\" data-is-only-node=\"\">Nel programma delle due giornate sono previsti workshop, dialoghi, tavoli di lavoro e un evento aperto al pubblico. Sono tre\u00a0 i temi centrali, ciascuno introdotto da un panel e arricchito da testimonianze e buone pratiche provenienti da diversi contesti territoriali.<\/p>\n<hr \/>\n<h4><strong>Governance territoriale: le alleanze con il settore pubblico per la valorizzazione e gestione condivisa di spazi e risorse comuni<\/strong><\/h4>\n<p><em>Gioved\u00ec 11 dicembre, 10:00-13:15<\/em><\/p>\n<p>&nbsp;<\/p>\n<p>Il confronto sar\u00e0 aperto da un dialogo coordinato da <strong>Gianluca Salvatori<\/strong>, Segretario Generale di EURICSE, con la partecipazione di:<\/p>\n<ul>\n<li><strong>Giulia Casonato<\/strong>, Assessora alle Politiche Sociali del Comune di Trento<\/li>\n<li><strong>Gaetano Giunta<\/strong>, Fondatore e Segretario Generale della Fondazione di Comunit\u00e0 di Messina<\/li>\n<li><strong>Stefania Paolazzi<\/strong>, esperta in innovazione della pubblica amministrazione<\/li>\n<\/ul>\n<p>L\u2019obiettivo \u00e8 esplorare i diversi modelli di governance territoriale che consentono alle comunit\u00e0 di diventare protagoniste nella cura del territorio e nella gestione condivisa di beni comuni e servizi.<\/p>\n<p>A seguire, due interventi di approfondimento e buone pratiche:<\/p>\n<ul>\n<li><strong>Pasquale Bonasora<\/strong> (Labsus \u2013 Laboratorio per la Sussidiariet\u00e0) \u2013 Modelli e strumenti di governance partecipativa per la gestione dei beni comuni<\/li>\n<li><strong>Matteo Bartolomeo<\/strong> (Avanzi \u2013 AImpact) \u2013 Sostenibilit\u00e0 economica e sociale nella gestione degli spazi comunitari<\/li>\n<\/ul>\n<p>&nbsp;<\/p>\n<hr \/>\n<h4><strong>Cura comunitaria: pratiche di prossimit\u00e0 e alleanze tra imprese profit e Comunit\u00e0 Intraprendenti per lo sviluppo di servizi innovativi<\/strong><\/h4>\n<p><em>Gioved\u00ec 11 dicembre, 14:30 &#8211; 15:30<\/em><\/p>\n<p>&nbsp;<\/p>\n<p>Il panel sar\u00e0 introdotto e coordinato da <strong>Mauro Gilmozzi<\/strong>, presidente della Fiemme PER Fondazione ETS, attraverso un dialogo tra:<\/p>\n<ul>\n<li><strong>Valeria De Tommaso<\/strong>, Percorsi di Secondo Welfare<\/li>\n<li><strong>Stefano Felicetti<\/strong>, Pastificio Felicetti S.p.A.<\/li>\n<\/ul>\n<p>Il confronto si concentrer\u00e0 sui modelli di collaborazione tra imprese e comunit\u00e0 locali capaci di coniugare sostenibilit\u00e0 economica e impatto sociale, sulle partnership innovative tra imprese profit e realt\u00e0 non profit, e sulle forme di collaborazione pubblico-private finalizzate allo sviluppo di innovazioni sociali.<\/p>\n<p>Approfondimenti e buone pratiche:<\/p>\n<ul>\n<li><strong>Andrea Marchesini Reggiani<\/strong> (Laboratorio Cartiera \u2013 Lai-momo Societ\u00e0 Cooperativa Sociale) \u2013 Modelli di business e sostenibilit\u00e0 economica<\/li>\n<li><strong>Fabio Arigoni<\/strong> (Cooperativa Sociale SIX) \u2013 Partnership strategiche tra profit e non profit<\/li>\n<\/ul>\n<p>&nbsp;<\/p>\n<hr \/>\n<h4><strong>Evento aperto al pubblico &#8211; Rigenerare luoghi e comunit\u00e0: le alleanze territoriali per lo sviluppo locale<\/strong><\/h4>\n<p><em>Gioved\u00ec 11 dicembre, ore 20.30<\/em><\/p>\n<p>&nbsp;<\/p>\n<p>Gioved\u00ec sera l\u2019Incontro nazionale delle Comunit\u00e0 Intraprendenti si apre alla comunit\u00e0 con un evento pubblico pensato per coinvolgere cittadini, amministratori, associazioni e imprese. Un momento dedicato a raccontare come nascono e si rafforzano comunit\u00e0 capaci di intraprendere, innovare e rigenerare i propri territori. Ospiti della serata saranno <strong>Don Antonio Loffredo<\/strong> ed <strong>Elena Granata<\/strong>, due voci che, da ambiti diversi ma complementari, mostrano come il cambiamento possa partire dalle persone e mettere in moto processi di sviluppo sociale, culturale e urbano.<\/p>\n<p>Don Antonio Loffredo, gi\u00e0 parroco della chiesa di Santa Maria alla Sanit\u00e0 a Napoli, \u00e8 tra i principali promotori della rinascita del Rione Sanit\u00e0. Ha avviato e sostenuto numerose realt\u00e0 del Terzo Settore, tra cui il pi\u00f9 recente MUDD \u2013 Museo Diocesano Diffuso, contribuendo alla valorizzazione del patrimonio culturale e alla creazione di opportunit\u00e0 per i giovani del quartiere. Tra i progetti pi\u00f9 noti c\u2019\u00e8 la cooperativa La Paranza, che ha trasformato le Catacombe di San Gennaro in un modello di rigenerazione comunitaria riconosciuto a livello nazionale. Oggi \u00e8 vicepresidente della Fondazione Partecipata Napoli C&#8217;entro.<\/p>\n<p>Elena Granata, urbanista e docente al Politecnico di Milano, vicepresidente della Scuola di Economia Civile, \u00e8 una delle principali esperte italiane di sviluppo urbano sostenibile, innovazione sociale e trasformazioni delle citt\u00e0. Nei suoi studi esplora il potere generativo dei luoghi e il ruolo delle comunit\u00e0 nel costruire futuro. \u00c8 autrice di numerose pubblicazioni, tra cui Biodivercity (Giunti), Placemaker (Einaudi) e La citt\u00e0 \u00e8 di tutti (Einaudi). Il suo ultimo libro, Anima Mediterranea. La leadership come arte guida (Luca Sossella Editore, settembre 2025), \u00e8 scritto insieme ad Andrea Gramelli.<\/p>\n<p>&nbsp;<\/p>\n<hr \/>\n<h4><strong>Sostenibilit\u00e0 economica: modelli di filantropia e finanza territoriale per la nascita e lo sviluppo delle Comunit\u00e0 Intraprendenti<\/strong><\/h4>\n<p><em>Venerd\u00ec 12 dicembre &#8211; 10:00 &#8211; 13:15<\/em><\/p>\n<p>&nbsp;<\/p>\n<p>Il panel sar\u00e0 introdotto da un dialogo coordinato da <strong>Fondazione Caritro<\/strong> con:<\/p>\n<ul>\n<li><strong>Anita Penati<\/strong>, Direttrice Generale di Fondazione Caritro<\/li>\n<li><strong>Giorgio Righetti<\/strong>, Direttore Generale di ACRI<\/li>\n<li><strong>Carola Carazzone<\/strong>, Segretaria Generale di Assifero<\/li>\n<\/ul>\n<p>Il confronto metter\u00e0 in luce il ruolo delle Fondazioni \u2013 bancarie, di comunit\u00e0, di famiglia e d\u2019impresa \u2013 nella promozione della <strong>filantropia territoriale<\/strong> e del <strong>fundraising comunitario<\/strong>.<\/p>\n<p>Approfondimenti e buone pratiche:<\/p>\n<ul>\n<li><strong>Paolo Dell\u2019Oro<\/strong> (Fondazione Comunitaria del Lecchese) \u2013 Filantropia territoriale e fundraising comunitario<\/li>\n<li><strong>Renato Quaglia<\/strong> (Fondazione FOQUS \u2013 Fondazione Quartieri Spagnoli di Napoli) \u2013 Attivismo civico e mobilitazione delle risorse locali<\/li>\n<\/ul>\n<p>&nbsp;<\/p>\n<p>La facilitazione delle sessioni di dialogo e la \u00a0restituzione collettiva sono a cura di Euricse e <a href=\"http:\/\/www.ufficiosvolta.it\/\" target=\"_blank\" rel=\"noopener\"><strong>Svolta<\/strong><\/a>, lo spazio di progettazione sociale nato dalla sinergia con <a href=\"https:\/\/www.fondazionecaritro.it\/\" target=\"_blank\" rel=\"noopener\"><strong>Fondazione Caritro<\/strong><\/a>\u00a0e\u00a0<a href=\"https:\/\/www.fovoltn.it\/\" target=\"_blank\" rel=\"noopener\"><strong>Fondazione Trentina per il Volontariato Sociale.<\/strong><\/a><\/p>\n<p>&nbsp;<\/p>\n<h4>Se anche tu vuoi partecipare <a href=\"https:\/\/docs.google.com\/forms\/d\/e\/1FAIpQLSd2fWNgAQKZOhBpC9Z-2vvCQfYWIoDY0ZtTN5jgcMXd30aSvg\/viewform\" target=\"_blank\" rel=\"noopener\">ISCRIVITI QUI<\/a><\/h4>\n<p>&nbsp;<\/p>\n<h4>Informazioni logistiche sul<a href=\"https:\/\/fiemmeper.it\/comunita-intraprendenti\" target=\"_blank\" rel=\"noopener\"> sito dell&#8217;evento<\/a><\/h4>\n<p>&nbsp;<\/p>\n","protected":false},"excerpt":{"rendered":"<p>L\u2019edizione 2025 sar\u00e0 dedicata alle alleanze territoriali, con due giorni di incontri e workshop su pratiche e strategie per lo sviluppo comunitario. La serata aperta al pubblico ospiter\u00e0 Don Antonio Loffredo ed Elena Granata, che offriranno due prospettive complementari sulla rigenerazione dei luoghi e sulla costruzione del futuro a partire dalle persone.<\/p>\n","protected":false},"author":35,"featured_media":28472,"comment_status":"closed","ping_status":"closed","sticky":false,"template":"","format":"standard","meta":{"_acf_changed":false,"episode_type":"","audio_file":"","cover_image":"","cover_image_id":"","duration":"","filesize":"","date_recorded":"","explicit":"","block":"","itunes_episode_number":"","itunes_title":"","itunes_season_number":"","itunes_episode_type":"","filesize_raw":"","footnotes":""},"categories":[17],"tags":[651,885,952,1111,2109,2205,2212,2213,2214,2215,2216,2217],"class_list":["post-28416","post","type-post","status-publish","format-standard","has-post-thumbnail","hentry","category-news-it","tag-euricse","tag-comunita-intraprendenti","tag-fondazione-caritro","tag-gianluca-salvatori-it","tag-incontro-nazionale-delle-comunita-intraprendenti","tag-sostenibilita-economica","tag-fiemme-per","tag-alleanze-territoriali","tag-pratiche-di-prossimita","tag-governance-partecipativa","tag-sostenibilita-sociale","tag-incontro"],"acf":[],"yoast_head":"<!-- This site is optimized with the Yoast SEO plugin v26.1.1 - https:\/\/yoast.com\/wordpress\/plugins\/seo\/ -->\n<title>2\u00b0 Incontro Nazionale delle Comunit\u00e0 Intraprendenti: 11 e 12 dicembre a Cavalese - Euricse<\/title>\n<meta name=\"description\" content=\"Ecco il programma del 2\u00b0 Incontro nazionale delle Comunit\u00e0 Intraprendenti, che si terr\u00e0 l&#039;11 e il 12 dicembre a Cavalese, in Val di Fiemme. L&#039;evento \u00e8 promosso da Fiemme PER insieme a EURICSE, in collaborazione con Fondazione Caritro.\" \/>\n<meta name=\"robots\" content=\"index, follow, max-snippet:-1, max-image-preview:large, max-video-preview:-1\" \/>\n<link rel=\"canonical\" href=\"https:\/\/euricse.eu\/it\/comunita-intraprendenti-a-dicembre-in-val-di-fiemme-il-secondo-incontro-nazionale\/\" \/>\n<meta property=\"og:locale\" content=\"it_IT\" \/>\n<meta property=\"og:type\" content=\"article\" \/>\n<meta property=\"og:title\" content=\"2\u00b0 Incontro Nazionale delle Comunit\u00e0 Intraprendenti: 11 e 12 dicembre a Cavalese - Euricse\" \/>\n<meta property=\"og:description\" content=\"Ecco il programma del 2\u00b0 Incontro nazionale delle Comunit\u00e0 Intraprendenti, che si terr\u00e0 l&#039;11 e il 12 dicembre a Cavalese, in Val di Fiemme. L&#039;evento \u00e8 promosso da Fiemme PER insieme a EURICSE, in collaborazione con Fondazione Caritro.\" \/>\n<meta property=\"og:url\" content=\"https:\/\/euricse.eu\/it\/comunita-intraprendenti-a-dicembre-in-val-di-fiemme-il-secondo-incontro-nazionale\/\" \/>\n<meta property=\"og:site_name\" content=\"Euricse\" \/>\n<meta property=\"article:published_time\" content=\"2025-12-01T14:00:52+00:00\" \/>\n<meta property=\"article:modified_time\" content=\"2025-12-02T10:03:54+00:00\" \/>\n<meta property=\"og:image\" content=\"https:\/\/euricse.eu\/wp-content\/uploads\/2025\/11\/Logo-2\u00b0-incontro-comunita-intraprendenti.png\" \/>\n\t<meta property=\"og:image:width\" content=\"1008\" \/>\n\t<meta property=\"og:image:height\" content=\"443\" \/>\n\t<meta property=\"og:image:type\" content=\"image\/png\" \/>\n<meta name=\"author\" content=\"comunicazione\" \/>\n<meta name=\"twitter:card\" content=\"summary_large_image\" \/>\n<meta name=\"twitter:label1\" content=\"Scritto da\" \/>\n\t<meta name=\"twitter:data1\" content=\"comunicazione\" \/>\n\t<meta name=\"twitter:label2\" content=\"Tempo di lettura stimato\" \/>\n\t<meta name=\"twitter:data2\" content=\"5 minuti\" \/>\n<script type=\"application\/ld+json\" class=\"yoast-schema-graph\">{\"@context\":\"https:\/\/schema.org\",\"@graph\":[{\"@type\":\"WebPage\",\"@id\":\"https:\/\/euricse.eu\/it\/comunita-intraprendenti-a-dicembre-in-val-di-fiemme-il-secondo-incontro-nazionale\/\",\"url\":\"https:\/\/euricse.eu\/it\/comunita-intraprendenti-a-dicembre-in-val-di-fiemme-il-secondo-incontro-nazionale\/\",\"name\":\"2\u00b0 Incontro Nazionale delle Comunit\u00e0 Intraprendenti: 11 e 12 dicembre a Cavalese - Euricse\",\"isPartOf\":{\"@id\":\"https:\/\/euricse.eu\/en\/#website\"},\"primaryImageOfPage\":{\"@id\":\"https:\/\/euricse.eu\/it\/comunita-intraprendenti-a-dicembre-in-val-di-fiemme-il-secondo-incontro-nazionale\/#primaryimage\"},\"image\":{\"@id\":\"https:\/\/euricse.eu\/it\/comunita-intraprendenti-a-dicembre-in-val-di-fiemme-il-secondo-incontro-nazionale\/#primaryimage\"},\"thumbnailUrl\":\"https:\/\/euricse.eu\/wp-content\/uploads\/2025\/11\/Logo-2\u00b0-incontro-comunita-intraprendenti.png\",\"datePublished\":\"2025-12-01T14:00:52+00:00\",\"dateModified\":\"2025-12-02T10:03:54+00:00\",\"author\":{\"@id\":\"https:\/\/euricse.eu\/en\/#\/schema\/person\/a6fb65fc189d71297f81c1e7bad30b9b\"},\"description\":\"Ecco il programma del 2\u00b0 Incontro nazionale delle Comunit\u00e0 Intraprendenti, che si terr\u00e0 l'11 e il 12 dicembre a Cavalese, in Val di Fiemme. L'evento \u00e8 promosso da Fiemme PER insieme a EURICSE, in collaborazione con Fondazione Caritro.\",\"breadcrumb\":{\"@id\":\"https:\/\/euricse.eu\/it\/comunita-intraprendenti-a-dicembre-in-val-di-fiemme-il-secondo-incontro-nazionale\/#breadcrumb\"},\"inLanguage\":\"it-IT\",\"potentialAction\":[{\"@type\":\"ReadAction\",\"target\":[\"https:\/\/euricse.eu\/it\/comunita-intraprendenti-a-dicembre-in-val-di-fiemme-il-secondo-incontro-nazionale\/\"]}]},{\"@type\":\"ImageObject\",\"inLanguage\":\"it-IT\",\"@id\":\"https:\/\/euricse.eu\/it\/comunita-intraprendenti-a-dicembre-in-val-di-fiemme-il-secondo-incontro-nazionale\/#primaryimage\",\"url\":\"https:\/\/euricse.eu\/wp-content\/uploads\/2025\/11\/Logo-2\u00b0-incontro-comunita-intraprendenti.png\",\"contentUrl\":\"https:\/\/euricse.eu\/wp-content\/uploads\/2025\/11\/Logo-2\u00b0-incontro-comunita-intraprendenti.png\",\"width\":1008,\"height\":443},{\"@type\":\"BreadcrumbList\",\"@id\":\"https:\/\/euricse.eu\/it\/comunita-intraprendenti-a-dicembre-in-val-di-fiemme-il-secondo-incontro-nazionale\/#breadcrumb\",\"itemListElement\":[{\"@type\":\"ListItem\",\"position\":1,\"name\":\"Home\",\"item\":\"https:\/\/euricse.eu\/it\/\"},{\"@type\":\"ListItem\",\"position\":2,\"name\":\"2\u00b0 Incontro Nazionale delle Comunit\u00e0 Intraprendenti: 11 e 12 dicembre a Cavalese\"}]},{\"@type\":\"WebSite\",\"@id\":\"https:\/\/euricse.eu\/en\/#website\",\"url\":\"https:\/\/euricse.eu\/en\/\",\"name\":\"Euricse\",\"description\":\"Knowledge and innovation for cooperative and social enterprises.\",\"potentialAction\":[{\"@type\":\"SearchAction\",\"target\":{\"@type\":\"EntryPoint\",\"urlTemplate\":\"https:\/\/euricse.eu\/en\/?s={search_term_string}\"},\"query-input\":{\"@type\":\"PropertyValueSpecification\",\"valueRequired\":true,\"valueName\":\"search_term_string\"}}],\"inLanguage\":\"it-IT\"},{\"@type\":\"Person\",\"@id\":\"https:\/\/euricse.eu\/en\/#\/schema\/person\/a6fb65fc189d71297f81c1e7bad30b9b\",\"name\":\"comunicazione\",\"image\":{\"@type\":\"ImageObject\",\"inLanguage\":\"it-IT\",\"@id\":\"https:\/\/euricse.eu\/en\/#\/schema\/person\/image\/\",\"url\":\"https:\/\/secure.gravatar.com\/avatar\/7ac8e85cb1bd3ac912e2d8be2823f83faf319f680b909bfda1cb0b8239c97a6e?s=96&d=mm&r=g\",\"contentUrl\":\"https:\/\/secure.gravatar.com\/avatar\/7ac8e85cb1bd3ac912e2d8be2823f83faf319f680b909bfda1cb0b8239c97a6e?s=96&d=mm&r=g\",\"caption\":\"comunicazione\"},\"url\":\"https:\/\/euricse.eu\/it\/author\/comunicazione\/\"}]}<\/script>\n<!-- \/ Yoast SEO plugin. -->","yoast_head_json":{"title":"2\u00b0 Incontro Nazionale delle Comunit\u00e0 Intraprendenti: 11 e 12 dicembre a Cavalese - Euricse","description":"Ecco il programma del 2\u00b0 Incontro nazionale delle Comunit\u00e0 Intraprendenti, che si terr\u00e0 l'11 e il 12 dicembre a Cavalese, in Val di Fiemme. L'evento \u00e8 promosso da Fiemme PER insieme a EURICSE, in collaborazione con Fondazione Caritro.","robots":{"index":"index","follow":"follow","max-snippet":"max-snippet:-1","max-image-preview":"max-image-preview:large","max-video-preview":"max-video-preview:-1"},"canonical":"https:\/\/euricse.eu\/it\/comunita-intraprendenti-a-dicembre-in-val-di-fiemme-il-secondo-incontro-nazionale\/","og_locale":"it_IT","og_type":"article","og_title":"2\u00b0 Incontro Nazionale delle Comunit\u00e0 Intraprendenti: 11 e 12 dicembre a Cavalese - Euricse","og_description":"Ecco il programma del 2\u00b0 Incontro nazionale delle Comunit\u00e0 Intraprendenti, che si terr\u00e0 l'11 e il 12 dicembre a Cavalese, in Val di Fiemme. L'evento \u00e8 promosso da Fiemme PER insieme a EURICSE, in collaborazione con Fondazione Caritro.","og_url":"https:\/\/euricse.eu\/it\/comunita-intraprendenti-a-dicembre-in-val-di-fiemme-il-secondo-incontro-nazionale\/","og_site_name":"Euricse","article_published_time":"2025-12-01T14:00:52+00:00","article_modified_time":"2025-12-02T10:03:54+00:00","og_image":[{"width":1008,"height":443,"url":"https:\/\/euricse.eu\/wp-content\/uploads\/2025\/11\/Logo-2\u00b0-incontro-comunita-intraprendenti.png","type":"image\/png"}],"author":"comunicazione","twitter_card":"summary_large_image","twitter_misc":{"Scritto da":"comunicazione","Tempo di lettura stimato":"5 minuti"},"schema":{"@context":"https:\/\/schema.org","@graph":[{"@type":"WebPage","@id":"https:\/\/euricse.eu\/it\/comunita-intraprendenti-a-dicembre-in-val-di-fiemme-il-secondo-incontro-nazionale\/","url":"https:\/\/euricse.eu\/it\/comunita-intraprendenti-a-dicembre-in-val-di-fiemme-il-secondo-incontro-nazionale\/","name":"2\u00b0 Incontro Nazionale delle Comunit\u00e0 Intraprendenti: 11 e 12 dicembre a Cavalese - Euricse","isPartOf":{"@id":"https:\/\/euricse.eu\/en\/#website"},"primaryImageOfPage":{"@id":"https:\/\/euricse.eu\/it\/comunita-intraprendenti-a-dicembre-in-val-di-fiemme-il-secondo-incontro-nazionale\/#primaryimage"},"image":{"@id":"https:\/\/euricse.eu\/it\/comunita-intraprendenti-a-dicembre-in-val-di-fiemme-il-secondo-incontro-nazionale\/#primaryimage"},"thumbnailUrl":"https:\/\/euricse.eu\/wp-content\/uploads\/2025\/11\/Logo-2\u00b0-incontro-comunita-intraprendenti.png","datePublished":"2025-12-01T14:00:52+00:00","dateModified":"2025-12-02T10:03:54+00:00","author":{"@id":"https:\/\/euricse.eu\/en\/#\/schema\/person\/a6fb65fc189d71297f81c1e7bad30b9b"},"description":"Ecco il programma del 2\u00b0 Incontro nazionale delle Comunit\u00e0 Intraprendenti, che si terr\u00e0 l'11 e il 12 dicembre a Cavalese, in Val di Fiemme. L'evento \u00e8 promosso da Fiemme PER insieme a EURICSE, in collaborazione con Fondazione Caritro.","breadcrumb":{"@id":"https:\/\/euricse.eu\/it\/comunita-intraprendenti-a-dicembre-in-val-di-fiemme-il-secondo-incontro-nazionale\/#breadcrumb"},"inLanguage":"it-IT","potentialAction":[{"@type":"ReadAction","target":["https:\/\/euricse.eu\/it\/comunita-intraprendenti-a-dicembre-in-val-di-fiemme-il-secondo-incontro-nazionale\/"]}]},{"@type":"ImageObject","inLanguage":"it-IT","@id":"https:\/\/euricse.eu\/it\/comunita-intraprendenti-a-dicembre-in-val-di-fiemme-il-secondo-incontro-nazionale\/#primaryimage","url":"https:\/\/euricse.eu\/wp-content\/uploads\/2025\/11\/Logo-2\u00b0-incontro-comunita-intraprendenti.png","contentUrl":"https:\/\/euricse.eu\/wp-content\/uploads\/2025\/11\/Logo-2\u00b0-incontro-comunita-intraprendenti.png","width":1008,"height":443},{"@type":"BreadcrumbList","@id":"https:\/\/euricse.eu\/it\/comunita-intraprendenti-a-dicembre-in-val-di-fiemme-il-secondo-incontro-nazionale\/#breadcrumb","itemListElement":[{"@type":"ListItem","position":1,"name":"Home","item":"https:\/\/euricse.eu\/it\/"},{"@type":"ListItem","position":2,"name":"2\u00b0 Incontro Nazionale delle Comunit\u00e0 Intraprendenti: 11 e 12 dicembre a Cavalese"}]},{"@type":"WebSite","@id":"https:\/\/euricse.eu\/en\/#website","url":"https:\/\/euricse.eu\/en\/","name":"Euricse","description":"Knowledge and innovation for cooperative and social enterprises.","potentialAction":[{"@type":"SearchAction","target":{"@type":"EntryPoint","urlTemplate":"https:\/\/euricse.eu\/en\/?s={search_term_string}"},"query-input":{"@type":"PropertyValueSpecification","valueRequired":true,"valueName":"search_term_string"}}],"inLanguage":"it-IT"},{"@type":"Person","@id":"https:\/\/euricse.eu\/en\/#\/schema\/person\/a6fb65fc189d71297f81c1e7bad30b9b","name":"comunicazione","image":{"@type":"ImageObject","inLanguage":"it-IT","@id":"https:\/\/euricse.eu\/en\/#\/schema\/person\/image\/","url":"https:\/\/secure.gravatar.com\/avatar\/7ac8e85cb1bd3ac912e2d8be2823f83faf319f680b909bfda1cb0b8239c97a6e?s=96&d=mm&r=g","contentUrl":"https:\/\/secure.gravatar.com\/avatar\/7ac8e85cb1bd3ac912e2d8be2823f83faf319f680b909bfda1cb0b8239c97a6e?s=96&d=mm&r=g","caption":"comunicazione"},"url":"https:\/\/euricse.eu\/it\/author\/comunicazione\/"}]}},"_links":{"self":[{"href":"https:\/\/euricse.eu\/it\/wp-json\/wp\/v2\/posts\/28416","targetHints":{"allow":["GET"]}}],"collection":[{"href":"https:\/\/euricse.eu\/it\/wp-json\/wp\/v2\/posts"}],"about":[{"href":"https:\/\/euricse.eu\/it\/wp-json\/wp\/v2\/types\/post"}],"author":[{"embeddable":true,"href":"https:\/\/euricse.eu\/it\/wp-json\/wp\/v2\/users\/35"}],"replies":[{"embeddable":true,"href":"https:\/\/euricse.eu\/it\/wp-json\/wp\/v2\/comments?post=28416"}],"version-history":[{"count":18,"href":"https:\/\/euricse.eu\/it\/wp-json\/wp\/v2\/posts\/28416\/revisions"}],"predecessor-version":[{"id":28536,"href":"https:\/\/euricse.eu\/it\/wp-json\/wp\/v2\/posts\/28416\/revisions\/28536"}],"wp:featuredmedia":[{"embeddable":true,"href":"https:\/\/euricse.eu\/it\/wp-json\/wp\/v2\/media\/28472"}],"wp:attachment":[{"href":"https:\/\/euricse.eu\/it\/wp-json\/wp\/v2\/media?parent=28416"}],"wp:term":[{"taxonomy":"category","embeddable":true,"href":"https:\/\/euricse.eu\/it\/wp-json\/wp\/v2\/categories?post=28416"},{"taxonomy":"post_tag","embeddable":true,"href":"https:\/\/euricse.eu\/it\/wp-json\/wp\/v2\/tags?post=28416"}],"curies":[{"name":"wp","href":"https:\/\/api.w.org\/{rel}","templated":true}]}}