{"id":28505,"date":"2025-12-01T14:30:40","date_gmt":"2025-12-01T14:30:40","guid":{"rendered":"https:\/\/euricse.eu\/?p=28505"},"modified":"2025-12-05T09:58:46","modified_gmt":"2025-12-05T09:58:46","slug":"rigenerare-luoghi-e-comunita-le-alleanze-territoriali-per-lo-sviluppo-locale","status":"publish","type":"post","link":"https:\/\/euricse.eu\/it\/rigenerare-luoghi-e-comunita-le-alleanze-territoriali-per-lo-sviluppo-locale\/","title":{"rendered":"Rigenerare luoghi e comunit\u00e0: le alleanze territoriali per lo sviluppo locale"},"content":{"rendered":"<p><strong>Gioved\u00ec 11 dicembre, al Palafiemme di Cavalese (ore 20.30)<\/strong>, l\u2019Incontro nazionale delle Comunit\u00e0 Intraprendenti si apre alla cittadinanza con un evento pubblico rivolto a cittadini, amministratori, associazioni e imprese. Una serata per raccontare come nascono e crescono comunit\u00e0 capaci di intraprendere, innovare e rigenerare i propri territori.<\/p>\n<article class=\"text-token-text-primary w-full focus:outline-none [--shadow-height:45px] has-data-writing-block:pointer-events-none has-data-writing-block:-mt-(--shadow-height) has-data-writing-block:pt-(--shadow-height) [&amp;:has([data-writing-block])&gt;*]:pointer-events-auto [content-visibility:auto] supports-[content-visibility:auto]:[contain-intrinsic-size:auto_100lvh] scroll-mt-[calc(var(--header-height)+min(200px,max(70px,20svh)))]\" dir=\"auto\" tabindex=\"-1\" data-turn-id=\"e5bad9b3-a81f-4de9-87a7-b66cb214974a\" data-testid=\"conversation-turn-2\" data-scroll-anchor=\"true\" data-turn=\"assistant\">\n<div class=\"text-base my-auto mx-auto pb-10 [--thread-content-margin:--spacing(4)] thread-sm:[--thread-content-margin:--spacing(6)] thread-lg:[--thread-content-margin:--spacing(16)] px-(--thread-content-margin)\">\n<div class=\"[--thread-content-max-width:40rem] thread-lg:[--thread-content-max-width:48rem] mx-auto max-w-(--thread-content-max-width) flex-1 group\/turn-messages focus-visible:outline-hidden relative flex w-full min-w-0 flex-col agent-turn\" tabindex=\"-1\">\n<div class=\"flex max-w-full flex-col grow\">\n<div class=\"min-h-8 text-message relative flex w-full flex-col items-end gap-2 text-start break-words whitespace-normal [.text-message+&amp;]:mt-1\" dir=\"auto\" data-message-author-role=\"assistant\" data-message-id=\"c265b4fd-e024-4f24-a73d-91661f1d03bc\" data-message-model-slug=\"gpt-5-1\">\n<div class=\"flex w-full flex-col gap-1 empty:hidden first:pt-[1px]\">\n<div class=\"markdown prose dark:prose-invert w-full break-words light markdown-new-styling\">\n<p data-start=\"436\" data-end=\"694\">Ospiti dell\u2019appuntamento saranno <strong data-start=\"469\" data-end=\"493\">Don Antonio Loffredo<\/strong> ed <strong data-start=\"497\" data-end=\"514\">Elena Granata<\/strong>, due voci che, da prospettive diverse ma complementari, mostrano come il cambiamento possa partire dalle persone e attivare nuovi processi di sviluppo sociale, culturale e urbano.<\/p>\n<p data-start=\"696\" data-end=\"1282\"><strong data-start=\"696\" data-end=\"720\">Don Antonio Loffredo<\/strong>, gi\u00e0 parroco della chiesa di Santa Maria alla Sanit\u00e0 a Napoli, \u00e8 tra i protagonisti della rinascita del Rione Sanit\u00e0. Ha contribuito alla nascita di numerose realt\u00e0 del Terzo Settore, tra cui il recente <a href=\"https:\/\/muddnapoli.it\/\">MUDD \u2013 Museo Diocesano Diffuso, <\/a>valorizzando il patrimonio culturale e creando opportunit\u00e0 per i giovani. Tra i progetti pi\u00f9 noti, la<a href=\"https:\/\/catacombedinapoli.it\/it\/about\/\"> cooperativa La Paranza<\/a>, che ha trasformato le Catacombe di San Gennaro in un modello di rigenerazione comunitaria riconosciuto a livello nazionale. Oggi \u00e8 vicepresidente della <strong data-start=\"1240\" data-end=\"1281\">Fondazione Partecipata Napoli C\u2019entro<\/strong>.<\/p>\n<p data-start=\"1284\" data-end=\"1886\"><strong data-start=\"1284\" data-end=\"1301\">Elena Granata<\/strong>, urbanista e docente al Politecnico di Milano, <a href=\"https:\/\/www.scuoladieconomiacivile.it\/elena-granata\/\">vicepresidente della Scuola di Economia Civile<\/a>, \u00e8 tra le principali esperte italiane di sviluppo urbano sostenibile, innovazione sociale e trasformazioni delle citt\u00e0. Le sue ricerche indagano il potere generativo dei luoghi e il ruolo delle comunit\u00e0 nel costruire futuro. \u00c8 autrice di numerosi volumi, tra cui <em data-start=\"1659\" data-end=\"1673\">Biodivercity<\/em> (Giunti), <em data-start=\"1684\" data-end=\"1696\">Placemaker<\/em> (Einaudi) e <em data-start=\"1709\" data-end=\"1730\">La citt\u00e0 \u00e8 di tutti<\/em> (Einaudi). Il suo ultimo libro, <em data-start=\"1763\" data-end=\"1814\">Anima Mediterranea. La leadership come arte guida<\/em> (con Andrea Gramelli, Luca Sossella Editore, 2025), uscito a settembre.<\/p>\n<p data-start=\"1888\" data-end=\"1968\" data-is-last-node=\"\" data-is-only-node=\"\"><strong data-start=\"1888\" data-end=\"1968\" data-is-last-node=\"\">La partecipazione \u00e8 gratuita fino a esaurimento posti: <a href=\"https:\/\/www.eventbrite.it\/e\/biglietti-rigenerare-luoghi-e-comunita-1973061494042?aff=oddtdtcreator\">prenota il tuo posto<\/a>.<\/strong><\/p>\n<\/div>\n<\/div>\n<\/div>\n<\/div>\n<div class=\"z-0 flex min-h-[46px] justify-start\"><\/div>\n<div class=\"mt-3 w-full empty:hidden\">\n<div class=\"text-center\"><\/div>\n<\/div>\n<\/div>\n<\/div>\n<\/article>\n<div class=\"pointer-events-none h-px w-px\" aria-hidden=\"true\" data-edge=\"true\"><\/div>\n","protected":false},"excerpt":{"rendered":"<p>Gioved\u00ec 11 dicembre, al Palafiemme di Cavalese (ore 20.30), l\u2019Incontro nazionale delle Comunit\u00e0 Intraprendenti si apre alla cittadinanza con un evento pubblico che vedr\u00e0 come ospiti Don Antonio Loffredo ed Elena Granata: due prospettive diverse ma complementari, per raccontare come rigenerare luoghi e comunit\u00e0 a partire dalle persone.<\/p>\n","protected":false},"author":32,"featured_media":28506,"comment_status":"closed","ping_status":"closed","sticky":false,"template":"","format":"standard","meta":{"_acf_changed":false,"episode_type":"","audio_file":"","cover_image":"","cover_image_id":"","duration":"","filesize":"","date_recorded":"","explicit":"","block":"","itunes_episode_number":"","itunes_title":"","itunes_season_number":"","itunes_episode_type":"","filesize_raw":"","footnotes":""},"categories":[14],"tags":[1160,2109],"class_list":["post-28505","post","type-post","status-publish","format-standard","has-post-thumbnail","hentry","category-blog-it","tag-comunita-intrapredenti","tag-incontro-nazionale-delle-comunita-intraprendenti"],"acf":[],"yoast_head":"<!-- This site is optimized with the Yoast SEO plugin v26.1.1 - https:\/\/yoast.com\/wordpress\/plugins\/seo\/ -->\n<title>Rigenerare luoghi e comunit\u00e0: le alleanze territoriali per lo sviluppo locale - Euricse<\/title>\n<meta name=\"description\" content=\"Gioved\u00ec 11 dicembre dialogo con Don Antonio Loffredo ed Elena per raccontare come rigenerare luoghi e comunit\u00e0...\" \/>\n<meta name=\"robots\" content=\"index, follow, max-snippet:-1, max-image-preview:large, max-video-preview:-1\" \/>\n<link rel=\"canonical\" href=\"https:\/\/euricse.eu\/it\/rigenerare-luoghi-e-comunita-le-alleanze-territoriali-per-lo-sviluppo-locale\/\" \/>\n<meta property=\"og:locale\" content=\"it_IT\" \/>\n<meta property=\"og:type\" content=\"article\" \/>\n<meta property=\"og:title\" content=\"Rigenerare luoghi e comunit\u00e0: le alleanze territoriali per lo sviluppo locale - Euricse\" \/>\n<meta property=\"og:description\" content=\"Gioved\u00ec 11 dicembre dialogo con Don Antonio Loffredo ed Elena per raccontare come rigenerare luoghi e comunit\u00e0...\" \/>\n<meta property=\"og:url\" content=\"https:\/\/euricse.eu\/it\/rigenerare-luoghi-e-comunita-le-alleanze-territoriali-per-lo-sviluppo-locale\/\" \/>\n<meta property=\"og:site_name\" content=\"Euricse\" \/>\n<meta property=\"article:published_time\" content=\"2025-12-01T14:30:40+00:00\" \/>\n<meta property=\"article:modified_time\" content=\"2025-12-05T09:58:46+00:00\" \/>\n<meta property=\"og:image\" content=\"https:\/\/euricse.eu\/wp-content\/uploads\/2025\/11\/Evento_DonLoffredo.ElenaGranata_giovedi11dicembre.png\" \/>\n\t<meta property=\"og:image:width\" content=\"1414\" \/>\n\t<meta property=\"og:image:height\" content=\"2000\" \/>\n\t<meta property=\"og:image:type\" content=\"image\/png\" \/>\n<meta name=\"author\" content=\"Silvia\" \/>\n<meta name=\"twitter:card\" content=\"summary_large_image\" \/>\n<meta name=\"twitter:label1\" content=\"Scritto da\" \/>\n\t<meta name=\"twitter:data1\" content=\"Silvia\" \/>\n\t<meta name=\"twitter:label2\" content=\"Tempo di lettura stimato\" \/>\n\t<meta name=\"twitter:data2\" content=\"2 minuti\" \/>\n<script type=\"application\/ld+json\" class=\"yoast-schema-graph\">{\"@context\":\"https:\/\/schema.org\",\"@graph\":[{\"@type\":\"WebPage\",\"@id\":\"https:\/\/euricse.eu\/it\/rigenerare-luoghi-e-comunita-le-alleanze-territoriali-per-lo-sviluppo-locale\/\",\"url\":\"https:\/\/euricse.eu\/it\/rigenerare-luoghi-e-comunita-le-alleanze-territoriali-per-lo-sviluppo-locale\/\",\"name\":\"Rigenerare luoghi e comunit\u00e0: le alleanze territoriali per lo sviluppo locale - Euricse\",\"isPartOf\":{\"@id\":\"https:\/\/euricse.eu\/en\/#website\"},\"primaryImageOfPage\":{\"@id\":\"https:\/\/euricse.eu\/it\/rigenerare-luoghi-e-comunita-le-alleanze-territoriali-per-lo-sviluppo-locale\/#primaryimage\"},\"image\":{\"@id\":\"https:\/\/euricse.eu\/it\/rigenerare-luoghi-e-comunita-le-alleanze-territoriali-per-lo-sviluppo-locale\/#primaryimage\"},\"thumbnailUrl\":\"https:\/\/euricse.eu\/wp-content\/uploads\/2025\/11\/Evento_DonLoffredo.ElenaGranata_giovedi11dicembre.png\",\"datePublished\":\"2025-12-01T14:30:40+00:00\",\"dateModified\":\"2025-12-05T09:58:46+00:00\",\"author\":{\"@id\":\"https:\/\/euricse.eu\/en\/#\/schema\/person\/a5b25693531e3458dfedff34c273ba14\"},\"description\":\"Gioved\u00ec 11 dicembre dialogo con Don Antonio Loffredo ed Elena per raccontare come rigenerare luoghi e comunit\u00e0...\",\"breadcrumb\":{\"@id\":\"https:\/\/euricse.eu\/it\/rigenerare-luoghi-e-comunita-le-alleanze-territoriali-per-lo-sviluppo-locale\/#breadcrumb\"},\"inLanguage\":\"it-IT\",\"potentialAction\":[{\"@type\":\"ReadAction\",\"target\":[\"https:\/\/euricse.eu\/it\/rigenerare-luoghi-e-comunita-le-alleanze-territoriali-per-lo-sviluppo-locale\/\"]}]},{\"@type\":\"ImageObject\",\"inLanguage\":\"it-IT\",\"@id\":\"https:\/\/euricse.eu\/it\/rigenerare-luoghi-e-comunita-le-alleanze-territoriali-per-lo-sviluppo-locale\/#primaryimage\",\"url\":\"https:\/\/euricse.eu\/wp-content\/uploads\/2025\/11\/Evento_DonLoffredo.ElenaGranata_giovedi11dicembre.png\",\"contentUrl\":\"https:\/\/euricse.eu\/wp-content\/uploads\/2025\/11\/Evento_DonLoffredo.ElenaGranata_giovedi11dicembre.png\",\"width\":1414,\"height\":2000},{\"@type\":\"BreadcrumbList\",\"@id\":\"https:\/\/euricse.eu\/it\/rigenerare-luoghi-e-comunita-le-alleanze-territoriali-per-lo-sviluppo-locale\/#breadcrumb\",\"itemListElement\":[{\"@type\":\"ListItem\",\"position\":1,\"name\":\"Home\",\"item\":\"https:\/\/euricse.eu\/it\/\"},{\"@type\":\"ListItem\",\"position\":2,\"name\":\"Rigenerare luoghi e comunit\u00e0: le alleanze territoriali per lo sviluppo locale\"}]},{\"@type\":\"WebSite\",\"@id\":\"https:\/\/euricse.eu\/en\/#website\",\"url\":\"https:\/\/euricse.eu\/en\/\",\"name\":\"Euricse\",\"description\":\"Knowledge and innovation for cooperative and social enterprises.\",\"potentialAction\":[{\"@type\":\"SearchAction\",\"target\":{\"@type\":\"EntryPoint\",\"urlTemplate\":\"https:\/\/euricse.eu\/en\/?s={search_term_string}\"},\"query-input\":{\"@type\":\"PropertyValueSpecification\",\"valueRequired\":true,\"valueName\":\"search_term_string\"}}],\"inLanguage\":\"it-IT\"},{\"@type\":\"Person\",\"@id\":\"https:\/\/euricse.eu\/en\/#\/schema\/person\/a5b25693531e3458dfedff34c273ba14\",\"name\":\"Silvia\",\"image\":{\"@type\":\"ImageObject\",\"inLanguage\":\"it-IT\",\"@id\":\"https:\/\/euricse.eu\/en\/#\/schema\/person\/image\/\",\"url\":\"https:\/\/secure.gravatar.com\/avatar\/3cef1082b65edc85f1a4c0caa7ce4808f397a517b7217eab6215fe435640f8f7?s=96&d=mm&r=g\",\"contentUrl\":\"https:\/\/secure.gravatar.com\/avatar\/3cef1082b65edc85f1a4c0caa7ce4808f397a517b7217eab6215fe435640f8f7?s=96&d=mm&r=g\",\"caption\":\"Silvia\"},\"url\":\"https:\/\/euricse.eu\/it\/author\/silvia\/\"}]}<\/script>\n<!-- \/ Yoast SEO plugin. -->","yoast_head_json":{"title":"Rigenerare luoghi e comunit\u00e0: le alleanze territoriali per lo sviluppo locale - Euricse","description":"Gioved\u00ec 11 dicembre dialogo con Don Antonio Loffredo ed Elena per raccontare come rigenerare luoghi e comunit\u00e0...","robots":{"index":"index","follow":"follow","max-snippet":"max-snippet:-1","max-image-preview":"max-image-preview:large","max-video-preview":"max-video-preview:-1"},"canonical":"https:\/\/euricse.eu\/it\/rigenerare-luoghi-e-comunita-le-alleanze-territoriali-per-lo-sviluppo-locale\/","og_locale":"it_IT","og_type":"article","og_title":"Rigenerare luoghi e comunit\u00e0: le alleanze territoriali per lo sviluppo locale - Euricse","og_description":"Gioved\u00ec 11 dicembre dialogo con Don Antonio Loffredo ed Elena per raccontare come rigenerare luoghi e comunit\u00e0...","og_url":"https:\/\/euricse.eu\/it\/rigenerare-luoghi-e-comunita-le-alleanze-territoriali-per-lo-sviluppo-locale\/","og_site_name":"Euricse","article_published_time":"2025-12-01T14:30:40+00:00","article_modified_time":"2025-12-05T09:58:46+00:00","og_image":[{"width":1414,"height":2000,"url":"https:\/\/euricse.eu\/wp-content\/uploads\/2025\/11\/Evento_DonLoffredo.ElenaGranata_giovedi11dicembre.png","type":"image\/png"}],"author":"Silvia","twitter_card":"summary_large_image","twitter_misc":{"Scritto da":"Silvia","Tempo di lettura stimato":"2 minuti"},"schema":{"@context":"https:\/\/schema.org","@graph":[{"@type":"WebPage","@id":"https:\/\/euricse.eu\/it\/rigenerare-luoghi-e-comunita-le-alleanze-territoriali-per-lo-sviluppo-locale\/","url":"https:\/\/euricse.eu\/it\/rigenerare-luoghi-e-comunita-le-alleanze-territoriali-per-lo-sviluppo-locale\/","name":"Rigenerare luoghi e comunit\u00e0: le alleanze territoriali per lo sviluppo locale - Euricse","isPartOf":{"@id":"https:\/\/euricse.eu\/en\/#website"},"primaryImageOfPage":{"@id":"https:\/\/euricse.eu\/it\/rigenerare-luoghi-e-comunita-le-alleanze-territoriali-per-lo-sviluppo-locale\/#primaryimage"},"image":{"@id":"https:\/\/euricse.eu\/it\/rigenerare-luoghi-e-comunita-le-alleanze-territoriali-per-lo-sviluppo-locale\/#primaryimage"},"thumbnailUrl":"https:\/\/euricse.eu\/wp-content\/uploads\/2025\/11\/Evento_DonLoffredo.ElenaGranata_giovedi11dicembre.png","datePublished":"2025-12-01T14:30:40+00:00","dateModified":"2025-12-05T09:58:46+00:00","author":{"@id":"https:\/\/euricse.eu\/en\/#\/schema\/person\/a5b25693531e3458dfedff34c273ba14"},"description":"Gioved\u00ec 11 dicembre dialogo con Don Antonio Loffredo ed Elena per raccontare come rigenerare luoghi e comunit\u00e0...","breadcrumb":{"@id":"https:\/\/euricse.eu\/it\/rigenerare-luoghi-e-comunita-le-alleanze-territoriali-per-lo-sviluppo-locale\/#breadcrumb"},"inLanguage":"it-IT","potentialAction":[{"@type":"ReadAction","target":["https:\/\/euricse.eu\/it\/rigenerare-luoghi-e-comunita-le-alleanze-territoriali-per-lo-sviluppo-locale\/"]}]},{"@type":"ImageObject","inLanguage":"it-IT","@id":"https:\/\/euricse.eu\/it\/rigenerare-luoghi-e-comunita-le-alleanze-territoriali-per-lo-sviluppo-locale\/#primaryimage","url":"https:\/\/euricse.eu\/wp-content\/uploads\/2025\/11\/Evento_DonLoffredo.ElenaGranata_giovedi11dicembre.png","contentUrl":"https:\/\/euricse.eu\/wp-content\/uploads\/2025\/11\/Evento_DonLoffredo.ElenaGranata_giovedi11dicembre.png","width":1414,"height":2000},{"@type":"BreadcrumbList","@id":"https:\/\/euricse.eu\/it\/rigenerare-luoghi-e-comunita-le-alleanze-territoriali-per-lo-sviluppo-locale\/#breadcrumb","itemListElement":[{"@type":"ListItem","position":1,"name":"Home","item":"https:\/\/euricse.eu\/it\/"},{"@type":"ListItem","position":2,"name":"Rigenerare luoghi e comunit\u00e0: le alleanze territoriali per lo sviluppo locale"}]},{"@type":"WebSite","@id":"https:\/\/euricse.eu\/en\/#website","url":"https:\/\/euricse.eu\/en\/","name":"Euricse","description":"Knowledge and innovation for cooperative and social enterprises.","potentialAction":[{"@type":"SearchAction","target":{"@type":"EntryPoint","urlTemplate":"https:\/\/euricse.eu\/en\/?s={search_term_string}"},"query-input":{"@type":"PropertyValueSpecification","valueRequired":true,"valueName":"search_term_string"}}],"inLanguage":"it-IT"},{"@type":"Person","@id":"https:\/\/euricse.eu\/en\/#\/schema\/person\/a5b25693531e3458dfedff34c273ba14","name":"Silvia","image":{"@type":"ImageObject","inLanguage":"it-IT","@id":"https:\/\/euricse.eu\/en\/#\/schema\/person\/image\/","url":"https:\/\/secure.gravatar.com\/avatar\/3cef1082b65edc85f1a4c0caa7ce4808f397a517b7217eab6215fe435640f8f7?s=96&d=mm&r=g","contentUrl":"https:\/\/secure.gravatar.com\/avatar\/3cef1082b65edc85f1a4c0caa7ce4808f397a517b7217eab6215fe435640f8f7?s=96&d=mm&r=g","caption":"Silvia"},"url":"https:\/\/euricse.eu\/it\/author\/silvia\/"}]}},"_links":{"self":[{"href":"https:\/\/euricse.eu\/it\/wp-json\/wp\/v2\/posts\/28505","targetHints":{"allow":["GET"]}}],"collection":[{"href":"https:\/\/euricse.eu\/it\/wp-json\/wp\/v2\/posts"}],"about":[{"href":"https:\/\/euricse.eu\/it\/wp-json\/wp\/v2\/types\/post"}],"author":[{"embeddable":true,"href":"https:\/\/euricse.eu\/it\/wp-json\/wp\/v2\/users\/32"}],"replies":[{"embeddable":true,"href":"https:\/\/euricse.eu\/it\/wp-json\/wp\/v2\/comments?post=28505"}],"version-history":[{"count":2,"href":"https:\/\/euricse.eu\/it\/wp-json\/wp\/v2\/posts\/28505\/revisions"}],"predecessor-version":[{"id":28675,"href":"https:\/\/euricse.eu\/it\/wp-json\/wp\/v2\/posts\/28505\/revisions\/28675"}],"wp:featuredmedia":[{"embeddable":true,"href":"https:\/\/euricse.eu\/it\/wp-json\/wp\/v2\/media\/28506"}],"wp:attachment":[{"href":"https:\/\/euricse.eu\/it\/wp-json\/wp\/v2\/media?parent=28505"}],"wp:term":[{"taxonomy":"category","embeddable":true,"href":"https:\/\/euricse.eu\/it\/wp-json\/wp\/v2\/categories?post=28505"},{"taxonomy":"post_tag","embeddable":true,"href":"https:\/\/euricse.eu\/it\/wp-json\/wp\/v2\/tags?post=28505"}],"curies":[{"name":"wp","href":"https:\/\/api.w.org\/{rel}","templated":true}]}}