{"id":28724,"date":"2025-12-14T10:16:38","date_gmt":"2025-12-14T10:16:38","guid":{"rendered":"https:\/\/euricse.eu\/?p=28724"},"modified":"2026-01-14T17:10:28","modified_gmt":"2026-01-14T17:10:28","slug":"comunita-alleanze-visioni-il-2-incontro-nazionale-delle-comunita-intraprendenti-si-conclude-con-entusiasmo","status":"publish","type":"post","link":"https:\/\/euricse.eu\/it\/comunita-alleanze-visioni-il-2-incontro-nazionale-delle-comunita-intraprendenti-si-conclude-con-entusiasmo\/","title":{"rendered":"Territorio, alleanze, visioni: il 2\u00b0 Incontro nazionale delle Comunit\u00e0 Intraprendenti si conclude con entusiasmo"},"content":{"rendered":"<p>Si \u00e8 concluso a Cavalese il <strong>2\u00b0 Incontro nazionale delle Comunit\u00e0 Intraprendenti<\/strong>, che l\u201911 e 12 dicembre ha riunito un centinaio di partecipanti da tutta Italia: amministratori pubblici, rappresentanti di comunit\u00e0 locali, imprese, fondazioni, ricercatori e attori del terzo settore. Promosso da <strong>Fiemme PER<\/strong> ed<strong> EURICSE<\/strong>, con il sostegno di <strong>Fondazione Caritro<\/strong>, l\u2019Incontro si \u00e8 confermato come uno spazio nazionale di confronto, apprendimento e costruzione di alleanze tra chi lavora per generare sviluppo sociale ed economico nei territori. Particolarmente partecipato l\u2019incontro serale aperto al pubblico al Palafiemme, dedicato al valore dei luoghi e alla rigenerazione comunitaria. Ospiti della serata Don Antonio Loffredo ed Elena Granata, che hanno offerto due prospettive complementari sul ruolo delle persone e delle comunit\u00e0 nei processi di cambiamento. Don Antonio Loffredo ha raccontato l\u2019esperienza di rigenerazione del Rione Sanit\u00e0 di Napoli, mentre Elena Granata ha sottolineato come le comunit\u00e0 si costruiscano nel tempo attraverso relazioni, cura e responsabilit\u00e0 condivisa. L\u2019ampia partecipazione ha confermato l\u2019interesse e la rilevanza dei temi proposti, rafforzando il ruolo dell\u2019Incontro come punto di riferimento nazionale per chi lavora sullo sviluppo dei territori.<\/p>\n<p>Dopo l\u2019esordio del 2024, l\u2019edizione 2025 \u00e8 stata dedicata al tema <strong>\u201cLe alleanze territoriali per la nascita e l\u2019accompagnamento delle Comunit\u00e0 Intraprendenti\u201d<\/strong>, con un focus sulle strategie collaborative tra comunit\u00e0, istituzioni pubbliche, imprese e filantropia per rispondere in modo condiviso alle sfide socio-economiche dei territori. L\u2019Incontro ha confermato il suo doppio orientamento: raccontare le esperienze che stanno emergendo in tutta Italia e, allo stesso tempo, offrire alle Comunit\u00e0 Intraprendenti un luogo di confronto e apprendimento reciproco, per sviluppare nuove idee e rafforzare le relazioni tra i protagonisti del cambiamento. Un sentito ringraziamento va a tutti gli ospiti e a coloro che hanno reso possibile l\u2019iniziativa, cos\u00ec come ai facilitatori di <strong>Ufficio Svolta<\/strong> e allo <strong>staff di EURICSE<\/strong>, che hanno accompagnato e animato i tavoli di lavoro, creando uno spazio aperto e partecipato in cui le storie si sono intrecciate e ciascuno ha potuto trovare nuove prospettive e strumenti per diventare parte attiva del cambiamento.<\/p>\n<p><strong>\u00a0<\/strong><\/p>\n<h5><strong>Governance territoriale e ruolo delle istituzioni<\/strong><\/h5>\n<p><img loading=\"lazy\" decoding=\"async\" class=\"alignleft wp-image-28738 size-thumbnail\" src=\"https:\/\/euricse.eu\/wp-content\/uploads\/2025\/12\/Governance-Territoriale-02-400x400.png\" alt=\"\" width=\"400\" height=\"400\" srcset=\"https:\/\/euricse.eu\/wp-content\/uploads\/2025\/12\/Governance-Territoriale-02-400x400.png 400w, https:\/\/euricse.eu\/wp-content\/uploads\/2025\/12\/Governance-Territoriale-02-300x300.png 300w, https:\/\/euricse.eu\/wp-content\/uploads\/2025\/12\/Governance-Territoriale-02-1024x1024.png 1024w, https:\/\/euricse.eu\/wp-content\/uploads\/2025\/12\/Governance-Territoriale-02-768x768.png 768w, https:\/\/euricse.eu\/wp-content\/uploads\/2025\/12\/Governance-Territoriale-02.png 1080w\" sizes=\"auto, (max-width: 400px) 100vw, 400px\" \/><\/p>\n<p>Dopo i saluti istituzionali gioved\u00ec mattina, i lavori si sono aperti con il primo panel dedicato alla <strong>Governance territoriale<\/strong>, focalizzato sulle alleanze con il settore pubblico per la valorizzazione e la gestione condivisa di spazi e risorse comuni. Il dialogo, coordinato da <strong>Gianluca Salvatori<\/strong>, Segretario generale di <strong>Euricse<\/strong>, ha messo al centro la crisi delle forme tradizionali di partecipazione e la necessit\u00e0 di rigenerare le comunit\u00e0 attraverso nuovi strumenti di corresponsabilit\u00e0, coprogettazione e coprogrammazione, chiamando in causa anche il ruolo delle istituzioni. <strong>Giulia Casonato<\/strong> (Assessora alle Politiche Sociali del Comune di Trento) ha sottolineato l\u2019importanza, per le amministrazioni pubbliche, di scommettere sul desiderio delle persone di sentirsi parte attiva di una comunit\u00e0, valorizzando strumenti come i patti di collaborazione e le assemblee deliberative, anche in risposta a bisogni di cura complessi e a nuove fragilit\u00e0 sociali. <strong>Gaetano Giunta<\/strong> (Fondazione di Comunit\u00e0 di Messina) ha portato l\u2019esperienza delle fondazioni di comunit\u00e0 come vere e proprie \u201ccomunit\u00e0 di intenzioni\u201d, capaci di finanziare strategie territoriali trasformative, contrastare disuguaglianze e crisi climatica e sperimentare modelli economici basati su redistribuzione, innovazione e coesione sociale. <strong>Stefania Paolazzi<\/strong> (esperta di innovazione nella pubblica innovazione) ha evidenziato come partecipazione, civismo e innovazione pubblica possano accompagnare grandi trasformazioni urbane e tecnologiche attraverso l\u2019apertura dei processi decisionali, l\u2019educazione civica, l\u2019uso dei dati e la creazione di spazi di autodeterminazione come le assemblee civiche. Il confronto ha messo in luce collaborazione, partecipazione e responsabilit\u00e0 condivisa come leve fondamentali per costruire comunit\u00e0 pi\u00f9 solide, aprendo una riflessione sull\u2019equilibrio tra pubblico e mercato e sul valore di modelli imprenditoriali leggeri e inclusivi nella rigenerazione dei territori. In questo quadro si inseriscono gli interventi ispirazionali illustrati da <strong>Pasquale Bonasora (Labsus)<\/strong>, come i <em>Patti di collaborazione<\/em>, che mostrano come cittadini, enti locali e associazioni possano co-progettare e gestire spazi pubblici, rafforzando la fiducia reciproca e il senso di appartenenza al proprio territorio. Allo stesso modo, i modelli presentati da <strong>Matteo Bartolomeo (Avanzi \u2013 AI Impact<\/strong> ) evidenziano come imprese a basso capitale, orientate all\u2019impatto e supportate da strumenti di valutazione sociale, siano in grado di generare occupazione, innovazione, anche nell\u2019assistenza e nella cura del territorio intesa come rigenerazione urbana.<\/p>\n<p>&nbsp;<\/p>\n<h5><strong>Cura comunitaria e alleanze con le imprese<\/strong><\/h5>\n<p><img loading=\"lazy\" decoding=\"async\" class=\"alignleft wp-image-28740 size-thumbnail\" src=\"https:\/\/euricse.eu\/wp-content\/uploads\/2025\/12\/Cura-Comunitaria-02-400x400.png\" alt=\"\" width=\"400\" height=\"400\" srcset=\"https:\/\/euricse.eu\/wp-content\/uploads\/2025\/12\/Cura-Comunitaria-02-400x400.png 400w, https:\/\/euricse.eu\/wp-content\/uploads\/2025\/12\/Cura-Comunitaria-02-300x300.png 300w, https:\/\/euricse.eu\/wp-content\/uploads\/2025\/12\/Cura-Comunitaria-02-1024x1024.png 1024w, https:\/\/euricse.eu\/wp-content\/uploads\/2025\/12\/Cura-Comunitaria-02-768x768.png 768w, https:\/\/euricse.eu\/wp-content\/uploads\/2025\/12\/Cura-Comunitaria-02.png 1080w\" sizes=\"auto, (max-width: 400px) 100vw, 400px\" \/><\/p>\n<p>Il secondo panel si \u00e8 concentrato sul tema della <strong>cura comunitaria<\/strong> attraverso le collaborazioni tra imprese profit e Comunit\u00e0 Intraprendenti per lo sviluppo di servizi innovativi e sostenibili nei territori. Nel suo intervento, <strong>Mauro Gilmozzi<\/strong> ha evidenziato il valore strategico della scelta di restare e investire nei territori periferici, trasformando fattori critici \u2013 come casa, mobilit\u00e0 e servizi \u2013 in elementi di competitivit\u00e0. L\u2019esperienza della Val di Fiemme mostra come una fondazione di imprenditori possa farsi carico di bisogni collettivi, dalla produzione e consumo di energia attraverso le \u00a0comunit\u00e0 energetiche al welfare locale, rafforzando il legame tra impresa, cultura e comunit\u00e0. <strong>Stefano Felicetti<\/strong> (Pastificio Felicetti) ha sottolineato l\u2019importanza di fare rete tra imprese e attori locali, attivando esempi virtuosi capaci di migliorare la qualit\u00e0 della vita e rafforzare il rapporto fiduciario con la comunit\u00e0, affrontando al contempo la sfida del cofinanziamento e della sostenibilit\u00e0 senza rinunciare all\u2019autonomia. <strong>Valeria De Tommaso<\/strong> (Percorsi di Secondo Welfare) ha richiamato la necessit\u00e0 di aggregare risorse a livello territoriale per costruire massa critica e alleanze strategiche, sottolineando come il Secondo welfare possa funzionare solo in integrazione con il welfare pubblico, all\u2019interno di modelli olistici in cui il settore pubblico agisce da catalizzatore di investimenti sociali. Dopo il confronto in plenaria, i partecipanti hanno lavorato in <strong>tavoli tematici<\/strong>, condividendo idee e proposte poi restituite collettivamente. La sessione si \u00e8 conclusa con i contributi ispirazionali di <strong>Andrea Marchesini Reggiani<\/strong> (Laboratorio Cartiera, Lai-momo Cooperativa Sociale) e <strong>Fabio Arigoni<\/strong> (Cooperativa Sociale Six). Il primo, ha illustrato come strutturare modelli imprenditoriali capaci di coniugare valore sociale e sostenibilit\u00e0 economica, approfondendo approcci e strumenti utili a garantire nel lungo periodo la solidit\u00e0 di progetti a impatto sociale e territoriale. <strong>Il secondo, invece,<\/strong> ha approfondito il tema delle partnership strategiche tra profit e non profit, evidenziando come la collaborazione tra imprese e realt\u00e0 del terzo settore possa generare valore condiviso e favorire processi di innovazione sociale e sviluppo locale.<\/p>\n<p>&nbsp;<\/p>\n<p>&nbsp;<\/p>\n<h5><strong>Filantropia territoriale e sostenibilit\u00e0 economica<\/strong><\/h5>\n<p><img loading=\"lazy\" decoding=\"async\" class=\"alignleft wp-image-28742 size-thumbnail\" src=\"https:\/\/euricse.eu\/wp-content\/uploads\/2025\/12\/Filantropia-02-400x400.png\" alt=\"\" width=\"400\" height=\"400\" srcset=\"https:\/\/euricse.eu\/wp-content\/uploads\/2025\/12\/Filantropia-02-400x400.png 400w, https:\/\/euricse.eu\/wp-content\/uploads\/2025\/12\/Filantropia-02-300x300.png 300w, https:\/\/euricse.eu\/wp-content\/uploads\/2025\/12\/Filantropia-02-1024x1024.png 1024w, https:\/\/euricse.eu\/wp-content\/uploads\/2025\/12\/Filantropia-02-768x768.png 768w, https:\/\/euricse.eu\/wp-content\/uploads\/2025\/12\/Filantropia-02.png 1080w\" sizes=\"auto, (max-width: 400px) 100vw, 400px\" \/><\/p>\n<p>Il <strong>terzo e ultimo panel<\/strong> \u00e8 stato dedicato alla <strong>filantropia territoriale<\/strong> e al suo ruolo nella sostenibilit\u00e0 economica delle Comunit\u00e0 Intraprendenti. Intesa come una pratica profondamente radicata nei contesti locali, la filantropia territoriale si fonda sulla capacit\u00e0 degli attori locali e dei cittadini di <strong>mobilitare risorse economiche, relazionali e conoscitive<\/strong> per rispondere a bisogni collettivi e sostenere nel tempo organizzazioni e progetti di comunit\u00e0. Il confronto ha posto al centro il valore della <strong>collaborazione tra organizzazioni e cittadinanza<\/strong>, non solo in termini di finanziamento, ma come leva per rafforzare legami, responsabilit\u00e0 condivise e visioni comuni di sviluppo locale. A partire da alcune <strong>domande guida<\/strong> \u2013 sul ruolo che la filantropia territoriale svolge nelle diverse comunit\u00e0 di riferimento e sugli strumenti economico-finanziari presenti nei territori \u2013 il panel ha stimolato una riflessione sulle pratiche esistenti e sulle potenzialit\u00e0 ancora da attivare per accompagnare in modo duraturo la crescita delle Comunit\u00e0 Intraprendenti. Il dialogo, coordinato da <strong>Anita Penati<\/strong> (Fondazione Caritro), con <strong>Giorgio Righetti<\/strong> (Acri) e <strong>Carola Carazzone<\/strong> (Assifero), ha offerto una lettura condivisa dei modelli di filantropia e finanza territoriale, evidenziando come la sostenibilit\u00e0 non si esaurisca nel finanziamento, ma richieda capacit\u00e0 di lettura dei contesti, consapevolezza dei bisogni e dei punti di forza locali e costruzione di alleanze stabili tra pubblico, privato e cittadinanza attiva. Nel dibattito \u00e8 emersa con forza l\u2019idea della filantropia come <strong>\u201carcipelago\u201d<\/strong>: non isole separate, ma reti connesse che costruiscono sostenibilit\u00e0 economica attraverso fiducia, valori condivisi e visioni comuni. Le fondazioni, in particolare, possono svolgere un ruolo abilitante grazie alla loro flessibilit\u00e0, alla capacit\u00e0 di assumere il rischio dell\u2019innovazione sociale e di sostenere processi di accompagnamento e crescita nel tempo, secondo approcci di <em>trust-based philanthropy<\/em>. Gli interventi ispirazionali di <strong>Paolo Dell\u2019Oro<\/strong> (Fondazione Comunitaria del Lecchese, la prima fondazione di comunit\u00e0 nata in Italia) e <strong>Renato Quaglia<\/strong> (Fondazione FOQUS, fondazione che opera nei Quartieri Spagnoli di Napoli) hanno reso concreti questi temi, mostrando come filantropia territoriale, fundraising comunitario e attivismo civico possano diventare motori di rigenerazione sociale.<\/p>\n<p>Il <strong>Secondo Incontro nazionale delle Comunit\u00e0 Intraprendenti<\/strong> si chiude cos\u00ec con un patrimonio condiviso di riflessioni, strumenti ed esperienze, e con la consapevolezza che le <strong>alleanze territoriali<\/strong> rappresentano una leva fondamentale per costruire comunit\u00e0 generative, inclusive e capaci di futuro.<\/p>\n<p>&nbsp;<\/p>\n<h5><strong>Luoghi, relazioni e fiducia<\/strong><\/h5>\n<p>\u00abOggi servono adulti capaci di stare accanto ai giovani e dire loro che il futuro non si eredita: si costruisce, con il coraggio di fare ci\u00f2 che non \u00e8 mai stato fatto\u00bb.<br \/>\nQuesta affermazione ha attraversato come un filo rosso l\u2019incontro serale aperto al pubblico che si \u00e8 svolto gioved\u00ec 11 dicembre al Palafiemme di Cavalese, nell\u2019ambito del <strong>2\u00b0 Incontro Nazionale delle Comunit\u00e0 Intraprendenti<\/strong>.<\/p>\n<p>La serata, dal titolo <em>Rigenerare luoghi e comunit\u00e0: le alleanze territoriali per lo sviluppo locale<\/em>, ha posto al centro il valore dei <strong>luoghi<\/strong> come spazi di identit\u00e0, relazione e possibilit\u00e0, e il significato profondo della <strong>rigenerazione comunitaria<\/strong>, intesa come processo continuativo fondato su <strong>fiducia<\/strong>, <strong>cura<\/strong> e <strong>responsabilit\u00e0 condivisa<\/strong>. Il Palafiemme, gremito e partecipe, ha restituito la misura dell\u2019interesse e dell\u2019urgenza di questi temi. Ospiti della serata <strong>Don Antonio Loffredo<\/strong> ed <strong>Elena Granata<\/strong>, due voci diverse e complementari che hanno accompagnato il pubblico in un viaggio che parte dai luoghi e arriva alle persone, mostrando come il cambiamento nasca dall\u2019alleanza tra visione, comunit\u00e0 e impegno quotidiano.<\/p>\n<p>&nbsp;<\/p>\n<p><img loading=\"lazy\" decoding=\"async\" class=\"alignleft wp-image-28744 size-thumbnail\" src=\"https:\/\/euricse.eu\/wp-content\/uploads\/2025\/12\/Evento-serale-02-400x400.png\" alt=\"\" width=\"400\" height=\"400\" srcset=\"https:\/\/euricse.eu\/wp-content\/uploads\/2025\/12\/Evento-serale-02-400x400.png 400w, https:\/\/euricse.eu\/wp-content\/uploads\/2025\/12\/Evento-serale-02-300x300.png 300w, https:\/\/euricse.eu\/wp-content\/uploads\/2025\/12\/Evento-serale-02-1024x1024.png 1024w, https:\/\/euricse.eu\/wp-content\/uploads\/2025\/12\/Evento-serale-02-768x768.png 768w, https:\/\/euricse.eu\/wp-content\/uploads\/2025\/12\/Evento-serale-02.png 1080w\" sizes=\"auto, (max-width: 400px) 100vw, 400px\" \/><\/p>\n<p><strong>Don Antonio Loffredo<\/strong>, protagonista della rinascita del <strong>Rione Sanit\u00e0 di Napoli<\/strong>, ha raccontato un\u2019esperienza di rigenerazione comunitaria che prende forma dalla cultura come leva di emancipazione e futuro. Arrivato oltre vent\u2019anni fa in un quartiere segnato da camorra e mancanza di opportunit\u00e0, ha scelto di rivolgersi ai giovani, riconoscendo in loro una capacit\u00e0 ancora viva di innamorarsi dell\u2019arte, della musica e del teatro. Da questo sguardo \u00e8 nata un\u2019avventura collettiva che ha trasformato la reputazione del quartiere e acceso un forte senso identitario, fino alla nascita, nel 2006, della cooperativa <strong>La Paranza<\/strong>, oggi modello nazionale di rigenerazione comunitaria e opportunit\u00e0 lavorativa per decine di giovani. \u00abLa rigenerazione passa da ci\u00f2 che emoziona\u00bb, ha ricordato Loffredo, sottolineando come cultura, gratuit\u00e0 e bellezza attivino responsabilit\u00e0, libert\u00e0 e legami nuovi, diventando una vera e propria diplomazia capace di aprire possibilit\u00e0 e futuro.<\/p>\n<p>Accanto a questa testimonianza, <strong>Elena Granata<\/strong>, urbanista e docente al Politecnico di Milano, ha offerto uno sguardo ampio sull\u2019<strong>urbanistica civile<\/strong> e sulle trasformazioni in atto nelle citt\u00e0 e nei territori. Nei suoi interventi ha evidenziato come il modello urbano che ha funzionato per secoli sia oggi in crisi, stretto tra capacit\u00e0 di attrarre e capacit\u00e0 di accogliere, tra turismo e diritto alla \u201crestanza\u201d. \u00abComunit\u00e0 non si nasce, si diventa\u00bb, ha ricordato, invitando a ripensare i luoghi come spazi pubblici, inclusivi e umani, da restituire anche alla <strong>gratuit\u00e0<\/strong>, perch\u00e9 i giovani non crescano pensando che la bellezza sia accessibile solo a pagamento. Le due testimonianze hanno restituito un messaggio comune e potente: la <strong>rinascita sociale risiede nella cultura<\/strong> e prende forma solo attraverso <strong>alleanze territoriali<\/strong> capaci di tenere insieme visione, studio, coraggio e convergenza di intenti. \u00c8 nella cura quotidiana dei luoghi, delle relazioni e della fiducia che le comunit\u00e0 ritrovano la forza di generare sviluppo, dignit\u00e0 e futuro.<\/p>\n<p>&nbsp;<\/p>\n<p>&nbsp;<\/p>\n<p>Hai perso questo incontro ? Rivedi la registrazione su YouTube a questo link:\u00a0\u00a0<a href=\"https:\/\/youtu.be\/cjp5vGT34A4?si=bdXjcPBnZn5wrp2k\">https:\/\/youtu.be\/cjp5vGT34A4?si=bdXjcPBnZn5wrp2k<\/a><\/p>\n","protected":false},"excerpt":{"rendered":"<p>L\u201911 e 12 dicembre il 2\u00b0 Incontro nazionale delle Comunit\u00e0 Intraprendenti ha riunito a Cavalese esperienze e protagonisti da tutta Italia per costruire alleanze territoriali e nuove visioni di sviluppo locale. Grande partecipazione e interesse per la serata pubblica al Palafiemme, dedicata al valore dei luoghi e alla rigenerazione comunitaria con Don Antonio Loffredo ed Elena Granata&#8230; <\/p>\n","protected":false},"author":32,"featured_media":28748,"comment_status":"closed","ping_status":"closed","sticky":false,"template":"","format":"standard","meta":{"_acf_changed":false,"episode_type":"","audio_file":"","cover_image":"","cover_image_id":"","duration":"","filesize":"","date_recorded":"","explicit":"","block":"","itunes_episode_number":"","itunes_title":"","itunes_season_number":"","itunes_episode_type":"","filesize_raw":"","footnotes":""},"categories":[14],"tags":[885,2109],"class_list":["post-28724","post","type-post","status-publish","format-standard","has-post-thumbnail","hentry","category-blog-it","tag-comunita-intraprendenti","tag-incontro-nazionale-delle-comunita-intraprendenti"],"acf":[],"yoast_head":"<!-- This site is optimized with the Yoast SEO plugin v26.1.1 - https:\/\/yoast.com\/wordpress\/plugins\/seo\/ -->\n<title>Territorio, alleanze, visioni: il 2\u00b0 Incontro nazionale delle Comunit\u00e0 Intraprendenti si conclude con entusiasmo - Euricse<\/title>\n<meta name=\"robots\" content=\"index, follow, max-snippet:-1, max-image-preview:large, max-video-preview:-1\" \/>\n<link rel=\"canonical\" href=\"https:\/\/euricse.eu\/it\/comunita-alleanze-visioni-il-2-incontro-nazionale-delle-comunita-intraprendenti-si-conclude-con-entusiasmo\/\" \/>\n<meta property=\"og:locale\" content=\"it_IT\" \/>\n<meta property=\"og:type\" content=\"article\" \/>\n<meta property=\"og:title\" content=\"Territorio, alleanze, visioni: il 2\u00b0 Incontro nazionale delle Comunit\u00e0 Intraprendenti si conclude con entusiasmo - Euricse\" \/>\n<meta property=\"og:description\" content=\"L\u201911 e 12 dicembre il 2\u00b0 Incontro nazionale delle Comunit\u00e0 Intraprendenti ha riunito a Cavalese esperienze e protagonisti da tutta Italia per costruire alleanze territoriali e nuove visioni di sviluppo locale. Grande partecipazione e interesse per la serata pubblica al Palafiemme, dedicata al valore dei luoghi e alla rigenerazione comunitaria con Don Antonio Loffredo ed Elena Granata...\" \/>\n<meta property=\"og:url\" content=\"https:\/\/euricse.eu\/it\/comunita-alleanze-visioni-il-2-incontro-nazionale-delle-comunita-intraprendenti-si-conclude-con-entusiasmo\/\" \/>\n<meta property=\"og:site_name\" content=\"Euricse\" \/>\n<meta property=\"article:published_time\" content=\"2025-12-14T10:16:38+00:00\" \/>\n<meta property=\"article:modified_time\" content=\"2026-01-14T17:10:28+00:00\" \/>\n<meta property=\"og:image\" content=\"https:\/\/euricse.eu\/wp-content\/uploads\/2025\/12\/Foto-Gruppo-Comunita-Intraprendenti-1-scaled.jpg\" \/>\n\t<meta property=\"og:image:width\" content=\"2560\" \/>\n\t<meta property=\"og:image:height\" content=\"1707\" \/>\n\t<meta property=\"og:image:type\" content=\"image\/jpeg\" \/>\n<meta name=\"author\" content=\"Silvia\" \/>\n<meta name=\"twitter:card\" content=\"summary_large_image\" \/>\n<meta name=\"twitter:label1\" content=\"Scritto da\" \/>\n\t<meta name=\"twitter:data1\" content=\"Silvia\" \/>\n\t<meta name=\"twitter:label2\" content=\"Tempo di lettura stimato\" \/>\n\t<meta name=\"twitter:data2\" content=\"11 minuti\" \/>\n<script type=\"application\/ld+json\" class=\"yoast-schema-graph\">{\"@context\":\"https:\/\/schema.org\",\"@graph\":[{\"@type\":\"WebPage\",\"@id\":\"https:\/\/euricse.eu\/it\/comunita-alleanze-visioni-il-2-incontro-nazionale-delle-comunita-intraprendenti-si-conclude-con-entusiasmo\/\",\"url\":\"https:\/\/euricse.eu\/it\/comunita-alleanze-visioni-il-2-incontro-nazionale-delle-comunita-intraprendenti-si-conclude-con-entusiasmo\/\",\"name\":\"Territorio, alleanze, visioni: il 2\u00b0 Incontro nazionale delle Comunit\u00e0 Intraprendenti si conclude con entusiasmo - Euricse\",\"isPartOf\":{\"@id\":\"https:\/\/euricse.eu\/en\/#website\"},\"primaryImageOfPage\":{\"@id\":\"https:\/\/euricse.eu\/it\/comunita-alleanze-visioni-il-2-incontro-nazionale-delle-comunita-intraprendenti-si-conclude-con-entusiasmo\/#primaryimage\"},\"image\":{\"@id\":\"https:\/\/euricse.eu\/it\/comunita-alleanze-visioni-il-2-incontro-nazionale-delle-comunita-intraprendenti-si-conclude-con-entusiasmo\/#primaryimage\"},\"thumbnailUrl\":\"https:\/\/euricse.eu\/wp-content\/uploads\/2025\/12\/Foto-Gruppo-Comunita-Intraprendenti-1-scaled.jpg\",\"datePublished\":\"2025-12-14T10:16:38+00:00\",\"dateModified\":\"2026-01-14T17:10:28+00:00\",\"author\":{\"@id\":\"https:\/\/euricse.eu\/en\/#\/schema\/person\/a5b25693531e3458dfedff34c273ba14\"},\"breadcrumb\":{\"@id\":\"https:\/\/euricse.eu\/it\/comunita-alleanze-visioni-il-2-incontro-nazionale-delle-comunita-intraprendenti-si-conclude-con-entusiasmo\/#breadcrumb\"},\"inLanguage\":\"it-IT\",\"potentialAction\":[{\"@type\":\"ReadAction\",\"target\":[\"https:\/\/euricse.eu\/it\/comunita-alleanze-visioni-il-2-incontro-nazionale-delle-comunita-intraprendenti-si-conclude-con-entusiasmo\/\"]}]},{\"@type\":\"ImageObject\",\"inLanguage\":\"it-IT\",\"@id\":\"https:\/\/euricse.eu\/it\/comunita-alleanze-visioni-il-2-incontro-nazionale-delle-comunita-intraprendenti-si-conclude-con-entusiasmo\/#primaryimage\",\"url\":\"https:\/\/euricse.eu\/wp-content\/uploads\/2025\/12\/Foto-Gruppo-Comunita-Intraprendenti-1-scaled.jpg\",\"contentUrl\":\"https:\/\/euricse.eu\/wp-content\/uploads\/2025\/12\/Foto-Gruppo-Comunita-Intraprendenti-1-scaled.jpg\",\"width\":2560,\"height\":1707},{\"@type\":\"BreadcrumbList\",\"@id\":\"https:\/\/euricse.eu\/it\/comunita-alleanze-visioni-il-2-incontro-nazionale-delle-comunita-intraprendenti-si-conclude-con-entusiasmo\/#breadcrumb\",\"itemListElement\":[{\"@type\":\"ListItem\",\"position\":1,\"name\":\"Home\",\"item\":\"https:\/\/euricse.eu\/it\/\"},{\"@type\":\"ListItem\",\"position\":2,\"name\":\"Territorio, alleanze, visioni: il 2\u00b0 Incontro nazionale delle Comunit\u00e0 Intraprendenti si conclude con entusiasmo\"}]},{\"@type\":\"WebSite\",\"@id\":\"https:\/\/euricse.eu\/en\/#website\",\"url\":\"https:\/\/euricse.eu\/en\/\",\"name\":\"Euricse\",\"description\":\"Knowledge and innovation for cooperative and social enterprises.\",\"potentialAction\":[{\"@type\":\"SearchAction\",\"target\":{\"@type\":\"EntryPoint\",\"urlTemplate\":\"https:\/\/euricse.eu\/en\/?s={search_term_string}\"},\"query-input\":{\"@type\":\"PropertyValueSpecification\",\"valueRequired\":true,\"valueName\":\"search_term_string\"}}],\"inLanguage\":\"it-IT\"},{\"@type\":\"Person\",\"@id\":\"https:\/\/euricse.eu\/en\/#\/schema\/person\/a5b25693531e3458dfedff34c273ba14\",\"name\":\"Silvia\",\"image\":{\"@type\":\"ImageObject\",\"inLanguage\":\"it-IT\",\"@id\":\"https:\/\/euricse.eu\/en\/#\/schema\/person\/image\/\",\"url\":\"https:\/\/secure.gravatar.com\/avatar\/3cef1082b65edc85f1a4c0caa7ce4808f397a517b7217eab6215fe435640f8f7?s=96&d=mm&r=g\",\"contentUrl\":\"https:\/\/secure.gravatar.com\/avatar\/3cef1082b65edc85f1a4c0caa7ce4808f397a517b7217eab6215fe435640f8f7?s=96&d=mm&r=g\",\"caption\":\"Silvia\"},\"url\":\"https:\/\/euricse.eu\/it\/author\/silvia\/\"}]}<\/script>\n<!-- \/ Yoast SEO plugin. -->","yoast_head_json":{"title":"Territorio, alleanze, visioni: il 2\u00b0 Incontro nazionale delle Comunit\u00e0 Intraprendenti si conclude con entusiasmo - Euricse","robots":{"index":"index","follow":"follow","max-snippet":"max-snippet:-1","max-image-preview":"max-image-preview:large","max-video-preview":"max-video-preview:-1"},"canonical":"https:\/\/euricse.eu\/it\/comunita-alleanze-visioni-il-2-incontro-nazionale-delle-comunita-intraprendenti-si-conclude-con-entusiasmo\/","og_locale":"it_IT","og_type":"article","og_title":"Territorio, alleanze, visioni: il 2\u00b0 Incontro nazionale delle Comunit\u00e0 Intraprendenti si conclude con entusiasmo - Euricse","og_description":"L\u201911 e 12 dicembre il 2\u00b0 Incontro nazionale delle Comunit\u00e0 Intraprendenti ha riunito a Cavalese esperienze e protagonisti da tutta Italia per costruire alleanze territoriali e nuove visioni di sviluppo locale. Grande partecipazione e interesse per la serata pubblica al Palafiemme, dedicata al valore dei luoghi e alla rigenerazione comunitaria con Don Antonio Loffredo ed Elena Granata...","og_url":"https:\/\/euricse.eu\/it\/comunita-alleanze-visioni-il-2-incontro-nazionale-delle-comunita-intraprendenti-si-conclude-con-entusiasmo\/","og_site_name":"Euricse","article_published_time":"2025-12-14T10:16:38+00:00","article_modified_time":"2026-01-14T17:10:28+00:00","og_image":[{"width":2560,"height":1707,"url":"https:\/\/euricse.eu\/wp-content\/uploads\/2025\/12\/Foto-Gruppo-Comunita-Intraprendenti-1-scaled.jpg","type":"image\/jpeg"}],"author":"Silvia","twitter_card":"summary_large_image","twitter_misc":{"Scritto da":"Silvia","Tempo di lettura stimato":"11 minuti"},"schema":{"@context":"https:\/\/schema.org","@graph":[{"@type":"WebPage","@id":"https:\/\/euricse.eu\/it\/comunita-alleanze-visioni-il-2-incontro-nazionale-delle-comunita-intraprendenti-si-conclude-con-entusiasmo\/","url":"https:\/\/euricse.eu\/it\/comunita-alleanze-visioni-il-2-incontro-nazionale-delle-comunita-intraprendenti-si-conclude-con-entusiasmo\/","name":"Territorio, alleanze, visioni: il 2\u00b0 Incontro nazionale delle Comunit\u00e0 Intraprendenti si conclude con entusiasmo - Euricse","isPartOf":{"@id":"https:\/\/euricse.eu\/en\/#website"},"primaryImageOfPage":{"@id":"https:\/\/euricse.eu\/it\/comunita-alleanze-visioni-il-2-incontro-nazionale-delle-comunita-intraprendenti-si-conclude-con-entusiasmo\/#primaryimage"},"image":{"@id":"https:\/\/euricse.eu\/it\/comunita-alleanze-visioni-il-2-incontro-nazionale-delle-comunita-intraprendenti-si-conclude-con-entusiasmo\/#primaryimage"},"thumbnailUrl":"https:\/\/euricse.eu\/wp-content\/uploads\/2025\/12\/Foto-Gruppo-Comunita-Intraprendenti-1-scaled.jpg","datePublished":"2025-12-14T10:16:38+00:00","dateModified":"2026-01-14T17:10:28+00:00","author":{"@id":"https:\/\/euricse.eu\/en\/#\/schema\/person\/a5b25693531e3458dfedff34c273ba14"},"breadcrumb":{"@id":"https:\/\/euricse.eu\/it\/comunita-alleanze-visioni-il-2-incontro-nazionale-delle-comunita-intraprendenti-si-conclude-con-entusiasmo\/#breadcrumb"},"inLanguage":"it-IT","potentialAction":[{"@type":"ReadAction","target":["https:\/\/euricse.eu\/it\/comunita-alleanze-visioni-il-2-incontro-nazionale-delle-comunita-intraprendenti-si-conclude-con-entusiasmo\/"]}]},{"@type":"ImageObject","inLanguage":"it-IT","@id":"https:\/\/euricse.eu\/it\/comunita-alleanze-visioni-il-2-incontro-nazionale-delle-comunita-intraprendenti-si-conclude-con-entusiasmo\/#primaryimage","url":"https:\/\/euricse.eu\/wp-content\/uploads\/2025\/12\/Foto-Gruppo-Comunita-Intraprendenti-1-scaled.jpg","contentUrl":"https:\/\/euricse.eu\/wp-content\/uploads\/2025\/12\/Foto-Gruppo-Comunita-Intraprendenti-1-scaled.jpg","width":2560,"height":1707},{"@type":"BreadcrumbList","@id":"https:\/\/euricse.eu\/it\/comunita-alleanze-visioni-il-2-incontro-nazionale-delle-comunita-intraprendenti-si-conclude-con-entusiasmo\/#breadcrumb","itemListElement":[{"@type":"ListItem","position":1,"name":"Home","item":"https:\/\/euricse.eu\/it\/"},{"@type":"ListItem","position":2,"name":"Territorio, alleanze, visioni: il 2\u00b0 Incontro nazionale delle Comunit\u00e0 Intraprendenti si conclude con entusiasmo"}]},{"@type":"WebSite","@id":"https:\/\/euricse.eu\/en\/#website","url":"https:\/\/euricse.eu\/en\/","name":"Euricse","description":"Knowledge and innovation for cooperative and social enterprises.","potentialAction":[{"@type":"SearchAction","target":{"@type":"EntryPoint","urlTemplate":"https:\/\/euricse.eu\/en\/?s={search_term_string}"},"query-input":{"@type":"PropertyValueSpecification","valueRequired":true,"valueName":"search_term_string"}}],"inLanguage":"it-IT"},{"@type":"Person","@id":"https:\/\/euricse.eu\/en\/#\/schema\/person\/a5b25693531e3458dfedff34c273ba14","name":"Silvia","image":{"@type":"ImageObject","inLanguage":"it-IT","@id":"https:\/\/euricse.eu\/en\/#\/schema\/person\/image\/","url":"https:\/\/secure.gravatar.com\/avatar\/3cef1082b65edc85f1a4c0caa7ce4808f397a517b7217eab6215fe435640f8f7?s=96&d=mm&r=g","contentUrl":"https:\/\/secure.gravatar.com\/avatar\/3cef1082b65edc85f1a4c0caa7ce4808f397a517b7217eab6215fe435640f8f7?s=96&d=mm&r=g","caption":"Silvia"},"url":"https:\/\/euricse.eu\/it\/author\/silvia\/"}]}},"_links":{"self":[{"href":"https:\/\/euricse.eu\/it\/wp-json\/wp\/v2\/posts\/28724","targetHints":{"allow":["GET"]}}],"collection":[{"href":"https:\/\/euricse.eu\/it\/wp-json\/wp\/v2\/posts"}],"about":[{"href":"https:\/\/euricse.eu\/it\/wp-json\/wp\/v2\/types\/post"}],"author":[{"embeddable":true,"href":"https:\/\/euricse.eu\/it\/wp-json\/wp\/v2\/users\/32"}],"replies":[{"embeddable":true,"href":"https:\/\/euricse.eu\/it\/wp-json\/wp\/v2\/comments?post=28724"}],"version-history":[{"count":2,"href":"https:\/\/euricse.eu\/it\/wp-json\/wp\/v2\/posts\/28724\/revisions"}],"predecessor-version":[{"id":29016,"href":"https:\/\/euricse.eu\/it\/wp-json\/wp\/v2\/posts\/28724\/revisions\/29016"}],"wp:featuredmedia":[{"embeddable":true,"href":"https:\/\/euricse.eu\/it\/wp-json\/wp\/v2\/media\/28748"}],"wp:attachment":[{"href":"https:\/\/euricse.eu\/it\/wp-json\/wp\/v2\/media?parent=28724"}],"wp:term":[{"taxonomy":"category","embeddable":true,"href":"https:\/\/euricse.eu\/it\/wp-json\/wp\/v2\/categories?post=28724"},{"taxonomy":"post_tag","embeddable":true,"href":"https:\/\/euricse.eu\/it\/wp-json\/wp\/v2\/tags?post=28724"}],"curies":[{"name":"wp","href":"https:\/\/api.w.org\/{rel}","templated":true}]}}