{"id":29033,"date":"2026-01-27T12:00:07","date_gmt":"2026-01-27T12:00:07","guid":{"rendered":"https:\/\/euricse.eu\/?p=29033"},"modified":"2026-01-28T09:04:28","modified_gmt":"2026-01-28T09:04:28","slug":"digitalizzazione-e-transizione-verde-sfide-e-opportunita-per-le-cooperative-di-produzione","status":"publish","type":"post","link":"https:\/\/euricse.eu\/it\/digitalizzazione-e-transizione-verde-sfide-e-opportunita-per-le-cooperative-di-produzione\/","title":{"rendered":"Digitalizzazione e transizione verde: sfide e opportunit\u00e0 per le cooperative di produzione"},"content":{"rendered":"<p data-start=\"357\" data-end=\"615\">La transizione digitale ed ecologica rappresenta oggi una delle principali sfide per le cooperative di produzione, chiamate a ripensare modelli organizzativi, processi produttivi e forme di governance per restare competitive e coerenti con i propri valori.<\/p>\n<p data-start=\"617\" data-end=\"868\">La capacit\u00e0 di affrontare questa doppia transizione non dipende esclusivamente dalla disponibilit\u00e0 di risorse tecnologiche o finanziarie, ma anche dalla qualit\u00e0 dei processi decisionali, dal coinvolgimento dei soci e dalla visione strategica adottata.<\/p>\n<p data-start=\"870\" data-end=\"1066\">Il rapporto di ricerca realizzato da <strong data-start=\"907\" data-end=\"918\">EURICSE<\/strong> analizza come le cooperative stiano affrontando questi cambiamenti, individuando i principali fattori che favoriscono o ostacolano l\u2019innovazione. Lo studio mette in luce il potenziale delle <strong>cooperative industriali (di lavoro) e agricole del Nord-Est italiano<\/strong>\u00a0come attori capaci di coniugare competitivit\u00e0 economica, sostenibilit\u00e0 ambientale e impatto sociale, valorizzando il forte legame con i territori. In particolare, l\u2019analisi sul contesto del <strong data-start=\"1341\" data-end=\"1353\">Nord-Est<\/strong> evidenzia come modelli di governance aperta e multistakeholder rafforzino in modo significativo la capacit\u00e0 di innovazione cooperativa, soprattutto sul fronte ambientale, confermandone il ruolo strategico come motori di sviluppo sostenibile e inclusivo.<\/p>\n<p data-start=\"1068\" data-end=\"1607\">\u00a0In questa prospettiva, la doppia transizione emerge non solo come una sfida tecnologica ed economica, ma come un banco di prova per la capacit\u00e0 delle cooperative di rinnovare i propri modelli produttivi senza smarrire la propria vocazione sociale e mutualistica, contribuendo allo sviluppo di un\u2019economia sostenibile, inclusiva e profondamente radicata nei territori.<\/p>\n<p>&nbsp;<\/p>\n<p>L\u2019evento di presentazione delle evidenze emerse si svolger\u00e0\u00a0<strong data-start=\"189\" data-end=\"211\">gioved\u00ec 29 gennaio<\/strong>, in modalit\u00e0\u00a0<strong data-start=\"225\" data-end=\"255\">online su piattaforma Zoom<\/strong>.<\/p>\n<p data-start=\"523\" data-end=\"672\"><strong data-start=\"526\" data-end=\"537\">Orario:<\/strong> 14.00 \u2013 16.00<br data-start=\"551\" data-end=\"554\" \/><strong data-start=\"557\" data-end=\"570\">Modalit\u00e0:<\/strong> online su piattaforma Zoom<\/p>\n<p data-start=\"523\" data-end=\"672\">\u270d\ufe0f <strong data-start=\"603\" data-end=\"618\">Iscrizione:<\/strong> <a href=\"https:\/\/forms.gle\/Dqkw1qeU9z31ZnC56\">registrati qui<\/a> per ricevere il link di partecipazione<\/p>\n<p data-start=\"523\" data-end=\"672\"><em>Il\u00a0Rapporto sar\u00e0 disponibile sul sito di EURICSE a partire dal giorno dell\u2019evento.<\/em><\/p>\n<hr \/>\n<h5 data-start=\"729\" data-end=\"867\"><strong>Programma:<\/strong><\/h5>\n<div>\n<div>\n<div>\n<h5>14:00 &#8211; 14.10 &#8211; Saluti istituzionali<\/h5>\n<\/div>\n<\/div>\n<div>\n<ul>\n<li>Paola Iamiceli &#8211; Presidente di EURICSE<\/li>\n<\/ul>\n<\/div>\n<div>\n<div>\n<h5>14:10 &#8211; 14.40 &#8211; Presentazione della ricerca &#8220;Transizione digitale ed ecologica nelle cooperative di produzione: traiettorie, determinanti e sostenibilit\u00e0&#8221; *<\/h5>\n<\/div>\n<\/div>\n<div>\n<ul>\n<li>Eddi Fontanari &#8211; ricercatore senior EURICSE<\/li>\n<li>Giulio Galdi &#8211; ricercatore experienced EURICSE e Professore Associato di Economia Politica presso l&#8217;Universitas Mercatorum<\/li>\n<li>Giovanni Saccon &#8211; collaboratore EURICSE<\/li>\n<\/ul>\n<h5><strong>Intervento<\/strong><\/h5>\n<h5><strong> E<\/strong><strong>uropa agricola di fronte alla doppia transizione<\/strong><\/h5>\n<ul>\n<li><strong>Paolo De Castro<\/strong><\/li>\n<\/ul>\n<p>Professore ordinario di Economia e politica agraria all\u2019Universit\u00e0 di Bologna, presidente di Nomisma. Gi\u00e0 parlamentare europeo, presidente della Commissione Agricoltura e Sviluppo rurale, gi\u00e0 ministro italiano delle Politiche agricole.<\/p>\n<\/div>\n<\/div>\n<h5>14.50 &#8211; 16.00 &#8211; Tavola Rotonda<\/h5>\n<div>\n<div>\n<ul>\n<li>Andrea Satto &#8211; membro del Cda &#8211; Cooperativa Lavoratori Metalmeccanici (VR)<\/li>\n<li>Simona Caselli &#8211; Presidente Granlatte Societ\u00e0 Cooperativa Agricola (BO)<\/li>\n<li>Andrea Laguardia &#8211; Direttore Legacoop Produzione e Servizi<\/li>\n<\/ul>\n<\/div>\n<div>\n<div>\n<p><em>modera Silvia Gadotti &#8211; Ufficio Stampa EURICSE<\/em><\/p>\n<\/div>\n<\/div>\n<div>\n<div>\n<h5>Conclusioni<\/h5>\n<ul>\n<li>Paola Iamiceli, Presidente EURICSE<\/li>\n<\/ul>\n<\/div>\n<\/div>\n<div><\/div>\n<\/div>\n<p><em>* <span class=\"a_GcMg font-feature-liga-off font-feature-clig-off font-feature-calt-off text-decoration-none text-strikethrough-none\">\u00a0Progetto di ricerca realizzato nell\u2019ambito dell\u2019Accordo di programma tra EURICSE e la Provincia autonoma di Trento<\/span><\/em><\/p>\n<h5><a href=\"https:\/\/euricse.eu\/wp-content\/uploads\/2026\/01\/Evento-Doppia-Transizione-29.01_Euricse.pdf\" target=\"_blank\" rel=\"noopener\">Programma<\/a><\/h5>\n","protected":false},"excerpt":{"rendered":"<p>Una ricerca EURICSE analizza come le cooperative di produzione affrontano la transizione digitale e verde, tra sfide e opportunit\u00e0 di innovazione, con focus cooperative industriali (di lavoro) e agricole del Nord-Est italiano. Presentazione online gioved\u00ec 29 gennaio, ore 14\u201316.<\/p>\n","protected":false},"author":32,"featured_media":29047,"comment_status":"closed","ping_status":"closed","sticky":false,"template":"","format":"standard","meta":{"_acf_changed":false,"episode_type":"","audio_file":"","cover_image":"","cover_image_id":"","duration":"","filesize":"","date_recorded":"","explicit":"","block":"","itunes_episode_number":"","itunes_title":"","itunes_season_number":"","itunes_episode_type":"","filesize_raw":"","footnotes":""},"categories":[17],"tags":[657,1834,2096,2309],"class_list":["post-29033","post","type-post","status-publish","format-standard","has-post-thumbnail","hentry","category-news-it","tag-cooperative-agricole","tag-doppia-transizione","tag-doppia-transizione-verde-e-digitale","tag-cooperative-produzione-e-lavoro"],"acf":[],"yoast_head":"<!-- This site is optimized with the Yoast SEO plugin v26.1.1 - https:\/\/yoast.com\/wordpress\/plugins\/seo\/ -->\n<title>Digitalizzazione e transizione verde: sfide e opportunit\u00e0 per le cooperative di produzione - Euricse<\/title>\n<meta name=\"robots\" content=\"index, follow, max-snippet:-1, max-image-preview:large, max-video-preview:-1\" \/>\n<link rel=\"canonical\" href=\"https:\/\/euricse.eu\/it\/digitalizzazione-e-transizione-verde-sfide-e-opportunita-per-le-cooperative-di-produzione\/\" \/>\n<meta property=\"og:locale\" content=\"it_IT\" \/>\n<meta property=\"og:type\" content=\"article\" \/>\n<meta property=\"og:title\" content=\"Digitalizzazione e transizione verde: sfide e opportunit\u00e0 per le cooperative di produzione - Euricse\" \/>\n<meta property=\"og:description\" content=\"Una ricerca EURICSE analizza come le cooperative di produzione affrontano la transizione digitale e verde, tra sfide e opportunit\u00e0 di innovazione, con focus cooperative industriali (di lavoro) e agricole del Nord-Est italiano. Presentazione online gioved\u00ec 29 gennaio, ore 14\u201316.\" \/>\n<meta property=\"og:url\" content=\"https:\/\/euricse.eu\/it\/digitalizzazione-e-transizione-verde-sfide-e-opportunita-per-le-cooperative-di-produzione\/\" \/>\n<meta property=\"og:site_name\" content=\"Euricse\" \/>\n<meta property=\"article:published_time\" content=\"2026-01-27T12:00:07+00:00\" \/>\n<meta property=\"article:modified_time\" content=\"2026-01-28T09:04:28+00:00\" \/>\n<meta property=\"og:image\" content=\"https:\/\/euricse.eu\/wp-content\/uploads\/2026\/01\/lightbulb-2632075_1920.jpg\" \/>\n\t<meta property=\"og:image:width\" content=\"1920\" \/>\n\t<meta property=\"og:image:height\" content=\"1194\" \/>\n\t<meta property=\"og:image:type\" content=\"image\/jpeg\" \/>\n<meta name=\"author\" content=\"Silvia\" \/>\n<meta name=\"twitter:card\" content=\"summary_large_image\" \/>\n<meta name=\"twitter:label1\" content=\"Scritto da\" \/>\n\t<meta name=\"twitter:data1\" content=\"Silvia\" \/>\n\t<meta name=\"twitter:label2\" content=\"Tempo di lettura stimato\" \/>\n\t<meta name=\"twitter:data2\" content=\"3 minuti\" \/>\n<script type=\"application\/ld+json\" class=\"yoast-schema-graph\">{\"@context\":\"https:\/\/schema.org\",\"@graph\":[{\"@type\":\"WebPage\",\"@id\":\"https:\/\/euricse.eu\/it\/digitalizzazione-e-transizione-verde-sfide-e-opportunita-per-le-cooperative-di-produzione\/\",\"url\":\"https:\/\/euricse.eu\/it\/digitalizzazione-e-transizione-verde-sfide-e-opportunita-per-le-cooperative-di-produzione\/\",\"name\":\"Digitalizzazione e transizione verde: sfide e opportunit\u00e0 per le cooperative di produzione - Euricse\",\"isPartOf\":{\"@id\":\"https:\/\/euricse.eu\/en\/#website\"},\"primaryImageOfPage\":{\"@id\":\"https:\/\/euricse.eu\/it\/digitalizzazione-e-transizione-verde-sfide-e-opportunita-per-le-cooperative-di-produzione\/#primaryimage\"},\"image\":{\"@id\":\"https:\/\/euricse.eu\/it\/digitalizzazione-e-transizione-verde-sfide-e-opportunita-per-le-cooperative-di-produzione\/#primaryimage\"},\"thumbnailUrl\":\"https:\/\/euricse.eu\/wp-content\/uploads\/2026\/01\/lightbulb-2632075_1920.jpg\",\"datePublished\":\"2026-01-27T12:00:07+00:00\",\"dateModified\":\"2026-01-28T09:04:28+00:00\",\"author\":{\"@id\":\"https:\/\/euricse.eu\/en\/#\/schema\/person\/a5b25693531e3458dfedff34c273ba14\"},\"breadcrumb\":{\"@id\":\"https:\/\/euricse.eu\/it\/digitalizzazione-e-transizione-verde-sfide-e-opportunita-per-le-cooperative-di-produzione\/#breadcrumb\"},\"inLanguage\":\"it-IT\",\"potentialAction\":[{\"@type\":\"ReadAction\",\"target\":[\"https:\/\/euricse.eu\/it\/digitalizzazione-e-transizione-verde-sfide-e-opportunita-per-le-cooperative-di-produzione\/\"]}]},{\"@type\":\"ImageObject\",\"inLanguage\":\"it-IT\",\"@id\":\"https:\/\/euricse.eu\/it\/digitalizzazione-e-transizione-verde-sfide-e-opportunita-per-le-cooperative-di-produzione\/#primaryimage\",\"url\":\"https:\/\/euricse.eu\/wp-content\/uploads\/2026\/01\/lightbulb-2632075_1920.jpg\",\"contentUrl\":\"https:\/\/euricse.eu\/wp-content\/uploads\/2026\/01\/lightbulb-2632075_1920.jpg\",\"width\":1920,\"height\":1194},{\"@type\":\"BreadcrumbList\",\"@id\":\"https:\/\/euricse.eu\/it\/digitalizzazione-e-transizione-verde-sfide-e-opportunita-per-le-cooperative-di-produzione\/#breadcrumb\",\"itemListElement\":[{\"@type\":\"ListItem\",\"position\":1,\"name\":\"Home\",\"item\":\"https:\/\/euricse.eu\/it\/\"},{\"@type\":\"ListItem\",\"position\":2,\"name\":\"Digitalizzazione e transizione verde: sfide e opportunit\u00e0 per le cooperative di produzione\"}]},{\"@type\":\"WebSite\",\"@id\":\"https:\/\/euricse.eu\/en\/#website\",\"url\":\"https:\/\/euricse.eu\/en\/\",\"name\":\"Euricse\",\"description\":\"Knowledge and innovation for cooperative and social enterprises.\",\"potentialAction\":[{\"@type\":\"SearchAction\",\"target\":{\"@type\":\"EntryPoint\",\"urlTemplate\":\"https:\/\/euricse.eu\/en\/?s={search_term_string}\"},\"query-input\":{\"@type\":\"PropertyValueSpecification\",\"valueRequired\":true,\"valueName\":\"search_term_string\"}}],\"inLanguage\":\"it-IT\"},{\"@type\":\"Person\",\"@id\":\"https:\/\/euricse.eu\/en\/#\/schema\/person\/a5b25693531e3458dfedff34c273ba14\",\"name\":\"Silvia\",\"image\":{\"@type\":\"ImageObject\",\"inLanguage\":\"it-IT\",\"@id\":\"https:\/\/euricse.eu\/en\/#\/schema\/person\/image\/\",\"url\":\"https:\/\/secure.gravatar.com\/avatar\/3cef1082b65edc85f1a4c0caa7ce4808f397a517b7217eab6215fe435640f8f7?s=96&d=mm&r=g\",\"contentUrl\":\"https:\/\/secure.gravatar.com\/avatar\/3cef1082b65edc85f1a4c0caa7ce4808f397a517b7217eab6215fe435640f8f7?s=96&d=mm&r=g\",\"caption\":\"Silvia\"},\"url\":\"https:\/\/euricse.eu\/it\/author\/silvia\/\"}]}<\/script>\n<!-- \/ Yoast SEO plugin. -->","yoast_head_json":{"title":"Digitalizzazione e transizione verde: sfide e opportunit\u00e0 per le cooperative di produzione - Euricse","robots":{"index":"index","follow":"follow","max-snippet":"max-snippet:-1","max-image-preview":"max-image-preview:large","max-video-preview":"max-video-preview:-1"},"canonical":"https:\/\/euricse.eu\/it\/digitalizzazione-e-transizione-verde-sfide-e-opportunita-per-le-cooperative-di-produzione\/","og_locale":"it_IT","og_type":"article","og_title":"Digitalizzazione e transizione verde: sfide e opportunit\u00e0 per le cooperative di produzione - Euricse","og_description":"Una ricerca EURICSE analizza come le cooperative di produzione affrontano la transizione digitale e verde, tra sfide e opportunit\u00e0 di innovazione, con focus cooperative industriali (di lavoro) e agricole del Nord-Est italiano. Presentazione online gioved\u00ec 29 gennaio, ore 14\u201316.","og_url":"https:\/\/euricse.eu\/it\/digitalizzazione-e-transizione-verde-sfide-e-opportunita-per-le-cooperative-di-produzione\/","og_site_name":"Euricse","article_published_time":"2026-01-27T12:00:07+00:00","article_modified_time":"2026-01-28T09:04:28+00:00","og_image":[{"width":1920,"height":1194,"url":"https:\/\/euricse.eu\/wp-content\/uploads\/2026\/01\/lightbulb-2632075_1920.jpg","type":"image\/jpeg"}],"author":"Silvia","twitter_card":"summary_large_image","twitter_misc":{"Scritto da":"Silvia","Tempo di lettura stimato":"3 minuti"},"schema":{"@context":"https:\/\/schema.org","@graph":[{"@type":"WebPage","@id":"https:\/\/euricse.eu\/it\/digitalizzazione-e-transizione-verde-sfide-e-opportunita-per-le-cooperative-di-produzione\/","url":"https:\/\/euricse.eu\/it\/digitalizzazione-e-transizione-verde-sfide-e-opportunita-per-le-cooperative-di-produzione\/","name":"Digitalizzazione e transizione verde: sfide e opportunit\u00e0 per le cooperative di produzione - Euricse","isPartOf":{"@id":"https:\/\/euricse.eu\/en\/#website"},"primaryImageOfPage":{"@id":"https:\/\/euricse.eu\/it\/digitalizzazione-e-transizione-verde-sfide-e-opportunita-per-le-cooperative-di-produzione\/#primaryimage"},"image":{"@id":"https:\/\/euricse.eu\/it\/digitalizzazione-e-transizione-verde-sfide-e-opportunita-per-le-cooperative-di-produzione\/#primaryimage"},"thumbnailUrl":"https:\/\/euricse.eu\/wp-content\/uploads\/2026\/01\/lightbulb-2632075_1920.jpg","datePublished":"2026-01-27T12:00:07+00:00","dateModified":"2026-01-28T09:04:28+00:00","author":{"@id":"https:\/\/euricse.eu\/en\/#\/schema\/person\/a5b25693531e3458dfedff34c273ba14"},"breadcrumb":{"@id":"https:\/\/euricse.eu\/it\/digitalizzazione-e-transizione-verde-sfide-e-opportunita-per-le-cooperative-di-produzione\/#breadcrumb"},"inLanguage":"it-IT","potentialAction":[{"@type":"ReadAction","target":["https:\/\/euricse.eu\/it\/digitalizzazione-e-transizione-verde-sfide-e-opportunita-per-le-cooperative-di-produzione\/"]}]},{"@type":"ImageObject","inLanguage":"it-IT","@id":"https:\/\/euricse.eu\/it\/digitalizzazione-e-transizione-verde-sfide-e-opportunita-per-le-cooperative-di-produzione\/#primaryimage","url":"https:\/\/euricse.eu\/wp-content\/uploads\/2026\/01\/lightbulb-2632075_1920.jpg","contentUrl":"https:\/\/euricse.eu\/wp-content\/uploads\/2026\/01\/lightbulb-2632075_1920.jpg","width":1920,"height":1194},{"@type":"BreadcrumbList","@id":"https:\/\/euricse.eu\/it\/digitalizzazione-e-transizione-verde-sfide-e-opportunita-per-le-cooperative-di-produzione\/#breadcrumb","itemListElement":[{"@type":"ListItem","position":1,"name":"Home","item":"https:\/\/euricse.eu\/it\/"},{"@type":"ListItem","position":2,"name":"Digitalizzazione e transizione verde: sfide e opportunit\u00e0 per le cooperative di produzione"}]},{"@type":"WebSite","@id":"https:\/\/euricse.eu\/en\/#website","url":"https:\/\/euricse.eu\/en\/","name":"Euricse","description":"Knowledge and innovation for cooperative and social enterprises.","potentialAction":[{"@type":"SearchAction","target":{"@type":"EntryPoint","urlTemplate":"https:\/\/euricse.eu\/en\/?s={search_term_string}"},"query-input":{"@type":"PropertyValueSpecification","valueRequired":true,"valueName":"search_term_string"}}],"inLanguage":"it-IT"},{"@type":"Person","@id":"https:\/\/euricse.eu\/en\/#\/schema\/person\/a5b25693531e3458dfedff34c273ba14","name":"Silvia","image":{"@type":"ImageObject","inLanguage":"it-IT","@id":"https:\/\/euricse.eu\/en\/#\/schema\/person\/image\/","url":"https:\/\/secure.gravatar.com\/avatar\/3cef1082b65edc85f1a4c0caa7ce4808f397a517b7217eab6215fe435640f8f7?s=96&d=mm&r=g","contentUrl":"https:\/\/secure.gravatar.com\/avatar\/3cef1082b65edc85f1a4c0caa7ce4808f397a517b7217eab6215fe435640f8f7?s=96&d=mm&r=g","caption":"Silvia"},"url":"https:\/\/euricse.eu\/it\/author\/silvia\/"}]}},"_links":{"self":[{"href":"https:\/\/euricse.eu\/it\/wp-json\/wp\/v2\/posts\/29033","targetHints":{"allow":["GET"]}}],"collection":[{"href":"https:\/\/euricse.eu\/it\/wp-json\/wp\/v2\/posts"}],"about":[{"href":"https:\/\/euricse.eu\/it\/wp-json\/wp\/v2\/types\/post"}],"author":[{"embeddable":true,"href":"https:\/\/euricse.eu\/it\/wp-json\/wp\/v2\/users\/32"}],"replies":[{"embeddable":true,"href":"https:\/\/euricse.eu\/it\/wp-json\/wp\/v2\/comments?post=29033"}],"version-history":[{"count":7,"href":"https:\/\/euricse.eu\/it\/wp-json\/wp\/v2\/posts\/29033\/revisions"}],"predecessor-version":[{"id":29225,"href":"https:\/\/euricse.eu\/it\/wp-json\/wp\/v2\/posts\/29033\/revisions\/29225"}],"wp:featuredmedia":[{"embeddable":true,"href":"https:\/\/euricse.eu\/it\/wp-json\/wp\/v2\/media\/29047"}],"wp:attachment":[{"href":"https:\/\/euricse.eu\/it\/wp-json\/wp\/v2\/media?parent=29033"}],"wp:term":[{"taxonomy":"category","embeddable":true,"href":"https:\/\/euricse.eu\/it\/wp-json\/wp\/v2\/categories?post=29033"},{"taxonomy":"post_tag","embeddable":true,"href":"https:\/\/euricse.eu\/it\/wp-json\/wp\/v2\/tags?post=29033"}],"curies":[{"name":"wp","href":"https:\/\/api.w.org\/{rel}","templated":true}]}}