{"id":29205,"date":"2026-01-27T09:24:52","date_gmt":"2026-01-27T09:24:52","guid":{"rendered":"https:\/\/euricse.eu\/?p=29205"},"modified":"2026-02-01T19:17:50","modified_gmt":"2026-02-01T19:17:50","slug":"euricse-ospita-lassemblea-generale-del-progetto-wiseshift","status":"publish","type":"post","link":"https:\/\/euricse.eu\/it\/euricse-ospita-lassemblea-generale-del-progetto-wiseshift\/","title":{"rendered":"EURICSE ospita l\u2019Assemblea Generale del progetto WISESHIFT"},"content":{"rendered":"<p>Mercoled\u00ec 21 e gioved\u00ec 22 gennaio EURICSE ha ospitato a Trento l\u2019<strong>Assemblea Generale<\/strong> <strong>del progetto<\/strong> <strong>WISESHIFT<\/strong>, iniziativa sostenuta dalla Commissione Europea che coinvolge partner provenienti da otto Paesi &#8211; universit\u00e0, istituti di ricerca e reti di economia sociale, tra cui EURICSE. Il progetto mira a potenziare le <strong>imprese sociali di inclusione lavorativa <\/strong>(<strong>WISE<\/strong>) come motori di <strong>transizioni inclusive<\/strong> e <strong>sostenibili<\/strong>, offrendo approfondimenti scientifici, quadri strategici e soluzioni politiche a pi\u00f9 livelli. Nel corso delle due giornate i partner hanno lavorato congiuntamente al <strong>rapporto di policy<\/strong>, volto a sensibilizzare sul contesto attuale e sulle tendenze di sviluppo di queste realt\u00e0 in Europa, e hanno selezionato i <strong>casi studio<\/strong> che guideranno le attivit\u00e0 del prossimo anno. Il programma ha previsto inoltre una visita di studio alla <strong>Cooperativa Sociale ALPI<\/strong>, importante esempio di impresa impregnata nell&#8217;inclusione lavorativa di persone svantaggiate\u00a0 presente sul territorio trentino.<\/p>\n","protected":false},"excerpt":{"rendered":"<p>Mercoled\u00ec 21 e gioved\u00ec 22 gennaio si \u00e8 riunita a Trento, ospitata da EURICSE, l\u2019Assemblea Generale del progetto WISESHIFT, iniziativa sostenuta dalla Commissione Europea e dedicata al rafforzamento delle imprese sociali di inclusione lavorativa come motori di transizioni inclusive e sostenibili.<\/p>\n","protected":false},"author":35,"featured_media":29217,"comment_status":"closed","ping_status":"closed","sticky":false,"template":"","format":"standard","meta":{"_acf_changed":false,"episode_type":"","audio_file":"","cover_image":"","cover_image_id":"","duration":"","filesize":"","date_recorded":"","explicit":"","block":"","itunes_episode_number":"","itunes_title":"","itunes_season_number":"","itunes_episode_type":"","filesize_raw":"","footnotes":""},"categories":[17],"tags":[1829,2315,2316,2317],"class_list":["post-29205","post","type-post","status-publish","format-standard","has-post-thumbnail","hentry","category-news-it","tag-wiseshift-it","tag-imprese-sociali-di-inclusione-lavorativa","tag-ransizioni-inclusive-e-sostenibili","tag-cooperativa-sociale-alpi"],"acf":[],"yoast_head":"<!-- This site is optimized with the Yoast SEO plugin v26.1.1 - https:\/\/yoast.com\/wordpress\/plugins\/seo\/ -->\n<title>EURICSE ospita l\u2019Assemblea Generale del progetto WISESHIFT - Euricse<\/title>\n<meta name=\"description\" content=\"Mercoled\u00ec 21 e gioved\u00ec 22 gennaio si \u00e8 riunita a Trento, ospitata da EURICSE, l\u2019Assemblea Generale del progetto WISESHIFT, iniziativa sostenuta dalla Commissione Europea e dedicata al rafforzamento delle imprese sociali di inclusione lavorativa come motori di transizioni inclusive e sostenibili.\" \/>\n<meta name=\"robots\" content=\"index, follow, max-snippet:-1, max-image-preview:large, max-video-preview:-1\" \/>\n<link rel=\"canonical\" href=\"https:\/\/euricse.eu\/it\/euricse-ospita-lassemblea-generale-del-progetto-wiseshift\/\" \/>\n<meta property=\"og:locale\" content=\"it_IT\" \/>\n<meta property=\"og:type\" content=\"article\" \/>\n<meta property=\"og:title\" content=\"EURICSE ospita l\u2019Assemblea Generale del progetto WISESHIFT - Euricse\" \/>\n<meta property=\"og:description\" content=\"Mercoled\u00ec 21 e gioved\u00ec 22 gennaio si \u00e8 riunita a Trento, ospitata da EURICSE, l\u2019Assemblea Generale del progetto WISESHIFT, iniziativa sostenuta dalla Commissione Europea e dedicata al rafforzamento delle imprese sociali di inclusione lavorativa come motori di transizioni inclusive e sostenibili.\" \/>\n<meta property=\"og:url\" content=\"https:\/\/euricse.eu\/it\/euricse-ospita-lassemblea-generale-del-progetto-wiseshift\/\" \/>\n<meta property=\"og:site_name\" content=\"Euricse\" \/>\n<meta property=\"article:published_time\" content=\"2026-01-27T09:24:52+00:00\" \/>\n<meta property=\"article:modified_time\" content=\"2026-02-01T19:17:50+00:00\" \/>\n<meta property=\"og:image\" content=\"https:\/\/euricse.eu\/wp-content\/uploads\/2026\/01\/Wiseshift_euricse.jpg\" \/>\n\t<meta property=\"og:image:width\" content=\"893\" \/>\n\t<meta property=\"og:image:height\" content=\"675\" \/>\n\t<meta property=\"og:image:type\" content=\"image\/jpeg\" \/>\n<meta name=\"author\" content=\"comunicazione\" \/>\n<meta name=\"twitter:card\" content=\"summary_large_image\" \/>\n<meta name=\"twitter:label1\" content=\"Scritto da\" \/>\n\t<meta name=\"twitter:data1\" content=\"comunicazione\" \/>\n\t<meta name=\"twitter:label2\" content=\"Tempo di lettura stimato\" \/>\n\t<meta name=\"twitter:data2\" content=\"1 minuto\" \/>\n<script type=\"application\/ld+json\" class=\"yoast-schema-graph\">{\"@context\":\"https:\/\/schema.org\",\"@graph\":[{\"@type\":\"WebPage\",\"@id\":\"https:\/\/euricse.eu\/it\/euricse-ospita-lassemblea-generale-del-progetto-wiseshift\/\",\"url\":\"https:\/\/euricse.eu\/it\/euricse-ospita-lassemblea-generale-del-progetto-wiseshift\/\",\"name\":\"EURICSE ospita l\u2019Assemblea Generale del progetto WISESHIFT - Euricse\",\"isPartOf\":{\"@id\":\"https:\/\/euricse.eu\/en\/#website\"},\"primaryImageOfPage\":{\"@id\":\"https:\/\/euricse.eu\/it\/euricse-ospita-lassemblea-generale-del-progetto-wiseshift\/#primaryimage\"},\"image\":{\"@id\":\"https:\/\/euricse.eu\/it\/euricse-ospita-lassemblea-generale-del-progetto-wiseshift\/#primaryimage\"},\"thumbnailUrl\":\"https:\/\/euricse.eu\/wp-content\/uploads\/2026\/01\/Wiseshift_euricse.jpg\",\"datePublished\":\"2026-01-27T09:24:52+00:00\",\"dateModified\":\"2026-02-01T19:17:50+00:00\",\"author\":{\"@id\":\"https:\/\/euricse.eu\/en\/#\/schema\/person\/a6fb65fc189d71297f81c1e7bad30b9b\"},\"description\":\"Mercoled\u00ec 21 e gioved\u00ec 22 gennaio si \u00e8 riunita a Trento, ospitata da EURICSE, l\u2019Assemblea Generale del progetto WISESHIFT, iniziativa sostenuta dalla Commissione Europea e dedicata al rafforzamento delle imprese sociali di inclusione lavorativa come motori di transizioni inclusive e sostenibili.\",\"breadcrumb\":{\"@id\":\"https:\/\/euricse.eu\/it\/euricse-ospita-lassemblea-generale-del-progetto-wiseshift\/#breadcrumb\"},\"inLanguage\":\"it-IT\",\"potentialAction\":[{\"@type\":\"ReadAction\",\"target\":[\"https:\/\/euricse.eu\/it\/euricse-ospita-lassemblea-generale-del-progetto-wiseshift\/\"]}]},{\"@type\":\"ImageObject\",\"inLanguage\":\"it-IT\",\"@id\":\"https:\/\/euricse.eu\/it\/euricse-ospita-lassemblea-generale-del-progetto-wiseshift\/#primaryimage\",\"url\":\"https:\/\/euricse.eu\/wp-content\/uploads\/2026\/01\/Wiseshift_euricse.jpg\",\"contentUrl\":\"https:\/\/euricse.eu\/wp-content\/uploads\/2026\/01\/Wiseshift_euricse.jpg\",\"width\":893,\"height\":675},{\"@type\":\"BreadcrumbList\",\"@id\":\"https:\/\/euricse.eu\/it\/euricse-ospita-lassemblea-generale-del-progetto-wiseshift\/#breadcrumb\",\"itemListElement\":[{\"@type\":\"ListItem\",\"position\":1,\"name\":\"Home\",\"item\":\"https:\/\/euricse.eu\/it\/\"},{\"@type\":\"ListItem\",\"position\":2,\"name\":\"EURICSE ospita l\u2019Assemblea Generale del progetto WISESHIFT\"}]},{\"@type\":\"WebSite\",\"@id\":\"https:\/\/euricse.eu\/en\/#website\",\"url\":\"https:\/\/euricse.eu\/en\/\",\"name\":\"Euricse\",\"description\":\"Knowledge and innovation for cooperative and social enterprises.\",\"potentialAction\":[{\"@type\":\"SearchAction\",\"target\":{\"@type\":\"EntryPoint\",\"urlTemplate\":\"https:\/\/euricse.eu\/en\/?s={search_term_string}\"},\"query-input\":{\"@type\":\"PropertyValueSpecification\",\"valueRequired\":true,\"valueName\":\"search_term_string\"}}],\"inLanguage\":\"it-IT\"},{\"@type\":\"Person\",\"@id\":\"https:\/\/euricse.eu\/en\/#\/schema\/person\/a6fb65fc189d71297f81c1e7bad30b9b\",\"name\":\"comunicazione\",\"image\":{\"@type\":\"ImageObject\",\"inLanguage\":\"it-IT\",\"@id\":\"https:\/\/euricse.eu\/en\/#\/schema\/person\/image\/\",\"url\":\"https:\/\/secure.gravatar.com\/avatar\/7ac8e85cb1bd3ac912e2d8be2823f83faf319f680b909bfda1cb0b8239c97a6e?s=96&d=mm&r=g\",\"contentUrl\":\"https:\/\/secure.gravatar.com\/avatar\/7ac8e85cb1bd3ac912e2d8be2823f83faf319f680b909bfda1cb0b8239c97a6e?s=96&d=mm&r=g\",\"caption\":\"comunicazione\"},\"url\":\"https:\/\/euricse.eu\/it\/author\/comunicazione\/\"}]}<\/script>\n<!-- \/ Yoast SEO plugin. -->","yoast_head_json":{"title":"EURICSE ospita l\u2019Assemblea Generale del progetto WISESHIFT - Euricse","description":"Mercoled\u00ec 21 e gioved\u00ec 22 gennaio si \u00e8 riunita a Trento, ospitata da EURICSE, l\u2019Assemblea Generale del progetto WISESHIFT, iniziativa sostenuta dalla Commissione Europea e dedicata al rafforzamento delle imprese sociali di inclusione lavorativa come motori di transizioni inclusive e sostenibili.","robots":{"index":"index","follow":"follow","max-snippet":"max-snippet:-1","max-image-preview":"max-image-preview:large","max-video-preview":"max-video-preview:-1"},"canonical":"https:\/\/euricse.eu\/it\/euricse-ospita-lassemblea-generale-del-progetto-wiseshift\/","og_locale":"it_IT","og_type":"article","og_title":"EURICSE ospita l\u2019Assemblea Generale del progetto WISESHIFT - Euricse","og_description":"Mercoled\u00ec 21 e gioved\u00ec 22 gennaio si \u00e8 riunita a Trento, ospitata da EURICSE, l\u2019Assemblea Generale del progetto WISESHIFT, iniziativa sostenuta dalla Commissione Europea e dedicata al rafforzamento delle imprese sociali di inclusione lavorativa come motori di transizioni inclusive e sostenibili.","og_url":"https:\/\/euricse.eu\/it\/euricse-ospita-lassemblea-generale-del-progetto-wiseshift\/","og_site_name":"Euricse","article_published_time":"2026-01-27T09:24:52+00:00","article_modified_time":"2026-02-01T19:17:50+00:00","og_image":[{"width":893,"height":675,"url":"https:\/\/euricse.eu\/wp-content\/uploads\/2026\/01\/Wiseshift_euricse.jpg","type":"image\/jpeg"}],"author":"comunicazione","twitter_card":"summary_large_image","twitter_misc":{"Scritto da":"comunicazione","Tempo di lettura stimato":"1 minuto"},"schema":{"@context":"https:\/\/schema.org","@graph":[{"@type":"WebPage","@id":"https:\/\/euricse.eu\/it\/euricse-ospita-lassemblea-generale-del-progetto-wiseshift\/","url":"https:\/\/euricse.eu\/it\/euricse-ospita-lassemblea-generale-del-progetto-wiseshift\/","name":"EURICSE ospita l\u2019Assemblea Generale del progetto WISESHIFT - Euricse","isPartOf":{"@id":"https:\/\/euricse.eu\/en\/#website"},"primaryImageOfPage":{"@id":"https:\/\/euricse.eu\/it\/euricse-ospita-lassemblea-generale-del-progetto-wiseshift\/#primaryimage"},"image":{"@id":"https:\/\/euricse.eu\/it\/euricse-ospita-lassemblea-generale-del-progetto-wiseshift\/#primaryimage"},"thumbnailUrl":"https:\/\/euricse.eu\/wp-content\/uploads\/2026\/01\/Wiseshift_euricse.jpg","datePublished":"2026-01-27T09:24:52+00:00","dateModified":"2026-02-01T19:17:50+00:00","author":{"@id":"https:\/\/euricse.eu\/en\/#\/schema\/person\/a6fb65fc189d71297f81c1e7bad30b9b"},"description":"Mercoled\u00ec 21 e gioved\u00ec 22 gennaio si \u00e8 riunita a Trento, ospitata da EURICSE, l\u2019Assemblea Generale del progetto WISESHIFT, iniziativa sostenuta dalla Commissione Europea e dedicata al rafforzamento delle imprese sociali di inclusione lavorativa come motori di transizioni inclusive e sostenibili.","breadcrumb":{"@id":"https:\/\/euricse.eu\/it\/euricse-ospita-lassemblea-generale-del-progetto-wiseshift\/#breadcrumb"},"inLanguage":"it-IT","potentialAction":[{"@type":"ReadAction","target":["https:\/\/euricse.eu\/it\/euricse-ospita-lassemblea-generale-del-progetto-wiseshift\/"]}]},{"@type":"ImageObject","inLanguage":"it-IT","@id":"https:\/\/euricse.eu\/it\/euricse-ospita-lassemblea-generale-del-progetto-wiseshift\/#primaryimage","url":"https:\/\/euricse.eu\/wp-content\/uploads\/2026\/01\/Wiseshift_euricse.jpg","contentUrl":"https:\/\/euricse.eu\/wp-content\/uploads\/2026\/01\/Wiseshift_euricse.jpg","width":893,"height":675},{"@type":"BreadcrumbList","@id":"https:\/\/euricse.eu\/it\/euricse-ospita-lassemblea-generale-del-progetto-wiseshift\/#breadcrumb","itemListElement":[{"@type":"ListItem","position":1,"name":"Home","item":"https:\/\/euricse.eu\/it\/"},{"@type":"ListItem","position":2,"name":"EURICSE ospita l\u2019Assemblea Generale del progetto WISESHIFT"}]},{"@type":"WebSite","@id":"https:\/\/euricse.eu\/en\/#website","url":"https:\/\/euricse.eu\/en\/","name":"Euricse","description":"Knowledge and innovation for cooperative and social enterprises.","potentialAction":[{"@type":"SearchAction","target":{"@type":"EntryPoint","urlTemplate":"https:\/\/euricse.eu\/en\/?s={search_term_string}"},"query-input":{"@type":"PropertyValueSpecification","valueRequired":true,"valueName":"search_term_string"}}],"inLanguage":"it-IT"},{"@type":"Person","@id":"https:\/\/euricse.eu\/en\/#\/schema\/person\/a6fb65fc189d71297f81c1e7bad30b9b","name":"comunicazione","image":{"@type":"ImageObject","inLanguage":"it-IT","@id":"https:\/\/euricse.eu\/en\/#\/schema\/person\/image\/","url":"https:\/\/secure.gravatar.com\/avatar\/7ac8e85cb1bd3ac912e2d8be2823f83faf319f680b909bfda1cb0b8239c97a6e?s=96&d=mm&r=g","contentUrl":"https:\/\/secure.gravatar.com\/avatar\/7ac8e85cb1bd3ac912e2d8be2823f83faf319f680b909bfda1cb0b8239c97a6e?s=96&d=mm&r=g","caption":"comunicazione"},"url":"https:\/\/euricse.eu\/it\/author\/comunicazione\/"}]}},"_links":{"self":[{"href":"https:\/\/euricse.eu\/it\/wp-json\/wp\/v2\/posts\/29205","targetHints":{"allow":["GET"]}}],"collection":[{"href":"https:\/\/euricse.eu\/it\/wp-json\/wp\/v2\/posts"}],"about":[{"href":"https:\/\/euricse.eu\/it\/wp-json\/wp\/v2\/types\/post"}],"author":[{"embeddable":true,"href":"https:\/\/euricse.eu\/it\/wp-json\/wp\/v2\/users\/35"}],"replies":[{"embeddable":true,"href":"https:\/\/euricse.eu\/it\/wp-json\/wp\/v2\/comments?post=29205"}],"version-history":[{"count":1,"href":"https:\/\/euricse.eu\/it\/wp-json\/wp\/v2\/posts\/29205\/revisions"}],"predecessor-version":[{"id":29317,"href":"https:\/\/euricse.eu\/it\/wp-json\/wp\/v2\/posts\/29205\/revisions\/29317"}],"wp:featuredmedia":[{"embeddable":true,"href":"https:\/\/euricse.eu\/it\/wp-json\/wp\/v2\/media\/29217"}],"wp:attachment":[{"href":"https:\/\/euricse.eu\/it\/wp-json\/wp\/v2\/media?parent=29205"}],"wp:term":[{"taxonomy":"category","embeddable":true,"href":"https:\/\/euricse.eu\/it\/wp-json\/wp\/v2\/categories?post=29205"},{"taxonomy":"post_tag","embeddable":true,"href":"https:\/\/euricse.eu\/it\/wp-json\/wp\/v2\/tags?post=29205"}],"curies":[{"name":"wp","href":"https:\/\/api.w.org\/{rel}","templated":true}]}}