{"id":29234,"date":"2026-01-01T20:00:22","date_gmt":"2026-01-01T20:00:22","guid":{"rendered":"https:\/\/euricse.eu\/?p=29234"},"modified":"2026-02-01T20:42:44","modified_gmt":"2026-02-01T20:42:44","slug":"a-trento-workshop-sulle-cer-e-sviluppo-locale","status":"publish","type":"post","link":"https:\/\/euricse.eu\/it\/a-trento-workshop-sulle-cer-e-sviluppo-locale\/","title":{"rendered":"Strategie per l\u2019accompagnamento e il consolidamento delle CER"},"content":{"rendered":"<p>Il <strong>12 febbraio<\/strong> a Trento (<strong>dalle ore 9 alle 13.30<\/strong>), organizzato da <strong>EURICSE<\/strong> e <strong>Federazione Trentina della Cooperazione<\/strong>, si terr\u00e0 un <strong>workshop dedicato a persone e organizzazioni pubbliche e private impegnate nello sviluppo delle Comunit\u00e0 Energetiche Rinnovabili (CER).<\/strong><\/p>\n<p>L\u2019incontro, in presenza presso la <strong>Piazza inCooperazione<\/strong> (in via Segantini, sar\u00e0 un\u2019occasione di confronto su sfide, opportunit\u00e0 e strategie per rafforzare le CER esistenti e favorire nuove iniziative.<\/p>\n<p>Dopo un\u2019introduzione di EURICSE con la presentazione dei risultati della ricerca <em data-end=\"544\" data-start=\"481\">\u201cComunit\u00e0 Energetiche e nuove opportunit\u00e0 di sviluppo locale\u201d<\/em>, e un momento di approfondimento dedicato al ruolo e alle potenzialit\u00e0 degli attori pubblici e privati nel sostegno alle CER, il workshop proseguir\u00e0 con tre <strong>tavoli di lavoro partecipativi aperti<\/strong> a cittadini, enti pubblici e privati, organizzazioni del Terzo settore e della societ\u00e0 civile.<\/p>\n<p><strong>Il programma \u00e8 in via di definizione.\u00a0<\/strong>Chi fosse interessato a partecipare pu\u00f2\u00a0<a href=\"https:\/\/forms.gle\/wQpzPRGJVXBHxh6R6\" target=\"_blank\" rel=\"noopener\" data-cke-saved-href=\"https:\/\/forms.gle\/wQpzPRGJVXBHxh6R6\">iscriv<\/a><a href=\"https:\/\/forms.gle\/wQpzPRGJVXBHxh6R6\" target=\"_blank\" rel=\"noopener\" data-cke-saved-href=\"https:\/\/forms.gle\/wQpzPRGJVXBHxh6R6\">ersi qui<\/a>.<\/p>\n","protected":false},"excerpt":{"rendered":"<p>Il 12 febbraio a Trento organizzato da EURICSE e da Federazione Trentina della Cooperazione, si terr\u00e0 un un workshop dedicato a persone e organizzazioni pubbliche e private impegnate nello sviluppo delle Comunit\u00e0 Energetiche Rinnovabili (CER). L&#8217;evento \u00e8 in presenza dalle 9 alle 13.30. Iscriviti per partecipare. <\/p>\n","protected":false},"author":32,"featured_media":29235,"comment_status":"closed","ping_status":"closed","sticky":false,"template":"","format":"standard","meta":{"_acf_changed":false,"episode_type":"","audio_file":"","cover_image":"","cover_image_id":"","duration":"","filesize":"","date_recorded":"","explicit":"","block":"","itunes_episode_number":"","itunes_title":"","itunes_season_number":"","itunes_episode_type":"","filesize_raw":"","footnotes":""},"categories":[17],"tags":[1428,2330],"class_list":["post-29234","post","type-post","status-publish","format-standard","has-post-thumbnail","hentry","category-news-it","tag-comunita-energetiche-rinnovabili","tag-cer"],"acf":[],"yoast_head":"<!-- This site is optimized with the Yoast SEO plugin v26.1.1 - https:\/\/yoast.com\/wordpress\/plugins\/seo\/ -->\n<title>Strategie per l\u2019accompagnamento e il consolidamento delle CER - Euricse<\/title>\n<meta name=\"robots\" content=\"index, follow, max-snippet:-1, max-image-preview:large, max-video-preview:-1\" \/>\n<link rel=\"canonical\" href=\"https:\/\/euricse.eu\/it\/a-trento-workshop-sulle-cer-e-sviluppo-locale\/\" \/>\n<meta property=\"og:locale\" content=\"it_IT\" \/>\n<meta property=\"og:type\" content=\"article\" \/>\n<meta property=\"og:title\" content=\"Strategie per l\u2019accompagnamento e il consolidamento delle CER - Euricse\" \/>\n<meta property=\"og:description\" content=\"Il 12 febbraio a Trento organizzato da EURICSE e da Federazione Trentina della Cooperazione, si terr\u00e0 un un workshop dedicato a persone e organizzazioni pubbliche e private impegnate nello sviluppo delle Comunit\u00e0 Energetiche Rinnovabili (CER). L&#039;evento \u00e8 in presenza dalle 9 alle 13.30. Iscriviti per partecipare.\" \/>\n<meta property=\"og:url\" content=\"https:\/\/euricse.eu\/it\/a-trento-workshop-sulle-cer-e-sviluppo-locale\/\" \/>\n<meta property=\"og:site_name\" content=\"Euricse\" \/>\n<meta property=\"article:published_time\" content=\"2026-01-01T20:00:22+00:00\" \/>\n<meta property=\"article:modified_time\" content=\"2026-02-01T20:42:44+00:00\" \/>\n<meta property=\"og:image\" content=\"https:\/\/euricse.eu\/wp-content\/uploads\/2026\/01\/energy-saving-6148442_1280.jpg\" \/>\n\t<meta property=\"og:image:width\" content=\"1280\" \/>\n\t<meta property=\"og:image:height\" content=\"853\" \/>\n\t<meta property=\"og:image:type\" content=\"image\/jpeg\" \/>\n<meta name=\"author\" content=\"Silvia\" \/>\n<meta name=\"twitter:card\" content=\"summary_large_image\" \/>\n<meta name=\"twitter:label1\" content=\"Scritto da\" \/>\n\t<meta name=\"twitter:data1\" content=\"Silvia\" \/>\n\t<meta name=\"twitter:label2\" content=\"Tempo di lettura stimato\" \/>\n\t<meta name=\"twitter:data2\" content=\"1 minuto\" \/>\n<script type=\"application\/ld+json\" class=\"yoast-schema-graph\">{\"@context\":\"https:\/\/schema.org\",\"@graph\":[{\"@type\":\"WebPage\",\"@id\":\"https:\/\/euricse.eu\/it\/a-trento-workshop-sulle-cer-e-sviluppo-locale\/\",\"url\":\"https:\/\/euricse.eu\/it\/a-trento-workshop-sulle-cer-e-sviluppo-locale\/\",\"name\":\"Strategie per l\u2019accompagnamento e il consolidamento delle CER - Euricse\",\"isPartOf\":{\"@id\":\"https:\/\/euricse.eu\/en\/#website\"},\"primaryImageOfPage\":{\"@id\":\"https:\/\/euricse.eu\/it\/a-trento-workshop-sulle-cer-e-sviluppo-locale\/#primaryimage\"},\"image\":{\"@id\":\"https:\/\/euricse.eu\/it\/a-trento-workshop-sulle-cer-e-sviluppo-locale\/#primaryimage\"},\"thumbnailUrl\":\"https:\/\/euricse.eu\/wp-content\/uploads\/2026\/01\/energy-saving-6148442_1280.jpg\",\"datePublished\":\"2026-01-01T20:00:22+00:00\",\"dateModified\":\"2026-02-01T20:42:44+00:00\",\"author\":{\"@id\":\"https:\/\/euricse.eu\/en\/#\/schema\/person\/a5b25693531e3458dfedff34c273ba14\"},\"breadcrumb\":{\"@id\":\"https:\/\/euricse.eu\/it\/a-trento-workshop-sulle-cer-e-sviluppo-locale\/#breadcrumb\"},\"inLanguage\":\"it-IT\",\"potentialAction\":[{\"@type\":\"ReadAction\",\"target\":[\"https:\/\/euricse.eu\/it\/a-trento-workshop-sulle-cer-e-sviluppo-locale\/\"]}]},{\"@type\":\"ImageObject\",\"inLanguage\":\"it-IT\",\"@id\":\"https:\/\/euricse.eu\/it\/a-trento-workshop-sulle-cer-e-sviluppo-locale\/#primaryimage\",\"url\":\"https:\/\/euricse.eu\/wp-content\/uploads\/2026\/01\/energy-saving-6148442_1280.jpg\",\"contentUrl\":\"https:\/\/euricse.eu\/wp-content\/uploads\/2026\/01\/energy-saving-6148442_1280.jpg\",\"width\":1280,\"height\":853},{\"@type\":\"BreadcrumbList\",\"@id\":\"https:\/\/euricse.eu\/it\/a-trento-workshop-sulle-cer-e-sviluppo-locale\/#breadcrumb\",\"itemListElement\":[{\"@type\":\"ListItem\",\"position\":1,\"name\":\"Home\",\"item\":\"https:\/\/euricse.eu\/it\/\"},{\"@type\":\"ListItem\",\"position\":2,\"name\":\"Strategie per l\u2019accompagnamento e il consolidamento delle CER\"}]},{\"@type\":\"WebSite\",\"@id\":\"https:\/\/euricse.eu\/en\/#website\",\"url\":\"https:\/\/euricse.eu\/en\/\",\"name\":\"Euricse\",\"description\":\"Knowledge and innovation for cooperative and social enterprises.\",\"potentialAction\":[{\"@type\":\"SearchAction\",\"target\":{\"@type\":\"EntryPoint\",\"urlTemplate\":\"https:\/\/euricse.eu\/en\/?s={search_term_string}\"},\"query-input\":{\"@type\":\"PropertyValueSpecification\",\"valueRequired\":true,\"valueName\":\"search_term_string\"}}],\"inLanguage\":\"it-IT\"},{\"@type\":\"Person\",\"@id\":\"https:\/\/euricse.eu\/en\/#\/schema\/person\/a5b25693531e3458dfedff34c273ba14\",\"name\":\"Silvia\",\"image\":{\"@type\":\"ImageObject\",\"inLanguage\":\"it-IT\",\"@id\":\"https:\/\/euricse.eu\/en\/#\/schema\/person\/image\/\",\"url\":\"https:\/\/secure.gravatar.com\/avatar\/3cef1082b65edc85f1a4c0caa7ce4808f397a517b7217eab6215fe435640f8f7?s=96&d=mm&r=g\",\"contentUrl\":\"https:\/\/secure.gravatar.com\/avatar\/3cef1082b65edc85f1a4c0caa7ce4808f397a517b7217eab6215fe435640f8f7?s=96&d=mm&r=g\",\"caption\":\"Silvia\"},\"url\":\"https:\/\/euricse.eu\/it\/author\/silvia\/\"}]}<\/script>\n<!-- \/ Yoast SEO plugin. -->","yoast_head_json":{"title":"Strategie per l\u2019accompagnamento e il consolidamento delle CER - Euricse","robots":{"index":"index","follow":"follow","max-snippet":"max-snippet:-1","max-image-preview":"max-image-preview:large","max-video-preview":"max-video-preview:-1"},"canonical":"https:\/\/euricse.eu\/it\/a-trento-workshop-sulle-cer-e-sviluppo-locale\/","og_locale":"it_IT","og_type":"article","og_title":"Strategie per l\u2019accompagnamento e il consolidamento delle CER - Euricse","og_description":"Il 12 febbraio a Trento organizzato da EURICSE e da Federazione Trentina della Cooperazione, si terr\u00e0 un un workshop dedicato a persone e organizzazioni pubbliche e private impegnate nello sviluppo delle Comunit\u00e0 Energetiche Rinnovabili (CER). L'evento \u00e8 in presenza dalle 9 alle 13.30. Iscriviti per partecipare.","og_url":"https:\/\/euricse.eu\/it\/a-trento-workshop-sulle-cer-e-sviluppo-locale\/","og_site_name":"Euricse","article_published_time":"2026-01-01T20:00:22+00:00","article_modified_time":"2026-02-01T20:42:44+00:00","og_image":[{"width":1280,"height":853,"url":"https:\/\/euricse.eu\/wp-content\/uploads\/2026\/01\/energy-saving-6148442_1280.jpg","type":"image\/jpeg"}],"author":"Silvia","twitter_card":"summary_large_image","twitter_misc":{"Scritto da":"Silvia","Tempo di lettura stimato":"1 minuto"},"schema":{"@context":"https:\/\/schema.org","@graph":[{"@type":"WebPage","@id":"https:\/\/euricse.eu\/it\/a-trento-workshop-sulle-cer-e-sviluppo-locale\/","url":"https:\/\/euricse.eu\/it\/a-trento-workshop-sulle-cer-e-sviluppo-locale\/","name":"Strategie per l\u2019accompagnamento e il consolidamento delle CER - Euricse","isPartOf":{"@id":"https:\/\/euricse.eu\/en\/#website"},"primaryImageOfPage":{"@id":"https:\/\/euricse.eu\/it\/a-trento-workshop-sulle-cer-e-sviluppo-locale\/#primaryimage"},"image":{"@id":"https:\/\/euricse.eu\/it\/a-trento-workshop-sulle-cer-e-sviluppo-locale\/#primaryimage"},"thumbnailUrl":"https:\/\/euricse.eu\/wp-content\/uploads\/2026\/01\/energy-saving-6148442_1280.jpg","datePublished":"2026-01-01T20:00:22+00:00","dateModified":"2026-02-01T20:42:44+00:00","author":{"@id":"https:\/\/euricse.eu\/en\/#\/schema\/person\/a5b25693531e3458dfedff34c273ba14"},"breadcrumb":{"@id":"https:\/\/euricse.eu\/it\/a-trento-workshop-sulle-cer-e-sviluppo-locale\/#breadcrumb"},"inLanguage":"it-IT","potentialAction":[{"@type":"ReadAction","target":["https:\/\/euricse.eu\/it\/a-trento-workshop-sulle-cer-e-sviluppo-locale\/"]}]},{"@type":"ImageObject","inLanguage":"it-IT","@id":"https:\/\/euricse.eu\/it\/a-trento-workshop-sulle-cer-e-sviluppo-locale\/#primaryimage","url":"https:\/\/euricse.eu\/wp-content\/uploads\/2026\/01\/energy-saving-6148442_1280.jpg","contentUrl":"https:\/\/euricse.eu\/wp-content\/uploads\/2026\/01\/energy-saving-6148442_1280.jpg","width":1280,"height":853},{"@type":"BreadcrumbList","@id":"https:\/\/euricse.eu\/it\/a-trento-workshop-sulle-cer-e-sviluppo-locale\/#breadcrumb","itemListElement":[{"@type":"ListItem","position":1,"name":"Home","item":"https:\/\/euricse.eu\/it\/"},{"@type":"ListItem","position":2,"name":"Strategie per l\u2019accompagnamento e il consolidamento delle CER"}]},{"@type":"WebSite","@id":"https:\/\/euricse.eu\/en\/#website","url":"https:\/\/euricse.eu\/en\/","name":"Euricse","description":"Knowledge and innovation for cooperative and social enterprises.","potentialAction":[{"@type":"SearchAction","target":{"@type":"EntryPoint","urlTemplate":"https:\/\/euricse.eu\/en\/?s={search_term_string}"},"query-input":{"@type":"PropertyValueSpecification","valueRequired":true,"valueName":"search_term_string"}}],"inLanguage":"it-IT"},{"@type":"Person","@id":"https:\/\/euricse.eu\/en\/#\/schema\/person\/a5b25693531e3458dfedff34c273ba14","name":"Silvia","image":{"@type":"ImageObject","inLanguage":"it-IT","@id":"https:\/\/euricse.eu\/en\/#\/schema\/person\/image\/","url":"https:\/\/secure.gravatar.com\/avatar\/3cef1082b65edc85f1a4c0caa7ce4808f397a517b7217eab6215fe435640f8f7?s=96&d=mm&r=g","contentUrl":"https:\/\/secure.gravatar.com\/avatar\/3cef1082b65edc85f1a4c0caa7ce4808f397a517b7217eab6215fe435640f8f7?s=96&d=mm&r=g","caption":"Silvia"},"url":"https:\/\/euricse.eu\/it\/author\/silvia\/"}]}},"_links":{"self":[{"href":"https:\/\/euricse.eu\/it\/wp-json\/wp\/v2\/posts\/29234","targetHints":{"allow":["GET"]}}],"collection":[{"href":"https:\/\/euricse.eu\/it\/wp-json\/wp\/v2\/posts"}],"about":[{"href":"https:\/\/euricse.eu\/it\/wp-json\/wp\/v2\/types\/post"}],"author":[{"embeddable":true,"href":"https:\/\/euricse.eu\/it\/wp-json\/wp\/v2\/users\/32"}],"replies":[{"embeddable":true,"href":"https:\/\/euricse.eu\/it\/wp-json\/wp\/v2\/comments?post=29234"}],"version-history":[{"count":2,"href":"https:\/\/euricse.eu\/it\/wp-json\/wp\/v2\/posts\/29234\/revisions"}],"predecessor-version":[{"id":29251,"href":"https:\/\/euricse.eu\/it\/wp-json\/wp\/v2\/posts\/29234\/revisions\/29251"}],"wp:featuredmedia":[{"embeddable":true,"href":"https:\/\/euricse.eu\/it\/wp-json\/wp\/v2\/media\/29235"}],"wp:attachment":[{"href":"https:\/\/euricse.eu\/it\/wp-json\/wp\/v2\/media?parent=29234"}],"wp:term":[{"taxonomy":"category","embeddable":true,"href":"https:\/\/euricse.eu\/it\/wp-json\/wp\/v2\/categories?post=29234"},{"taxonomy":"post_tag","embeddable":true,"href":"https:\/\/euricse.eu\/it\/wp-json\/wp\/v2\/tags?post=29234"}],"curies":[{"name":"wp","href":"https:\/\/api.w.org\/{rel}","templated":true}]}}