{"id":29551,"date":"2026-02-18T14:36:33","date_gmt":"2026-02-18T14:36:33","guid":{"rendered":"https:\/\/euricse.eu\/?p=29551"},"modified":"2026-02-26T13:31:28","modified_gmt":"2026-02-26T13:31:28","slug":"la-forza-della-diversita-delle-organizzazioni-e-delle-istituzioni-il-futuro-di-jeod-secondo-massimiliano-vatiero","status":"publish","type":"post","link":"https:\/\/euricse.eu\/it\/la-forza-della-diversita-delle-organizzazioni-e-delle-istituzioni-il-futuro-di-jeod-secondo-massimiliano-vatiero\/","title":{"rendered":"La forza della diversit\u00e0 delle organizzazioni e delle istituzioni: il futuro di JEOD secondo Massimiliano Vatiero"},"content":{"rendered":"<article class=\"text-token-text-primary w-full focus:outline-none [--shadow-height:45px] has-data-writing-block:pointer-events-none has-data-writing-block:-mt-(--shadow-height) has-data-writing-block:pt-(--shadow-height) [&amp;:has([data-writing-block])&gt;*]:pointer-events-auto scroll-mt-(--header-height)\" dir=\"auto\" tabindex=\"-1\" data-turn-id=\"11cfff52-9f5d-4782-b9d0-a9dbb737e0f3\" data-testid=\"conversation-turn-9\" data-scroll-anchor=\"false\" data-turn=\"user\"><\/article>\n<article class=\"text-token-text-primary w-full focus:outline-none [--shadow-height:45px] has-data-writing-block:pointer-events-none has-data-writing-block:-mt-(--shadow-height) has-data-writing-block:pt-(--shadow-height) [&amp;:has([data-writing-block])&gt;*]:pointer-events-auto scroll-mt-[calc(var(--header-height)+min(200px,max(70px,20svh)))]\" dir=\"auto\" tabindex=\"-1\" data-turn-id=\"request-WEB:13053fdc-cd1c-45ad-b6ce-8bd7e1e0e986-6\" data-testid=\"conversation-turn-10\" data-scroll-anchor=\"true\" data-turn=\"assistant\">\n<div class=\"text-base my-auto mx-auto pb-10 [--thread-content-margin:--spacing(4)] @w-sm\/main:[--thread-content-margin:--spacing(6)] @w-lg\/main:[--thread-content-margin:--spacing(16)] px-(--thread-content-margin)\">\n<div class=\"[--thread-content-max-width:40rem] @w-lg\/main:[--thread-content-max-width:48rem] mx-auto max-w-(--thread-content-max-width) flex-1 group\/turn-messages focus-visible:outline-hidden relative flex w-full min-w-0 flex-col agent-turn\" tabindex=\"-1\">\n<div class=\"flex max-w-full flex-col grow\">\n<div class=\"min-h-8 text-message relative flex w-full flex-col items-end gap-2 text-start break-words whitespace-normal [.text-message+&amp;]:mt-1\" dir=\"auto\" data-message-author-role=\"assistant\" data-message-id=\"5b02715f-23c7-4bb2-aae2-149ea8269ab2\" data-message-model-slug=\"gpt-5-2\">\n<div class=\"flex w-full flex-col gap-1 empty:hidden first:pt-[1px]\">\n<div class=\"markdown prose dark:prose-invert w-full wrap-break-word light markdown-new-styling\">\n<p data-start=\"512\" data-end=\"829\">In un tempo che rincorre soluzioni semplici e modelli unici, cosa significa difendere e rilanciare il valore della diversit\u00e0 come condizione di resilienza e innovazione? Da questo interrogativo prende forma una riflessione sull\u2019economia delle istituzioni, sul policentrismo e sulle traiettorie future della ricerca. Ne abbiamo discusso con <strong><span class=\"hover:entity-accent entity-underline inline cursor-pointer align-baseline\"><span class=\"whitespace-normal\">Massimiliano Vatiero<\/span><\/span><\/strong>, Editor-in-Chief di <span class=\"hover:entity-accent entity-underline inline cursor-pointer align-baseline\"><span class=\"whitespace-normal\"><a href=\"http:\/\/www.jeodonline.com\">JEOD<\/a> &#8211; <strong>Journal of Entrepreneurial and Organizational Diversity<\/strong><\/span><\/span>, la rivista scientifica pubblicata da <span class=\"hover:entity-accent entity-underline inline cursor-pointer align-baseline\"><span class=\"whitespace-normal\">EURICSE<\/span><\/span>, accreditata <span class=\"hover:entity-accent entity-underline inline cursor-pointer align-baseline\"><span class=\"whitespace-normal\">ANVUR<\/span><\/span> e indicizzata in <span class=\"hover:entity-accent entity-underline inline cursor-pointer align-baseline\"><span class=\"whitespace-normal\">Scopus<\/span><\/span>, che in questo articolo delinea la sua visione per il futuro del Journal. Un orientamento ispirato all\u2019eredit\u00e0 scientifica di <span class=\"hover:entity-accent entity-underline inline cursor-pointer align-baseline\"><span class=\"whitespace-normal\">Carlo Borzaga<\/span><\/span> e volto a rilanciare la centralit\u00e0 delle analisi dedicate alla diversit\u00e0 istituzionale e organizzativa. Ecco i principali spunti emersi dal nostro incontro.<\/p>\n<p data-start=\"1404\" data-end=\"1456\">\n<\/div>\n<\/div>\n<\/div>\n<\/div>\n<\/div>\n<\/div>\n<\/article>\n<p>Il percorso scientifico e accademico di Massimiliano Vatiero affonda le sue radici nell\u2019economia delle istituzioni e nel dialogo costante tra diritto ed economia. Un itinerario di ricerca maturato anche attraverso l\u2019incontro con Carlo Borzaga, tra i pi\u00f9 autorevoli studiosi di cooperazione ed economia sociale, nonch\u00e9 fondatore di EURICSE e della rivista JEOD. \u00abBorzaga non \u00e8 stato formalmente un mio professore\u00bb, racconta Vatiero, \u00abma abbiamo avuto modo di conoscerci, di leggerci e di stimarci; inoltre il clima intellettuale che ha contribuito a creare a Trento ha avuto un ruolo decisivo quando, nel 2018, ho scelto di rientrare in Italia dall\u2019Universit\u00e0 della Svizzera italiana. Qui ho trovato un ambiente attento ai temi che mi interessavano e un dialogo fecondo tra economisti, giuristi e sociologi\u00bb. Per Vatiero l\u2019economia delle istituzioni \u00e8 un terreno di incontro tra discipline diverse: \u00e8 lo studio delle regole, formali e informali, che permettono a una comunit\u00e0 di organizzarsi. \u00abLe istituzioni servono a ottimizzare l\u2019uso di risorse e mezzi per raggiungere fini sociali che emergono dal dibattito pubblico. Il compito dell\u2019economista \u00e8 verificare che le risorse non siano sprecate\u2014un valore assai rilevante in un mondo di scarsit\u00e0 naturali e non solo\u2014e comprendere come poter intervenire per consentirne un utilizzo pi\u00f9 efficiente\u00bb.<\/p>\n<p>&nbsp;<\/p>\n<blockquote>\n<h5 style=\"text-align: center;\">\u00a0\u00abNon esiste un assetto istituzionale ottimale sempre e ovunque: la diversit\u00e0 istituzionale rappresenta una risorsa preziosa\u00bb<\/h5>\n<p>&nbsp;<\/p><\/blockquote>\n<p>Questo sguardo ha inciso profondamente sulla visione che Vatiero intende imprimere al Journal of Entrepreneurial and Organizational Diversity (JEOD), di cui dal luglio 2025 ha assunto il ruolo di Editor-in-Chief. \u00abQuando mi \u00e8 stato proposto di assumere la direzione della rivista\u00bb, racconta, \u00abho cercato anzitutto di comprendere i valori fondativi e la missione voluti dal prof. Borzaga. Mi ha colpito soprattutto il termine \u201cdiversity\u201d nel titolo del <em>journal<\/em>: un richiamo esplicito alla diversit\u00e0 delle organizzazioni, delle istituzioni e delle forme di governo\u00bb. Non a caso, l\u2019<a href=\"https:\/\/jeodonline.com\/jeod_articles\/editorial-2\/\">editoriale<\/a> a sua firma pubblicato nell\u2019ultimo numero del 2025, insiste proprio sulla centralit\u00e0 delle analisi scientifiche sulla diversit\u00e0 delle forme organizzative, delle istituzioni e dei modelli di governance. \u00abNon esiste un assetto ottimale, sempre e ovunque\u00bb &#8211; osserva Vatiero &#8211; \u00abGli assetti istituzionali e organizzativi non sono un free lunch: comportano inevitabilmente sia costi di transazione sia trade-off (nel gergo economico) talvolta anche tra valori etici, che devono essere attentamente ponderati prima di scegliere quale soluzione adottare. \u00c8 proprio per questo che la pluralit\u00e0 e la diversit\u00e0 delle soluzioni istituzionali e organizzative rappresentano un vantaggio prezioso: ampliano la gamma delle opportunit\u00e0, tra cui una societ\u00e0 pu\u00f2 orientarsi consapevolmente e scegliere\u00bb. Questa prospettiva richiama il policentrismo teorizzato da Elinor Ostrom, prima donna insignita del Nobel per l\u2019Economia (ed ha anche fatto parte del comitato scientifico della rivista): sistemi di governance multilivello in cui diversi poli decisionali si coordinano senza contraddirsi l\u2019un con l\u2019altro. Il policentrismo significa che non vi sia un solo centro decisionale (come nelle forme di pianificazione statale), ma neppure che esistano esclusivamente relazioni anonime, frammentate e apparentemente anarchiche dal basso (come nel mercato); esso consiste piuttosto in una configurazione armonica tra autonomia locale, coordinamento orizzontale e verticale, regole formali e informali e dunque una distribuita ma effettiva capacit\u00e0 decisionale.<\/p>\n<p>&nbsp;<\/p>\n<blockquote>\n<h5 style=\"text-align: center;\">\u00abLa ricerca non dovrebbe essere esclusivamente induttiva, appiattita su metodi di analisi dei dati, n\u00e9 puramente deduttiva, chiusa in astrazioni teoriche. Occorre invece valorizzare il pensiero abduttivo\u00bb<\/h5>\n<p>&nbsp;<\/p><\/blockquote>\n<p>Per dare concretezza a questa visione, Vatiero richiama l\u2019esperienza storica delle Regole d\u2019Ampezzo (la cui Ciasa de Ra Regoles \u00e8 apparsa con particolare evidenza anche durante l\u2019inaugurazione delle Olimpiadi invernali Milano-Cortina), antiche forme di autogoverno comunitario fondate su propriet\u00e0 collettiva, regole condivise e controllo reciproco che per secoli hanno amministrato boschi e risorse locali. \u00ab\u00c8 un esempio classico di organizzazione policentrica: pi\u00f9 livelli decisionali che si integrano tra loro senza dipendere da un unico centro di comando, ma neppure affidarsi a relazioni anonime e deregolate\u00bb, osserva. \u00abEsperienze analoghe sopravvivono ancora oggi in Svizzera, nei patriziati, dove le comunit\u00e0 continuano a gestire legname, laghi, fiumi, vallate e altre risorse comuni\u00bb. Anche in Italia non mancano realt\u00e0 affini di gestione di beni comuni e usi civici: in Trentino le Regole di Spinale e Manez e la Magnifica Comunit\u00e0 di Fiemme; le Comunaglie umbre; le Vicinie in Lombardia e Veneto; ma anche la Partecipanza Agraria di Cento (Emilia-Romagna), esempio di gestione collettiva delle terre con finalit\u00e0 differenti rispetto ai contesti alpini ma fondata su principi comunitari analoghi.\u00a0 \u00abSi tratta di istituzioni particolarmente preziose ed esempi a cui ispirarsi ancora oggi, mentre emergono con chiarezza i limiti sia del mercato sia della centralizzazione pubblica nella gestione delle risorse naturali, e non solo\u00bb. Studiare queste organizzazioni policentriche, tuttavia, non \u00e8 semplice. Esse sfuggono a categorie \u201cpure\u201d: producono valore non soltanto economico ma anche relazionale, territoriale, ambientale. \u00abServono strumenti teorici pi\u00f9 ricchi e soprattutto micro e macro-dati migliori. Non basta descrivere: occorre coniugare evidenza empirica e solidit\u00e0 concettuale\u00bb.<\/p>\n<p>&nbsp;<\/p>\n<blockquote>\n<h5 style=\"text-align: center;\">\u00a0\u00abIl policentrismo pu\u00f2 mitigare i limiti sia del mercato sia della centralizzazione pubblica\u00bb<\/h5>\n<p>&nbsp;<\/p><\/blockquote>\n<p>Guardando ai prossimi anni, Vatiero immagina una rivista pi\u00f9 esigente sul piano metodologico: maggiore utilizzo di database originali e innovativi, valorizzazione di studi di caso approfonditi e attenzione alla logica abduttiva. \u00abL\u2019obiettivo \u00e8 rendere JEOD un punto di riferimento non solo valoriale, ma anche metodologico nel panorama delle riviste sull\u2019economia sociale. La teoria deve guidare l\u2019evidenza empirica; le domande di ricerca devono essere rilevanti per il nostro tempo; la narrazione deve essere capace di invogliare e guidare la lettura; le predizioni teoriche devono essere solide e le metodologie empiriche robuste per testarle. E serve un confronto continuo interdisciplinare e multidisciplinare per formulare raccomandazioni pi\u00f9 efficaci ai decisori pubblici o privati\u00bb.<\/p>\n<p>Un altro pilastro della rivista \u00e8 la piena accessibilit\u00e0 gratuit\u00e0 dei suoi contenuti. \u00abLa conoscenza scientifica deve rimanere libera e accessibile. JEOD sin dalla sua nascita ha fatto una scelta forte: diffondere gratuitamente studi e ricerche che siano utili non soltanto alla comunit\u00e0 scientifica, ma anche a chi opera nelle comunit\u00e0, nelle cooperative e nelle amministrazioni pubbliche. La posta in gioco non riguarda soltanto l\u2019organizzazione economica, ma il modo in cui le societ\u00e0 democratiche scelgono di governarsi\u00bb.<\/p>\n<p>Al termine dell\u2019intervista emerge un filo rosso: l\u2019idea che le istituzioni siano organismi vivi e in evoluzione, plurali e profondamente radicati nei territori. In un tempo che tende a cercare soluzioni semplici e modelli unici, la sfida \u00e8 riconoscere nella complessit\u00e0 della diversit\u00e0 un valore. \u00abEsistono comunit\u00e0 capaci di organizzarsi efficacemente in modi differenti. Il compito di JEOD \u00e8 raccontare, comprendere e dunque valorizzare questa ricchezza per metterla a disposizione di tutti\u00bb, conclude Massimiliano Vatiero.<\/p>\n<p>&nbsp;<\/p>\n<p>Sul tema delle economia delle istituzioni, Vatiero ha pubblicato una monografia: <a href=\"https:\/\/www.routledge.com\/The-Theory-of-Transaction-in-Institutional-Economics-A-History\/Vatiero\/p\/book\/9780367530303\">Vatiero, Massimiliano. 2021. <em>A Theory of Transaction in Institutional Economics<\/em>. London: Routledge.<\/a><\/p>\n<p>&nbsp;<\/p>\n","protected":false},"excerpt":{"rendered":"<p>Economia delle istituzioni, policentrismo e futuro della ricerca: Massimiliano Vatiero, Editor-in-Chief di JEOD, la rivista scientifica pubblicata da EURICSE, accreditata ANVUR e indicizzata in Scopus, delinea la sua visione sul futuro del Journal ispirandosi all\u2019eredit\u00e0 di Carlo Borzaga e rilanciando la centralit\u00e0 delle analisi su diversit\u00e0 istituzionale e organizzativa.<\/p>\n","protected":false},"author":32,"featured_media":29563,"comment_status":"closed","ping_status":"closed","sticky":false,"template":"","format":"standard","meta":{"_acf_changed":false,"episode_type":"","audio_file":"","cover_image":"","cover_image_id":"","duration":"","filesize":"","date_recorded":"","explicit":"","block":"","itunes_episode_number":"","itunes_title":"","itunes_season_number":"","itunes_episode_type":"","filesize_raw":"","footnotes":""},"categories":[17],"tags":[446,2308],"class_list":["post-29551","post","type-post","status-publish","format-standard","has-post-thumbnail","hentry","category-news-it","tag-jeod-it","tag-massimiliano-vatiero"],"acf":[],"yoast_head":"<!-- This site is optimized with the Yoast SEO plugin v26.1.1 - https:\/\/yoast.com\/wordpress\/plugins\/seo\/ -->\n<title>La forza della diversit\u00e0 delle organizzazioni e delle istituzioni: il futuro di JEOD secondo Massimiliano Vatiero - Euricse<\/title>\n<meta name=\"robots\" content=\"index, follow, max-snippet:-1, max-image-preview:large, max-video-preview:-1\" \/>\n<link rel=\"canonical\" href=\"https:\/\/euricse.eu\/it\/la-forza-della-diversita-delle-organizzazioni-e-delle-istituzioni-il-futuro-di-jeod-secondo-massimiliano-vatiero\/\" \/>\n<meta property=\"og:locale\" content=\"it_IT\" \/>\n<meta property=\"og:type\" content=\"article\" \/>\n<meta property=\"og:title\" content=\"La forza della diversit\u00e0 delle organizzazioni e delle istituzioni: il futuro di JEOD secondo Massimiliano Vatiero - Euricse\" \/>\n<meta property=\"og:description\" content=\"Economia delle istituzioni, policentrismo e futuro della ricerca: Massimiliano Vatiero, Editor-in-Chief di JEOD, la rivista scientifica pubblicata da EURICSE, accreditata ANVUR e indicizzata in Scopus, delinea la sua visione sul futuro del Journal ispirandosi all\u2019eredit\u00e0 di Carlo Borzaga e rilanciando la centralit\u00e0 delle analisi su diversit\u00e0 istituzionale e organizzativa.\" \/>\n<meta property=\"og:url\" content=\"https:\/\/euricse.eu\/it\/la-forza-della-diversita-delle-organizzazioni-e-delle-istituzioni-il-futuro-di-jeod-secondo-massimiliano-vatiero\/\" \/>\n<meta property=\"og:site_name\" content=\"Euricse\" \/>\n<meta property=\"article:published_time\" content=\"2026-02-18T14:36:33+00:00\" \/>\n<meta property=\"article:modified_time\" content=\"2026-02-26T13:31:28+00:00\" \/>\n<meta property=\"og:image\" content=\"https:\/\/euricse.eu\/wp-content\/uploads\/2026\/02\/Massimiliano-Vatiero-03.jpg\" \/>\n\t<meta property=\"og:image:width\" content=\"1600\" \/>\n\t<meta property=\"og:image:height\" content=\"908\" \/>\n\t<meta property=\"og:image:type\" content=\"image\/jpeg\" \/>\n<meta name=\"author\" content=\"Silvia\" \/>\n<meta name=\"twitter:card\" content=\"summary_large_image\" \/>\n<meta name=\"twitter:label1\" content=\"Scritto da\" \/>\n\t<meta name=\"twitter:data1\" content=\"Silvia\" \/>\n\t<meta name=\"twitter:label2\" content=\"Tempo di lettura stimato\" \/>\n\t<meta name=\"twitter:data2\" content=\"7 minuti\" \/>\n<script type=\"application\/ld+json\" class=\"yoast-schema-graph\">{\"@context\":\"https:\/\/schema.org\",\"@graph\":[{\"@type\":\"WebPage\",\"@id\":\"https:\/\/euricse.eu\/it\/la-forza-della-diversita-delle-organizzazioni-e-delle-istituzioni-il-futuro-di-jeod-secondo-massimiliano-vatiero\/\",\"url\":\"https:\/\/euricse.eu\/it\/la-forza-della-diversita-delle-organizzazioni-e-delle-istituzioni-il-futuro-di-jeod-secondo-massimiliano-vatiero\/\",\"name\":\"La forza della diversit\u00e0 delle organizzazioni e delle istituzioni: il futuro di JEOD secondo Massimiliano Vatiero - Euricse\",\"isPartOf\":{\"@id\":\"https:\/\/euricse.eu\/en\/#website\"},\"primaryImageOfPage\":{\"@id\":\"https:\/\/euricse.eu\/it\/la-forza-della-diversita-delle-organizzazioni-e-delle-istituzioni-il-futuro-di-jeod-secondo-massimiliano-vatiero\/#primaryimage\"},\"image\":{\"@id\":\"https:\/\/euricse.eu\/it\/la-forza-della-diversita-delle-organizzazioni-e-delle-istituzioni-il-futuro-di-jeod-secondo-massimiliano-vatiero\/#primaryimage\"},\"thumbnailUrl\":\"https:\/\/euricse.eu\/wp-content\/uploads\/2026\/02\/Massimiliano-Vatiero-03.jpg\",\"datePublished\":\"2026-02-18T14:36:33+00:00\",\"dateModified\":\"2026-02-26T13:31:28+00:00\",\"author\":{\"@id\":\"https:\/\/euricse.eu\/en\/#\/schema\/person\/a5b25693531e3458dfedff34c273ba14\"},\"breadcrumb\":{\"@id\":\"https:\/\/euricse.eu\/it\/la-forza-della-diversita-delle-organizzazioni-e-delle-istituzioni-il-futuro-di-jeod-secondo-massimiliano-vatiero\/#breadcrumb\"},\"inLanguage\":\"it-IT\",\"potentialAction\":[{\"@type\":\"ReadAction\",\"target\":[\"https:\/\/euricse.eu\/it\/la-forza-della-diversita-delle-organizzazioni-e-delle-istituzioni-il-futuro-di-jeod-secondo-massimiliano-vatiero\/\"]}]},{\"@type\":\"ImageObject\",\"inLanguage\":\"it-IT\",\"@id\":\"https:\/\/euricse.eu\/it\/la-forza-della-diversita-delle-organizzazioni-e-delle-istituzioni-il-futuro-di-jeod-secondo-massimiliano-vatiero\/#primaryimage\",\"url\":\"https:\/\/euricse.eu\/wp-content\/uploads\/2026\/02\/Massimiliano-Vatiero-03.jpg\",\"contentUrl\":\"https:\/\/euricse.eu\/wp-content\/uploads\/2026\/02\/Massimiliano-Vatiero-03.jpg\",\"width\":1600,\"height\":908},{\"@type\":\"BreadcrumbList\",\"@id\":\"https:\/\/euricse.eu\/it\/la-forza-della-diversita-delle-organizzazioni-e-delle-istituzioni-il-futuro-di-jeod-secondo-massimiliano-vatiero\/#breadcrumb\",\"itemListElement\":[{\"@type\":\"ListItem\",\"position\":1,\"name\":\"Home\",\"item\":\"https:\/\/euricse.eu\/it\/\"},{\"@type\":\"ListItem\",\"position\":2,\"name\":\"La forza della diversit\u00e0 delle organizzazioni e delle istituzioni: il futuro di JEOD secondo Massimiliano Vatiero\"}]},{\"@type\":\"WebSite\",\"@id\":\"https:\/\/euricse.eu\/en\/#website\",\"url\":\"https:\/\/euricse.eu\/en\/\",\"name\":\"Euricse\",\"description\":\"Knowledge and innovation for cooperative and social enterprises.\",\"potentialAction\":[{\"@type\":\"SearchAction\",\"target\":{\"@type\":\"EntryPoint\",\"urlTemplate\":\"https:\/\/euricse.eu\/en\/?s={search_term_string}\"},\"query-input\":{\"@type\":\"PropertyValueSpecification\",\"valueRequired\":true,\"valueName\":\"search_term_string\"}}],\"inLanguage\":\"it-IT\"},{\"@type\":\"Person\",\"@id\":\"https:\/\/euricse.eu\/en\/#\/schema\/person\/a5b25693531e3458dfedff34c273ba14\",\"name\":\"Silvia\",\"image\":{\"@type\":\"ImageObject\",\"inLanguage\":\"it-IT\",\"@id\":\"https:\/\/euricse.eu\/en\/#\/schema\/person\/image\/\",\"url\":\"https:\/\/secure.gravatar.com\/avatar\/3cef1082b65edc85f1a4c0caa7ce4808f397a517b7217eab6215fe435640f8f7?s=96&d=mm&r=g\",\"contentUrl\":\"https:\/\/secure.gravatar.com\/avatar\/3cef1082b65edc85f1a4c0caa7ce4808f397a517b7217eab6215fe435640f8f7?s=96&d=mm&r=g\",\"caption\":\"Silvia\"},\"url\":\"https:\/\/euricse.eu\/it\/author\/silvia\/\"}]}<\/script>\n<!-- \/ Yoast SEO plugin. -->","yoast_head_json":{"title":"La forza della diversit\u00e0 delle organizzazioni e delle istituzioni: il futuro di JEOD secondo Massimiliano Vatiero - Euricse","robots":{"index":"index","follow":"follow","max-snippet":"max-snippet:-1","max-image-preview":"max-image-preview:large","max-video-preview":"max-video-preview:-1"},"canonical":"https:\/\/euricse.eu\/it\/la-forza-della-diversita-delle-organizzazioni-e-delle-istituzioni-il-futuro-di-jeod-secondo-massimiliano-vatiero\/","og_locale":"it_IT","og_type":"article","og_title":"La forza della diversit\u00e0 delle organizzazioni e delle istituzioni: il futuro di JEOD secondo Massimiliano Vatiero - Euricse","og_description":"Economia delle istituzioni, policentrismo e futuro della ricerca: Massimiliano Vatiero, Editor-in-Chief di JEOD, la rivista scientifica pubblicata da EURICSE, accreditata ANVUR e indicizzata in Scopus, delinea la sua visione sul futuro del Journal ispirandosi all\u2019eredit\u00e0 di Carlo Borzaga e rilanciando la centralit\u00e0 delle analisi su diversit\u00e0 istituzionale e organizzativa.","og_url":"https:\/\/euricse.eu\/it\/la-forza-della-diversita-delle-organizzazioni-e-delle-istituzioni-il-futuro-di-jeod-secondo-massimiliano-vatiero\/","og_site_name":"Euricse","article_published_time":"2026-02-18T14:36:33+00:00","article_modified_time":"2026-02-26T13:31:28+00:00","og_image":[{"width":1600,"height":908,"url":"https:\/\/euricse.eu\/wp-content\/uploads\/2026\/02\/Massimiliano-Vatiero-03.jpg","type":"image\/jpeg"}],"author":"Silvia","twitter_card":"summary_large_image","twitter_misc":{"Scritto da":"Silvia","Tempo di lettura stimato":"7 minuti"},"schema":{"@context":"https:\/\/schema.org","@graph":[{"@type":"WebPage","@id":"https:\/\/euricse.eu\/it\/la-forza-della-diversita-delle-organizzazioni-e-delle-istituzioni-il-futuro-di-jeod-secondo-massimiliano-vatiero\/","url":"https:\/\/euricse.eu\/it\/la-forza-della-diversita-delle-organizzazioni-e-delle-istituzioni-il-futuro-di-jeod-secondo-massimiliano-vatiero\/","name":"La forza della diversit\u00e0 delle organizzazioni e delle istituzioni: il futuro di JEOD secondo Massimiliano Vatiero - Euricse","isPartOf":{"@id":"https:\/\/euricse.eu\/en\/#website"},"primaryImageOfPage":{"@id":"https:\/\/euricse.eu\/it\/la-forza-della-diversita-delle-organizzazioni-e-delle-istituzioni-il-futuro-di-jeod-secondo-massimiliano-vatiero\/#primaryimage"},"image":{"@id":"https:\/\/euricse.eu\/it\/la-forza-della-diversita-delle-organizzazioni-e-delle-istituzioni-il-futuro-di-jeod-secondo-massimiliano-vatiero\/#primaryimage"},"thumbnailUrl":"https:\/\/euricse.eu\/wp-content\/uploads\/2026\/02\/Massimiliano-Vatiero-03.jpg","datePublished":"2026-02-18T14:36:33+00:00","dateModified":"2026-02-26T13:31:28+00:00","author":{"@id":"https:\/\/euricse.eu\/en\/#\/schema\/person\/a5b25693531e3458dfedff34c273ba14"},"breadcrumb":{"@id":"https:\/\/euricse.eu\/it\/la-forza-della-diversita-delle-organizzazioni-e-delle-istituzioni-il-futuro-di-jeod-secondo-massimiliano-vatiero\/#breadcrumb"},"inLanguage":"it-IT","potentialAction":[{"@type":"ReadAction","target":["https:\/\/euricse.eu\/it\/la-forza-della-diversita-delle-organizzazioni-e-delle-istituzioni-il-futuro-di-jeod-secondo-massimiliano-vatiero\/"]}]},{"@type":"ImageObject","inLanguage":"it-IT","@id":"https:\/\/euricse.eu\/it\/la-forza-della-diversita-delle-organizzazioni-e-delle-istituzioni-il-futuro-di-jeod-secondo-massimiliano-vatiero\/#primaryimage","url":"https:\/\/euricse.eu\/wp-content\/uploads\/2026\/02\/Massimiliano-Vatiero-03.jpg","contentUrl":"https:\/\/euricse.eu\/wp-content\/uploads\/2026\/02\/Massimiliano-Vatiero-03.jpg","width":1600,"height":908},{"@type":"BreadcrumbList","@id":"https:\/\/euricse.eu\/it\/la-forza-della-diversita-delle-organizzazioni-e-delle-istituzioni-il-futuro-di-jeod-secondo-massimiliano-vatiero\/#breadcrumb","itemListElement":[{"@type":"ListItem","position":1,"name":"Home","item":"https:\/\/euricse.eu\/it\/"},{"@type":"ListItem","position":2,"name":"La forza della diversit\u00e0 delle organizzazioni e delle istituzioni: il futuro di JEOD secondo Massimiliano Vatiero"}]},{"@type":"WebSite","@id":"https:\/\/euricse.eu\/en\/#website","url":"https:\/\/euricse.eu\/en\/","name":"Euricse","description":"Knowledge and innovation for cooperative and social enterprises.","potentialAction":[{"@type":"SearchAction","target":{"@type":"EntryPoint","urlTemplate":"https:\/\/euricse.eu\/en\/?s={search_term_string}"},"query-input":{"@type":"PropertyValueSpecification","valueRequired":true,"valueName":"search_term_string"}}],"inLanguage":"it-IT"},{"@type":"Person","@id":"https:\/\/euricse.eu\/en\/#\/schema\/person\/a5b25693531e3458dfedff34c273ba14","name":"Silvia","image":{"@type":"ImageObject","inLanguage":"it-IT","@id":"https:\/\/euricse.eu\/en\/#\/schema\/person\/image\/","url":"https:\/\/secure.gravatar.com\/avatar\/3cef1082b65edc85f1a4c0caa7ce4808f397a517b7217eab6215fe435640f8f7?s=96&d=mm&r=g","contentUrl":"https:\/\/secure.gravatar.com\/avatar\/3cef1082b65edc85f1a4c0caa7ce4808f397a517b7217eab6215fe435640f8f7?s=96&d=mm&r=g","caption":"Silvia"},"url":"https:\/\/euricse.eu\/it\/author\/silvia\/"}]}},"_links":{"self":[{"href":"https:\/\/euricse.eu\/it\/wp-json\/wp\/v2\/posts\/29551","targetHints":{"allow":["GET"]}}],"collection":[{"href":"https:\/\/euricse.eu\/it\/wp-json\/wp\/v2\/posts"}],"about":[{"href":"https:\/\/euricse.eu\/it\/wp-json\/wp\/v2\/types\/post"}],"author":[{"embeddable":true,"href":"https:\/\/euricse.eu\/it\/wp-json\/wp\/v2\/users\/32"}],"replies":[{"embeddable":true,"href":"https:\/\/euricse.eu\/it\/wp-json\/wp\/v2\/comments?post=29551"}],"version-history":[{"count":2,"href":"https:\/\/euricse.eu\/it\/wp-json\/wp\/v2\/posts\/29551\/revisions"}],"predecessor-version":[{"id":29659,"href":"https:\/\/euricse.eu\/it\/wp-json\/wp\/v2\/posts\/29551\/revisions\/29659"}],"wp:featuredmedia":[{"embeddable":true,"href":"https:\/\/euricse.eu\/it\/wp-json\/wp\/v2\/media\/29563"}],"wp:attachment":[{"href":"https:\/\/euricse.eu\/it\/wp-json\/wp\/v2\/media?parent=29551"}],"wp:term":[{"taxonomy":"category","embeddable":true,"href":"https:\/\/euricse.eu\/it\/wp-json\/wp\/v2\/categories?post=29551"},{"taxonomy":"post_tag","embeddable":true,"href":"https:\/\/euricse.eu\/it\/wp-json\/wp\/v2\/tags?post=29551"}],"curies":[{"name":"wp","href":"https:\/\/api.w.org\/{rel}","templated":true}]}}