{"id":29701,"date":"2026-03-02T08:52:16","date_gmt":"2026-03-02T08:52:16","guid":{"rendered":"https:\/\/euricse.eu\/?p=29701"},"modified":"2026-03-02T08:52:16","modified_gmt":"2026-03-02T08:52:16","slug":"master-gis-30esima-edizione-ai-blocchi-di-partenza","status":"publish","type":"post","link":"https:\/\/euricse.eu\/it\/master-gis-30esima-edizione-ai-blocchi-di-partenza\/","title":{"rendered":"Master GIS: 30esima edizione ai blocchi di partenza"},"content":{"rendered":"<p><strong>Venerd\u00ec 6 marzo<\/strong>\u00a0parte\u00a0la nuova edizione del\u00a0<strong>Master in Gestione di Imprese Sociali<\/strong>, promosso da\u00a0<strong>EURICSE\u00a0<\/strong>e dall\u2019<strong>Universit\u00e0 degli Studi di Trento<\/strong>, con il supporto di<strong>\u00a0Fondazione Caritro<\/strong>. Un percorso formativo caratterizzato da lezioni online e una formula flessibile, ideale anche per chi \u00e8 gi\u00e0 impegnato nel mondo del lavoro.<br \/>\nAnche quest\u2019anno la variet\u00e0 dei profili dei partecipanti conferma la crescente attrattivit\u00e0 di questa opportunit\u00e0 formativa, che rappresenta un trampolino di lancio per chi desidera costruire una carriera nel settore delle imprese sociali.<br \/>\n<a href=\"https:\/\/euricse.us2.list-manage.com\/track\/click?u=1c9965065e22b72afa91c6488&amp;id=c870eef2ae&amp;e=aeab996f16\" target=\"_blank\" rel=\"noopener\" data-saferedirecturl=\"https:\/\/www.google.com\/url?q=https:\/\/euricse.us2.list-manage.com\/track\/click?u%3D1c9965065e22b72afa91c6488%26id%3Dc870eef2ae%26e%3Daeab996f16&amp;source=gmail&amp;ust=1772523963033000&amp;usg=AOvVaw0tmc5O4qpXyu4FGslszZcv\">www.mastergis.eu<\/a><\/p>\n","protected":false},"excerpt":{"rendered":"<p>Venerd\u00ec 6 marzo\u00a0parte\u00a0la nuova edizione del\u00a0Master in Gestione di Imprese Sociali, il corso post-universitario che forma i futuri manager delle imprese sociali, promosso da\u00a0EURICSE\u00a0e dall\u2019Universit\u00e0 degli Studi di Trento, con il supporto di\u00a0Fondazione Caritro.<\/p>\n","protected":false},"author":35,"featured_media":29702,"comment_status":"closed","ping_status":"closed","sticky":false,"template":"","format":"standard","meta":{"_acf_changed":false,"episode_type":"","audio_file":"","cover_image":"","cover_image_id":"","duration":"","filesize":"","date_recorded":"","explicit":"","block":"","itunes_episode_number":"","itunes_title":"","itunes_season_number":"","itunes_episode_type":"","filesize_raw":"","footnotes":""},"categories":[17],"tags":[111,651,952,1329,2343],"class_list":["post-29701","post","type-post","status-publish","format-standard","has-post-thumbnail","hentry","category-news-it","tag-imprese-sociali","tag-euricse","tag-fondazione-caritro","tag-master-in-gestione-di-imprese-sociali","tag-universita-degli-studi-di-trento"],"acf":[],"yoast_head":"<!-- This site is optimized with the Yoast SEO plugin v26.1.1 - https:\/\/yoast.com\/wordpress\/plugins\/seo\/ -->\n<title>Master GIS: 30esima edizione ai blocchi di partenza - Euricse<\/title>\n<meta name=\"description\" content=\"Venerd\u00ec 6 marzo\u00a0parte\u00a0la nuova edizione del\u00a0Master in Gestione di Imprese Sociali, il corso post-universitario che forma i futuri manager delle imprese sociali, promosso da\u00a0EURICSE\u00a0e dall\u2019Universit\u00e0 degli Studi di Trento, con il supporto di\u00a0Fondazione Caritro.\" \/>\n<meta name=\"robots\" content=\"index, follow, max-snippet:-1, max-image-preview:large, max-video-preview:-1\" \/>\n<link rel=\"canonical\" href=\"https:\/\/euricse.eu\/it\/master-gis-30esima-edizione-ai-blocchi-di-partenza\/\" \/>\n<meta property=\"og:locale\" content=\"it_IT\" \/>\n<meta property=\"og:type\" content=\"article\" \/>\n<meta property=\"og:title\" content=\"Master GIS: 30esima edizione ai blocchi di partenza - Euricse\" \/>\n<meta property=\"og:description\" content=\"Venerd\u00ec 6 marzo\u00a0parte\u00a0la nuova edizione del\u00a0Master in Gestione di Imprese Sociali, il corso post-universitario che forma i futuri manager delle imprese sociali, promosso da\u00a0EURICSE\u00a0e dall\u2019Universit\u00e0 degli Studi di Trento, con il supporto di\u00a0Fondazione Caritro.\" \/>\n<meta property=\"og:url\" content=\"https:\/\/euricse.eu\/it\/master-gis-30esima-edizione-ai-blocchi-di-partenza\/\" \/>\n<meta property=\"og:site_name\" content=\"Euricse\" \/>\n<meta property=\"article:published_time\" content=\"2026-03-02T08:52:16+00:00\" \/>\n<meta property=\"og:image\" content=\"https:\/\/euricse.eu\/wp-content\/uploads\/2026\/03\/unnamed-23.png\" \/>\n\t<meta property=\"og:image:width\" content=\"791\" \/>\n\t<meta property=\"og:image:height\" content=\"869\" \/>\n\t<meta property=\"og:image:type\" content=\"image\/png\" \/>\n<meta name=\"author\" content=\"comunicazione\" \/>\n<meta name=\"twitter:card\" content=\"summary_large_image\" \/>\n<meta name=\"twitter:label1\" content=\"Scritto da\" \/>\n\t<meta name=\"twitter:data1\" content=\"comunicazione\" \/>\n\t<meta name=\"twitter:label2\" content=\"Tempo di lettura stimato\" \/>\n\t<meta name=\"twitter:data2\" content=\"1 minuto\" \/>\n<script type=\"application\/ld+json\" class=\"yoast-schema-graph\">{\"@context\":\"https:\/\/schema.org\",\"@graph\":[{\"@type\":\"WebPage\",\"@id\":\"https:\/\/euricse.eu\/it\/master-gis-30esima-edizione-ai-blocchi-di-partenza\/\",\"url\":\"https:\/\/euricse.eu\/it\/master-gis-30esima-edizione-ai-blocchi-di-partenza\/\",\"name\":\"Master GIS: 30esima edizione ai blocchi di partenza - Euricse\",\"isPartOf\":{\"@id\":\"https:\/\/euricse.eu\/en\/#website\"},\"primaryImageOfPage\":{\"@id\":\"https:\/\/euricse.eu\/it\/master-gis-30esima-edizione-ai-blocchi-di-partenza\/#primaryimage\"},\"image\":{\"@id\":\"https:\/\/euricse.eu\/it\/master-gis-30esima-edizione-ai-blocchi-di-partenza\/#primaryimage\"},\"thumbnailUrl\":\"https:\/\/euricse.eu\/wp-content\/uploads\/2026\/03\/unnamed-23.png\",\"datePublished\":\"2026-03-02T08:52:16+00:00\",\"author\":{\"@id\":\"https:\/\/euricse.eu\/en\/#\/schema\/person\/a6fb65fc189d71297f81c1e7bad30b9b\"},\"description\":\"Venerd\u00ec 6 marzo\u00a0parte\u00a0la nuova edizione del\u00a0Master in Gestione di Imprese Sociali, il corso post-universitario che forma i futuri manager delle imprese sociali, promosso da\u00a0EURICSE\u00a0e dall\u2019Universit\u00e0 degli Studi di Trento, con il supporto di\u00a0Fondazione Caritro.\",\"breadcrumb\":{\"@id\":\"https:\/\/euricse.eu\/it\/master-gis-30esima-edizione-ai-blocchi-di-partenza\/#breadcrumb\"},\"inLanguage\":\"it-IT\",\"potentialAction\":[{\"@type\":\"ReadAction\",\"target\":[\"https:\/\/euricse.eu\/it\/master-gis-30esima-edizione-ai-blocchi-di-partenza\/\"]}]},{\"@type\":\"ImageObject\",\"inLanguage\":\"it-IT\",\"@id\":\"https:\/\/euricse.eu\/it\/master-gis-30esima-edizione-ai-blocchi-di-partenza\/#primaryimage\",\"url\":\"https:\/\/euricse.eu\/wp-content\/uploads\/2026\/03\/unnamed-23.png\",\"contentUrl\":\"https:\/\/euricse.eu\/wp-content\/uploads\/2026\/03\/unnamed-23.png\",\"width\":791,\"height\":869},{\"@type\":\"BreadcrumbList\",\"@id\":\"https:\/\/euricse.eu\/it\/master-gis-30esima-edizione-ai-blocchi-di-partenza\/#breadcrumb\",\"itemListElement\":[{\"@type\":\"ListItem\",\"position\":1,\"name\":\"Home\",\"item\":\"https:\/\/euricse.eu\/it\/\"},{\"@type\":\"ListItem\",\"position\":2,\"name\":\"Master GIS: 30esima edizione ai blocchi di partenza\"}]},{\"@type\":\"WebSite\",\"@id\":\"https:\/\/euricse.eu\/en\/#website\",\"url\":\"https:\/\/euricse.eu\/en\/\",\"name\":\"Euricse\",\"description\":\"Knowledge and innovation for cooperative and social enterprises.\",\"potentialAction\":[{\"@type\":\"SearchAction\",\"target\":{\"@type\":\"EntryPoint\",\"urlTemplate\":\"https:\/\/euricse.eu\/en\/?s={search_term_string}\"},\"query-input\":{\"@type\":\"PropertyValueSpecification\",\"valueRequired\":true,\"valueName\":\"search_term_string\"}}],\"inLanguage\":\"it-IT\"},{\"@type\":\"Person\",\"@id\":\"https:\/\/euricse.eu\/en\/#\/schema\/person\/a6fb65fc189d71297f81c1e7bad30b9b\",\"name\":\"comunicazione\",\"image\":{\"@type\":\"ImageObject\",\"inLanguage\":\"it-IT\",\"@id\":\"https:\/\/euricse.eu\/en\/#\/schema\/person\/image\/\",\"url\":\"https:\/\/secure.gravatar.com\/avatar\/7ac8e85cb1bd3ac912e2d8be2823f83faf319f680b909bfda1cb0b8239c97a6e?s=96&d=mm&r=g\",\"contentUrl\":\"https:\/\/secure.gravatar.com\/avatar\/7ac8e85cb1bd3ac912e2d8be2823f83faf319f680b909bfda1cb0b8239c97a6e?s=96&d=mm&r=g\",\"caption\":\"comunicazione\"},\"url\":\"https:\/\/euricse.eu\/it\/author\/comunicazione\/\"}]}<\/script>\n<!-- \/ Yoast SEO plugin. -->","yoast_head_json":{"title":"Master GIS: 30esima edizione ai blocchi di partenza - Euricse","description":"Venerd\u00ec 6 marzo\u00a0parte\u00a0la nuova edizione del\u00a0Master in Gestione di Imprese Sociali, il corso post-universitario che forma i futuri manager delle imprese sociali, promosso da\u00a0EURICSE\u00a0e dall\u2019Universit\u00e0 degli Studi di Trento, con il supporto di\u00a0Fondazione Caritro.","robots":{"index":"index","follow":"follow","max-snippet":"max-snippet:-1","max-image-preview":"max-image-preview:large","max-video-preview":"max-video-preview:-1"},"canonical":"https:\/\/euricse.eu\/it\/master-gis-30esima-edizione-ai-blocchi-di-partenza\/","og_locale":"it_IT","og_type":"article","og_title":"Master GIS: 30esima edizione ai blocchi di partenza - Euricse","og_description":"Venerd\u00ec 6 marzo\u00a0parte\u00a0la nuova edizione del\u00a0Master in Gestione di Imprese Sociali, il corso post-universitario che forma i futuri manager delle imprese sociali, promosso da\u00a0EURICSE\u00a0e dall\u2019Universit\u00e0 degli Studi di Trento, con il supporto di\u00a0Fondazione Caritro.","og_url":"https:\/\/euricse.eu\/it\/master-gis-30esima-edizione-ai-blocchi-di-partenza\/","og_site_name":"Euricse","article_published_time":"2026-03-02T08:52:16+00:00","og_image":[{"width":791,"height":869,"url":"https:\/\/euricse.eu\/wp-content\/uploads\/2026\/03\/unnamed-23.png","type":"image\/png"}],"author":"comunicazione","twitter_card":"summary_large_image","twitter_misc":{"Scritto da":"comunicazione","Tempo di lettura stimato":"1 minuto"},"schema":{"@context":"https:\/\/schema.org","@graph":[{"@type":"WebPage","@id":"https:\/\/euricse.eu\/it\/master-gis-30esima-edizione-ai-blocchi-di-partenza\/","url":"https:\/\/euricse.eu\/it\/master-gis-30esima-edizione-ai-blocchi-di-partenza\/","name":"Master GIS: 30esima edizione ai blocchi di partenza - Euricse","isPartOf":{"@id":"https:\/\/euricse.eu\/en\/#website"},"primaryImageOfPage":{"@id":"https:\/\/euricse.eu\/it\/master-gis-30esima-edizione-ai-blocchi-di-partenza\/#primaryimage"},"image":{"@id":"https:\/\/euricse.eu\/it\/master-gis-30esima-edizione-ai-blocchi-di-partenza\/#primaryimage"},"thumbnailUrl":"https:\/\/euricse.eu\/wp-content\/uploads\/2026\/03\/unnamed-23.png","datePublished":"2026-03-02T08:52:16+00:00","author":{"@id":"https:\/\/euricse.eu\/en\/#\/schema\/person\/a6fb65fc189d71297f81c1e7bad30b9b"},"description":"Venerd\u00ec 6 marzo\u00a0parte\u00a0la nuova edizione del\u00a0Master in Gestione di Imprese Sociali, il corso post-universitario che forma i futuri manager delle imprese sociali, promosso da\u00a0EURICSE\u00a0e dall\u2019Universit\u00e0 degli Studi di Trento, con il supporto di\u00a0Fondazione Caritro.","breadcrumb":{"@id":"https:\/\/euricse.eu\/it\/master-gis-30esima-edizione-ai-blocchi-di-partenza\/#breadcrumb"},"inLanguage":"it-IT","potentialAction":[{"@type":"ReadAction","target":["https:\/\/euricse.eu\/it\/master-gis-30esima-edizione-ai-blocchi-di-partenza\/"]}]},{"@type":"ImageObject","inLanguage":"it-IT","@id":"https:\/\/euricse.eu\/it\/master-gis-30esima-edizione-ai-blocchi-di-partenza\/#primaryimage","url":"https:\/\/euricse.eu\/wp-content\/uploads\/2026\/03\/unnamed-23.png","contentUrl":"https:\/\/euricse.eu\/wp-content\/uploads\/2026\/03\/unnamed-23.png","width":791,"height":869},{"@type":"BreadcrumbList","@id":"https:\/\/euricse.eu\/it\/master-gis-30esima-edizione-ai-blocchi-di-partenza\/#breadcrumb","itemListElement":[{"@type":"ListItem","position":1,"name":"Home","item":"https:\/\/euricse.eu\/it\/"},{"@type":"ListItem","position":2,"name":"Master GIS: 30esima edizione ai blocchi di partenza"}]},{"@type":"WebSite","@id":"https:\/\/euricse.eu\/en\/#website","url":"https:\/\/euricse.eu\/en\/","name":"Euricse","description":"Knowledge and innovation for cooperative and social enterprises.","potentialAction":[{"@type":"SearchAction","target":{"@type":"EntryPoint","urlTemplate":"https:\/\/euricse.eu\/en\/?s={search_term_string}"},"query-input":{"@type":"PropertyValueSpecification","valueRequired":true,"valueName":"search_term_string"}}],"inLanguage":"it-IT"},{"@type":"Person","@id":"https:\/\/euricse.eu\/en\/#\/schema\/person\/a6fb65fc189d71297f81c1e7bad30b9b","name":"comunicazione","image":{"@type":"ImageObject","inLanguage":"it-IT","@id":"https:\/\/euricse.eu\/en\/#\/schema\/person\/image\/","url":"https:\/\/secure.gravatar.com\/avatar\/7ac8e85cb1bd3ac912e2d8be2823f83faf319f680b909bfda1cb0b8239c97a6e?s=96&d=mm&r=g","contentUrl":"https:\/\/secure.gravatar.com\/avatar\/7ac8e85cb1bd3ac912e2d8be2823f83faf319f680b909bfda1cb0b8239c97a6e?s=96&d=mm&r=g","caption":"comunicazione"},"url":"https:\/\/euricse.eu\/it\/author\/comunicazione\/"}]}},"_links":{"self":[{"href":"https:\/\/euricse.eu\/it\/wp-json\/wp\/v2\/posts\/29701","targetHints":{"allow":["GET"]}}],"collection":[{"href":"https:\/\/euricse.eu\/it\/wp-json\/wp\/v2\/posts"}],"about":[{"href":"https:\/\/euricse.eu\/it\/wp-json\/wp\/v2\/types\/post"}],"author":[{"embeddable":true,"href":"https:\/\/euricse.eu\/it\/wp-json\/wp\/v2\/users\/35"}],"replies":[{"embeddable":true,"href":"https:\/\/euricse.eu\/it\/wp-json\/wp\/v2\/comments?post=29701"}],"version-history":[{"count":1,"href":"https:\/\/euricse.eu\/it\/wp-json\/wp\/v2\/posts\/29701\/revisions"}],"predecessor-version":[{"id":29704,"href":"https:\/\/euricse.eu\/it\/wp-json\/wp\/v2\/posts\/29701\/revisions\/29704"}],"wp:featuredmedia":[{"embeddable":true,"href":"https:\/\/euricse.eu\/it\/wp-json\/wp\/v2\/media\/29702"}],"wp:attachment":[{"href":"https:\/\/euricse.eu\/it\/wp-json\/wp\/v2\/media?parent=29701"}],"wp:term":[{"taxonomy":"category","embeddable":true,"href":"https:\/\/euricse.eu\/it\/wp-json\/wp\/v2\/categories?post=29701"},{"taxonomy":"post_tag","embeddable":true,"href":"https:\/\/euricse.eu\/it\/wp-json\/wp\/v2\/tags?post=29701"}],"curies":[{"name":"wp","href":"https:\/\/api.w.org\/{rel}","templated":true}]}}