{"id":30059,"date":"2026-04-20T13:09:28","date_gmt":"2026-04-20T12:09:28","guid":{"rendered":"https:\/\/euricse.eu\/?p=30059"},"modified":"2026-04-28T16:21:55","modified_gmt":"2026-04-28T15:21:55","slug":"sieg-e-telemedicina-modelli-per-garantire-servizi-essenziali-nelle-aree-rurali-e-interne","status":"publish","type":"post","link":"https:\/\/euricse.eu\/it\/sieg-e-telemedicina-modelli-per-garantire-servizi-essenziali-nelle-aree-rurali-e-interne\/","title":{"rendered":"SIEG e telemedicina: modelli per garantire servizi essenziali nelle aree rurali e interne"},"content":{"rendered":"<p>Come garantire l\u2019accesso ai servizi essenziali nelle aree rurali e interne? A questa domanda sar\u00e0 dedicato il webinar online \u201c<strong>SIEG e telemedicina: modelli organizzativi per garantire servizi essenziali nelle aree rurali<\/strong>\u201d in programma <strong>gioved\u00ec 7 maggio 2026, dalle 14:30 alle 16:30. <\/strong><\/p>\n<p data-start=\"283\" data-end=\"630\">L\u2019evento, organizzato da\u00a0<a href=\"https:\/\/euricse.eu\/it\/\">EURICSE<\/a>,\u00a0<a href=\"https:\/\/www.cooperazionetrentina.it\/it\">Federazione Trentina della Cooperazione (FTC)<\/a>\u00a0e\u00a0<a href=\"https:\/\/borghiinrete.it\/\">Borghi IN Rete\u00a0<\/a>nell\u2019ambito del progetto\u00a0<a href=\"https:\/\/www.esira.eu\/?lang=it\">ESIRA \u2013 Enhancing Social Innovation in Rural Areas<\/a>, finanziato dalla Commissione Europea attraverso il programma Horizon Europe, propone un confronto su strumenti normativi, modelli organizzativi ed esperienze territoriali.<\/p>\n<p data-start=\"632\" data-end=\"1026\">L\u2019attenzione sar\u00e0 rivolta in particolare ai <strong>Servizi di Interesse Economico Generale (SIEG)<\/strong> e alle applicazioni della <strong>telemedicina nelle aree interne<\/strong>, a partire da casi concreti come le <strong>cooperative di montagna del Trentino<\/strong> e l\u2019esperienza del <strong>Comune di Calascio in Abruzzo<\/strong>. L\u2019obiettivo \u00e8 mettere in luce sostenibilit\u00e0, criticit\u00e0 e potenzialit\u00e0 di replicazione di tali modelli nei contesti rurali.<\/p>\n<p>La partecipazione \u00e8 su piattaforma Zoom ma \u00e8 la registrazione preventiva al webinar <a href=\"https:\/\/docs.google.com\/forms\/d\/e\/1FAIpQLScCowqbBhjCrbOrulJQ9KVXPenVvPuVbYvEx9GSsO-Ve7hcSA\/viewform?usp=sharing&amp;ouid=108205735290748978806\">tramite questo link.<\/a><\/p>\n<p>&nbsp;<\/p>\n<hr \/>\n<div class=\"flex max-w-full flex-col gap-4 grow\">\n<div class=\"min-h-8 text-message relative flex w-full flex-col items-end gap-2 text-start break-words whitespace-normal outline-none keyboard-focused:focus-ring [.text-message+&amp;]:mt-1\" dir=\"auto\" tabindex=\"0\" data-message-author-role=\"assistant\" data-message-id=\"5cee6ff7-9f10-4995-a725-b2f835b0e619\" data-message-model-slug=\"gpt-5-3-mini\" data-turn-start-message=\"true\">\n<div class=\"flex w-full flex-col gap-1 empty:hidden\">\n<div class=\"markdown prose dark:prose-invert w-full wrap-break-word light markdown-new-styling\">\n<p data-start=\"0\" data-end=\"108\" data-is-last-node=\"\" data-is-only-node=\"\">Per partecipare \u00e8 necessario prendere visione della seguente informativa sul trattamento dei dati personali.<\/p>\n<\/div>\n<\/div>\n<\/div>\n<\/div>\n<div class=\"z-0 flex min-h-[46px] justify-start\"><\/div>\n<p><strong>Nota informativa sul trattamento dei dati personali<\/strong><\/p>\n<p><strong>Introduzione<\/strong><\/p>\n<p>Siete invitati a partecipare al progetto ESIRA, finanziato dalla Commissione Europea nell\u2019ambito del programma Horizon Europe. ESIRA mira a rafforzare l\u2019innovazione sociale e lo sviluppo inclusivo nelle comunit\u00e0 rurali attraverso la co-progettazione di piattaforme multi-attore (Multi-Actor Platforms \u2013 MAPs), attivit\u00e0 di capacity building e iniziative pilota concrete. Il vostro contributo, in qualit\u00e0 di attori locali, \u00e8 fondamentale per progettare e implementare soluzioni che rispondano ai bisogni reali del vostro territorio.<\/p>\n<p><strong>Finalit\u00e0 della ricerca<\/strong><\/p>\n<p>Gli obiettivi principali del progetto ESIRA sono:<\/p>\n<ul>\n<li>facilitare la co-creazione di modelli sostenibili di innovazione sociale nelle aree rurali;<\/li>\n<li>promuovere la collaborazione tra enti locali, organizzazioni non profit, cooperative, imprese sociali e cittadini;<\/li>\n<li>produrre linee guida e strumenti operativi per decisori politici e professionisti, al fine di scalare le iniziative di successo.<\/li>\n<\/ul>\n<p><strong>Partecipazione volontaria e recesso<\/strong><\/p>\n<p>La partecipazione \u00e8 completamente volontaria. \u00c8 possibile ritirare il proprio consenso in qualsiasi momento, senza obbligo di motivazione e senza alcuna conseguenza. In caso di recesso, i dati raccolti fino a quel momento potranno essere utilizzati in forma anonimizzata.<\/p>\n<p><strong>Rischi e possibili disagi<\/strong><\/p>\n<p>La partecipazione al progetto comporta rischi minimi. Alcuni temi trattati potrebbero richiedere riflessioni su esperienze personali o risultare sensibili. \u00c8 sempre possibile scegliere di non rispondere a domande ritenute non appropriate.<\/p>\n<p><strong>Benefici<\/strong><\/p>\n<p>La partecipazione non prevede benefici economici diretti, ma contribuir\u00e0 a:<\/p>\n<ul>\n<li>sviluppare strategie di innovazione sociale;<\/li>\n<li>migliorare i servizi locali;<\/li>\n<li>rafforzare la resilienza delle comunit\u00e0 rurali.<\/li>\n<\/ul>\n<p>I partecipanti riceveranno inoltre sintesi dei risultati del progetto e raccomandazioni di policy.<\/p>\n<p><strong>Riservatezza e protezione dei dati<\/strong><\/p>\n<p>Tutte le informazioni raccolte saranno trattate in modo riservato, in conformit\u00e0 con il Regolamento generale sulla protezione dei dati (GDPR \u2013 UE 2016\/679). I dati saranno pseudonimizzati o anonimizzati prima dell\u2019analisi. Solo il personale autorizzato avr\u00e0 accesso ai dati identificativi, conservati su server sicuri e criptati. I risultati saranno pubblicati esclusivamente in forma aggregata.<\/p>\n<p><strong>Utilizzo e condivisione dei dati<\/strong><\/p>\n<p>I dati pseudonimizzati potranno essere condivisi tra i partner del progetto esclusivamente per finalit\u00e0 di ricerca, tramite piattaforme sicure. I dati non saranno utilizzati per finalit\u00e0 commerciali. Al termine del progetto saranno archiviati per un periodo limitato e successivamente eliminati.<\/p>\n<p><strong>Conservazione dei dati<\/strong><\/p>\n<p>Tutti i dati raccolti nell\u2019ambito del progetto ESIRA saranno conservati per un periodo massimo di cinque anni dalla conclusione del progetto (fino a dicembre 2032). Trascorso tale periodo, i dati saranno cancellati in modo sicuro, in conformit\u00e0 con il GDPR e le normative nazionali sulla protezione dei dati. Le registrazioni audio saranno anonimizzate o eliminate una volta completate la trascrizione e la verifica.<\/p>\n<p><strong>Contatti<\/strong><\/p>\n<p>Per informazioni generali sul progetto ESIRA o su questioni etiche relative alla protezione dei dati personali o per revocare il consenso, \u00e8 possibile contattare:<\/p>\n<ul>\n<li>EURICSE \u2013 Jacopo Sforzi: <a href=\"mailto:jacopo.sforzi@euricse.eu\">jacopo.sforzi@euricse.eu<\/a><\/li>\n<li>Federazione Trentina della Cooperazione \u2013 Stefania Pedrotti: <a href=\"mailto:stefania.pedrotti@ftcoop.it\">stefania.pedrotti@ftcoop.it<\/a><\/li>\n<li>Borghi in Rete \u2013 Massimiliano D\u2019Innocenzo: <a href=\"mailto:maxdinnocenzo@gmail.com\">maxdinnocenzo@gmail.com<\/a><\/li>\n<\/ul>\n<p>&nbsp;<\/p>\n","protected":false},"excerpt":{"rendered":"<p>Gioved\u00ec 7 maggio dalle 14:30 alle 16:30 nell\u2019ambito del progetto ESIRA si terr\u00e0 il webinar \u201cSIEG e telemedicina: modelli organizzativi per garantire servizi essenziali nelle aree rurali\u201d, organizzato da EURICSE, Federazione Trentina della Cooperazione (FTC) e Borghi IN Rete&#8230;<\/p>\n","protected":false},"author":32,"featured_media":30061,"comment_status":"closed","ping_status":"closed","sticky":false,"template":"","format":"standard","meta":{"_acf_changed":false,"episode_type":"","audio_file":"","cover_image":"","cover_image_id":"","duration":"","filesize":"","date_recorded":"","explicit":"","block":"","itunes_episode_number":"","itunes_title":"","itunes_season_number":"","itunes_episode_type":"","filesize_raw":"","footnotes":""},"categories":[17],"tags":[283,1380],"class_list":["post-30059","post","type-post","status-publish","format-standard","has-post-thumbnail","hentry","category-news-it","tag-aree-interne","tag-esira-it"],"acf":[],"yoast_head":"<!-- This site is optimized with the Yoast SEO plugin v26.1.1 - https:\/\/yoast.com\/wordpress\/plugins\/seo\/ -->\n<title>SIEG e telemedicina: modelli per garantire servizi essenziali nelle aree rurali e interne - Euricse<\/title>\n<meta name=\"robots\" content=\"index, follow, max-snippet:-1, max-image-preview:large, max-video-preview:-1\" \/>\n<link rel=\"canonical\" href=\"https:\/\/euricse.eu\/it\/sieg-e-telemedicina-modelli-per-garantire-servizi-essenziali-nelle-aree-rurali-e-interne\/\" \/>\n<meta property=\"og:locale\" content=\"it_IT\" \/>\n<meta property=\"og:type\" content=\"article\" \/>\n<meta property=\"og:title\" content=\"SIEG e telemedicina: modelli per garantire servizi essenziali nelle aree rurali e interne - Euricse\" \/>\n<meta property=\"og:description\" content=\"Gioved\u00ec 7 maggio dalle 14:30 alle 16:30 nell\u2019ambito del progetto ESIRA si terr\u00e0 il webinar \u201cSIEG e telemedicina: modelli organizzativi per garantire servizi essenziali nelle aree rurali\u201d, organizzato da EURICSE, Federazione Trentina della Cooperazione (FTC) e Borghi IN Rete...\" \/>\n<meta property=\"og:url\" content=\"https:\/\/euricse.eu\/it\/sieg-e-telemedicina-modelli-per-garantire-servizi-essenziali-nelle-aree-rurali-e-interne\/\" \/>\n<meta property=\"og:site_name\" content=\"Euricse\" \/>\n<meta property=\"article:published_time\" content=\"2026-04-20T12:09:28+00:00\" \/>\n<meta property=\"article:modified_time\" content=\"2026-04-28T15:21:55+00:00\" \/>\n<meta property=\"og:image\" content=\"https:\/\/euricse.eu\/wp-content\/uploads\/2026\/04\/SIEG-e-telemedicina-3.jpg\" \/>\n\t<meta property=\"og:image:width\" content=\"1280\" \/>\n\t<meta property=\"og:image:height\" content=\"720\" \/>\n\t<meta property=\"og:image:type\" content=\"image\/jpeg\" \/>\n<meta name=\"author\" content=\"Silvia\" \/>\n<meta name=\"twitter:card\" content=\"summary_large_image\" \/>\n<meta name=\"twitter:label1\" content=\"Scritto da\" \/>\n\t<meta name=\"twitter:data1\" content=\"Silvia\" \/>\n\t<meta name=\"twitter:label2\" content=\"Tempo di lettura stimato\" \/>\n\t<meta name=\"twitter:data2\" content=\"4 minuti\" \/>\n<script type=\"application\/ld+json\" class=\"yoast-schema-graph\">{\"@context\":\"https:\/\/schema.org\",\"@graph\":[{\"@type\":\"WebPage\",\"@id\":\"https:\/\/euricse.eu\/it\/sieg-e-telemedicina-modelli-per-garantire-servizi-essenziali-nelle-aree-rurali-e-interne\/\",\"url\":\"https:\/\/euricse.eu\/it\/sieg-e-telemedicina-modelli-per-garantire-servizi-essenziali-nelle-aree-rurali-e-interne\/\",\"name\":\"SIEG e telemedicina: modelli per garantire servizi essenziali nelle aree rurali e interne - Euricse\",\"isPartOf\":{\"@id\":\"https:\/\/euricse.eu\/en\/#website\"},\"primaryImageOfPage\":{\"@id\":\"https:\/\/euricse.eu\/it\/sieg-e-telemedicina-modelli-per-garantire-servizi-essenziali-nelle-aree-rurali-e-interne\/#primaryimage\"},\"image\":{\"@id\":\"https:\/\/euricse.eu\/it\/sieg-e-telemedicina-modelli-per-garantire-servizi-essenziali-nelle-aree-rurali-e-interne\/#primaryimage\"},\"thumbnailUrl\":\"https:\/\/euricse.eu\/wp-content\/uploads\/2026\/04\/SIEG-e-telemedicina-3.jpg\",\"datePublished\":\"2026-04-20T12:09:28+00:00\",\"dateModified\":\"2026-04-28T15:21:55+00:00\",\"author\":{\"@id\":\"https:\/\/euricse.eu\/en\/#\/schema\/person\/a5b25693531e3458dfedff34c273ba14\"},\"breadcrumb\":{\"@id\":\"https:\/\/euricse.eu\/it\/sieg-e-telemedicina-modelli-per-garantire-servizi-essenziali-nelle-aree-rurali-e-interne\/#breadcrumb\"},\"inLanguage\":\"it-IT\",\"potentialAction\":[{\"@type\":\"ReadAction\",\"target\":[\"https:\/\/euricse.eu\/it\/sieg-e-telemedicina-modelli-per-garantire-servizi-essenziali-nelle-aree-rurali-e-interne\/\"]}]},{\"@type\":\"ImageObject\",\"inLanguage\":\"it-IT\",\"@id\":\"https:\/\/euricse.eu\/it\/sieg-e-telemedicina-modelli-per-garantire-servizi-essenziali-nelle-aree-rurali-e-interne\/#primaryimage\",\"url\":\"https:\/\/euricse.eu\/wp-content\/uploads\/2026\/04\/SIEG-e-telemedicina-3.jpg\",\"contentUrl\":\"https:\/\/euricse.eu\/wp-content\/uploads\/2026\/04\/SIEG-e-telemedicina-3.jpg\",\"width\":1280,\"height\":720},{\"@type\":\"BreadcrumbList\",\"@id\":\"https:\/\/euricse.eu\/it\/sieg-e-telemedicina-modelli-per-garantire-servizi-essenziali-nelle-aree-rurali-e-interne\/#breadcrumb\",\"itemListElement\":[{\"@type\":\"ListItem\",\"position\":1,\"name\":\"Home\",\"item\":\"https:\/\/euricse.eu\/it\/\"},{\"@type\":\"ListItem\",\"position\":2,\"name\":\"SIEG e telemedicina: modelli per garantire servizi essenziali nelle aree rurali e interne\"}]},{\"@type\":\"WebSite\",\"@id\":\"https:\/\/euricse.eu\/en\/#website\",\"url\":\"https:\/\/euricse.eu\/en\/\",\"name\":\"Euricse\",\"description\":\"Knowledge and innovation for cooperative and social enterprises.\",\"potentialAction\":[{\"@type\":\"SearchAction\",\"target\":{\"@type\":\"EntryPoint\",\"urlTemplate\":\"https:\/\/euricse.eu\/en\/?s={search_term_string}\"},\"query-input\":{\"@type\":\"PropertyValueSpecification\",\"valueRequired\":true,\"valueName\":\"search_term_string\"}}],\"inLanguage\":\"it-IT\"},{\"@type\":\"Person\",\"@id\":\"https:\/\/euricse.eu\/en\/#\/schema\/person\/a5b25693531e3458dfedff34c273ba14\",\"name\":\"Silvia\",\"image\":{\"@type\":\"ImageObject\",\"inLanguage\":\"it-IT\",\"@id\":\"https:\/\/euricse.eu\/en\/#\/schema\/person\/image\/\",\"url\":\"https:\/\/secure.gravatar.com\/avatar\/3cef1082b65edc85f1a4c0caa7ce4808f397a517b7217eab6215fe435640f8f7?s=96&d=mm&r=g\",\"contentUrl\":\"https:\/\/secure.gravatar.com\/avatar\/3cef1082b65edc85f1a4c0caa7ce4808f397a517b7217eab6215fe435640f8f7?s=96&d=mm&r=g\",\"caption\":\"Silvia\"},\"url\":\"https:\/\/euricse.eu\/it\/author\/silvia\/\"}]}<\/script>\n<!-- \/ Yoast SEO plugin. -->","yoast_head_json":{"title":"SIEG e telemedicina: modelli per garantire servizi essenziali nelle aree rurali e interne - Euricse","robots":{"index":"index","follow":"follow","max-snippet":"max-snippet:-1","max-image-preview":"max-image-preview:large","max-video-preview":"max-video-preview:-1"},"canonical":"https:\/\/euricse.eu\/it\/sieg-e-telemedicina-modelli-per-garantire-servizi-essenziali-nelle-aree-rurali-e-interne\/","og_locale":"it_IT","og_type":"article","og_title":"SIEG e telemedicina: modelli per garantire servizi essenziali nelle aree rurali e interne - Euricse","og_description":"Gioved\u00ec 7 maggio dalle 14:30 alle 16:30 nell\u2019ambito del progetto ESIRA si terr\u00e0 il webinar \u201cSIEG e telemedicina: modelli organizzativi per garantire servizi essenziali nelle aree rurali\u201d, organizzato da EURICSE, Federazione Trentina della Cooperazione (FTC) e Borghi IN Rete...","og_url":"https:\/\/euricse.eu\/it\/sieg-e-telemedicina-modelli-per-garantire-servizi-essenziali-nelle-aree-rurali-e-interne\/","og_site_name":"Euricse","article_published_time":"2026-04-20T12:09:28+00:00","article_modified_time":"2026-04-28T15:21:55+00:00","og_image":[{"width":1280,"height":720,"url":"https:\/\/euricse.eu\/wp-content\/uploads\/2026\/04\/SIEG-e-telemedicina-3.jpg","type":"image\/jpeg"}],"author":"Silvia","twitter_card":"summary_large_image","twitter_misc":{"Scritto da":"Silvia","Tempo di lettura stimato":"4 minuti"},"schema":{"@context":"https:\/\/schema.org","@graph":[{"@type":"WebPage","@id":"https:\/\/euricse.eu\/it\/sieg-e-telemedicina-modelli-per-garantire-servizi-essenziali-nelle-aree-rurali-e-interne\/","url":"https:\/\/euricse.eu\/it\/sieg-e-telemedicina-modelli-per-garantire-servizi-essenziali-nelle-aree-rurali-e-interne\/","name":"SIEG e telemedicina: modelli per garantire servizi essenziali nelle aree rurali e interne - Euricse","isPartOf":{"@id":"https:\/\/euricse.eu\/en\/#website"},"primaryImageOfPage":{"@id":"https:\/\/euricse.eu\/it\/sieg-e-telemedicina-modelli-per-garantire-servizi-essenziali-nelle-aree-rurali-e-interne\/#primaryimage"},"image":{"@id":"https:\/\/euricse.eu\/it\/sieg-e-telemedicina-modelli-per-garantire-servizi-essenziali-nelle-aree-rurali-e-interne\/#primaryimage"},"thumbnailUrl":"https:\/\/euricse.eu\/wp-content\/uploads\/2026\/04\/SIEG-e-telemedicina-3.jpg","datePublished":"2026-04-20T12:09:28+00:00","dateModified":"2026-04-28T15:21:55+00:00","author":{"@id":"https:\/\/euricse.eu\/en\/#\/schema\/person\/a5b25693531e3458dfedff34c273ba14"},"breadcrumb":{"@id":"https:\/\/euricse.eu\/it\/sieg-e-telemedicina-modelli-per-garantire-servizi-essenziali-nelle-aree-rurali-e-interne\/#breadcrumb"},"inLanguage":"it-IT","potentialAction":[{"@type":"ReadAction","target":["https:\/\/euricse.eu\/it\/sieg-e-telemedicina-modelli-per-garantire-servizi-essenziali-nelle-aree-rurali-e-interne\/"]}]},{"@type":"ImageObject","inLanguage":"it-IT","@id":"https:\/\/euricse.eu\/it\/sieg-e-telemedicina-modelli-per-garantire-servizi-essenziali-nelle-aree-rurali-e-interne\/#primaryimage","url":"https:\/\/euricse.eu\/wp-content\/uploads\/2026\/04\/SIEG-e-telemedicina-3.jpg","contentUrl":"https:\/\/euricse.eu\/wp-content\/uploads\/2026\/04\/SIEG-e-telemedicina-3.jpg","width":1280,"height":720},{"@type":"BreadcrumbList","@id":"https:\/\/euricse.eu\/it\/sieg-e-telemedicina-modelli-per-garantire-servizi-essenziali-nelle-aree-rurali-e-interne\/#breadcrumb","itemListElement":[{"@type":"ListItem","position":1,"name":"Home","item":"https:\/\/euricse.eu\/it\/"},{"@type":"ListItem","position":2,"name":"SIEG e telemedicina: modelli per garantire servizi essenziali nelle aree rurali e interne"}]},{"@type":"WebSite","@id":"https:\/\/euricse.eu\/en\/#website","url":"https:\/\/euricse.eu\/en\/","name":"Euricse","description":"Knowledge and innovation for cooperative and social enterprises.","potentialAction":[{"@type":"SearchAction","target":{"@type":"EntryPoint","urlTemplate":"https:\/\/euricse.eu\/en\/?s={search_term_string}"},"query-input":{"@type":"PropertyValueSpecification","valueRequired":true,"valueName":"search_term_string"}}],"inLanguage":"it-IT"},{"@type":"Person","@id":"https:\/\/euricse.eu\/en\/#\/schema\/person\/a5b25693531e3458dfedff34c273ba14","name":"Silvia","image":{"@type":"ImageObject","inLanguage":"it-IT","@id":"https:\/\/euricse.eu\/en\/#\/schema\/person\/image\/","url":"https:\/\/secure.gravatar.com\/avatar\/3cef1082b65edc85f1a4c0caa7ce4808f397a517b7217eab6215fe435640f8f7?s=96&d=mm&r=g","contentUrl":"https:\/\/secure.gravatar.com\/avatar\/3cef1082b65edc85f1a4c0caa7ce4808f397a517b7217eab6215fe435640f8f7?s=96&d=mm&r=g","caption":"Silvia"},"url":"https:\/\/euricse.eu\/it\/author\/silvia\/"}]}},"_links":{"self":[{"href":"https:\/\/euricse.eu\/it\/wp-json\/wp\/v2\/posts\/30059","targetHints":{"allow":["GET"]}}],"collection":[{"href":"https:\/\/euricse.eu\/it\/wp-json\/wp\/v2\/posts"}],"about":[{"href":"https:\/\/euricse.eu\/it\/wp-json\/wp\/v2\/types\/post"}],"author":[{"embeddable":true,"href":"https:\/\/euricse.eu\/it\/wp-json\/wp\/v2\/users\/32"}],"replies":[{"embeddable":true,"href":"https:\/\/euricse.eu\/it\/wp-json\/wp\/v2\/comments?post=30059"}],"version-history":[{"count":2,"href":"https:\/\/euricse.eu\/it\/wp-json\/wp\/v2\/posts\/30059\/revisions"}],"predecessor-version":[{"id":30122,"href":"https:\/\/euricse.eu\/it\/wp-json\/wp\/v2\/posts\/30059\/revisions\/30122"}],"wp:featuredmedia":[{"embeddable":true,"href":"https:\/\/euricse.eu\/it\/wp-json\/wp\/v2\/media\/30061"}],"wp:attachment":[{"href":"https:\/\/euricse.eu\/it\/wp-json\/wp\/v2\/media?parent=30059"}],"wp:term":[{"taxonomy":"category","embeddable":true,"href":"https:\/\/euricse.eu\/it\/wp-json\/wp\/v2\/categories?post=30059"},{"taxonomy":"post_tag","embeddable":true,"href":"https:\/\/euricse.eu\/it\/wp-json\/wp\/v2\/tags?post=30059"}],"curies":[{"name":"wp","href":"https:\/\/api.w.org\/{rel}","templated":true}]}}