{"id":3011,"date":"2015-09-30T16:13:46","date_gmt":"2015-09-30T15:13:46","guid":{"rendered":"https:\/\/euricse.staging.hgblu.com\/?p=3011"},"modified":"2015-10-07T09:03:12","modified_gmt":"2015-10-07T08:03:12","slug":"terzo-rapporto-presentazione","status":"publish","type":"post","link":"https:\/\/euricse.eu\/it\/terzo-rapporto-presentazione\/","title":{"rendered":"Presentazione del Terzo Rapporto Italia, i contributi dell&#8217;Alleanza delle Cooperative Italiane e del sottosegretario Baretta"},"content":{"rendered":"<p><strong>COMUNICATO STAMPA<\/strong><\/p>\n<p style=\"text-align: justify;\">Con un valore della produzione che ha superato i 108 miliardi l\u2019economia cooperativa rappresenta l\u20198,5% del Pil italiano. In particolare, nel 2013 le 67.062 cooperative italiane hanno generato un valore della produzione pari a 90,7 miliardi di euro, mentre i consorzi 17,6 miliardi.<\/p>\n<p style=\"text-align: justify;\">Negli anni della crisi, 2008-2013, la cooperazione ha messo a segno una crescita del 14%, pari, in valori assoluti, a circa 10 miliardi. Nello stesso periodo, i consorzi hanno registrato un aumento del valore della produzione del 16,9%, corrispondente a un incremento di 2,4 miliardi di euro.<!--more--><\/p>\n<p style=\"text-align: justify;\">Queste sono solo alcune rilevazioni contenute nel <strong>Terzo Rapporto Italia sulla Cooperazione<\/strong>, realizzato da Euricse e presentato oggi in conferenza stampa a Roma in collaborazione con Alleanza delle Cooperative Italiane. L\u2019indagine restituisce una stima della <strong>rilevanza economica e occupazionale<\/strong> del <strong>sistema cooperativo<\/strong> nell\u2019anno 2013 \u2013 l\u2019ultimo per il quale si dispone di una base dati sufficientemente completa &#8211; e analizza la dinamica sperimentata dalle cooperative italiane nel corso degli anni 2011-2013 e negli anni della crisi (2008-2013), anche in rapporto ad altre forme di impresa.<\/p>\n<p style=\"text-align: justify;\">\u201cIl rapporto, pur interessando anni di profonda crisi, ci d\u00e0 delle cifre assolutamente significative&#8221; &#8211; ha spiegato <strong>Rosario Altieri<\/strong>, presidente dell&#8217;Alleanza delle Cooperative Italiane, chiamato a presentare i dati pi\u00f9 rilevanti insieme a <strong>Carlo Borzaga<\/strong>, docente dell\u2019Universit\u00e0 di Trento e presidente di Euricse, e <strong>Gianluca Salvatori<\/strong>, <em>ad<\/em> Euricse. &#8220;Ancora pi\u00f9 significativi &#8211; ha continuato Altieri &#8211; sono\u00a0\u00a0i dati che riguardano l\u2019occupazione, soprattutto l\u2019occupazione stabile&#8221;. Negli anni della crisi, si legge infatti nel Rapporto, le cooperative hanno continuato ad assumere creando nuovi posti di lavoro stabili. Il\u00a068,1% delle posizioni attivate nel 2013\u00a0e il 61,4% di quelle attivate dai consorzi erano infatti di tipo <strong>dipendente a tempo indeterminato<\/strong>.\u00a0Le percentuali salgono rispettivamente al 76,8% e al 72,2% se si considerano le posizioni attive nel mese di dicembre 2013. Dati dai quali &#8220;ciascuno pu\u00f2 trarre delle valutazioni significative per confermare come ancora una volta nonostante la crisi, nonostante tutte le altre criticit\u00e0 evidenziate dal rapporto, il mondo della cooperazione \u00e8 riuscito a darci una segnale di quanto sia forte il suo ruolo anticiclico e quanto sia significativo il suo apporto nei momenti di maggiore difficolt\u00e0 della nostra economia&#8221;.<\/p>\n<p style=\"text-align: justify;\">Sulla stessa linea <strong>Maurizio Gardini<\/strong>, copresidente dell&#8217;Alleanza, che &#8211; dati alla mano &#8211; ha sottolineato come &#8220;il carattere anticiclico dell&#8217;economia cooperativa non \u00e8 una leggenda degli economisti&#8221;. Importanti secondo Gardini anche i dati che riguardano il contributo fiscale. Dall\u2019analisi complessiva sulle diverse forme di impresa, calcolata in rapporto al valore della produzione, emerge infatti che <strong>nel 2013 la pressione fiscale \u00e8 stata superiore per le cooperative rispetto alle societ\u00e0 per azioni<\/strong> (7,7% per le prime contro il 6,8% per le seconde) soprattutto a seguito del maggior peso degli oneri sociali e delle imposte sui redditi da lavoro.\u00a0&#8220;Vale la pena compiere uno sforzo profondo e chiedere che anche le istituzioni e la politica si impegnino per comprendere meglio questo Rapporto, fatto dal centro studi sulle cooperative oggi maggiormente accreditato, forse pi\u00f9 all&#8217;estero che in Italia. Comprendere al meglio le potenzialit\u00e0 della cooperazione nell&#8217;economia italiana \u00e8 il giusto modo per &#8220;valorizzare il movimento cooperativo e non farne un&#8217;anomalia da correggere, come invece pensano la BCE o le istituzioni comunitarie&#8221;.\u00a0Per supportare questa &#8220;riabilitazione&#8221; del sistema cooperativo &#8211; ha concluso Gardini &#8211; &#8220;abbiamo bisogno di dare al movimento cooperativo italiano una forte compattezza e autorevolezza. Dobbiamo essere consapevoli che l&#8217;Alleanza \u00e8 la risposta pi\u00f9 alta a quella crisi della rappresentanza dei corpi intermedi che dalla imprese al sindacato oggi non trova arresto&#8221;.<\/p>\n<p style=\"text-align: justify;\">Un intervento attento al ruolo dell&#8217;Alleanza anche quello di <strong>Mauro Lusetti<\/strong>, copresidente dell&#8217;Alleanza, che ha aggiunto una riflessione sullo scottante tema della &#8220;crisi della legalit\u00e0&#8221; nell&#8217;ambito cooperativo, dichiarando che &#8220;sul tema della <strong>legalit\u00e0<\/strong> credo che le risposte che abbiamo messo assieme come Alleanza siano di una fermezza e di una chiarezza assolutamente non discutibile: tolleranza zero. Abbiamo introdotto modalit\u00e0 e modi che ci consentono di affrontare con l\u2019adeguata coerenza e fermezza tutto ci\u00f2 che potr\u00e0 anche succedere in futuro&#8221;.\u00a0Ed ha concluso con uno sguardo pi\u00f9 ampio verso il futuro e verso i nuovi orizzonti della cooperazione, trattati anche nel Rapporto: &#8220;C\u2019\u00e8 un dato della ricerca di Euricse che mi preme sottolineare che mette in evidenza questioni che riguardano il passato e poi apre una finestra sul futuro. <strong>Workers buyout<\/strong>, <strong>imprese di comunit\u00e0<\/strong>, <strong>beni confiscati alla mafia<\/strong>: la <em>sharing economy<\/em> pesa sul Pil interno al 16-18%. Quale forma pi\u00f9 efficiente per gestire un bene comune se non la cooperativa?&#8221;<\/p>\n<p style=\"text-align: justify;\"><strong>Pier Paolo Baretta<\/strong>, sottosegretario del <strong>Ministero\u00a0dell&#8217;Economia<\/strong> e delle Finanze, \u00e8 intervenuto sottolineando quanto sia importante per la politica italiana &#8220;riflettere sul ruolo della cooperazione in questo momento&#8221;, innanzitutto perch\u00e9 &#8220;siamo di fronte a una ripresa, i segnali li abbiamo tutti&#8221;. E guardare a un movimento cooperativo che si \u00e8 dimostrato &#8220;in grado di arginare gli effetti peggiori della crisi, in alcuni casi anticipare la possibilit\u00e0 di ripresa, oltre che rivelarsi un buon contributore della finanza pubblica&#8221; significa guardare a <strong>tre elementi di solidit\u00e0<\/strong> sui quali \u00e8 opportuno non solo essere orgogliosi, ma costruire anche una base di riflessione nel rapporto con la politica.\u00a0In dialogo con i rappresentanti delle centrali cooperative Baretta ha ammesso che questi tre fattori non sono sempre stati riconosciuti, &#8220;ed \u00e8 vero che negli ultimi anni il movimento ha subito uno shakeraggio politico&#8221;, ma rintraccia nella &#8220;crisi della legalit\u00e0&#8221; uno dei problemi. In questo senso sposa l&#8217;atteggiamento della tolleranza zero proposto dal co-presidente Lusetti come &#8220;linea fondamentale per abbattere anche gli elementi di strumentalit\u00e0&#8221;.\u00a0Un invito diretto, infine, da Baretta al mondo della cooperazione, affinch\u00e9 si faccia portatore attivo di riforme. Se i rappresentanti cooperativi si dicono &#8220;pronti e disponibili a farsi avanti e creare delle strutture di riforma normativa&#8221;, l&#8217;opinione del sottosegretario \u00e8 che &#8220;questa sia la strada giusta&#8221;.<\/p>\n<p>Leggi la\u00a0<a href=\"https:\/\/euricse.eu\/wp-content\/uploads\/2015\/09\/00-Introduzione-e-sintesi-WEB.pdf\"> sintesi del rapporto<\/a> con i principali risultati del lavoro di ricerca<\/p>\n<p style=\"text-align: justify;\"><a href=\"https:\/\/euricse.eu\/it\/publications\/economia-cooperativa-rilevanza-evoluzione-e-nuove-frontiere-della-cooperazione-italiana\/\">Consulta l&#8217;indice generale del rapporto<\/a><\/p>\n<p style=\"text-align: justify;\"><a href=\"https:\/\/euricse.eu\/wp-content\/uploads\/2015\/09\/00-ECONOMIA-COOPERATIVA.pdf\">Scarica il testo completo del rapporto<\/a><\/p>\n<p style=\"text-align: justify;\"><a href=\"https:\/\/euricse.eu\/wp-content\/uploads\/2015\/09\/RapportoEuricse2015_24sett_FINAL.pdf\">Scarica le slide di presentazione<\/a><\/p>\n","protected":false},"excerpt":{"rendered":"<p>Con un valore della produzione che ha superato i 108 miliardi l\u2019economia cooperativa rappresenta l\u20198,5% del Pil italiano. In particolare, nel 2013 le 67.062 cooperative italiane hanno generato un valore della produzione pari a 90,7 miliardi di euro, mentre i consorzi 17,6 miliardi.<\/p>\n","protected":false},"author":32,"featured_media":3016,"comment_status":"open","ping_status":"closed","sticky":false,"template":"","format":"standard","meta":{"_acf_changed":false,"episode_type":"","audio_file":"","cover_image":"","cover_image_id":"","duration":"","filesize":"","date_recorded":"","explicit":"","block":"","itunes_episode_number":"","itunes_title":"","itunes_season_number":"","itunes_episode_type":"","filesize_raw":"","footnotes":""},"categories":[257],"tags":[109,212],"class_list":["post-3011","post","type-post","status-publish","format-standard","has-post-thumbnail","hentry","category-press-it","tag-cooperative","tag-rapporto-italia"],"acf":[],"yoast_head":"<!-- This site is optimized with the Yoast SEO plugin v26.1.1 - https:\/\/yoast.com\/wordpress\/plugins\/seo\/ -->\n<title>Presentazione del Terzo Rapporto Italia, i contributi dell&#039;Alleanza delle Cooperative Italiane e del sottosegretario Baretta - Euricse<\/title>\n<meta name=\"robots\" content=\"index, follow, max-snippet:-1, max-image-preview:large, max-video-preview:-1\" \/>\n<link rel=\"canonical\" href=\"https:\/\/euricse.eu\/it\/terzo-rapporto-presentazione\/\" \/>\n<meta property=\"og:locale\" content=\"it_IT\" \/>\n<meta property=\"og:type\" content=\"article\" \/>\n<meta property=\"og:title\" content=\"Presentazione del Terzo Rapporto Italia, i contributi dell&#039;Alleanza delle Cooperative Italiane e del sottosegretario Baretta - Euricse\" \/>\n<meta property=\"og:description\" content=\"Con un valore della produzione che ha superato i 108 miliardi l\u2019economia cooperativa rappresenta l\u20198,5% del Pil italiano. In particolare, nel 2013 le 67.062 cooperative italiane hanno generato un valore della produzione pari a 90,7 miliardi di euro, mentre i consorzi 17,6 miliardi.\" \/>\n<meta property=\"og:url\" content=\"https:\/\/euricse.eu\/it\/terzo-rapporto-presentazione\/\" \/>\n<meta property=\"og:site_name\" content=\"Euricse\" \/>\n<meta property=\"article:published_time\" content=\"2015-09-30T15:13:46+00:00\" \/>\n<meta property=\"article:modified_time\" content=\"2015-10-07T08:03:12+00:00\" \/>\n<meta property=\"og:image\" content=\"https:\/\/euricse.eu\/wp-content\/uploads\/2015\/09\/unnamed-1.jpg\" \/>\n\t<meta property=\"og:image:width\" content=\"600\" \/>\n\t<meta property=\"og:image:height\" content=\"382\" \/>\n\t<meta property=\"og:image:type\" content=\"image\/jpeg\" \/>\n<meta name=\"author\" content=\"Silvia\" \/>\n<meta name=\"twitter:card\" content=\"summary_large_image\" \/>\n<meta name=\"twitter:label1\" content=\"Scritto da\" \/>\n\t<meta name=\"twitter:data1\" content=\"Silvia\" \/>\n\t<meta name=\"twitter:label2\" content=\"Tempo di lettura stimato\" \/>\n\t<meta name=\"twitter:data2\" content=\"5 minuti\" \/>\n<script type=\"application\/ld+json\" class=\"yoast-schema-graph\">{\"@context\":\"https:\/\/schema.org\",\"@graph\":[{\"@type\":\"WebPage\",\"@id\":\"https:\/\/euricse.eu\/it\/terzo-rapporto-presentazione\/\",\"url\":\"https:\/\/euricse.eu\/it\/terzo-rapporto-presentazione\/\",\"name\":\"Presentazione del Terzo Rapporto Italia, i contributi dell'Alleanza delle Cooperative Italiane e del sottosegretario Baretta - Euricse\",\"isPartOf\":{\"@id\":\"https:\/\/euricse.eu\/en\/#website\"},\"primaryImageOfPage\":{\"@id\":\"https:\/\/euricse.eu\/it\/terzo-rapporto-presentazione\/#primaryimage\"},\"image\":{\"@id\":\"https:\/\/euricse.eu\/it\/terzo-rapporto-presentazione\/#primaryimage\"},\"thumbnailUrl\":\"https:\/\/euricse.eu\/wp-content\/uploads\/2015\/09\/unnamed-1.jpg\",\"datePublished\":\"2015-09-30T15:13:46+00:00\",\"dateModified\":\"2015-10-07T08:03:12+00:00\",\"author\":{\"@id\":\"https:\/\/euricse.eu\/en\/#\/schema\/person\/a5b25693531e3458dfedff34c273ba14\"},\"breadcrumb\":{\"@id\":\"https:\/\/euricse.eu\/it\/terzo-rapporto-presentazione\/#breadcrumb\"},\"inLanguage\":\"it-IT\",\"potentialAction\":[{\"@type\":\"ReadAction\",\"target\":[\"https:\/\/euricse.eu\/it\/terzo-rapporto-presentazione\/\"]}]},{\"@type\":\"ImageObject\",\"inLanguage\":\"it-IT\",\"@id\":\"https:\/\/euricse.eu\/it\/terzo-rapporto-presentazione\/#primaryimage\",\"url\":\"https:\/\/euricse.eu\/wp-content\/uploads\/2015\/09\/unnamed-1.jpg\",\"contentUrl\":\"https:\/\/euricse.eu\/wp-content\/uploads\/2015\/09\/unnamed-1.jpg\",\"width\":600,\"height\":382},{\"@type\":\"BreadcrumbList\",\"@id\":\"https:\/\/euricse.eu\/it\/terzo-rapporto-presentazione\/#breadcrumb\",\"itemListElement\":[{\"@type\":\"ListItem\",\"position\":1,\"name\":\"Home\",\"item\":\"https:\/\/euricse.eu\/it\/\"},{\"@type\":\"ListItem\",\"position\":2,\"name\":\"Presentazione del Terzo Rapporto Italia, i contributi dell&#8217;Alleanza delle Cooperative Italiane e del sottosegretario Baretta\"}]},{\"@type\":\"WebSite\",\"@id\":\"https:\/\/euricse.eu\/en\/#website\",\"url\":\"https:\/\/euricse.eu\/en\/\",\"name\":\"Euricse\",\"description\":\"Knowledge and innovation for cooperative and social enterprises.\",\"potentialAction\":[{\"@type\":\"SearchAction\",\"target\":{\"@type\":\"EntryPoint\",\"urlTemplate\":\"https:\/\/euricse.eu\/en\/?s={search_term_string}\"},\"query-input\":{\"@type\":\"PropertyValueSpecification\",\"valueRequired\":true,\"valueName\":\"search_term_string\"}}],\"inLanguage\":\"it-IT\"},{\"@type\":\"Person\",\"@id\":\"https:\/\/euricse.eu\/en\/#\/schema\/person\/a5b25693531e3458dfedff34c273ba14\",\"name\":\"Silvia\",\"image\":{\"@type\":\"ImageObject\",\"inLanguage\":\"it-IT\",\"@id\":\"https:\/\/euricse.eu\/en\/#\/schema\/person\/image\/\",\"url\":\"https:\/\/secure.gravatar.com\/avatar\/3cef1082b65edc85f1a4c0caa7ce4808f397a517b7217eab6215fe435640f8f7?s=96&d=mm&r=g\",\"contentUrl\":\"https:\/\/secure.gravatar.com\/avatar\/3cef1082b65edc85f1a4c0caa7ce4808f397a517b7217eab6215fe435640f8f7?s=96&d=mm&r=g\",\"caption\":\"Silvia\"},\"url\":\"https:\/\/euricse.eu\/it\/author\/silvia\/\"}]}<\/script>\n<!-- \/ Yoast SEO plugin. -->","yoast_head_json":{"title":"Presentazione del Terzo Rapporto Italia, i contributi dell'Alleanza delle Cooperative Italiane e del sottosegretario Baretta - Euricse","robots":{"index":"index","follow":"follow","max-snippet":"max-snippet:-1","max-image-preview":"max-image-preview:large","max-video-preview":"max-video-preview:-1"},"canonical":"https:\/\/euricse.eu\/it\/terzo-rapporto-presentazione\/","og_locale":"it_IT","og_type":"article","og_title":"Presentazione del Terzo Rapporto Italia, i contributi dell'Alleanza delle Cooperative Italiane e del sottosegretario Baretta - Euricse","og_description":"Con un valore della produzione che ha superato i 108 miliardi l\u2019economia cooperativa rappresenta l\u20198,5% del Pil italiano. In particolare, nel 2013 le 67.062 cooperative italiane hanno generato un valore della produzione pari a 90,7 miliardi di euro, mentre i consorzi 17,6 miliardi.","og_url":"https:\/\/euricse.eu\/it\/terzo-rapporto-presentazione\/","og_site_name":"Euricse","article_published_time":"2015-09-30T15:13:46+00:00","article_modified_time":"2015-10-07T08:03:12+00:00","og_image":[{"width":600,"height":382,"url":"https:\/\/euricse.eu\/wp-content\/uploads\/2015\/09\/unnamed-1.jpg","type":"image\/jpeg"}],"author":"Silvia","twitter_card":"summary_large_image","twitter_misc":{"Scritto da":"Silvia","Tempo di lettura stimato":"5 minuti"},"schema":{"@context":"https:\/\/schema.org","@graph":[{"@type":"WebPage","@id":"https:\/\/euricse.eu\/it\/terzo-rapporto-presentazione\/","url":"https:\/\/euricse.eu\/it\/terzo-rapporto-presentazione\/","name":"Presentazione del Terzo Rapporto Italia, i contributi dell'Alleanza delle Cooperative Italiane e del sottosegretario Baretta - Euricse","isPartOf":{"@id":"https:\/\/euricse.eu\/en\/#website"},"primaryImageOfPage":{"@id":"https:\/\/euricse.eu\/it\/terzo-rapporto-presentazione\/#primaryimage"},"image":{"@id":"https:\/\/euricse.eu\/it\/terzo-rapporto-presentazione\/#primaryimage"},"thumbnailUrl":"https:\/\/euricse.eu\/wp-content\/uploads\/2015\/09\/unnamed-1.jpg","datePublished":"2015-09-30T15:13:46+00:00","dateModified":"2015-10-07T08:03:12+00:00","author":{"@id":"https:\/\/euricse.eu\/en\/#\/schema\/person\/a5b25693531e3458dfedff34c273ba14"},"breadcrumb":{"@id":"https:\/\/euricse.eu\/it\/terzo-rapporto-presentazione\/#breadcrumb"},"inLanguage":"it-IT","potentialAction":[{"@type":"ReadAction","target":["https:\/\/euricse.eu\/it\/terzo-rapporto-presentazione\/"]}]},{"@type":"ImageObject","inLanguage":"it-IT","@id":"https:\/\/euricse.eu\/it\/terzo-rapporto-presentazione\/#primaryimage","url":"https:\/\/euricse.eu\/wp-content\/uploads\/2015\/09\/unnamed-1.jpg","contentUrl":"https:\/\/euricse.eu\/wp-content\/uploads\/2015\/09\/unnamed-1.jpg","width":600,"height":382},{"@type":"BreadcrumbList","@id":"https:\/\/euricse.eu\/it\/terzo-rapporto-presentazione\/#breadcrumb","itemListElement":[{"@type":"ListItem","position":1,"name":"Home","item":"https:\/\/euricse.eu\/it\/"},{"@type":"ListItem","position":2,"name":"Presentazione del Terzo Rapporto Italia, i contributi dell&#8217;Alleanza delle Cooperative Italiane e del sottosegretario Baretta"}]},{"@type":"WebSite","@id":"https:\/\/euricse.eu\/en\/#website","url":"https:\/\/euricse.eu\/en\/","name":"Euricse","description":"Knowledge and innovation for cooperative and social enterprises.","potentialAction":[{"@type":"SearchAction","target":{"@type":"EntryPoint","urlTemplate":"https:\/\/euricse.eu\/en\/?s={search_term_string}"},"query-input":{"@type":"PropertyValueSpecification","valueRequired":true,"valueName":"search_term_string"}}],"inLanguage":"it-IT"},{"@type":"Person","@id":"https:\/\/euricse.eu\/en\/#\/schema\/person\/a5b25693531e3458dfedff34c273ba14","name":"Silvia","image":{"@type":"ImageObject","inLanguage":"it-IT","@id":"https:\/\/euricse.eu\/en\/#\/schema\/person\/image\/","url":"https:\/\/secure.gravatar.com\/avatar\/3cef1082b65edc85f1a4c0caa7ce4808f397a517b7217eab6215fe435640f8f7?s=96&d=mm&r=g","contentUrl":"https:\/\/secure.gravatar.com\/avatar\/3cef1082b65edc85f1a4c0caa7ce4808f397a517b7217eab6215fe435640f8f7?s=96&d=mm&r=g","caption":"Silvia"},"url":"https:\/\/euricse.eu\/it\/author\/silvia\/"}]}},"_links":{"self":[{"href":"https:\/\/euricse.eu\/it\/wp-json\/wp\/v2\/posts\/3011","targetHints":{"allow":["GET"]}}],"collection":[{"href":"https:\/\/euricse.eu\/it\/wp-json\/wp\/v2\/posts"}],"about":[{"href":"https:\/\/euricse.eu\/it\/wp-json\/wp\/v2\/types\/post"}],"author":[{"embeddable":true,"href":"https:\/\/euricse.eu\/it\/wp-json\/wp\/v2\/users\/32"}],"replies":[{"embeddable":true,"href":"https:\/\/euricse.eu\/it\/wp-json\/wp\/v2\/comments?post=3011"}],"version-history":[{"count":0,"href":"https:\/\/euricse.eu\/it\/wp-json\/wp\/v2\/posts\/3011\/revisions"}],"wp:featuredmedia":[{"embeddable":true,"href":"https:\/\/euricse.eu\/it\/wp-json\/wp\/v2\/media\/3016"}],"wp:attachment":[{"href":"https:\/\/euricse.eu\/it\/wp-json\/wp\/v2\/media?parent=3011"}],"wp:term":[{"taxonomy":"category","embeddable":true,"href":"https:\/\/euricse.eu\/it\/wp-json\/wp\/v2\/categories?post=3011"},{"taxonomy":"post_tag","embeddable":true,"href":"https:\/\/euricse.eu\/it\/wp-json\/wp\/v2\/tags?post=3011"}],"curies":[{"name":"wp","href":"https:\/\/api.w.org\/{rel}","templated":true}]}}