{"id":30125,"date":"2026-04-29T11:01:17","date_gmt":"2026-04-29T10:01:17","guid":{"rendered":"https:\/\/euricse.eu\/?p=30125"},"modified":"2026-04-29T11:01:17","modified_gmt":"2026-04-29T10:01:17","slug":"euricse-e-cooperazione-trentina-azioni-comuni-a-sostegno-delleconomia-cooperativa","status":"publish","type":"post","link":"https:\/\/euricse.eu\/it\/euricse-e-cooperazione-trentina-azioni-comuni-a-sostegno-delleconomia-cooperativa\/","title":{"rendered":"EURICSE e Cooperazione Trentina: azioni comuni a sostegno dell&#8217;economia cooperativa"},"content":{"rendered":"<p>EURICSE e la Federazione Trentina della Cooperazione rafforzano la loro collaborazione con la firma di un nuovo protocollo d\u2019intesa, sottoscritto oggi dai presidenti Paola Iamiceli e Roberto Simoni.<\/p>\n<p>Il protocollo nasce dalla volont\u00e0 condivisa di inserire le numerose collaborazioni gi\u00e0 in essere in una cornice istituzionale pi\u00f9 strutturata e dinamica, che <strong>mette in connessione attivit\u00e0<\/strong>, <strong>competenze<\/strong> e <strong>visioni comuni<\/strong>, rafforzando l\u2019impatto delle azioni congiunte <strong>a livello locale, nazionale e internazionale.<\/strong><\/p>\n<p>Al centro dell\u2019intesa vi \u00e8 il <strong>coordinamento delle iniziative di interesse condiviso<\/strong> e la costruzione di nuove progettualit\u00e0 a beneficio del sistema cooperativo trentino, insieme a una <strong>diffusione pi\u00f9 ampia ed efficace dei risultati della ricerca<\/strong>. In questo quadro, EURICSE contribuir\u00e0 con il proprio patrimonio scientifico e il respiro del suo network internazionale, mentre la Federazione Trentina della Cooperazione metter\u00e0 a disposizione la conoscenza diretta del territorio, i dati e le relazioni consolidate con le cooperative.<\/p>\n<p>La collaborazione si articoler\u00e0 in una pluralit\u00e0 di ambiti: dallo <strong>scambio di informazioni strategiche <\/strong>alla progettazione di <strong>ricerche congiunte<\/strong>, dal supporto alle <strong>attivit\u00e0 formative<\/strong> alla <strong>partecipazione condivisa<\/strong> a bandi nazionali ed europei, fino ad <strong>azioni di advocacy<\/strong> a livello internazionale. Un\u2019attenzione particolare sar\u00e0 riservata alla diffusione della cultura cooperativa e alla valorizzazione delle esperienze trentine, attraverso un uso coordinato dei canali di comunicazione e delle reti relazionali.<\/p>\n<p>A garantire continuit\u00e0 e concretezza all\u2019accordo sar\u00e0 una <strong>Cabina di Regia<\/strong>, composta dai Presidenti delle due organizzazioni e dai referenti operativi, chiamata a definire le priorit\u00e0, accompagnare lo sviluppo delle attivit\u00e0 e monitorarne i risultati nel tempo. A questo si affiancher\u00e0 un <strong>programma annuale condiviso<\/strong>, pensato per orientare in modo strategico le azioni comuni.<\/p>\n<p>Con una durata triennale, il protocollo rappresenta un passo significativo nel <strong>rafforzare il legame tra ricerca e cooperazione<\/strong>, con l\u2019ambizione di generare valore per i territori e contribuire allo sviluppo sociale ed economico delle comunit\u00e0.<\/p>\n<p><em>\u201cIl legame tra EURICSE e la Federazione trova in questo Protocollo uno strumento per valorizzare e far crescere una collaborazione che ha accompagnato la storia del nostro Istituto fin dal suo nascere. La firma di oggi consente di consolidare questo legame e stimolare, entro una cornice pi\u00f9 strutturata, nuove progettualit\u00e0 in relazione alle molte sfide che il mondo cooperativo \u00e8 chiamato ad affrontare nel contesto sociale ed economico globale. In un momento in cui le crisi, economiche, sociali, valoriali, si moltiplicano, il dialogo tra ricerca e cooperazione diventa strumento essenziale per costruire percorsi di crescita inclusivi, sostenibili e rispettosi delle specificit\u00e0 dei territori&#8221;<\/em>, dichiara la Presidente di EURICSE<strong> Paola Iamiceli.<\/strong><\/p>\n<p><em>\u201cSi tratta di un passo importante \u2013 <\/em>commenta il presidente della Federazione Trentina della Cooperazione <strong>Roberto Simoni<\/strong><em> &#8211; per rafforzare una collaborazione gi\u00e0 solida e strategica per il nostro territorio. Mettere a sistema competenze scientifiche e conoscenza diretta del mondo cooperativo ci permette di affrontare con maggiore efficacia le sfide attuali, dall\u2019innovazione alla sostenibilit\u00e0, valorizzando al tempo stesso il ruolo delle cooperative nello sviluppo economico e sociale. La sinergia con EURICSE consolida ulteriormente il legame tra ricerca e impresa cooperativa, contribuendo a generare valore per le comunit\u00e0 e a proiettare il modello trentino anche a livello nazionale e internazionale.\u201d<\/em><\/p>\n<p>L\u2019azione concertata dai due enti trova forza nell\u2019<strong>unione delle competenze<\/strong> e <strong>del know-how<\/strong> di due realt\u00e0 che hanno, tra l\u2019altro, basi solide in Trentino: EURICSE, in quanto Istituto Europeo di ricerca sull\u2019economia sociale, e la Federazione Trentina della Cooperazione, con le sue oltre 400 imprese associate e pi\u00f9 di 280mila soci e socie presenti sul territorio.<br \/>\nI risultati raggiunti da queste realt\u00e0 rappresentano oggi un punto di riferimento non solo a livello locale, ma anche nazionale ed europeo. In un contesto economico sempre pi\u00f9 complesso e interconnesso, il modello cooperativo trentino si distingue per la sua resilienza e capacit\u00e0 di adattamento, fondato su principi di mutualit\u00e0, partecipazione democratica e attenzione al benessere collettivo.<\/p>\n<p>Le cooperative, infatti, non si limitano a generare valore economico, ma contribuiscono attivamente alla <strong>coesione sociale<\/strong>, allo <strong>sviluppo sostenibile<\/strong> e alla <strong>riduzione delle disuguaglianze<\/strong>. L\u2019integrazione tra ricerca, innovazione e operativit\u00e0 sul territorio consente di sviluppare soluzioni concrete alle sfide contemporanee, tra cui la transizione digitale, l\u2019inclusione sociale e la sostenibilit\u00e0 ambientale.<\/p>\n<p>In questo senso, l\u2019esperienza trentina si configura come un laboratorio avanzato di buone pratiche, capace di ispirare politiche e modelli replicabili anche in altri contesti. I risultati ottenuti testimoniano come la sinergia tra conoscenza scientifica e azione cooperativa possa generare impatti positivi duraturi, rafforzando il legame tra economia e societ\u00e0 e contribuendo alla costruzione di un <strong>futuro pi\u00f9 equo e inclusivo<\/strong>.<\/p>\n<p>&nbsp;<\/p>\n","protected":false},"excerpt":{"rendered":"<p>EURICSE e la Federazione Trentina della Cooperazione rafforzano la loro collaborazione con la firma di un nuovo protocollo d\u2019intesa, sottoscritto oggi dai presidenti Paola Iamiceli e Roberto Simoni.<\/p>\n","protected":false},"author":35,"featured_media":30126,"comment_status":"closed","ping_status":"closed","sticky":false,"template":"","format":"standard","meta":{"_acf_changed":false,"episode_type":"","audio_file":"","cover_image":"","cover_image_id":"","duration":"","filesize":"","date_recorded":"","explicit":"","block":"","itunes_episode_number":"","itunes_title":"","itunes_season_number":"","itunes_episode_type":"","filesize_raw":"","footnotes":""},"categories":[17],"tags":[651,1844,2232,2504],"class_list":["post-30125","post","type-post","status-publish","format-standard","has-post-thumbnail","hentry","category-news-it","tag-euricse","tag-paola-iamiceli","tag-federazione-trentina-della-cooperazione","tag-roberto-simoni"],"acf":[],"yoast_head":"<!-- This site is optimized with the Yoast SEO plugin v26.1.1 - https:\/\/yoast.com\/wordpress\/plugins\/seo\/ -->\n<title>EURICSE e Cooperazione Trentina: azioni comuni a sostegno dell&#039;economia cooperativa - Euricse<\/title>\n<meta name=\"description\" content=\"EURICSE e la Federazione Trentina della Cooperazione rafforzano la loro collaborazione con la firma di un nuovo protocollo d\u2019intesa, sottoscritto oggi dai presidenti Paola Iamiceli e Roberto Simoni.\" \/>\n<meta name=\"robots\" content=\"index, follow, max-snippet:-1, max-image-preview:large, max-video-preview:-1\" \/>\n<link rel=\"canonical\" href=\"https:\/\/euricse.eu\/it\/euricse-e-cooperazione-trentina-azioni-comuni-a-sostegno-delleconomia-cooperativa\/\" \/>\n<meta property=\"og:locale\" content=\"it_IT\" \/>\n<meta property=\"og:type\" content=\"article\" \/>\n<meta property=\"og:title\" content=\"EURICSE e Cooperazione Trentina: azioni comuni a sostegno dell&#039;economia cooperativa - Euricse\" \/>\n<meta property=\"og:description\" content=\"EURICSE e la Federazione Trentina della Cooperazione rafforzano la loro collaborazione con la firma di un nuovo protocollo d\u2019intesa, sottoscritto oggi dai presidenti Paola Iamiceli e Roberto Simoni.\" \/>\n<meta property=\"og:url\" content=\"https:\/\/euricse.eu\/it\/euricse-e-cooperazione-trentina-azioni-comuni-a-sostegno-delleconomia-cooperativa\/\" \/>\n<meta property=\"og:site_name\" content=\"Euricse\" \/>\n<meta property=\"article:published_time\" content=\"2026-04-29T10:01:17+00:00\" \/>\n<meta property=\"og:image\" content=\"https:\/\/euricse.eu\/wp-content\/uploads\/2026\/04\/Firma-Iamiceli-Simoni.jpg\" \/>\n\t<meta property=\"og:image:width\" content=\"2400\" \/>\n\t<meta property=\"og:image:height\" content=\"2014\" \/>\n\t<meta property=\"og:image:type\" content=\"image\/jpeg\" \/>\n<meta name=\"author\" content=\"comunicazione\" \/>\n<meta name=\"twitter:card\" content=\"summary_large_image\" \/>\n<meta name=\"twitter:label1\" content=\"Scritto da\" \/>\n\t<meta name=\"twitter:data1\" content=\"comunicazione\" \/>\n\t<meta name=\"twitter:label2\" content=\"Tempo di lettura stimato\" \/>\n\t<meta name=\"twitter:data2\" content=\"5 minuti\" \/>\n<script type=\"application\/ld+json\" class=\"yoast-schema-graph\">{\"@context\":\"https:\/\/schema.org\",\"@graph\":[{\"@type\":\"WebPage\",\"@id\":\"https:\/\/euricse.eu\/it\/euricse-e-cooperazione-trentina-azioni-comuni-a-sostegno-delleconomia-cooperativa\/\",\"url\":\"https:\/\/euricse.eu\/it\/euricse-e-cooperazione-trentina-azioni-comuni-a-sostegno-delleconomia-cooperativa\/\",\"name\":\"EURICSE e Cooperazione Trentina: azioni comuni a sostegno dell'economia cooperativa - Euricse\",\"isPartOf\":{\"@id\":\"https:\/\/euricse.eu\/en\/#website\"},\"primaryImageOfPage\":{\"@id\":\"https:\/\/euricse.eu\/it\/euricse-e-cooperazione-trentina-azioni-comuni-a-sostegno-delleconomia-cooperativa\/#primaryimage\"},\"image\":{\"@id\":\"https:\/\/euricse.eu\/it\/euricse-e-cooperazione-trentina-azioni-comuni-a-sostegno-delleconomia-cooperativa\/#primaryimage\"},\"thumbnailUrl\":\"https:\/\/euricse.eu\/wp-content\/uploads\/2026\/04\/Firma-Iamiceli-Simoni.jpg\",\"datePublished\":\"2026-04-29T10:01:17+00:00\",\"author\":{\"@id\":\"https:\/\/euricse.eu\/en\/#\/schema\/person\/a6fb65fc189d71297f81c1e7bad30b9b\"},\"description\":\"EURICSE e la Federazione Trentina della Cooperazione rafforzano la loro collaborazione con la firma di un nuovo protocollo d\u2019intesa, sottoscritto oggi dai presidenti Paola Iamiceli e Roberto Simoni.\",\"breadcrumb\":{\"@id\":\"https:\/\/euricse.eu\/it\/euricse-e-cooperazione-trentina-azioni-comuni-a-sostegno-delleconomia-cooperativa\/#breadcrumb\"},\"inLanguage\":\"it-IT\",\"potentialAction\":[{\"@type\":\"ReadAction\",\"target\":[\"https:\/\/euricse.eu\/it\/euricse-e-cooperazione-trentina-azioni-comuni-a-sostegno-delleconomia-cooperativa\/\"]}]},{\"@type\":\"ImageObject\",\"inLanguage\":\"it-IT\",\"@id\":\"https:\/\/euricse.eu\/it\/euricse-e-cooperazione-trentina-azioni-comuni-a-sostegno-delleconomia-cooperativa\/#primaryimage\",\"url\":\"https:\/\/euricse.eu\/wp-content\/uploads\/2026\/04\/Firma-Iamiceli-Simoni.jpg\",\"contentUrl\":\"https:\/\/euricse.eu\/wp-content\/uploads\/2026\/04\/Firma-Iamiceli-Simoni.jpg\",\"width\":2400,\"height\":2014},{\"@type\":\"BreadcrumbList\",\"@id\":\"https:\/\/euricse.eu\/it\/euricse-e-cooperazione-trentina-azioni-comuni-a-sostegno-delleconomia-cooperativa\/#breadcrumb\",\"itemListElement\":[{\"@type\":\"ListItem\",\"position\":1,\"name\":\"Home\",\"item\":\"https:\/\/euricse.eu\/it\/\"},{\"@type\":\"ListItem\",\"position\":2,\"name\":\"EURICSE e Cooperazione Trentina: azioni comuni a sostegno dell&#8217;economia cooperativa\"}]},{\"@type\":\"WebSite\",\"@id\":\"https:\/\/euricse.eu\/en\/#website\",\"url\":\"https:\/\/euricse.eu\/en\/\",\"name\":\"Euricse\",\"description\":\"Knowledge and innovation for cooperative and social enterprises.\",\"potentialAction\":[{\"@type\":\"SearchAction\",\"target\":{\"@type\":\"EntryPoint\",\"urlTemplate\":\"https:\/\/euricse.eu\/en\/?s={search_term_string}\"},\"query-input\":{\"@type\":\"PropertyValueSpecification\",\"valueRequired\":true,\"valueName\":\"search_term_string\"}}],\"inLanguage\":\"it-IT\"},{\"@type\":\"Person\",\"@id\":\"https:\/\/euricse.eu\/en\/#\/schema\/person\/a6fb65fc189d71297f81c1e7bad30b9b\",\"name\":\"comunicazione\",\"image\":{\"@type\":\"ImageObject\",\"inLanguage\":\"it-IT\",\"@id\":\"https:\/\/euricse.eu\/en\/#\/schema\/person\/image\/\",\"url\":\"https:\/\/secure.gravatar.com\/avatar\/7ac8e85cb1bd3ac912e2d8be2823f83faf319f680b909bfda1cb0b8239c97a6e?s=96&d=mm&r=g\",\"contentUrl\":\"https:\/\/secure.gravatar.com\/avatar\/7ac8e85cb1bd3ac912e2d8be2823f83faf319f680b909bfda1cb0b8239c97a6e?s=96&d=mm&r=g\",\"caption\":\"comunicazione\"},\"url\":\"https:\/\/euricse.eu\/it\/author\/comunicazione\/\"}]}<\/script>\n<!-- \/ Yoast SEO plugin. -->","yoast_head_json":{"title":"EURICSE e Cooperazione Trentina: azioni comuni a sostegno dell'economia cooperativa - Euricse","description":"EURICSE e la Federazione Trentina della Cooperazione rafforzano la loro collaborazione con la firma di un nuovo protocollo d\u2019intesa, sottoscritto oggi dai presidenti Paola Iamiceli e Roberto Simoni.","robots":{"index":"index","follow":"follow","max-snippet":"max-snippet:-1","max-image-preview":"max-image-preview:large","max-video-preview":"max-video-preview:-1"},"canonical":"https:\/\/euricse.eu\/it\/euricse-e-cooperazione-trentina-azioni-comuni-a-sostegno-delleconomia-cooperativa\/","og_locale":"it_IT","og_type":"article","og_title":"EURICSE e Cooperazione Trentina: azioni comuni a sostegno dell'economia cooperativa - Euricse","og_description":"EURICSE e la Federazione Trentina della Cooperazione rafforzano la loro collaborazione con la firma di un nuovo protocollo d\u2019intesa, sottoscritto oggi dai presidenti Paola Iamiceli e Roberto Simoni.","og_url":"https:\/\/euricse.eu\/it\/euricse-e-cooperazione-trentina-azioni-comuni-a-sostegno-delleconomia-cooperativa\/","og_site_name":"Euricse","article_published_time":"2026-04-29T10:01:17+00:00","og_image":[{"width":2400,"height":2014,"url":"https:\/\/euricse.eu\/wp-content\/uploads\/2026\/04\/Firma-Iamiceli-Simoni.jpg","type":"image\/jpeg"}],"author":"comunicazione","twitter_card":"summary_large_image","twitter_misc":{"Scritto da":"comunicazione","Tempo di lettura stimato":"5 minuti"},"schema":{"@context":"https:\/\/schema.org","@graph":[{"@type":"WebPage","@id":"https:\/\/euricse.eu\/it\/euricse-e-cooperazione-trentina-azioni-comuni-a-sostegno-delleconomia-cooperativa\/","url":"https:\/\/euricse.eu\/it\/euricse-e-cooperazione-trentina-azioni-comuni-a-sostegno-delleconomia-cooperativa\/","name":"EURICSE e Cooperazione Trentina: azioni comuni a sostegno dell'economia cooperativa - Euricse","isPartOf":{"@id":"https:\/\/euricse.eu\/en\/#website"},"primaryImageOfPage":{"@id":"https:\/\/euricse.eu\/it\/euricse-e-cooperazione-trentina-azioni-comuni-a-sostegno-delleconomia-cooperativa\/#primaryimage"},"image":{"@id":"https:\/\/euricse.eu\/it\/euricse-e-cooperazione-trentina-azioni-comuni-a-sostegno-delleconomia-cooperativa\/#primaryimage"},"thumbnailUrl":"https:\/\/euricse.eu\/wp-content\/uploads\/2026\/04\/Firma-Iamiceli-Simoni.jpg","datePublished":"2026-04-29T10:01:17+00:00","author":{"@id":"https:\/\/euricse.eu\/en\/#\/schema\/person\/a6fb65fc189d71297f81c1e7bad30b9b"},"description":"EURICSE e la Federazione Trentina della Cooperazione rafforzano la loro collaborazione con la firma di un nuovo protocollo d\u2019intesa, sottoscritto oggi dai presidenti Paola Iamiceli e Roberto Simoni.","breadcrumb":{"@id":"https:\/\/euricse.eu\/it\/euricse-e-cooperazione-trentina-azioni-comuni-a-sostegno-delleconomia-cooperativa\/#breadcrumb"},"inLanguage":"it-IT","potentialAction":[{"@type":"ReadAction","target":["https:\/\/euricse.eu\/it\/euricse-e-cooperazione-trentina-azioni-comuni-a-sostegno-delleconomia-cooperativa\/"]}]},{"@type":"ImageObject","inLanguage":"it-IT","@id":"https:\/\/euricse.eu\/it\/euricse-e-cooperazione-trentina-azioni-comuni-a-sostegno-delleconomia-cooperativa\/#primaryimage","url":"https:\/\/euricse.eu\/wp-content\/uploads\/2026\/04\/Firma-Iamiceli-Simoni.jpg","contentUrl":"https:\/\/euricse.eu\/wp-content\/uploads\/2026\/04\/Firma-Iamiceli-Simoni.jpg","width":2400,"height":2014},{"@type":"BreadcrumbList","@id":"https:\/\/euricse.eu\/it\/euricse-e-cooperazione-trentina-azioni-comuni-a-sostegno-delleconomia-cooperativa\/#breadcrumb","itemListElement":[{"@type":"ListItem","position":1,"name":"Home","item":"https:\/\/euricse.eu\/it\/"},{"@type":"ListItem","position":2,"name":"EURICSE e Cooperazione Trentina: azioni comuni a sostegno dell&#8217;economia cooperativa"}]},{"@type":"WebSite","@id":"https:\/\/euricse.eu\/en\/#website","url":"https:\/\/euricse.eu\/en\/","name":"Euricse","description":"Knowledge and innovation for cooperative and social enterprises.","potentialAction":[{"@type":"SearchAction","target":{"@type":"EntryPoint","urlTemplate":"https:\/\/euricse.eu\/en\/?s={search_term_string}"},"query-input":{"@type":"PropertyValueSpecification","valueRequired":true,"valueName":"search_term_string"}}],"inLanguage":"it-IT"},{"@type":"Person","@id":"https:\/\/euricse.eu\/en\/#\/schema\/person\/a6fb65fc189d71297f81c1e7bad30b9b","name":"comunicazione","image":{"@type":"ImageObject","inLanguage":"it-IT","@id":"https:\/\/euricse.eu\/en\/#\/schema\/person\/image\/","url":"https:\/\/secure.gravatar.com\/avatar\/7ac8e85cb1bd3ac912e2d8be2823f83faf319f680b909bfda1cb0b8239c97a6e?s=96&d=mm&r=g","contentUrl":"https:\/\/secure.gravatar.com\/avatar\/7ac8e85cb1bd3ac912e2d8be2823f83faf319f680b909bfda1cb0b8239c97a6e?s=96&d=mm&r=g","caption":"comunicazione"},"url":"https:\/\/euricse.eu\/it\/author\/comunicazione\/"}]}},"_links":{"self":[{"href":"https:\/\/euricse.eu\/it\/wp-json\/wp\/v2\/posts\/30125","targetHints":{"allow":["GET"]}}],"collection":[{"href":"https:\/\/euricse.eu\/it\/wp-json\/wp\/v2\/posts"}],"about":[{"href":"https:\/\/euricse.eu\/it\/wp-json\/wp\/v2\/types\/post"}],"author":[{"embeddable":true,"href":"https:\/\/euricse.eu\/it\/wp-json\/wp\/v2\/users\/35"}],"replies":[{"embeddable":true,"href":"https:\/\/euricse.eu\/it\/wp-json\/wp\/v2\/comments?post=30125"}],"version-history":[{"count":1,"href":"https:\/\/euricse.eu\/it\/wp-json\/wp\/v2\/posts\/30125\/revisions"}],"predecessor-version":[{"id":30128,"href":"https:\/\/euricse.eu\/it\/wp-json\/wp\/v2\/posts\/30125\/revisions\/30128"}],"wp:featuredmedia":[{"embeddable":true,"href":"https:\/\/euricse.eu\/it\/wp-json\/wp\/v2\/media\/30126"}],"wp:attachment":[{"href":"https:\/\/euricse.eu\/it\/wp-json\/wp\/v2\/media?parent=30125"}],"wp:term":[{"taxonomy":"category","embeddable":true,"href":"https:\/\/euricse.eu\/it\/wp-json\/wp\/v2\/categories?post=30125"},{"taxonomy":"post_tag","embeddable":true,"href":"https:\/\/euricse.eu\/it\/wp-json\/wp\/v2\/tags?post=30125"}],"curies":[{"name":"wp","href":"https:\/\/api.w.org\/{rel}","templated":true}]}}