{"id":30132,"date":"2026-04-30T13:25:12","date_gmt":"2026-04-30T12:25:12","guid":{"rendered":"https:\/\/euricse.eu\/?p=30132"},"modified":"2026-04-30T13:25:12","modified_gmt":"2026-04-30T12:25:12","slug":"lavori-socialmente-utili-e-inserimento-lavorativo","status":"publish","type":"post","link":"https:\/\/euricse.eu\/it\/lavori-socialmente-utili-e-inserimento-lavorativo\/","title":{"rendered":"Lavori socialmente utili e inserimento lavorativo"},"content":{"rendered":"<section dir=\"auto\" data-scroll-anchor=\"false\" data-testid=\"conversation-turn-5\" data-turn=\"user\" data-turn-id=\"70575e0e-210c-4038-8d93-6a6aaa8cc12e\">\n<div>Un recente report di\u00a0<strong>EURICSE<\/strong>\u00a0analizza gli effetti degli Interventi 3.3.C e 3.3.D delle\u00a0<strong>politiche del lavoro della Provincia autonoma di Trento<\/strong>, evidenziandone il ruolo nel favorire l\u2019<strong>inserimento<\/strong>\u00a0e la\u00a0<strong>riattivazione lavorativa<\/strong>. Il 3.3.C sostiene percorsi di lavoro pi\u00f9 stabili e di medio-lungo periodo, mentre il 3.3.D offre opportunit\u00e0 di lavori socialmente utili per persone in condizioni di fragilit\u00e0 e di svantaggio.<br \/>\nLo studio, realizzato nell\u2019ambito dell\u2019<strong>Accordo di Programma 2023\u20132025 tra EURICSE e la Provincia autonoma di Trento<\/strong>, in collaborazione con l\u2019<strong>Agenzia del Lavoro<\/strong>, \u00e8 basato su un\u2019analisi triennale (2022\u20132024), che evidenzia la complementarit\u00e0 delle due misure e il loro contributo a percorsi occupazionali pi\u00f9 stabili e con buona continuit\u00e0 anche dopo la conclusione.<\/p>\n<\/div>\n<\/section>\n<p><a href=\"https:\/\/euricse.eu\/it\/publications\/lavori-socialmente-utili-e-inserimento-lavorativo-di-persone-svantaggiate-valutazione-degli-interventi-3-3-c-e-3-3-d\/\" target=\"_blank\" rel=\"noopener\">Scarica il Report<\/a><\/p>\n","protected":false},"excerpt":{"rendered":"<p>Un recente report di\u00a0EURICSE\u00a0analizza gli effetti degli Interventi 3.3.C e 3.3.D delle\u00a0politiche del lavoro della Provincia autonoma di Trento, evidenziandone il ruolo nel favorire l\u2019inserimento\u00a0e la\u00a0riattivazione lavorativa.<\/p>\n","protected":false},"author":35,"featured_media":30005,"comment_status":"closed","ping_status":"closed","sticky":false,"template":"","format":"standard","meta":{"_acf_changed":false,"episode_type":"","audio_file":"","cover_image":"","cover_image_id":"","duration":"","filesize":"","date_recorded":"","explicit":"","block":"","itunes_episode_number":"","itunes_title":"","itunes_season_number":"","itunes_episode_type":"","filesize_raw":"","footnotes":""},"categories":[17],"tags":[975,2506,2507],"class_list":["post-30132","post","type-post","status-publish","format-standard","has-post-thumbnail","hentry","category-news-it","tag-provincia-autonoma-di-trento","tag-politiche-del-lavoro","tag-lavori-socialmente-utili-e-inserimento-lavorativo"],"acf":[],"yoast_head":"<!-- This site is optimized with the Yoast SEO plugin v26.1.1 - https:\/\/yoast.com\/wordpress\/plugins\/seo\/ -->\n<title>Lavori socialmente utili e inserimento lavorativo - Euricse<\/title>\n<meta name=\"description\" content=\"Un recente report di\u00a0EURICSE\u00a0analizza gli effetti degli Interventi 3.3.C e 3.3.D delle\u00a0politiche del lavoro della Provincia autonoma di Trento, evidenziandone il ruolo nel favorire l\u2019inserimento\u00a0e la\u00a0riattivazione lavorativa.\" \/>\n<meta name=\"robots\" content=\"index, follow, max-snippet:-1, max-image-preview:large, max-video-preview:-1\" \/>\n<link rel=\"canonical\" href=\"https:\/\/euricse.eu\/it\/lavori-socialmente-utili-e-inserimento-lavorativo\/\" \/>\n<meta property=\"og:locale\" content=\"it_IT\" \/>\n<meta property=\"og:type\" content=\"article\" \/>\n<meta property=\"og:title\" content=\"Lavori socialmente utili e inserimento lavorativo - Euricse\" \/>\n<meta property=\"og:description\" content=\"Un recente report di\u00a0EURICSE\u00a0analizza gli effetti degli Interventi 3.3.C e 3.3.D delle\u00a0politiche del lavoro della Provincia autonoma di Trento, evidenziandone il ruolo nel favorire l\u2019inserimento\u00a0e la\u00a0riattivazione lavorativa.\" \/>\n<meta property=\"og:url\" content=\"https:\/\/euricse.eu\/it\/lavori-socialmente-utili-e-inserimento-lavorativo\/\" \/>\n<meta property=\"og:site_name\" content=\"Euricse\" \/>\n<meta property=\"article:published_time\" content=\"2026-04-30T12:25:12+00:00\" \/>\n<meta property=\"og:image\" content=\"https:\/\/euricse.eu\/wp-content\/uploads\/2026\/04\/Lsu_e_inserimento_lavorativo_CopertinaRapporto-scaled.jpg\" \/>\n\t<meta property=\"og:image:width\" content=\"1810\" \/>\n\t<meta property=\"og:image:height\" content=\"2560\" \/>\n\t<meta property=\"og:image:type\" content=\"image\/jpeg\" \/>\n<meta name=\"author\" content=\"comunicazione\" \/>\n<meta name=\"twitter:card\" content=\"summary_large_image\" \/>\n<meta name=\"twitter:label1\" content=\"Scritto da\" \/>\n\t<meta name=\"twitter:data1\" content=\"comunicazione\" \/>\n\t<meta name=\"twitter:label2\" content=\"Tempo di lettura stimato\" \/>\n\t<meta name=\"twitter:data2\" content=\"1 minuto\" \/>\n<script type=\"application\/ld+json\" class=\"yoast-schema-graph\">{\"@context\":\"https:\/\/schema.org\",\"@graph\":[{\"@type\":\"WebPage\",\"@id\":\"https:\/\/euricse.eu\/it\/lavori-socialmente-utili-e-inserimento-lavorativo\/\",\"url\":\"https:\/\/euricse.eu\/it\/lavori-socialmente-utili-e-inserimento-lavorativo\/\",\"name\":\"Lavori socialmente utili e inserimento lavorativo - Euricse\",\"isPartOf\":{\"@id\":\"https:\/\/euricse.eu\/en\/#website\"},\"primaryImageOfPage\":{\"@id\":\"https:\/\/euricse.eu\/it\/lavori-socialmente-utili-e-inserimento-lavorativo\/#primaryimage\"},\"image\":{\"@id\":\"https:\/\/euricse.eu\/it\/lavori-socialmente-utili-e-inserimento-lavorativo\/#primaryimage\"},\"thumbnailUrl\":\"https:\/\/euricse.eu\/wp-content\/uploads\/2026\/04\/Lsu_e_inserimento_lavorativo_CopertinaRapporto-scaled.jpg\",\"datePublished\":\"2026-04-30T12:25:12+00:00\",\"author\":{\"@id\":\"https:\/\/euricse.eu\/en\/#\/schema\/person\/a6fb65fc189d71297f81c1e7bad30b9b\"},\"description\":\"Un recente report di\u00a0EURICSE\u00a0analizza gli effetti degli Interventi 3.3.C e 3.3.D delle\u00a0politiche del lavoro della Provincia autonoma di Trento, evidenziandone il ruolo nel favorire l\u2019inserimento\u00a0e la\u00a0riattivazione lavorativa.\",\"breadcrumb\":{\"@id\":\"https:\/\/euricse.eu\/it\/lavori-socialmente-utili-e-inserimento-lavorativo\/#breadcrumb\"},\"inLanguage\":\"it-IT\",\"potentialAction\":[{\"@type\":\"ReadAction\",\"target\":[\"https:\/\/euricse.eu\/it\/lavori-socialmente-utili-e-inserimento-lavorativo\/\"]}]},{\"@type\":\"ImageObject\",\"inLanguage\":\"it-IT\",\"@id\":\"https:\/\/euricse.eu\/it\/lavori-socialmente-utili-e-inserimento-lavorativo\/#primaryimage\",\"url\":\"https:\/\/euricse.eu\/wp-content\/uploads\/2026\/04\/Lsu_e_inserimento_lavorativo_CopertinaRapporto-scaled.jpg\",\"contentUrl\":\"https:\/\/euricse.eu\/wp-content\/uploads\/2026\/04\/Lsu_e_inserimento_lavorativo_CopertinaRapporto-scaled.jpg\",\"width\":1810,\"height\":2560},{\"@type\":\"BreadcrumbList\",\"@id\":\"https:\/\/euricse.eu\/it\/lavori-socialmente-utili-e-inserimento-lavorativo\/#breadcrumb\",\"itemListElement\":[{\"@type\":\"ListItem\",\"position\":1,\"name\":\"Home\",\"item\":\"https:\/\/euricse.eu\/it\/\"},{\"@type\":\"ListItem\",\"position\":2,\"name\":\"Lavori socialmente utili e inserimento lavorativo\"}]},{\"@type\":\"WebSite\",\"@id\":\"https:\/\/euricse.eu\/en\/#website\",\"url\":\"https:\/\/euricse.eu\/en\/\",\"name\":\"Euricse\",\"description\":\"Knowledge and innovation for cooperative and social enterprises.\",\"potentialAction\":[{\"@type\":\"SearchAction\",\"target\":{\"@type\":\"EntryPoint\",\"urlTemplate\":\"https:\/\/euricse.eu\/en\/?s={search_term_string}\"},\"query-input\":{\"@type\":\"PropertyValueSpecification\",\"valueRequired\":true,\"valueName\":\"search_term_string\"}}],\"inLanguage\":\"it-IT\"},{\"@type\":\"Person\",\"@id\":\"https:\/\/euricse.eu\/en\/#\/schema\/person\/a6fb65fc189d71297f81c1e7bad30b9b\",\"name\":\"comunicazione\",\"image\":{\"@type\":\"ImageObject\",\"inLanguage\":\"it-IT\",\"@id\":\"https:\/\/euricse.eu\/en\/#\/schema\/person\/image\/\",\"url\":\"https:\/\/secure.gravatar.com\/avatar\/7ac8e85cb1bd3ac912e2d8be2823f83faf319f680b909bfda1cb0b8239c97a6e?s=96&d=mm&r=g\",\"contentUrl\":\"https:\/\/secure.gravatar.com\/avatar\/7ac8e85cb1bd3ac912e2d8be2823f83faf319f680b909bfda1cb0b8239c97a6e?s=96&d=mm&r=g\",\"caption\":\"comunicazione\"},\"url\":\"https:\/\/euricse.eu\/it\/author\/comunicazione\/\"}]}<\/script>\n<!-- \/ Yoast SEO plugin. -->","yoast_head_json":{"title":"Lavori socialmente utili e inserimento lavorativo - Euricse","description":"Un recente report di\u00a0EURICSE\u00a0analizza gli effetti degli Interventi 3.3.C e 3.3.D delle\u00a0politiche del lavoro della Provincia autonoma di Trento, evidenziandone il ruolo nel favorire l\u2019inserimento\u00a0e la\u00a0riattivazione lavorativa.","robots":{"index":"index","follow":"follow","max-snippet":"max-snippet:-1","max-image-preview":"max-image-preview:large","max-video-preview":"max-video-preview:-1"},"canonical":"https:\/\/euricse.eu\/it\/lavori-socialmente-utili-e-inserimento-lavorativo\/","og_locale":"it_IT","og_type":"article","og_title":"Lavori socialmente utili e inserimento lavorativo - Euricse","og_description":"Un recente report di\u00a0EURICSE\u00a0analizza gli effetti degli Interventi 3.3.C e 3.3.D delle\u00a0politiche del lavoro della Provincia autonoma di Trento, evidenziandone il ruolo nel favorire l\u2019inserimento\u00a0e la\u00a0riattivazione lavorativa.","og_url":"https:\/\/euricse.eu\/it\/lavori-socialmente-utili-e-inserimento-lavorativo\/","og_site_name":"Euricse","article_published_time":"2026-04-30T12:25:12+00:00","og_image":[{"width":1810,"height":2560,"url":"https:\/\/euricse.eu\/wp-content\/uploads\/2026\/04\/Lsu_e_inserimento_lavorativo_CopertinaRapporto-scaled.jpg","type":"image\/jpeg"}],"author":"comunicazione","twitter_card":"summary_large_image","twitter_misc":{"Scritto da":"comunicazione","Tempo di lettura stimato":"1 minuto"},"schema":{"@context":"https:\/\/schema.org","@graph":[{"@type":"WebPage","@id":"https:\/\/euricse.eu\/it\/lavori-socialmente-utili-e-inserimento-lavorativo\/","url":"https:\/\/euricse.eu\/it\/lavori-socialmente-utili-e-inserimento-lavorativo\/","name":"Lavori socialmente utili e inserimento lavorativo - Euricse","isPartOf":{"@id":"https:\/\/euricse.eu\/en\/#website"},"primaryImageOfPage":{"@id":"https:\/\/euricse.eu\/it\/lavori-socialmente-utili-e-inserimento-lavorativo\/#primaryimage"},"image":{"@id":"https:\/\/euricse.eu\/it\/lavori-socialmente-utili-e-inserimento-lavorativo\/#primaryimage"},"thumbnailUrl":"https:\/\/euricse.eu\/wp-content\/uploads\/2026\/04\/Lsu_e_inserimento_lavorativo_CopertinaRapporto-scaled.jpg","datePublished":"2026-04-30T12:25:12+00:00","author":{"@id":"https:\/\/euricse.eu\/en\/#\/schema\/person\/a6fb65fc189d71297f81c1e7bad30b9b"},"description":"Un recente report di\u00a0EURICSE\u00a0analizza gli effetti degli Interventi 3.3.C e 3.3.D delle\u00a0politiche del lavoro della Provincia autonoma di Trento, evidenziandone il ruolo nel favorire l\u2019inserimento\u00a0e la\u00a0riattivazione lavorativa.","breadcrumb":{"@id":"https:\/\/euricse.eu\/it\/lavori-socialmente-utili-e-inserimento-lavorativo\/#breadcrumb"},"inLanguage":"it-IT","potentialAction":[{"@type":"ReadAction","target":["https:\/\/euricse.eu\/it\/lavori-socialmente-utili-e-inserimento-lavorativo\/"]}]},{"@type":"ImageObject","inLanguage":"it-IT","@id":"https:\/\/euricse.eu\/it\/lavori-socialmente-utili-e-inserimento-lavorativo\/#primaryimage","url":"https:\/\/euricse.eu\/wp-content\/uploads\/2026\/04\/Lsu_e_inserimento_lavorativo_CopertinaRapporto-scaled.jpg","contentUrl":"https:\/\/euricse.eu\/wp-content\/uploads\/2026\/04\/Lsu_e_inserimento_lavorativo_CopertinaRapporto-scaled.jpg","width":1810,"height":2560},{"@type":"BreadcrumbList","@id":"https:\/\/euricse.eu\/it\/lavori-socialmente-utili-e-inserimento-lavorativo\/#breadcrumb","itemListElement":[{"@type":"ListItem","position":1,"name":"Home","item":"https:\/\/euricse.eu\/it\/"},{"@type":"ListItem","position":2,"name":"Lavori socialmente utili e inserimento lavorativo"}]},{"@type":"WebSite","@id":"https:\/\/euricse.eu\/en\/#website","url":"https:\/\/euricse.eu\/en\/","name":"Euricse","description":"Knowledge and innovation for cooperative and social enterprises.","potentialAction":[{"@type":"SearchAction","target":{"@type":"EntryPoint","urlTemplate":"https:\/\/euricse.eu\/en\/?s={search_term_string}"},"query-input":{"@type":"PropertyValueSpecification","valueRequired":true,"valueName":"search_term_string"}}],"inLanguage":"it-IT"},{"@type":"Person","@id":"https:\/\/euricse.eu\/en\/#\/schema\/person\/a6fb65fc189d71297f81c1e7bad30b9b","name":"comunicazione","image":{"@type":"ImageObject","inLanguage":"it-IT","@id":"https:\/\/euricse.eu\/en\/#\/schema\/person\/image\/","url":"https:\/\/secure.gravatar.com\/avatar\/7ac8e85cb1bd3ac912e2d8be2823f83faf319f680b909bfda1cb0b8239c97a6e?s=96&d=mm&r=g","contentUrl":"https:\/\/secure.gravatar.com\/avatar\/7ac8e85cb1bd3ac912e2d8be2823f83faf319f680b909bfda1cb0b8239c97a6e?s=96&d=mm&r=g","caption":"comunicazione"},"url":"https:\/\/euricse.eu\/it\/author\/comunicazione\/"}]}},"_links":{"self":[{"href":"https:\/\/euricse.eu\/it\/wp-json\/wp\/v2\/posts\/30132","targetHints":{"allow":["GET"]}}],"collection":[{"href":"https:\/\/euricse.eu\/it\/wp-json\/wp\/v2\/posts"}],"about":[{"href":"https:\/\/euricse.eu\/it\/wp-json\/wp\/v2\/types\/post"}],"author":[{"embeddable":true,"href":"https:\/\/euricse.eu\/it\/wp-json\/wp\/v2\/users\/35"}],"replies":[{"embeddable":true,"href":"https:\/\/euricse.eu\/it\/wp-json\/wp\/v2\/comments?post=30132"}],"version-history":[{"count":1,"href":"https:\/\/euricse.eu\/it\/wp-json\/wp\/v2\/posts\/30132\/revisions"}],"predecessor-version":[{"id":30133,"href":"https:\/\/euricse.eu\/it\/wp-json\/wp\/v2\/posts\/30132\/revisions\/30133"}],"wp:featuredmedia":[{"embeddable":true,"href":"https:\/\/euricse.eu\/it\/wp-json\/wp\/v2\/media\/30005"}],"wp:attachment":[{"href":"https:\/\/euricse.eu\/it\/wp-json\/wp\/v2\/media?parent=30132"}],"wp:term":[{"taxonomy":"category","embeddable":true,"href":"https:\/\/euricse.eu\/it\/wp-json\/wp\/v2\/categories?post=30132"},{"taxonomy":"post_tag","embeddable":true,"href":"https:\/\/euricse.eu\/it\/wp-json\/wp\/v2\/tags?post=30132"}],"curies":[{"name":"wp","href":"https:\/\/api.w.org\/{rel}","templated":true}]}}