{"id":30158,"date":"2026-04-30T13:57:48","date_gmt":"2026-04-30T12:57:48","guid":{"rendered":"https:\/\/euricse.eu\/?p=30158"},"modified":"2026-04-30T14:41:04","modified_gmt":"2026-04-30T13:41:04","slug":"longevita-attiva-e-comunita-intraprendenti","status":"publish","type":"post","link":"https:\/\/euricse.eu\/it\/longevita-attiva-e-comunita-intraprendenti\/","title":{"rendered":"Longevit\u00e0 attiva e comunit\u00e0 intraprendenti"},"content":{"rendered":"<p>Il\u00a0<strong>17 aprile\u00a0<\/strong>si \u00e8 tenuto presso Fondazione Caritro a Trento il convegno \u201c<strong>Longevit\u00e0 attiva e comunit\u00e0 intraprendenti<\/strong>\u201d. L\u2019incontro \u00e8 stata l\u2019occasione per riflettere su possibili strategie e buone pratiche per trasformare la\u00a0<strong>transizione demografica<\/strong>\u00a0in un\u2019<strong>opportunit\u00e0 di sviluppo<\/strong>\u00a0per il Trentino. Il direttore di EURICSE\u00a0<strong>Riccardo Bodini<\/strong>\u00a0ha partecipato alla tavola rotonda conclusiva con una riflessione sul ruolo delle organizzazioni dell\u2019<strong>economia sociale<\/strong>\u00a0nell\u2019affrontare questa sfida e sulle leve per attivare una risposta di sistema che veda il coinvolgimento di tutti gli attori del territorio.<\/p>\n<p><a href=\"https:\/\/www.ufficiostampa.provincia.tn.it\/Comunicati\/Longevita-la-sfida-per-affrontare-l-evoluzione-demografica\" target=\"_blank\" rel=\"noopener\">Leggi di pi\u00f9<\/a><\/p>\n","protected":false},"excerpt":{"rendered":"<p>Il 17 aprile, presso la Fondazione Caritro a Trento, si \u00e8 tenuto il convegno \u201cLongevit\u00e0 attiva e comunit\u00e0 intraprendenti\u201d. Il direttore di EURICSE, Riccardo Bodini, ha partecipato alla tavola rotonda finale, riflettendo sul ruolo dell\u2019economia sociale e sulle leve per una risposta condivisa del territorio.<\/p>\n","protected":false},"author":35,"featured_media":30159,"comment_status":"closed","ping_status":"closed","sticky":false,"template":"","format":"standard","meta":{"_acf_changed":false,"episode_type":"","audio_file":"","cover_image":"","cover_image_id":"","duration":"","filesize":"","date_recorded":"","explicit":"","block":"","itunes_episode_number":"","itunes_title":"","itunes_season_number":"","itunes_episode_type":"","filesize_raw":"","footnotes":""},"categories":[17],"tags":[121,952,1336,2523,2524],"class_list":["post-30158","post","type-post","status-publish","format-standard","has-post-thumbnail","hentry","category-news-it","tag-economia-sociale","tag-fondazione-caritro","tag-riccardo-bodini-it","tag-longevita-attiva-e-comunita-intraprendenti","tag-transizione-demografica"],"acf":[],"yoast_head":"<!-- This site is optimized with the Yoast SEO plugin v26.1.1 - https:\/\/yoast.com\/wordpress\/plugins\/seo\/ -->\n<title>Longevit\u00e0 attiva e comunit\u00e0 intraprendenti - Euricse<\/title>\n<meta name=\"description\" content=\"Il 17 aprile, presso la Fondazione Caritro a Trento, si \u00e8 tenuto il convegno \u201cLongevit\u00e0 attiva e comunit\u00e0 intraprendenti\u201d. Il direttore di EURICSE, Riccardo Bodini, ha partecipato alla tavola rotonda finale, riflettendo sul ruolo dell\u2019economia sociale e sulle leve per una risposta condivisa del territorio.\" \/>\n<meta name=\"robots\" content=\"index, follow, max-snippet:-1, max-image-preview:large, max-video-preview:-1\" \/>\n<link rel=\"canonical\" href=\"https:\/\/euricse.eu\/it\/longevita-attiva-e-comunita-intraprendenti\/\" \/>\n<meta property=\"og:locale\" content=\"it_IT\" \/>\n<meta property=\"og:type\" content=\"article\" \/>\n<meta property=\"og:title\" content=\"Longevit\u00e0 attiva e comunit\u00e0 intraprendenti - Euricse\" \/>\n<meta property=\"og:description\" content=\"Il 17 aprile, presso la Fondazione Caritro a Trento, si \u00e8 tenuto il convegno \u201cLongevit\u00e0 attiva e comunit\u00e0 intraprendenti\u201d. Il direttore di EURICSE, Riccardo Bodini, ha partecipato alla tavola rotonda finale, riflettendo sul ruolo dell\u2019economia sociale e sulle leve per una risposta condivisa del territorio.\" \/>\n<meta property=\"og:url\" content=\"https:\/\/euricse.eu\/it\/longevita-attiva-e-comunita-intraprendenti\/\" \/>\n<meta property=\"og:site_name\" content=\"Euricse\" \/>\n<meta property=\"article:published_time\" content=\"2026-04-30T12:57:48+00:00\" \/>\n<meta property=\"article:modified_time\" content=\"2026-04-30T13:41:04+00:00\" \/>\n<meta property=\"og:image\" content=\"https:\/\/euricse.eu\/wp-content\/uploads\/2026\/04\/Longevita-attiva.jpg\" \/>\n\t<meta property=\"og:image:width\" content=\"500\" \/>\n\t<meta property=\"og:image:height\" content=\"500\" \/>\n\t<meta property=\"og:image:type\" content=\"image\/jpeg\" \/>\n<meta name=\"author\" content=\"comunicazione\" \/>\n<meta name=\"twitter:card\" content=\"summary_large_image\" \/>\n<meta name=\"twitter:label1\" content=\"Scritto da\" \/>\n\t<meta name=\"twitter:data1\" content=\"comunicazione\" \/>\n\t<meta name=\"twitter:label2\" content=\"Tempo di lettura stimato\" \/>\n\t<meta name=\"twitter:data2\" content=\"1 minuto\" \/>\n<script type=\"application\/ld+json\" class=\"yoast-schema-graph\">{\"@context\":\"https:\/\/schema.org\",\"@graph\":[{\"@type\":\"WebPage\",\"@id\":\"https:\/\/euricse.eu\/it\/longevita-attiva-e-comunita-intraprendenti\/\",\"url\":\"https:\/\/euricse.eu\/it\/longevita-attiva-e-comunita-intraprendenti\/\",\"name\":\"Longevit\u00e0 attiva e comunit\u00e0 intraprendenti - Euricse\",\"isPartOf\":{\"@id\":\"https:\/\/euricse.eu\/en\/#website\"},\"primaryImageOfPage\":{\"@id\":\"https:\/\/euricse.eu\/it\/longevita-attiva-e-comunita-intraprendenti\/#primaryimage\"},\"image\":{\"@id\":\"https:\/\/euricse.eu\/it\/longevita-attiva-e-comunita-intraprendenti\/#primaryimage\"},\"thumbnailUrl\":\"https:\/\/euricse.eu\/wp-content\/uploads\/2026\/04\/Longevita-attiva.jpg\",\"datePublished\":\"2026-04-30T12:57:48+00:00\",\"dateModified\":\"2026-04-30T13:41:04+00:00\",\"author\":{\"@id\":\"https:\/\/euricse.eu\/en\/#\/schema\/person\/a6fb65fc189d71297f81c1e7bad30b9b\"},\"description\":\"Il 17 aprile, presso la Fondazione Caritro a Trento, si \u00e8 tenuto il convegno \u201cLongevit\u00e0 attiva e comunit\u00e0 intraprendenti\u201d. Il direttore di EURICSE, Riccardo Bodini, ha partecipato alla tavola rotonda finale, riflettendo sul ruolo dell\u2019economia sociale e sulle leve per una risposta condivisa del territorio.\",\"breadcrumb\":{\"@id\":\"https:\/\/euricse.eu\/it\/longevita-attiva-e-comunita-intraprendenti\/#breadcrumb\"},\"inLanguage\":\"it-IT\",\"potentialAction\":[{\"@type\":\"ReadAction\",\"target\":[\"https:\/\/euricse.eu\/it\/longevita-attiva-e-comunita-intraprendenti\/\"]}]},{\"@type\":\"ImageObject\",\"inLanguage\":\"it-IT\",\"@id\":\"https:\/\/euricse.eu\/it\/longevita-attiva-e-comunita-intraprendenti\/#primaryimage\",\"url\":\"https:\/\/euricse.eu\/wp-content\/uploads\/2026\/04\/Longevita-attiva.jpg\",\"contentUrl\":\"https:\/\/euricse.eu\/wp-content\/uploads\/2026\/04\/Longevita-attiva.jpg\",\"width\":500,\"height\":500},{\"@type\":\"BreadcrumbList\",\"@id\":\"https:\/\/euricse.eu\/it\/longevita-attiva-e-comunita-intraprendenti\/#breadcrumb\",\"itemListElement\":[{\"@type\":\"ListItem\",\"position\":1,\"name\":\"Home\",\"item\":\"https:\/\/euricse.eu\/it\/\"},{\"@type\":\"ListItem\",\"position\":2,\"name\":\"Longevit\u00e0 attiva e comunit\u00e0 intraprendenti\"}]},{\"@type\":\"WebSite\",\"@id\":\"https:\/\/euricse.eu\/en\/#website\",\"url\":\"https:\/\/euricse.eu\/en\/\",\"name\":\"Euricse\",\"description\":\"Knowledge and innovation for cooperative and social enterprises.\",\"potentialAction\":[{\"@type\":\"SearchAction\",\"target\":{\"@type\":\"EntryPoint\",\"urlTemplate\":\"https:\/\/euricse.eu\/en\/?s={search_term_string}\"},\"query-input\":{\"@type\":\"PropertyValueSpecification\",\"valueRequired\":true,\"valueName\":\"search_term_string\"}}],\"inLanguage\":\"it-IT\"},{\"@type\":\"Person\",\"@id\":\"https:\/\/euricse.eu\/en\/#\/schema\/person\/a6fb65fc189d71297f81c1e7bad30b9b\",\"name\":\"comunicazione\",\"image\":{\"@type\":\"ImageObject\",\"inLanguage\":\"it-IT\",\"@id\":\"https:\/\/euricse.eu\/en\/#\/schema\/person\/image\/\",\"url\":\"https:\/\/secure.gravatar.com\/avatar\/7ac8e85cb1bd3ac912e2d8be2823f83faf319f680b909bfda1cb0b8239c97a6e?s=96&d=mm&r=g\",\"contentUrl\":\"https:\/\/secure.gravatar.com\/avatar\/7ac8e85cb1bd3ac912e2d8be2823f83faf319f680b909bfda1cb0b8239c97a6e?s=96&d=mm&r=g\",\"caption\":\"comunicazione\"},\"url\":\"https:\/\/euricse.eu\/it\/author\/comunicazione\/\"}]}<\/script>\n<!-- \/ Yoast SEO plugin. -->","yoast_head_json":{"title":"Longevit\u00e0 attiva e comunit\u00e0 intraprendenti - Euricse","description":"Il 17 aprile, presso la Fondazione Caritro a Trento, si \u00e8 tenuto il convegno \u201cLongevit\u00e0 attiva e comunit\u00e0 intraprendenti\u201d. Il direttore di EURICSE, Riccardo Bodini, ha partecipato alla tavola rotonda finale, riflettendo sul ruolo dell\u2019economia sociale e sulle leve per una risposta condivisa del territorio.","robots":{"index":"index","follow":"follow","max-snippet":"max-snippet:-1","max-image-preview":"max-image-preview:large","max-video-preview":"max-video-preview:-1"},"canonical":"https:\/\/euricse.eu\/it\/longevita-attiva-e-comunita-intraprendenti\/","og_locale":"it_IT","og_type":"article","og_title":"Longevit\u00e0 attiva e comunit\u00e0 intraprendenti - Euricse","og_description":"Il 17 aprile, presso la Fondazione Caritro a Trento, si \u00e8 tenuto il convegno \u201cLongevit\u00e0 attiva e comunit\u00e0 intraprendenti\u201d. Il direttore di EURICSE, Riccardo Bodini, ha partecipato alla tavola rotonda finale, riflettendo sul ruolo dell\u2019economia sociale e sulle leve per una risposta condivisa del territorio.","og_url":"https:\/\/euricse.eu\/it\/longevita-attiva-e-comunita-intraprendenti\/","og_site_name":"Euricse","article_published_time":"2026-04-30T12:57:48+00:00","article_modified_time":"2026-04-30T13:41:04+00:00","og_image":[{"width":500,"height":500,"url":"https:\/\/euricse.eu\/wp-content\/uploads\/2026\/04\/Longevita-attiva.jpg","type":"image\/jpeg"}],"author":"comunicazione","twitter_card":"summary_large_image","twitter_misc":{"Scritto da":"comunicazione","Tempo di lettura stimato":"1 minuto"},"schema":{"@context":"https:\/\/schema.org","@graph":[{"@type":"WebPage","@id":"https:\/\/euricse.eu\/it\/longevita-attiva-e-comunita-intraprendenti\/","url":"https:\/\/euricse.eu\/it\/longevita-attiva-e-comunita-intraprendenti\/","name":"Longevit\u00e0 attiva e comunit\u00e0 intraprendenti - Euricse","isPartOf":{"@id":"https:\/\/euricse.eu\/en\/#website"},"primaryImageOfPage":{"@id":"https:\/\/euricse.eu\/it\/longevita-attiva-e-comunita-intraprendenti\/#primaryimage"},"image":{"@id":"https:\/\/euricse.eu\/it\/longevita-attiva-e-comunita-intraprendenti\/#primaryimage"},"thumbnailUrl":"https:\/\/euricse.eu\/wp-content\/uploads\/2026\/04\/Longevita-attiva.jpg","datePublished":"2026-04-30T12:57:48+00:00","dateModified":"2026-04-30T13:41:04+00:00","author":{"@id":"https:\/\/euricse.eu\/en\/#\/schema\/person\/a6fb65fc189d71297f81c1e7bad30b9b"},"description":"Il 17 aprile, presso la Fondazione Caritro a Trento, si \u00e8 tenuto il convegno \u201cLongevit\u00e0 attiva e comunit\u00e0 intraprendenti\u201d. Il direttore di EURICSE, Riccardo Bodini, ha partecipato alla tavola rotonda finale, riflettendo sul ruolo dell\u2019economia sociale e sulle leve per una risposta condivisa del territorio.","breadcrumb":{"@id":"https:\/\/euricse.eu\/it\/longevita-attiva-e-comunita-intraprendenti\/#breadcrumb"},"inLanguage":"it-IT","potentialAction":[{"@type":"ReadAction","target":["https:\/\/euricse.eu\/it\/longevita-attiva-e-comunita-intraprendenti\/"]}]},{"@type":"ImageObject","inLanguage":"it-IT","@id":"https:\/\/euricse.eu\/it\/longevita-attiva-e-comunita-intraprendenti\/#primaryimage","url":"https:\/\/euricse.eu\/wp-content\/uploads\/2026\/04\/Longevita-attiva.jpg","contentUrl":"https:\/\/euricse.eu\/wp-content\/uploads\/2026\/04\/Longevita-attiva.jpg","width":500,"height":500},{"@type":"BreadcrumbList","@id":"https:\/\/euricse.eu\/it\/longevita-attiva-e-comunita-intraprendenti\/#breadcrumb","itemListElement":[{"@type":"ListItem","position":1,"name":"Home","item":"https:\/\/euricse.eu\/it\/"},{"@type":"ListItem","position":2,"name":"Longevit\u00e0 attiva e comunit\u00e0 intraprendenti"}]},{"@type":"WebSite","@id":"https:\/\/euricse.eu\/en\/#website","url":"https:\/\/euricse.eu\/en\/","name":"Euricse","description":"Knowledge and innovation for cooperative and social enterprises.","potentialAction":[{"@type":"SearchAction","target":{"@type":"EntryPoint","urlTemplate":"https:\/\/euricse.eu\/en\/?s={search_term_string}"},"query-input":{"@type":"PropertyValueSpecification","valueRequired":true,"valueName":"search_term_string"}}],"inLanguage":"it-IT"},{"@type":"Person","@id":"https:\/\/euricse.eu\/en\/#\/schema\/person\/a6fb65fc189d71297f81c1e7bad30b9b","name":"comunicazione","image":{"@type":"ImageObject","inLanguage":"it-IT","@id":"https:\/\/euricse.eu\/en\/#\/schema\/person\/image\/","url":"https:\/\/secure.gravatar.com\/avatar\/7ac8e85cb1bd3ac912e2d8be2823f83faf319f680b909bfda1cb0b8239c97a6e?s=96&d=mm&r=g","contentUrl":"https:\/\/secure.gravatar.com\/avatar\/7ac8e85cb1bd3ac912e2d8be2823f83faf319f680b909bfda1cb0b8239c97a6e?s=96&d=mm&r=g","caption":"comunicazione"},"url":"https:\/\/euricse.eu\/it\/author\/comunicazione\/"}]}},"_links":{"self":[{"href":"https:\/\/euricse.eu\/it\/wp-json\/wp\/v2\/posts\/30158","targetHints":{"allow":["GET"]}}],"collection":[{"href":"https:\/\/euricse.eu\/it\/wp-json\/wp\/v2\/posts"}],"about":[{"href":"https:\/\/euricse.eu\/it\/wp-json\/wp\/v2\/types\/post"}],"author":[{"embeddable":true,"href":"https:\/\/euricse.eu\/it\/wp-json\/wp\/v2\/users\/35"}],"replies":[{"embeddable":true,"href":"https:\/\/euricse.eu\/it\/wp-json\/wp\/v2\/comments?post=30158"}],"version-history":[{"count":1,"href":"https:\/\/euricse.eu\/it\/wp-json\/wp\/v2\/posts\/30158\/revisions"}],"predecessor-version":[{"id":30187,"href":"https:\/\/euricse.eu\/it\/wp-json\/wp\/v2\/posts\/30158\/revisions\/30187"}],"wp:featuredmedia":[{"embeddable":true,"href":"https:\/\/euricse.eu\/it\/wp-json\/wp\/v2\/media\/30159"}],"wp:attachment":[{"href":"https:\/\/euricse.eu\/it\/wp-json\/wp\/v2\/media?parent=30158"}],"wp:term":[{"taxonomy":"category","embeddable":true,"href":"https:\/\/euricse.eu\/it\/wp-json\/wp\/v2\/categories?post=30158"},{"taxonomy":"post_tag","embeddable":true,"href":"https:\/\/euricse.eu\/it\/wp-json\/wp\/v2\/tags?post=30158"}],"curies":[{"name":"wp","href":"https:\/\/api.w.org\/{rel}","templated":true}]}}